{"id":63044,"date":"2019-07-24T13:46:38","date_gmt":"2019-07-24T16:46:38","guid":{"rendered":"http:\/\/www.novaconcursos.com.br\/portal\/?post_type=nc-public-tender&#038;p=63044"},"modified":"2025-12-10T10:52:50","modified_gmt":"2025-12-10T13:52:50","slug":"concurso-pm-ba-cfoapm","status":"publish","type":"post","link":"https:\/\/www.novaconcursos.com.br\/portal\/concursos\/concurso-pm-ba-cfoapm\/","title":{"rendered":"Concurso PM BA Oficiais Auxiliares (CFOAPM)"},"content":{"rendered":"<p>Foi divulgado o edital do <a href=\"https:\/\/www.novaconcursos.com.br\/portal\/concursos\/concurso-pm-ba\/\">concurso da Pol\u00edcia Militar da Bahia<\/a> para o provimento no cargo de <strong>Oficial Auxiliar (CFOAPM)<\/strong>. S\u00e3o <strong>150 vagas<\/strong> ofertadas, sendo 75 na categoria Antiguidade e 75 na categoria Merecimento.<\/p>\n\n\n\n<h2 class=\"wp-block-heading\" id=\"como-fazer-a-inscrio-no-concurso-pm-ba-oficiais-auxiliares\">Como fazer a inscri\u00e7\u00e3o no concurso PM BA Oficiais Auxiliares?<\/h2>\n\n\n\n<p>Os interessados poder\u00e3o se inscrever durante os dias <strong>22 a 24 de julho de 2019<\/strong>, exclusivamente pela internet. <\/p>\n\n\n\n<h2 class=\"wp-block-heading\" id=\"quais-os-requisitos-bsicos-do-concurso-pm-ba-cfoapm\">Quais os requisitos b\u00e1sicos do concurso PM BA CFOAPM?<\/h2>\n\n\n\n<p>Os requisitos variam conforme a modalidade de disputa. <\/p>\n\n\n\n<p>\u2022 Ser Subtenente do Quadro de Pra\u00e7as da Pol\u00edcia Militar;<\/p>\n\n\n\n<p>\u2022 Possuir diploma de conclus\u00e3o de ensino superior (antigo 3\u00ba grau) ou certificado de conclus\u00e3o de ensino m\u00e9dio (antigo 2\u00ba grau), expedido por institui\u00e7\u00e3o de ensino oficial e devidamente reconhecido pelo Minist\u00e9rio da Educa\u00e7\u00e3o;<\/p>\n\n\n\n<p>\u2022 Estar classificado no \u201cBom Comportamento\u201d, no m\u00ednimo;<\/p>\n\n\n\n<p>\u2022 Possuir conceito moral e profissional que o recomendem ao oficialato da Corpora\u00e7\u00e3o;<\/p>\n\n\n\n<p>\u2022 N\u00e3o estar licenciado para tratar de assuntos particulares;<\/p>\n\n\n\n<p>\u2022 N\u00e3o se achar condenado por senten\u00e7a transitada em julgado;<\/p>\n\n\n\n<p>\u2022 N\u00e3o estar agregado para fins de reserva ou reforma;<\/p>\n\n\n\n<p>\u2022 Gozar de boa sa\u00fade f\u00edsica e mental, comprovada por meio de exames pertinentes;<\/p>\n\n\n\n<p>\u2022 N\u00e3o estar dispensado pela Junta Militar de Sa\u00fade por mais de 30 (trinta) dias.<\/p>\n\n\n\n<p>\u2022 Ser Subtenente do QPPM ou ser Sargento do QPPM e que tenha conclu\u00eddo com aproveitamento o Curso de Aperfei\u00e7oamento de Sargentos (CAS);<\/p>\n\n\n\n<p>\u2022 Possuir certificado de conclus\u00e3o de ensino m\u00e9dio (antigo 2\u00ba grau), expedido por institui\u00e7\u00e3o de ensino oficial e devidamente reconhecido pelo Minist\u00e9rio da Educa\u00e7\u00e3o;<\/p>\n\n\n\n<p>\u2022 Estar classificado no \u201cBom Comportamento\u201d, no m\u00ednimo;<\/p>\n\n\n\n<p>\u2022 Possuir conceito moral e profissional que o recomendem ao oficialato da Corpora\u00e7\u00e3o;<\/p>\n\n\n\n<p>\u2022 N\u00e3o estar licenciado para tratar de assuntos particulares;<\/p>\n\n\n\n<p>\u2022 N\u00e3o se achar condenado por senten\u00e7a transitada em julgado;<\/p>\n\n\n\n<p>\u2022 N\u00e3o estar agregado para fins de reserva ou reforma;<\/p>\n\n\n\n<p>\u2022 Gozar de boa sa\u00fade f\u00edsica e mental, comprovada por meio de exames pertinentes;<\/p>\n\n\n\n<p>\u2022 N\u00e3o estar dispensado pela Junta Militar de Sa\u00fade por mais de 30 (trinta) dias.<\/p>\n\n\n\n<h2 class=\"wp-block-heading\" id=\"como-ser-a-prova-do-concurso-pm-ba\">Como ser\u00e1 a prova do concurso PM BA?<\/h2>\n\n\n\n<p>O certame \u00e9 composto das seguintes etapas:<\/p>\n\n\n\n<p>\u2022 Inscri\u00e7\u00e3o para os crit\u00e9rios de antiguidade e de merecimento (atrav\u00e9s de prova de desempenho profissional intelectual);<\/p>\n\n\n\n<p>\u2022 Divulga\u00e7\u00e3o do preenchimento das vagas por antiguidade;<\/p>\n\n\n\n<p>\u2022 Avalia\u00e7\u00e3o de Desempenho Profissional Intelectual;<\/p>\n\n\n\n<p>\u2022 Avalia\u00e7\u00e3o m\u00e9dica (AM), para ambos os crit\u00e9rios;<\/p>\n\n\n\n<p>\u2022 Teste de aptid\u00e3o f\u00edsica (TAF), para ambos os crit\u00e9rios;<\/p>\n\n\n\n<p>\u2022 Matr\u00edcula.<\/p>\n\n\n\n<p>A <strong>Avalia\u00e7\u00e3o de Desempenho Profissional Intelectual<\/strong> ser\u00e1 realizado no dia <strong>1\u00ba de setembro de 2019<\/strong>, sendo composto de uma prova objetiva e uma prova de reda\u00e7\u00e3o.<\/p>\n\n\n\n<p>A prova objetiva tem <strong>80 quest\u00f5es<\/strong>, com peso 1, com o conte\u00fado program\u00e1tico de: L\u00edngua Portuguesa (15), Hist\u00f3ria do Brasil (5), Geografia do Brasil (5), Atualidades (5), No\u00e7\u00f5es de Direito Constitucional (10), No\u00e7\u00f5es de Direitos Humanos (10), No\u00e7\u00f5es de Direitos Administrativos (10), No\u00e7\u00f5es de Direito Penal (10), No\u00e7\u00f5es de Direito Penal Militar (10).<\/p>\n\n\n\n<p>Somente ser\u00e3o <strong>corrigidas as reda\u00e7\u00f5es<\/strong> de candidatos que tenham alcan\u00e7ado<strong> pelo menos 40 pontos na prova objetiva<\/strong>.<\/p>\n\n\n\n<p>A prova discursiva tem o total de 20 pontos, avaliar\u00e1 itens como pertin\u00eancia do conte\u00fado ao tema proposto, capacidade de argumenta\u00e7\u00e3o e s\u00edntese, e o uso da norma culta da l\u00edngua.<\/p>\n\n\n\n<p>A reda\u00e7\u00e3o ser\u00e1 considerada como nota zero quando:<\/p>\n\n\n\n<p>\u2022 Fugir \u00e0 modalidade de texto solicitada e\/ou ao tema proposto<\/p>\n\n\n\n<p>\u2022 Apresentar textos sob a forma n\u00e3o articulada verbalmente (apenas com desenhos, n\u00fameros e palavras soltas ou em versos);<\/p>\n\n\n\n<p>\u2022 For assinada fora do local apropriado;<\/p>\n\n\n\n<p>\u2022 Apresentar qualquer sinal que, de alguma forma, possibilite a identifica\u00e7\u00e3o do candidato;<\/p>\n\n\n\n<p>\u2022 For escrita a l\u00e1pis, em parte ou em sua totalidade;<\/p>\n\n\n\n<p>\u2022 Estiver em branco;<\/p>\n\n\n\n<p>\u2022 Apresentar letra incompreens\u00edvel.<\/p>\n\n\n\n<p>As provas ser\u00e3o aplicadas no Col\u00e9gio da Pol\u00edcia Militar Dendezeiros \u2013 CPM\/Dendezeiros e no N\u00facleo de Ensino Luiz Tarqu\u00ednio, com acesso pela Vila Policial Militar Bonfim (VPMB), localizada na Rua Augusto Mendon\u00e7a, s\/n\u00ba, Bonfim, Salvador (BA).<\/p>","protected":false},"excerpt":{"rendered":"<p>Foi divulgado o edital do concurso da Pol\u00edcia Militar da Bahia para o provimento no cargo de Oficial Auxiliar (CFOAPM), com S\u00e3o 150 vagas ofertadas.<\/p>\n","protected":false},"author":16,"featured_media":0,"comment_status":"closed","ping_status":"closed","sticky":false,"template":"","format":"standard","meta":{"_acf_changed":false,"footnotes":"","_wp_rev_ctl_limit":""},"categories":[44999],"tags":[],"class_list":["post-63044","post","type-post","status-publish","format-standard","hentry","category-concursos"],"acf":[],"_links":{"self":[{"href":"https:\/\/www.novaconcursos.com.br\/portal\/wp-json\/wp\/v2\/posts\/63044","targetHints":{"allow":["GET"]}}],"collection":[{"href":"https:\/\/www.novaconcursos.com.br\/portal\/wp-json\/wp\/v2\/posts"}],"about":[{"href":"https:\/\/www.novaconcursos.com.br\/portal\/wp-json\/wp\/v2\/types\/post"}],"author":[{"embeddable":true,"href":"https:\/\/www.novaconcursos.com.br\/portal\/wp-json\/wp\/v2\/users\/16"}],"replies":[{"embeddable":true,"href":"https:\/\/www.novaconcursos.com.br\/portal\/wp-json\/wp\/v2\/comments?post=63044"}],"version-history":[{"count":4,"href":"https:\/\/www.novaconcursos.com.br\/portal\/wp-json\/wp\/v2\/posts\/63044\/revisions"}],"predecessor-version":[{"id":299888,"href":"https:\/\/www.novaconcursos.com.br\/portal\/wp-json\/wp\/v2\/posts\/63044\/revisions\/299888"}],"wp:attachment":[{"href":"https:\/\/www.novaconcursos.com.br\/portal\/wp-json\/wp\/v2\/media?parent=63044"}],"wp:term":[{"taxonomy":"category","embeddable":true,"href":"https:\/\/www.novaconcursos.com.br\/portal\/wp-json\/wp\/v2\/categories?post=63044"},{"taxonomy":"post_tag","embeddable":true,"href":"https:\/\/www.novaconcursos.com.br\/portal\/wp-json\/wp\/v2\/tags?post=63044"}],"curies":[{"name":"wp","href":"https:\/\/api.w.org\/{rel}","templated":true}]}}