{"id":63086,"date":"2025-09-25T12:47:24","date_gmt":"2025-09-25T15:47:24","guid":{"rendered":"http:\/\/www.novaconcursos.com.br\/portal\/?post_type=nc-public-tender&#038;p=63086"},"modified":"2025-10-07T13:05:35","modified_gmt":"2025-10-07T16:05:35","slug":"concurso-arsesp","status":"publish","type":"post","link":"https:\/\/www.novaconcursos.com.br\/portal\/concursos\/concurso-arsesp\/","title":{"rendered":"Concurso Arsesp 2025: Inscri\u00e7\u00f5es abertas! 105 vagas!"},"content":{"rendered":"<p>Aten\u00e7\u00e3o, concurseiros! O concurso Arsesp 2025 (Ag\u00eancia Reguladora de Servi\u00e7os P\u00fablicos do Estado de S\u00e3o Paulo) j\u00e1 est\u00e1 com inscri\u00e7\u00f5es abertas! A sele\u00e7\u00e3o conta com <strong>105 vagas imediatas <\/strong>para diversos cargos que exigem n\u00edveis m\u00e9dio e superior.<\/p>\n\n\n\n    <div class=\"nova-resumo-edital\">\n        <h2 class=\"nova-resumo-edital-title\" id=\"resumo-edital\">Resumo Edital<\/h2>\n        <ul class=\"nova-resumo-edital-list nova-menu\"><li>\n                <img decoding=\"async\" width=\"24\" height=\"24\" loading=\"lazy\" src=\"https:\/\/www.novaconcursos.com.br\/portal\/wp-content\/themes\/nova-theme\/includes\/assets\/img\/person.svg\" aria-hidden=\"true\" alt=\"\u00edcone pessoa\" title=\"\"><span>\n                    <b>Vagas: <\/b> 105\n                <\/span>\n            <\/li>\n            <li>\n                <img decoding=\"async\" width=\"24\" height=\"24\" loading=\"lazy\" src=\"https:\/\/www.novaconcursos.com.br\/portal\/wp-content\/themes\/nova-theme\/includes\/assets\/img\/inscricoes.svg\" aria-hidden=\"true\" alt=\"\u00edcone pessoa\" title=\"\"><span>\n                    <b>Per\u00edodo de inscri\u00e7\u00f5es: <\/b> 25\/09\/2025 at\u00e9 27\/10\/2025\n                <\/span>\n            <\/li>\n            <li>\n                <img decoding=\"async\" width=\"24\" height=\"24\" loading=\"lazy\" src=\"https:\/\/www.novaconcursos.com.br\/portal\/wp-content\/themes\/nova-theme\/includes\/assets\/img\/taxa-inscricao.svg\" aria-hidden=\"true\" alt=\"\u00edcone pessoa\" title=\"\"><span>\n                    <b>Taxa de inscri\u00e7\u00e3o: <\/b> R$55,00 a R$110,00\n                <\/span>\n            <\/li>\n            <li>\n                <img decoding=\"async\" width=\"24\" height=\"24\" loading=\"lazy\" src=\"https:\/\/www.novaconcursos.com.br\/portal\/wp-content\/themes\/nova-theme\/includes\/assets\/img\/prova.svg\" aria-hidden=\"true\" alt=\"\u00edcone pessoa\" title=\"\"><span>\n                    <b>Prova: <\/b> 21\/12\/2026\n                <\/span>\n            <\/li>\n            <li>\n                <img decoding=\"async\" width=\"24\" height=\"24\" loading=\"lazy\" src=\"https:\/\/www.novaconcursos.com.br\/portal\/wp-content\/themes\/nova-theme\/includes\/assets\/img\/banca.svg\" aria-hidden=\"true\" alt=\"\u00edcone pessoa\" title=\"\"><span>\n                    <b>Banca: <\/b> Funda\u00e7\u00e3o Vunesp\n                <\/span>\n            <\/li>\n        <\/ul><div class=\"nova-resumo-edital-baixar\">\n            <a href=\"https:\/\/www.novaconcursos.com.br\/portal\/wp-content\/uploads\/2025\/09\/edital-do-concurso-arsesp.pdf\" rel=\"noopener\">\n                Baixe aqui o edital\n            <\/a>\n        <\/div>\n    <\/div>\n\n\n\n<p>As remunera\u00e7\u00f5es iniciais s\u00e3o bastante atrativas e chamam bastante a aten\u00e7\u00e3o dos concurseiros, j\u00e1 que podem chegar at\u00e9 o valor de <mark style=\"background-color:#8ed1fc\" class=\"has-inline-color\">R$ 12 mil.<\/mark> Ficou interessado(a)? Continue comigo e fique por dentro de todos os detalhes sobre a sele\u00e7\u00e3o!<\/p>\n\n\n\n<h2 class=\"wp-block-heading\" id=\"principais-datas-do-concurso-arsesp-2025\">Principais datas do concurso Arsesp 2025<\/h2>\n\n\n\n<p>Confira quais s\u00e3o as principais datas do concurso Arsesp 2025, para n\u00e3o perder nenhum prazo do edital: <\/p>\n\n\n\n<ul class=\"wp-block-list\"><li><strong>Per\u00edodo de inscri\u00e7\u00e3o<\/strong>: 25 de setembro at\u00e9 27 de outubro de 2025; <\/li>\n\n\n\n<li><strong>Prazo para os candidatos solicitarem os pedidos de isen\u00e7\u00e3o<\/strong>: 25 a 26 de setembro de 2025; <\/li>\n\n\n\n<li><strong>Prazo para pagamento da taxa de inscri\u00e7\u00e3o<\/strong>: at\u00e9 28 de outubro de 2025; <\/li>\n\n\n\n<li><strong>Aplica\u00e7\u00e3o da prova objetiva<\/strong>: 21 de dezembro de 2025; <\/li>\n\n\n\n<li><strong>Divulga\u00e7\u00e3o do gabarito da prova objetiva<\/strong>: 23 de dezembro de 2025;<\/li>\n\n\n\n<li><strong>Per\u00edodo para entrega dos documentos da prova de t\u00edtulos<\/strong>: 5 a 16 de janeiro de 2026. <\/li>\n<\/ul><h2 class=\"wp-block-heading\" id=\"anlise-do-edital-arsesp-2025\">An\u00e1lise do edital Arsesp 2025<\/h2>\n\n\n\n<p>Preparamos uma an\u00e1lise completa do edital publicado, com detalhes e informa\u00e7\u00f5es importantes. Ap\u00f3s ler a mat\u00e9ria, volte aqui e confira tudo! <\/p>\n\n\n\n<figure class=\"wp-block-embed is-type-video is-provider-youtube wp-block-embed-youtube wp-embed-aspect-16-9 wp-has-aspect-ratio\"><div class=\"wp-block-embed__wrapper\">\n<iframe loading=\"lazy\" title=\"EDITAL PUBLICADO ARSESP 2025: 105 VAGAS E SAL\u00c1RIOS DE R$ 12 MIL\" width=\"500\" height=\"281\" src=\"https:\/\/www.youtube.com\/embed\/G6m5wP3yUPs?feature=oembed\" frameborder=\"0\" allow=\"accelerometer; autoplay; clipboard-write; encrypted-media; gyroscope; picture-in-picture; web-share\" referrerpolicy=\"strict-origin-when-cross-origin\" allowfullscreen><\/iframe>\n<\/div><\/figure><h2 class=\"wp-block-heading\" id=\"como-se-inscrever-no-concurso-arsesp-2025\">Como se inscrever no concurso Arsesp 2025?<\/h2>\n\n\n\n<p>Aten\u00e7\u00e3o interessados no concursos Arsesp 2025! As inscri\u00e7\u00f5es j\u00e1 est\u00e3o abertas e v\u00e3o at\u00e9 \u00e0s <strong>23h59min do dia 27 de outubro de 2025<\/strong>. Todo o procedimento deve ser realizado de forma online, diretamente no site da <a href=\"https:\/\/www.vunesp.com.br\/busca\/concurso\/proximo\" target=\"_blank\" rel=\"noopener\">Funda\u00e7\u00e3o Vunesp<\/a>, organizadora oficial do certame.<\/p>\n\n\n\n<h3 class=\"wp-block-heading\">Taxas de inscri\u00e7\u00e3o por cargo<\/h3>\n\n\n\n<p>O valor da taxa varia de acordo com o n\u00edvel de escolaridade exigido para cada fun\u00e7\u00e3o:<\/p>\n\n\n\n<ul class=\"wp-block-list\"><li>R$ 55,00 para o cargo de Agente de Suporte \u00e0 Regula\u00e7\u00e3o (n\u00edvel m\u00e9dio)<\/li>\n\n\n\n<li>R$ 90,00 para o cargo de Analista de Suporte \u00e0 Regula\u00e7\u00e3o (n\u00edvel superior)<\/li>\n\n\n\n<li>R$ 110,00 para o cargo de Especialista em Regula\u00e7\u00e3o e Fiscaliza\u00e7\u00e3o de Servi\u00e7os P\u00fablicos (n\u00edvel superior)<\/li>\n<\/ul><p><\/p>\n\n\n\n<p>O prazo para quita\u00e7\u00e3o da taxa de inscri\u00e7\u00e3o ser\u00e1 at\u00e9 <strong>28 de outubro de 2025<\/strong>, exclusivamente via boleto gerado na \u00c1rea do Candidato.<\/p>\n\n\n\n<h3 class=\"wp-block-heading\">Isen\u00e7\u00e3o e redu\u00e7\u00e3o da taxa<\/h3>\n\n\n\n<p>O edital do concurso Arsesp 2025 prev\u00ea a concess\u00e3o de isen\u00e7\u00e3o total ou redu\u00e7\u00e3o de 50% do valor da taxa de inscri\u00e7\u00e3o, conforme os crit\u00e9rios estabelecidos em legisla\u00e7\u00e3o espec\u00edfica.<\/p>\n\n\n\n<ul class=\"wp-block-list\"><li>O per\u00edodo para solicita\u00e7\u00e3o dos benef\u00edcios vai das <strong>10h do dia 25 de setembro at\u00e9 as 23h59 do dia 26 de setembro de 2025.<\/strong><\/li>\n\n\n\n<li>J\u00e1 o envio da documenta\u00e7\u00e3o comprobat\u00f3ria poder\u00e1 ser feito at\u00e9 as<strong> 23h59 do dia 29 de setembro de 2025,<\/strong> tamb\u00e9m pela \u00c1rea do Candidato no portal da Vunesp.<\/li>\n<\/ul><h3 class=\"wp-block-heading\">Quem tem direito \u00e0 isen\u00e7\u00e3o?<\/h3>\n\n\n\n<p>A isen\u00e7\u00e3o total da taxa ser\u00e1 concedida aos candidatos que comprovarem a condi\u00e7\u00e3o de <strong>doadores de sangue<\/strong>, de acordo com a Lei Estadual n\u00ba 12.147\/2005. Para isso, \u00e9 necess\u00e1rio apresentar documenta\u00e7\u00e3o que comprove tr\u00eas doa\u00e7\u00f5es em um per\u00edodo de 12 meses, realizadas em \u00f3rg\u00e3os oficiais ou entidades credenciadas.<\/p>\n\n\n\n<h3 class=\"wp-block-heading\">Quem pode solicitar redu\u00e7\u00e3o de 50%?<\/h3>\n\n\n\n<p>O benef\u00edcio da <strong>redu\u00e7\u00e3o de 50% do valor da taxa<\/strong> ser\u00e1 garantido aos candidatos que atenderem simultaneamente \u00e0s seguintes condi\u00e7\u00f5es:<\/p>\n\n\n\n<ul class=\"wp-block-list\"><li>Estar matriculado em curso de ensino m\u00e9dio, curso pr\u00e9-vestibular, gradua\u00e7\u00e3o ou p\u00f3s-gradua\u00e7\u00e3o;<\/li>\n\n\n\n<li>Possuir renda mensal inferior a dois sal\u00e1rios m\u00ednimos ou encontrar-se em situa\u00e7\u00e3o de desemprego.<\/li>\n<\/ul><h2 class=\"wp-block-heading\" id=\"cargos-vagas-e-salrios\">Cargos, vagas e sal\u00e1rios<\/h2>\n\n\n\n<p>O concurso Arsesp 2025 oferece um total de <strong>105 vagas imediatas<\/strong> para profissionais de n\u00edveis m\u00e9dio e superior, al\u00e9m da forma\u00e7\u00e3o de cadastro reserva, garantindo novas oportunidades ao longo da validade do certame. A seguir, confira como as oportunidades est\u00e3o distribu\u00eddas:<\/p>\n\n\n\n<h3 class=\"wp-block-heading\">N\u00edvel m\u00e9dio<\/h3>\n\n\n\n<ul class=\"wp-block-list\"><li>Agente de Suporte \u00e0 Regula\u00e7\u00e3o \u2013 15 vagas\n<ul class=\"wp-block-list\"><li>R$ 3.944,00<\/li>\n<\/ul><\/li>\n<\/ul><h4 class=\"wp-block-heading\">N\u00edvel superior<\/h4>\n\n\n\n<ul class=\"wp-block-list\"><li>Analista de Suporte \u00e0 Regula\u00e7\u00e3o \u2013 30 vagas\n<ul class=\"wp-block-list\"><li>R$ 10.366,00<\/li>\n<\/ul><\/li>\n\n\n\n<li>Especialista em Regula\u00e7\u00e3o e Fiscaliza\u00e7\u00e3o de Servi\u00e7os P\u00fablicos \u2013 Econ\u00f4mico-financeira \u2013 15 vagas\n<ul class=\"wp-block-list\"><li>R$ 12.070,00<\/li>\n<\/ul><\/li>\n\n\n\n<li>Especialista em Regula\u00e7\u00e3o e Fiscaliza\u00e7\u00e3o de Servi\u00e7os P\u00fablicos \u2013 Energia El\u00e9trica \u2013 6 vagas\n<ul class=\"wp-block-list\"><li>R$ 12.070,00<\/li>\n<\/ul><\/li>\n\n\n\n<li>Especialista em Regula\u00e7\u00e3o e Fiscaliza\u00e7\u00e3o de Servi\u00e7os P\u00fablicos \u2013 G\u00e1s Canalizado \u2013 8 vagas\n<ul class=\"wp-block-list\"><li>R$ 12.070,00<\/li>\n<\/ul><\/li>\n\n\n\n<li>Especialista em Regula\u00e7\u00e3o e Fiscaliza\u00e7\u00e3o de Servi\u00e7os P\u00fablicos \u2013 Parcerias \u2013 14 vagas\n<ul class=\"wp-block-list\"><li>R$ 12.070,00<\/li>\n<\/ul><\/li>\n\n\n\n<li>Especialista em Regula\u00e7\u00e3o e Fiscaliza\u00e7\u00e3o de Servi\u00e7os P\u00fablicos \u2013 Saneamento B\u00e1sico \u2013 17 vagas\n<ul class=\"wp-block-list\"><li>R$ 12.070,00<\/li>\n<\/ul><\/li>\n<\/ul><p><\/p>\n\n\n\n<p>Al\u00e9m dos sal\u00e1rios competitivos, os aprovados no concurso Arsesp 2025 ter\u00e3o acesso a um pacote completo de benef\u00edcios, que aumenta significativamente a remunera\u00e7\u00e3o final. Entre eles:<\/p>\n\n\n\n<ul class=\"wp-block-list\"><li>Vale-refei\u00e7\u00e3o no valor de R$ 64,08 por dia \u00fatil trabalhado<\/li>\n\n\n\n<li>Vale-alimenta\u00e7\u00e3o mensal de R$ 1.475,57<\/li>\n\n\n\n<li>Assist\u00eancia m\u00e9dica<\/li>\n\n\n\n<li>Assist\u00eancia odontol\u00f3gica<\/li>\n\n\n\n<li>Seguro de vida em grupo<\/li>\n<\/ul><h3 class=\"wp-block-heading\">Regime de contrata\u00e7\u00e3o e local de trabalho<\/h3>\n\n\n\n<p>Os novos servidores ser\u00e3o contratados sob o regime da Consolida\u00e7\u00e3o das Leis do Trabalho (CLT), modelo adotado pela Ag\u00eancia Reguladora de Servi\u00e7os P\u00fablicos do Estado de S\u00e3o Paulo.<\/p>\n\n\n\n<p>O exerc\u00edcio das atividades ser\u00e1, inicialmente, na cidade de S\u00e3o Paulo \u2013 SP, sede da ARSESP. Entretanto, o edital prev\u00ea a possibilidade de transfer\u00eancia para outras regi\u00f5es do estado, caso sejam implantadas novas unidades descentralizadas no futuro.<\/p>\n\n\n\n<h2 class=\"wp-block-heading\" id=\"requisitos-bsicos\">Requisitos b\u00e1sicos<\/h2>\n\n\n\n<p>Para participar do concurso Arsesp 2025, os candidatos devem se atentar aos seguintes requisitos b\u00e1sicos: <\/p>\n\n\n\n<ul class=\"wp-block-list\"><li>ser brasileiro (nato ou naturalizado) ou gozar das prerrogativas previstas no artigo 12, \u00a71\u00ba, da Constitui\u00e7\u00e3o Federal e demais disposi\u00e7\u00f5es de lei, no caso de estrangeiro;<\/li>\n\n\n\n<li>ter idade m\u00ednima de 18 anos;<\/li>\n\n\n\n<li>ser eleitor e estar quite com a Justi\u00e7a Eleitoral;<\/li>\n\n\n\n<li>estar em dia com as obriga\u00e7\u00f5es do Servi\u00e7o Militar (se do sexo masculino);<\/li>\n\n\n\n<li>n\u00e3o ter sido condenado, com tr\u00e2nsito em julgado, por crime contra o patrim\u00f4nio, contra a Administra\u00e7\u00e3o, contra a f\u00e9 p\u00fablica e\/ou contra os costumes previstos na Lei n\u00ba 11.343, de 23.08.2006;<\/li>\n\n\n\n<li>n\u00e3o ter sido condenado, com tr\u00e2nsito em julgado, por ato de improbidade previsto na Lei n\u00ba 8.429\/92;<\/li>\n\n\n\n<li>estar com o CPF regularizado;<\/li>\n\n\n\n<li>comprovar possuir os requisitos e a escolaridade exigidos para o exerc\u00edcio das atribui\u00e7\u00f5es do respectivo emprego;<\/li>\n\n\n\n<li>gozar de boa sa\u00fade f\u00edsica e mental, comprovada em exame m\u00e9dico admissional realizado por Empresa a ser indicada pela ARSESP;<\/li>\n\n\n\n<li>possuir c\u00f3pia da \u00faltima declara\u00e7\u00e3o de Imposto de Renda entregue \u00e0 Secretaria da Receita Federal ou declara\u00e7\u00e3o p\u00fablica de bens ou apresentar declara\u00e7\u00e3o de isento de imposto de renda;<\/li>\n\n\n\n<li>possuir Carteira de Trabalho e Previd\u00eancia Social (CTPS);<\/li>\n\n\n\n<li>apresentar outros documentos que a Ag\u00eancia Reguladora de Servi\u00e7os P\u00fablicos do Estado de S\u00e3o Paulo \u2013 ARSESP julgar necess\u00e1rios;<\/li>\n<\/ul><h2 class=\"wp-block-heading\" id=\"como-sero-as-provas-do-concurso-arsesp-2025\">Como ser\u00e3o as provas do concurso Arsesp 2025?<\/h2>\n\n\n\n<p>Os candidatos do concurso Arsesp 2025 ser\u00e3o avaliados por meio das seguintes etapas de sele\u00e7\u00e3o: <\/p>\n\n\n\n<ul class=\"wp-block-list\"><li><strong>Prova objetiva<\/strong>, para todos os cargos, de car\u00e1ter eliminat\u00f3rio e classificat\u00f3rio;<\/li>\n\n\n\n<li><strong>Prova dissertativa<\/strong>, para todos os cargos, de car\u00e1ter eliminat\u00f3rio e classificat\u00f3rio;<\/li>\n\n\n\n<li><strong>Prova de t\u00edtulos<\/strong>, somente para cargos de Especialista, de car\u00e1ter classificat\u00f3rio.<\/li>\n<\/ul><h3 class=\"wp-block-heading\">Prova objetiva<\/h3>\n\n\n\n<p>A prova objetiva ser\u00e1 aplicada na data prevista de <strong>21 de dezembro de 2025<\/strong>, no per\u00edodo da tarde, com dura\u00e7\u00e3o de cinco horas.<\/p>\n\n\n\n<p>A avalia\u00e7\u00e3o ser\u00e1 composta de quest\u00f5es de m\u00faltipla escolha que ser\u00e3o versadas sobre as seguintes disciplinas: <\/p>\n\n\n\n<p><strong>Agente de Suporte \u00e0 Regula\u00e7\u00e3o \u2013 N\u00edvel M\u00e9dio<\/strong><\/p>\n\n\n\n<ul class=\"wp-block-list\"><li>Conhecimentos Gerais (25 quest\u00f5es)\n<ul class=\"wp-block-list\"><li>L\u00edngua Portuguesa: 9 quest\u00f5es<\/li>\n\n\n\n<li>Matem\u00e1tica e Racioc\u00ednio L\u00f3gico: 8 quest\u00f5es<\/li>\n\n\n\n<li>Realidade Brasileira: 8 quest\u00f5es<\/li>\n<\/ul><\/li>\n\n\n\n<li>Conhecimentos Espec\u00edficos (35 quest\u00f5es)\n<ul class=\"wp-block-list\"><li>No\u00e7\u00f5es de Direito: 18 quest\u00f5es<\/li>\n\n\n\n<li>Regula\u00e7\u00e3o e Ag\u00eancias Reguladoras: 17 quest\u00f5es<\/li>\n<\/ul><\/li>\n<\/ul><p><strong>Analista de Suporte \u00e0 Regula\u00e7\u00e3o<\/strong><\/p>\n\n\n\n<ul class=\"wp-block-list\"><li>Conhecimentos Gerais (25 quest\u00f5es)\n<ul class=\"wp-block-list\"><li>L\u00edngua Portuguesa: 7 quest\u00f5es<\/li>\n\n\n\n<li>Matem\u00e1tica e Racioc\u00ednio L\u00f3gico: 6 quest\u00f5es<\/li>\n\n\n\n<li>No\u00e7\u00f5es de Direito Administrativo e Constitucional: 6 quest\u00f5es<\/li>\n\n\n\n<li>Conhecimentos de Regula\u00e7\u00e3o: 6 quest\u00f5es<\/li>\n<\/ul><\/li>\n\n\n\n<li>Conhecimentos Espec\u00edficos (35 quest\u00f5es)\n<ul class=\"wp-block-list\"><li>Conhecimentos Legislativos: 7 quest\u00f5es<\/li>\n\n\n\n<li>Administra\u00e7\u00e3o: 7 quest\u00f5es<\/li>\n\n\n\n<li>Recursos Humanos: 7 quest\u00f5es<\/li>\n\n\n\n<li>Licita\u00e7\u00f5es e Contratos: 7 quest\u00f5es<\/li>\n\n\n\n<li>Tecnologia da Informa\u00e7\u00e3o: 7 quest\u00f5es<\/li>\n<\/ul><\/li>\n<\/ul><p><strong>Especialista \u2013 Econ\u00f4mico-financeira<\/strong><\/p>\n\n\n\n<ul class=\"wp-block-list\"><li>Conhecimentos Gerais (25 quest\u00f5es)\n<ul class=\"wp-block-list\"><li>L\u00edngua Portuguesa: 7 quest\u00f5es<\/li>\n\n\n\n<li>Matem\u00e1tica e Racioc\u00ednio L\u00f3gico: 6 quest\u00f5es<\/li>\n\n\n\n<li>No\u00e7\u00f5es de Direito Administrativo e Constitucional: 6 quest\u00f5es<\/li>\n\n\n\n<li>Conhecimentos de Regula\u00e7\u00e3o: 6 quest\u00f5es<\/li>\n<\/ul><\/li>\n\n\n\n<li>Conhecimentos Espec\u00edficos (35 quest\u00f5es)\n<ul class=\"wp-block-list\"><li>Microeconomia e Finan\u00e7as: 7 quest\u00f5es<\/li>\n\n\n\n<li>Regula\u00e7\u00e3o Econ\u00f4mica de Mercados e Setorial: 7 quest\u00f5es<\/li>\n\n\n\n<li>Matem\u00e1tica Financeira: 7 quest\u00f5es<\/li>\n\n\n\n<li>Estat\u00edstica: 7 quest\u00f5es<\/li>\n\n\n\n<li>Contabilidade e Auditoria: 7 quest\u00f5es<\/li>\n<\/ul><\/li>\n<\/ul><p><strong>Especialista \u2013 Energia El\u00e9trica<\/strong><\/p>\n\n\n\n<ul class=\"wp-block-list\"><li>Conhecimentos Gerais (25 quest\u00f5es)\n<ul class=\"wp-block-list\"><li>L\u00edngua Portuguesa: 7 quest\u00f5es<\/li>\n\n\n\n<li>Matem\u00e1tica e Racioc\u00ednio L\u00f3gico: 6 quest\u00f5es<\/li>\n\n\n\n<li>No\u00e7\u00f5es de Direito Administrativo e Constitucional: 6 quest\u00f5es<\/li>\n\n\n\n<li>Conhecimentos de Regula\u00e7\u00e3o: 6 quest\u00f5es<\/li>\n<\/ul><\/li>\n\n\n\n<li>Conhecimentos Espec\u00edficos (35 quest\u00f5es)\n<ul class=\"wp-block-list\"><li>Aspectos Institucionais do Setor El\u00e9trico: 18 quest\u00f5es<\/li>\n\n\n\n<li>Aspectos T\u00e9cnicos do Setor El\u00e9trico: 17 quest\u00f5es<\/li>\n<\/ul><\/li>\n<\/ul><p><strong>Especialista em Regula\u00e7\u00e3o \u2013 G\u00e1s Canalizado<\/strong><\/p>\n\n\n\n<ul class=\"wp-block-list\"><li>Conhecimentos Gerais (25 quest\u00f5es)\n<ul class=\"wp-block-list\"><li>L\u00edngua Portuguesa: 7 quest\u00f5es<\/li>\n\n\n\n<li>Matem\u00e1tica e Racioc\u00ednio L\u00f3gico: 6 quest\u00f5es<\/li>\n\n\n\n<li>No\u00e7\u00f5es de Direito Administrativo e Constitucional: 6 quest\u00f5es<\/li>\n\n\n\n<li>Conhecimentos de Regula\u00e7\u00e3o: 6 quest\u00f5es<\/li>\n<\/ul><\/li>\n\n\n\n<li>Conhecimentos Espec\u00edficos (35 quest\u00f5es)\n<ul class=\"wp-block-list\"><li>Aspectos Institucionais do Setor de G\u00e1s Canalizado: 18 quest\u00f5es<\/li>\n\n\n\n<li>Aspectos T\u00e9cnicos do Setor de G\u00e1s Canalizado: 17 quest\u00f5es<\/li>\n<\/ul><\/li>\n<\/ul><p><strong>Especialista em Regula\u00e7\u00e3o \u2013 Parcerias<\/strong><\/p>\n\n\n\n<ul class=\"wp-block-list\"><li>Conhecimentos Gerais (25 quest\u00f5es)\n<ul class=\"wp-block-list\"><li>L\u00edngua Portuguesa: 7 quest\u00f5es<\/li>\n\n\n\n<li>Matem\u00e1tica e Racioc\u00ednio L\u00f3gico: 6 quest\u00f5es<\/li>\n\n\n\n<li>No\u00e7\u00f5es de Direito Administrativo e Constitucional: 6 quest\u00f5es<\/li>\n\n\n\n<li>Conhecimentos de Regula\u00e7\u00e3o: 6 quest\u00f5es<\/li>\n<\/ul><\/li>\n\n\n\n<li>Conhecimentos Espec\u00edficos (35 quest\u00f5es)\n<ul class=\"wp-block-list\"><li>No\u00e7\u00f5es e Legisla\u00e7\u00e3o B\u00e1sica: 9 quest\u00f5es<\/li>\n\n\n\n<li>Regula\u00e7\u00e3o e L\u00f3gica Jur\u00eddico-econ\u00f4mica das Concess\u00f5es e PPPs: 9 quest\u00f5es<\/li>\n\n\n\n<li>Gest\u00e3o Contratual: 9 quest\u00f5es<\/li>\n\n\n\n<li>No\u00e7\u00f5es de Planejamento e Or\u00e7amento de Obras e Projetos: 8 quest\u00f5es<\/li>\n<\/ul><\/li>\n<\/ul><p>Especialista em Regula\u00e7\u00e3o \u2013 Saneamento B\u00e1sico<\/p>\n\n\n\n<ul class=\"wp-block-list\"><li>Conhecimentos Gerais (25 quest\u00f5es)\n<ul class=\"wp-block-list\"><li>L\u00edngua Portuguesa: 7 quest\u00f5es<\/li>\n\n\n\n<li>Matem\u00e1tica e Racioc\u00ednio L\u00f3gico: 6 quest\u00f5es<\/li>\n\n\n\n<li>No\u00e7\u00f5es de Direito Administrativo e Constitucional: 6 quest\u00f5es<\/li>\n\n\n\n<li>Conhecimentos de Regula\u00e7\u00e3o: 6 quest\u00f5es<\/li>\n<\/ul><\/li>\n\n\n\n<li>Conhecimentos Espec\u00edficos (35 quest\u00f5es)\n<ul class=\"wp-block-list\"><li>Aspectos Institucionais do Setor de Saneamento: 9 quest\u00f5es<\/li>\n\n\n\n<li>Aspectos Regulat\u00f3rios do Setor de Saneamento B\u00e1sico: 9 quest\u00f5es<\/li>\n\n\n\n<li>Aspectos T\u00e9cnicos do Setor de Saneamento: 9 quest\u00f5es<\/li>\n\n\n\n<li>Saneamento Ambiental: 8 quest\u00f5es<\/li>\n<\/ul><\/li>\n<\/ul><p><\/p>\n\n\n\n<p>A prova objetiva ter\u00e1 valor total de 100 pontos. Para garantir a aprova\u00e7\u00e3o na prova objetiva, o candidato precisa alcan\u00e7ar <strong>pontua\u00e7\u00e3o m\u00ednima de 50 pontos no resultado final<\/strong>, sendo indispens\u00e1vel obter desempenho em todos os blocos avaliados, sem que nenhum deles seja zerado. J\u00e1 para os concorrentes que se inscrevem como pessoas com defici\u00eancia (PCD), o crit\u00e9rio de habilita\u00e7\u00e3o \u00e9 reduzido, exigindo <strong>m\u00ednimo de 40 pontos<\/strong>.<\/p>\n\n\n\n<h3 class=\"wp-block-heading\">Prova Dissertativa<\/h3>\n\n\n\n<p>Al\u00e9m da prova objetiva, os candidatos do concurso Arsesp 2025 tamb\u00e9m enfrentar\u00e3o a prova dissertativa, agendada para o dia <strong>21 de dezembro de 2025<\/strong>, no mesmo turno da aplica\u00e7\u00e3o da prova objetiva. Essa etapa possui car\u00e1ter eliminat\u00f3rio e classificat\u00f3rio, sendo fundamental para a classifica\u00e7\u00e3o final dos participantes.<\/p>\n\n\n\n<h4 class=\"wp-block-heading\">Estrutura para n\u00edvel m\u00e9dio<\/h4>\n\n\n\n<p>Os concorrentes ao cargo de Agente de Suporte \u00e0 Regula\u00e7\u00e3o (n\u00edvel m\u00e9dio) dever\u00e3o produzir uma <strong>reda\u00e7\u00e3o dissertativo-argumentativa<\/strong> sobre tema de atualidade. O texto ser\u00e1 avaliado conforme os seguintes crit\u00e9rios:<\/p>\n\n\n\n<ul class=\"wp-block-list\"><li>Adequa\u00e7\u00e3o ao tema proposto<\/li>\n\n\n\n<li>Estrutura textual (introdu\u00e7\u00e3o, desenvolvimento e conclus\u00e3o)<\/li>\n\n\n\n<li>Dom\u00ednio da norma-padr\u00e3o da L\u00edngua Portuguesa<\/li>\n\n\n\n<li>Clareza, coes\u00e3o e coer\u00eancia das ideias<\/li>\n<\/ul><p><\/p>\n\n\n\n<p>A reda\u00e7\u00e3o ter\u00e1 valor m\u00e1ximo de 40 pontos, sendo considerado eliminado o candidato que obtiver menos de 20 pontos. Para os inscritos na condi\u00e7\u00e3o de pessoa com defici\u00eancia (PCD), a nota m\u00ednima exigida ser\u00e1 de 16 pontos.<\/p>\n\n\n\n<h4 class=\"wp-block-heading\">Estrutura para n\u00edvel superior<\/h4>\n\n\n\n<p>J\u00e1 os candidatos aos cargos de Analista de Suporte \u00e0 Regula\u00e7\u00e3o e Especialista em Regula\u00e7\u00e3o e Fiscaliza\u00e7\u00e3o de Servi\u00e7os P\u00fablicos (n\u00edvel superior) far\u00e3o uma prova composta por duas partes distintas:<\/p>\n\n\n\n<ul class=\"wp-block-list\"><li><strong>Estudo de caso<\/strong> \u2013 avalia\u00e7\u00e3o pr\u00e1tica que mede a capacidade de aplicar conhecimentos t\u00e9cnicos a situa\u00e7\u00f5es reais da \u00e1rea de atua\u00e7\u00e3o (vale at\u00e9 30 pontos)<\/li>\n\n\n\n<li><strong>Quest\u00e3o dissertativa<\/strong> \u2013 exige a elabora\u00e7\u00e3o de um texto fundamentado, a partir de um problema ou situa\u00e7\u00e3o espec\u00edfica (vale at\u00e9 10 pontos)<\/li>\n<\/ul><p><\/p>\n\n\n\n<p>A soma das duas partes totalizar\u00e1 40 pontos. Assim como ocorre na reda\u00e7\u00e3o de n\u00edvel m\u00e9dio, ser\u00e1 eliminado o candidato que alcan\u00e7ar menos de 20 pontos no conjunto da prova, com exce\u00e7\u00e3o dos concorrentes PCDs, que ter\u00e3o como crit\u00e9rio m\u00ednimo 16 pontos.<\/p>\n\n\n\n<h3 class=\"wp-block-heading\">Prova de T\u00edtulos<\/h3>\n\n\n\n<p>A terceira e \u00faltima etapa do concurso Arsesp 2025 ser\u00e1 destinada exclusivamente aos candidatos inscritos para o cargo de Especialista em Regula\u00e7\u00e3o e Fiscaliza\u00e7\u00e3o de Servi\u00e7os P\u00fablicos, abrangendo as seguintes \u00e1reas de atua\u00e7\u00e3o:<\/p>\n\n\n\n<ul class=\"wp-block-list\"><li>Econ\u00f4mico-financeira<\/li>\n\n\n\n<li>Energia el\u00e9trica<\/li>\n\n\n\n<li>G\u00e1s canalizado<\/li>\n\n\n\n<li>Parcerias<\/li>\n\n\n\n<li>Saneamento b\u00e1sico<\/li>\n<\/ul><p><\/p>\n\n\n\n<p>Essa fase, de car\u00e1ter classificat\u00f3rio, tem como objetivo reconhecer e valorizar a trajet\u00f3ria acad\u00eamica e a experi\u00eancia profissional dos concorrentes, funcionando como um diferencial na classifica\u00e7\u00e3o final.<\/p>\n\n\n\n<p>A pontua\u00e7\u00e3o ser\u00e1 atribu\u00edda a partir da an\u00e1lise de documentos que comprovem t\u00edtulos de forma\u00e7\u00e3o superior, p\u00f3s-gradua\u00e7\u00e3o e experi\u00eancias diretamente relacionadas \u00e0s atribui\u00e7\u00f5es do cargo. <\/p>\n\n\n\n<p>O m\u00e1ximo que o candidato poder\u00e1 obter nessa etapa \u00e9 de <strong>5 pontos<\/strong>, distribu\u00eddos conforme crit\u00e9rios definidos no edital. Confira:<\/p>\n\n\n\n<figure class=\"wp-block-image size-full\"><img decoding=\"async\" width=\"683\" height=\"444\" src=\"https:\/\/www.novaconcursos.com.br\/portal\/wp-content\/uploads\/2025\/09\/titulos-arsesp.webp\" alt=\"Tabela de t\u00edtulos do concurso Arsesp 2025!\" class=\"wp-image-291582\" loading=\"lazy\" title=\"\" srcset=\"https:\/\/www.novaconcursos.com.br\/portal\/wp-content\/uploads\/2025\/09\/titulos-arsesp-300x195.webp 300w, https:\/\/www.novaconcursos.com.br\/portal\/wp-content\/uploads\/2025\/09\/titulos-arsesp-480x312.webp 480w, https:\/\/www.novaconcursos.com.br\/portal\/wp-content\/uploads\/2025\/09\/titulos-arsesp.webp 683w\" sizes=\"auto, (max-width: 480px) 100vw, (max-width: 768px) 100vw, (max-width: 1200px) 70vw, 768px\"><figcaption><\/figcaption><\/figure><figure class=\"wp-block-image size-full\"><img decoding=\"async\" width=\"683\" height=\"136\" src=\"https:\/\/www.novaconcursos.com.br\/portal\/wp-content\/uploads\/2025\/09\/titulos-arsesp-2.webp\" alt=\"Tabela de t\u00edtulos do concurso Arsesp 2025!\" class=\"wp-image-291583\" loading=\"lazy\" title=\"\" srcset=\"https:\/\/www.novaconcursos.com.br\/portal\/wp-content\/uploads\/2025\/09\/titulos-arsesp-2-300x60.webp 300w, https:\/\/www.novaconcursos.com.br\/portal\/wp-content\/uploads\/2025\/09\/titulos-arsesp-2-480x96.webp 480w, https:\/\/www.novaconcursos.com.br\/portal\/wp-content\/uploads\/2025\/09\/titulos-arsesp-2.webp 683w\" sizes=\"auto, (max-width: 480px) 100vw, (max-width: 768px) 100vw, (max-width: 1200px) 70vw, 768px\"><figcaption class=\"wp-element-caption\"><em>Tabela de t\u00edtulos do concurso Arsesp 2025!<\/em><\/figcaption><\/figure><h2 class=\"wp-block-heading\" id=\"o-que-cai-na-prova-da-arsesp\">O que cai na prova da Arsesp?<\/h2>\n\n\n\n<p>Confira o conte\u00fado cobrado na prova de conhecimentos b\u00e1sicos do edital do concurso Arsesp 2025:<\/p>\n\n\n\n<h3 class=\"wp-block-heading\">L\u00edngua Portuguesa<\/h3>\n\n\n\n<ul class=\"wp-block-list\"><li>Leitura e interpreta\u00e7\u00e3o de diversos tipos de textos (liter\u00e1rios e n\u00e3o liter\u00e1rios)<\/li>\n\n\n\n<li>Sin\u00f4nimos e ant\u00f4nimos<\/li>\n\n\n\n<li>Sentido pr\u00f3prio e figurado das palavras<\/li>\n\n\n\n<li>Pontua\u00e7\u00e3o<\/li>\n\n\n\n<li>Classes de palavras: substantivo, adjetivo, numeral, artigo, pronome, verbo, adv\u00e9rbio, preposi\u00e7\u00e3o e conjun\u00e7\u00e3o \u2013 emprego e sentido que imprimem \u00e0s rela\u00e7\u00f5es que estabelecem<\/li>\n\n\n\n<li>Concord\u00e2ncia verbal e nominal<\/li>\n\n\n\n<li>Reg\u00eancia verbal e nominal<\/li>\n\n\n\n<li>Coloca\u00e7\u00e3o pronominal<\/li>\n\n\n\n<li>Crase<\/li>\n<\/ul><h3 class=\"wp-block-heading\">Matem\u00e1tica e Racioc\u00ednio L\u00f3gico<\/h3>\n\n\n\n<ul class=\"wp-block-list\"><li>Conjuntos num\u00e9ricos: naturais, inteiros, racionais e reais<\/li>\n\n\n\n<li>M\u00faltiplos, divisores, n\u00fameros primos<\/li>\n\n\n\n<li>Pot\u00eancias e ra\u00edzes<\/li>\n\n\n\n<li>Propor\u00e7\u00e3o<\/li>\n\n\n\n<li>Sistemas de Unidades de Medidas: comprimento, \u00e1rea, volume, massa e tempo<\/li>\n\n\n\n<li>Raz\u00e3o e propor\u00e7\u00e3o: regra de tr\u00eas simples e regra de tr\u00eas composta<\/li>\n\n\n\n<li>Porcentagem<\/li>\n\n\n\n<li>Juros simples e juros compostos<\/li>\n\n\n\n<li>Equa\u00e7\u00e3o do 1\u00ba grau, equa\u00e7\u00e3o do 2\u00ba grau, sistemas de equa\u00e7\u00f5es, equa\u00e7\u00f5es exponenciais e logar\u00edtmicas<\/li>\n\n\n\n<li>Fun\u00e7\u00f5es: afins, quadr\u00e1ticas, exponenciais, logar\u00edtmicas<\/li>\n\n\n\n<li>Progress\u00f5es aritm\u00e9ticas e geom\u00e9tricas<\/li>\n\n\n\n<li>An\u00e1lise combinat\u00f3ria: permuta\u00e7\u00e3o, arranjo e combina\u00e7\u00e3o<\/li>\n\n\n\n<li>Probabilidade<\/li>\n\n\n\n<li>Estat\u00edstica b\u00e1sica: leitura e interpreta\u00e7\u00e3o de dados representados em tabelas e gr\u00e1ficos; medidas de tend\u00eancia central (m\u00e9dia, mediana, moda)<\/li>\n\n\n\n<li>Rela\u00e7\u00e3o entre grandezas<\/li>\n\n\n\n<li>Interpreta\u00e7\u00e3o e elabora\u00e7\u00e3o de tabelas e gr\u00e1ficos<\/li>\n\n\n\n<li>Geometria plana: pol\u00edgonos, circunfer\u00eancia, c\u00edrculo, teorema de Pit\u00e1goras, trigonometria no tri\u00e2ngulo ret\u00e2ngulo; per\u00edmetros e \u00e1reas<\/li>\n\n\n\n<li>Geometria espacial: prisma, pir\u00e2mide, cilindro, cone e esfera; \u00e1reas e volumes<\/li>\n\n\n\n<li>Estrutura l\u00f3gica de rela\u00e7\u00f5es arbitr\u00e1rias entre pessoas, lugares, objetos ou eventos fict\u00edcios; deduzir novas informa\u00e7\u00f5es das rela\u00e7\u00f5es fornecidas e avaliar as condi\u00e7\u00f5es usadas para estabelecer a estrutura daquelas rela\u00e7\u00f5es<\/li>\n\n\n\n<li>Compreens\u00e3o e elabora\u00e7\u00e3o da l\u00f3gica das situa\u00e7\u00f5es por meio de: racioc\u00ednio verbal, racioc\u00ednio matem\u00e1tico, racioc\u00ednio sequencial, orienta\u00e7\u00e3o espacial e temporal, forma\u00e7\u00e3o de conceitos, discrimina\u00e7\u00e3o de elementos<\/li>\n\n\n\n<li>Compreens\u00e3o do processo l\u00f3gico que, a partir de um conjunto de hip\u00f3teses, conduz, de forma v\u00e1lida, a conclus\u00f5es determinadas<\/li>\n<\/ul><h3 class=\"wp-block-heading\">No\u00e7\u00f5es de Direito Administrativo e Constitucional<\/h3>\n\n\n\n<ul class=\"wp-block-list\"><li>Administra\u00e7\u00e3o P\u00fablica Direta e Indireta: conceito<\/li>\n\n\n\n<li>Autarquia: conceito<\/li>\n\n\n\n<li>Autarquia Especial: conceito<\/li>\n\n\n\n<li>Processo e Ato Administrativo (Lei estadual n\u00ba 10.177\/1998)<\/li>\n\n\n\n<li>Poder de Pol\u00edcia: conceito e elementos<\/li>\n\n\n\n<li>Servi\u00e7os P\u00fablicos: conceito, classifica\u00e7\u00e3o, regulamenta\u00e7\u00e3o e controle; forma, meios e requisitos; delega\u00e7\u00e3o: concess\u00e3o, permiss\u00e3o, autoriza\u00e7\u00e3o<\/li>\n\n\n\n<li>Lei federal n\u00ba 8.987\/1995 e Lei estadual n\u00ba 7.835\/1992 (disp\u00f5e sobre o regime de concess\u00e3o de obras p\u00fablicas, de concess\u00e3o e permiss\u00e3o de servi\u00e7os p\u00fablicos e d\u00e1 provid\u00eancias correlatas)<\/li>\n\n\n\n<li>Lei federal n\u00ba 11.079\/2004 e Lei estadual n\u00ba 11.688\/2004<\/li>\n\n\n\n<li>Lei dos Cons\u00f3rcios P\u00fablicos: Lei Federal n\u00ba 11.107\/2005 e Decreto federal n\u00ba 6.017\/2007<\/li>\n\n\n\n<li>Bens p\u00fablicos: conceito, classifica\u00e7\u00e3o, regime jur\u00eddico, aliena\u00e7\u00e3o, uso dos bens p\u00fablicos pelos particulares e institutos relacionados e regula\u00e7\u00e3o do uso de bens p\u00fablicos<\/li>\n\n\n\n<li>Lei Geral de Prote\u00e7\u00e3o de Dados Pessoais \u2013 LGPD (Lei n\u00ba 13.709\/2018 e suas altera\u00e7\u00f5es)<\/li>\n\n\n\n<li>Licita\u00e7\u00f5es e Contratos administrativos: Lei federal n\u00ba 14.133\/2021, Decreto n\u00ba 67.608\/2023, Decreto n\u00ba 67.689\/2023, Decreto n\u00ba 67.885\/2023, Decreto n\u00ba 67.888\/2023, Decreto n\u00ba 67.985\/2023, Decreto n\u00ba 68.017\/2023, Decreto n\u00ba 68.021\/2023, Decreto n\u00ba 68.185\/2023, Decreto n\u00ba 68.220\/2023, Decreto n\u00ba 68.304\/2024, Decreto n\u00ba 68.422\/2024<\/li>\n\n\n\n<li>Sustentabilidade das contrata\u00e7\u00f5es<\/li>\n\n\n\n<li>Planejamento or\u00e7ament\u00e1rio financeiro: o Plano Plurianual (PPA), a Lei de Diretrizes Or\u00e7ament\u00e1rias (LDO) e a Lei Or\u00e7ament\u00e1ria Anual (LOA); Lei federal n\u00ba 4.320\/1964<\/li>\n\n\n\n<li>Lei de Responsabilidade Fiscal (Lei Complementar n\u00ba 101\/2000)<\/li>\n\n\n\n<li>Consensualidade na Administra\u00e7\u00e3o P\u00fablica<\/li>\n\n\n\n<li>Meios adequados de solu\u00e7\u00e3o de controv\u00e9rsias<\/li>\n\n\n\n<li>Termo de Ajustamento de Conduta<\/li>\n\n\n\n<li>Arbitragem<\/li>\n\n\n\n<li>Autocomposi\u00e7\u00e3o de conflitos<\/li>\n\n\n\n<li>Lei de Introdu\u00e7\u00e3o \u00e0s Normas do Direito Brasileiro<\/li>\n\n\n\n<li>Desapropria\u00e7\u00e3o: requisitos; bens suscet\u00edveis; esp\u00e9cies previstas no ordenamento; procedimentos; meios de defesa do expropriado; caducidade da desapropria\u00e7\u00e3o; imiss\u00e3o na posse; destino dos bens desapropriados; retrocess\u00e3o<\/li>\n\n\n\n<li>Conv\u00eanios administrativos<\/li>\n\n\n\n<li>Processo Administrativo Sancionador<\/li>\n\n\n\n<li>Lei Federal n\u00ba 13.460\/2017 \u2013 Disp\u00f5e sobre participa\u00e7\u00e3o, prote\u00e7\u00e3o e defesa dos direitos do usu\u00e1rio dos servi\u00e7os p\u00fablicos da administra\u00e7\u00e3o p\u00fablica<\/li>\n\n\n\n<li>Lei Estadual n\u00ba 10.294\/1999 \u2013 Disp\u00f5e sobre a prote\u00e7\u00e3o e defesa do usu\u00e1rio do servi\u00e7o p\u00fablico do Estado de S\u00e3o Paulo<\/li>\n\n\n\n<li>Formas de Estado e formas e sistemas de governo<\/li>\n\n\n\n<li>Fun\u00e7\u00f5es t\u00edpicas dos Poderes Legislativo, Executivo e Judici\u00e1rio<\/li>\n\n\n\n<li>Princ\u00edpios que regem as atividades da Administra\u00e7\u00e3o P\u00fablica paulista (artigo 111 da Constitui\u00e7\u00e3o do Estado)<\/li>\n\n\n\n<li>Lei Federal n\u00ba 12.527, de 18\/11\/2011 (Lei de Acesso \u00e0 Informa\u00e7\u00e3o \u2013 LAI) e Decreto Estadual n\u00ba 58.052\/2012 (regulamenta a Lei federal n\u00ba 12.527\/2011)<\/li>\n\n\n\n<li>Reparti\u00e7\u00e3o constitucional das compet\u00eancias entre os entes federados<\/li>\n\n\n\n<li>\u00c9tica e moral<\/li>\n\n\n\n<li>\u00c9tica, princ\u00edpios e valores<\/li>\n\n\n\n<li>\u00c9tica e democracia: exerc\u00edcio da cidadania<\/li>\n\n\n\n<li>\u00c9tica e fun\u00e7\u00e3o p\u00fablica<\/li>\n\n\n\n<li>C\u00f3digo de \u00c9tica da Administra\u00e7\u00e3o P\u00fablica direta e aut\u00e1rquica do Estado de S\u00e3o Paulo (Decreto n\u00b0 69.328, de 22 de janeiro de 2025)<\/li>\n\n\n\n<li>Decreto n\u00b0 67.682, de 03 de maio de 2023<\/li>\n\n\n\n<li>Decreto n\u00b0 67.683, de 03 de maio de 2023<\/li>\n\n\n\n<li>Decreto n\u00b0 68.158, de 09 de dezembro de 2023<\/li>\n\n\n\n<li>Decreto n\u00b0 69.474, de 10 de abril de 2025<\/li>\n\n\n\n<li>Decreto n\u00b0 69.475, de 10 de abril de 2025<\/li>\n<\/ul><h3 class=\"wp-block-heading\">Conhecimentos de Regula\u00e7\u00e3o<\/h3>\n\n\n\n<ul class=\"wp-block-list\"><li>Ag\u00eancias Reguladoras: O papel regulador do Estado \u2013 pressupostos, objetivos e instrumentos<\/li>\n\n\n\n<li>As ag\u00eancias reguladoras e o princ\u00edpio da legalidade<\/li>\n\n\n\n<li>\u00d3rg\u00e3os reguladores no Brasil: hist\u00f3rico, conceito, estrutura jur\u00eddica, fun\u00e7\u00f5es, controle e caracter\u00edsticas das autarquias<\/li>\n\n\n\n<li>Autonomia administrativa e poder normativo<\/li>\n\n\n\n<li>Reforma do Estado e o papel das Ag\u00eancias Reguladoras<\/li>\n\n\n\n<li>Abordagens: teoria econ\u00f4mica da regula\u00e7\u00e3o, teoria da captura, teoria do agente principal<\/li>\n\n\n\n<li>Formas de regula\u00e7\u00e3o: regula\u00e7\u00e3o de pre\u00e7o, regula\u00e7\u00e3o de entrada, regula\u00e7\u00e3o de qualidade<\/li>\n\n\n\n<li>Boas pr\u00e1ticas regulat\u00f3rias: An\u00e1lise de Impacto Regulat\u00f3rio (AIR), Avalia\u00e7\u00e3o de Resultado Regulat\u00f3rio (ARR), Agenda Regulat\u00f3ria e o processo de participa\u00e7\u00e3o e controle social; Delibera\u00e7\u00e3o ARSESP n\u00ba 1.466\/2023<\/li>\n\n\n\n<li>Poder regulat\u00f3rio<\/li>\n\n\n\n<li>No\u00e7\u00f5es de Direito do Consumidor (Lei Federal n\u00ba 8.078\/1990)<\/li>\n\n\n\n<li>Legisla\u00e7\u00e3o aplicada aos servidores da ARSESP: Objetivos fundamentais da ARSESP (Lei Complementar n\u00ba 1.025\/2007)<\/li>\n\n\n\n<li>Lei Complementar Estadual n\u00ba 1.322\/2018<\/li>\n\n\n\n<li>Regime jur\u00eddico das ag\u00eancias reguladoras estaduais: Lei Complementar n\u00ba 1.413\/2024, Decreto n\u00ba 69.339\/2025<\/li>\n\n\n\n<li>Regimento Interno \u2013 Delibera\u00e7\u00e3o ARSESP 1.649, de 12 de fevereiro de 2025, publicada no DOE em 17 de fevereiro de 2025<\/li>\n\n\n\n<li>Defesa da Concorr\u00eancia: Sistema Brasileiro de Defesa da Concorr\u00eancia<\/li>\n\n\n\n<li>Preven\u00e7\u00e3o e repress\u00e3o \u00e0s infra\u00e7\u00f5es contra a ordem econ\u00f4mica<\/li>\n\n\n\n<li>Regra per se e Regra de raz\u00e3o<\/li>\n\n\n\n<li>Modelo de estrutura-conduta-desempenho<\/li>\n\n\n\n<li>Abordagem dos custos de transa\u00e7\u00e3o<\/li>\n\n\n\n<li>Poder de mercado<\/li>\n\n\n\n<li>Mercados relevantes<\/li>\n\n\n\n<li>Pr\u00e1ticas anticompetitivas horizontais e verticais<\/li>\n\n\n\n<li>Intera\u00e7\u00f5es entre as ag\u00eancias reguladoras e \u00f3rg\u00e3os de defesa da concorr\u00eancia no Brasil<\/li>\n<\/ul><div class=\"nova-continue-reading\">Confira: <a href=\"https:\/\/www.novaconcursos.com.br\/portal\/concursos-abertos\/sp\/\">Todos os concursos abertos em S\u00e3o Paulo!<\/a><\/div>\n\n\n\n<h2 class=\"wp-block-heading\" id=\"materiais-preparatrios\">Materiais preparat\u00f3rios<\/h2>\n\n\n\n<p>Quer garantir a aprova\u00e7\u00e3o no concurso Arsesp 2025? A chave est\u00e1 em uma prepara\u00e7\u00e3o estrat\u00e9gica e de qualidade. Na hora de estudar, conte com os materiais pr\u00e1ticos e eficientes da <a href=\"https:\/\/www.novaconcursos.com.br\/\" data-type=\"link\" data-id=\"https:\/\/www.novaconcursos.com.br\/\">Nova Concursos<\/a>. Nosso compromisso \u00e9 guiar voc\u00ea at\u00e9 a aprova\u00e7\u00e3o. J\u00e1 ajudamos mais de <strong>70 mil candidatos<\/strong> a realizarem esse sonho.<\/p>\n\n\n\n<p>A prova de que a educa\u00e7\u00e3o transforma vidas est\u00e1 nos relatos de quem passou. Veja o que disse um dos nossos alunos:<\/p>\n\n\n\n<blockquote class=\"wp-block-quote is-layout-flow wp-block-quote-is-layout-flow\">\n<p><em>\u201cMaterial de qualidade. Orienta\u00e7\u00f5es no decorrer dos conte\u00fados ajudam uma maior assimila\u00e7\u00e3o.\u201d<\/em><\/p>\n<\/blockquote>\n\n\n\n<p>Conhe\u00e7a essas <a href=\"https:\/\/resultados.novaconcursos.com.br\/\" data-type=\"link\" data-id=\"https:\/\/resultados.novaconcursos.com.br\/\">hist\u00f3rias<\/a> e venha ser o pr\u00f3ximo aprovado com a Nova!<\/p>\n\n\n\n<div class=\"nova-continue-reading\">Confira: <a href=\"https:\/\/www.novaconcursos.com.br\/concursos\" data-type=\"link\" data-id=\"https:\/\/www.novaconcursos.com.br\/concursos\">Materiais preparat\u00f3rios para concursos<\/a><\/div>\n\n\n\n<h3 class=\"wp-block-heading\">Assinatura Nova Concursos<\/h3>\n\n\n\n<p>Estudar para o concurso Arsesp 2025 pode ser mais simples e eficiente com a metodologia certa. Na Nova Concursos, voc\u00ea encontra um plano de estudos direto ao ponto, feito para quem quer passar sem perder tempo com conte\u00fados desnecess\u00e1rios.<\/p>\n\n\n\n<p>Com o\u00a0<a href=\"https:\/\/aprovacao.novaconcursos.com.br\/assinatura\/?_gl=1*gr8kpq*_gcl_aw*R0NMLjE3NTI2NjQxMDMuQ2owS0NRandtOTNEQmhEX0FSSXNBRFJfRGpIV3hsVTluWFFiYVRvRVB2NjhqbWRRMlp2TkpmZXVEczJyTWlNRDRYd2tfZzV3RjZXekZaSWFBcWVfRUFMd193Y0I.*_gcl_au*MjQwNDg1MjQ2LjE3NDc2NTE5MzU.\">Plano do Especialista<\/a>, voc\u00ea tem acesso a uma trilha estruturada, com ciclos inteligentes que organizam sua rotina como se tivesse um coach ao lado, guiando voc\u00ea at\u00e9 a aprova\u00e7\u00e3o.<\/p>\n\n\n\n<p>Tudo isso com suporte de tutores e atendimento humanizado em cada etapa da sua jornada. Assine agora e descubra o que \u00e9 estudar com quem realmente entende de aprova\u00e7\u00e3o em concursos!<\/p>\n\n\n\n<h2 class=\"wp-block-heading\" id=\"quando-foi-o-ltimo-concurso-arsesp\">Quando foi o \u00faltimo concurso Arsesp?<\/h2>\n\n\n\n<p>O \u00faltimo concurso Arsesp ocorreu em <strong>2018<\/strong> e contou com a orgainza\u00e7\u00e3o da banca Vunesp. Na \u00e9poca, a oferta foi de 46 oportunidades para n\u00edvel superior. Confira a distirbui\u00e7\u00e3o das vagas:<\/p>\n\n\n\n<ul class=\"wp-block-list\"><li>Analista de Suporte \u00e0 Regula\u00e7\u00e3o: 4 vagas\n<ul class=\"wp-block-list\"><li>Rela\u00e7\u00f5es Institucionais<\/li>\n\n\n\n<li>Recursos Humanos<\/li>\n\n\n\n<li>Protocolo e Administrativo<\/li>\n<\/ul><\/li>\n\n\n\n<li>Especialista em Regula\u00e7\u00e3o e Fiscaliza\u00e7\u00e3o de Servi\u00e7os P\u00fablicos: 42 vagas\n<ul class=\"wp-block-list\"><li>El\u00e9trica<\/li>\n\n\n\n<li>G\u00e1s Canalizado<\/li>\n\n\n\n<li>Econ\u00f4mico-Financeiro<\/li>\n\n\n\n<li>Saneamento B\u00e1sico<\/li>\n\n\n\n<li>Rela\u00e7\u00f5es Institucionais<\/li>\n<\/ul><\/li>\n<\/ul><p>Os sal\u00e1rios iniciais oscilaram entre<strong> R$ 5.000,00 e R$ 6.214,00.<\/strong> <\/p>\n\n\n\n<p><strong>Etapas de Sele\u00e7\u00e3o<\/strong><\/p>\n\n\n\n<p>Os candidatos foram avaliados por meio de uma prova objetiva, de m\u00faltipla escolha, com apenas uma alternativa correta dentre as quatro op\u00e7\u00f5es. Confira quais foram os conte\u00fados cobrados:<\/p>\n\n\n\n<ul class=\"wp-block-list\"><li>L\u00edngua Portuguesa<\/li>\n\n\n\n<li>Matem\u00e1tica e Racioc\u00ednio L\u00f3gico<\/li>\n\n\n\n<li>No\u00e7\u00f5es de Inform\u00e1tica<\/li>\n\n\n\n<li>Administra\u00e7\u00e3o P\u00fablica<\/li>\n\n\n\n<li>Defesa da Concorr\u00eancia<\/li>\n<\/ul><h2 class=\"wp-block-heading\" id=\"sobre-a-arsesp\">Sobre a Arsesp<\/h2>\n\n\n\n<p>A Ag\u00eancia Reguladora de Servi\u00e7os P\u00fablicos do Estado de S\u00e3o Paulo <a href=\"https:\/\/www.arsesp.sp.gov.br\/Paginas\/HomeArsesp.aspx\" data-type=\"link\" data-id=\"https:\/\/www.arsesp.sp.gov.br\/Paginas\/HomeArsesp.aspx\" target=\"_blank\" rel=\"noopener\">(Arsesp)<\/a> \u00e9 uma autarquia vinculada ao Governo do Estado, respons\u00e1vel por regular, controlar e fiscalizar os servi\u00e7os de energia el\u00e9trica, g\u00e1s canalizado e saneamento b\u00e1sico em S\u00e3o Paulo.<\/p>\n\n\n\n<p>Sua miss\u00e3o \u00e9 assegurar que esses servi\u00e7os sejam prestados com qualidade, efici\u00eancia, modicidade tarif\u00e1ria e respeito aos direitos dos consumidores. A Arsesp atua de forma t\u00e9cnica e transparente, promovendo o equil\u00edbrio entre os interesses da popula\u00e7\u00e3o, das empresas concession\u00e1rias e do poder p\u00fablico.<\/p>\n\n\n\n<p>Com foco na sustentabilidade e na inova\u00e7\u00e3o, a ag\u00eancia contribui para o desenvolvimento socioecon\u00f4mico do estado, garantindo que a infraestrutura essencial chegue \u00e0 sociedade de forma segura e confi\u00e1vel.<\/p>\n\n\n\n<h2 class=\"wp-block-heading\" id=\"perguntas-frequentes\">Perguntas frequentes<\/h2>\n\n\n\n<p>Confira quais s\u00e3o as perguntas frequentes sobre o concurso Arsesp:<\/p>\n\n\n<div id=\"rank-math-faq\" class=\"rank-math-block\">\n<div class=\"rank-math-list \">\n<div id=\"faq-question-1756908076733\" class=\"rank-math-list-item\">\n<h3 class=\"rank-math-question \"><strong>Quando ser\u00e3o as inscri\u00e7\u00f5es para o concurso Arsesp 2025?<\/strong><\/h3>\n<div class=\"rank-math-answer \">\n\n<p>As inscri\u00e7\u00f5es estar\u00e3o abertas das 8h do dia 25 de setembro at\u00e9 as 23h59 do dia 27 de outubro de 2025, no site da Funda\u00e7\u00e3o Vunesp.<\/p>\n\n<\/div>\n<\/div>\n<div id=\"faq-question-1756908112376\" class=\"rank-math-list-item\">\n<h3 class=\"rank-math-question \"><strong>Quantas vagas o concurso Arsesp 2025 oferece?<\/strong><\/h3>\n<div class=\"rank-math-answer \">\n\n<p>S\u00e3o 105 vagas imediatas, distribu\u00eddas entre cargos de n\u00edvel m\u00e9dio e superior, al\u00e9m de forma\u00e7\u00e3o de cadastro reserva.<\/p>\n\n<\/div>\n<\/div>\n<div id=\"faq-question-1756908125248\" class=\"rank-math-list-item\">\n<h3 class=\"rank-math-question \"><strong>Qual \u00e9 o valor da taxa de inscri\u00e7\u00e3o?<\/strong><\/h3>\n<div class=\"rank-math-answer \">\n\n<p>O valor varia conforme o cargo: R$ 55,00 para Agente de Suporte \u00e0 Regula\u00e7\u00e3o (n\u00edvel m\u00e9dio), R$ 90,00 para Analista de Suporte \u00e0 Regula\u00e7\u00e3o (n\u00edvel superior) e R$ 110,00 para Especialista em Regula\u00e7\u00e3o e Fiscaliza\u00e7\u00e3o de Servi\u00e7os P\u00fablicos (n\u00edvel superior).<\/p>\n\n<\/div>\n<\/div>\n<div id=\"faq-question-1756908136744\" class=\"rank-math-list-item\">\n<h3 class=\"rank-math-question \"><strong>Quais s\u00e3o os sal\u00e1rios iniciais?<\/strong><\/h3>\n<div class=\"rank-math-answer \">\n\n<p>O cargo de Agente de Suporte \u00e0 Regula\u00e7\u00e3o oferece remunera\u00e7\u00e3o de R$ 3.944,00. Para Analista de Suporte \u00e0 Regula\u00e7\u00e3o, o sal\u00e1rio \u00e9 de R$ 10.366,00. J\u00e1 os Especialistas em Regula\u00e7\u00e3o e Fiscaliza\u00e7\u00e3o de Servi\u00e7os P\u00fablicos recebem R$ 12.070,00.<\/p>\n\n<\/div>\n<\/div>\n<div id=\"faq-question-1756908155713\" class=\"rank-math-list-item\">\n<h3 class=\"rank-math-question \"><strong>Como ser\u00e3o as provas do concurso Arsesp 2025?<\/strong><\/h3>\n<div class=\"rank-math-answer \">\n\n<p>O processo seletivo ser\u00e1 composto por tr\u00eas etapas: prova objetiva, aplicada para todos os cargos; prova dissertativa, tamb\u00e9m para todos os cargos; e prova de t\u00edtulos, destinada apenas aos candidatos ao cargo de Especialista.<\/p>\n\n<\/div>\n<\/div>\n<\/div>\n<\/div>","protected":false},"excerpt":{"rendered":"<p>O concurso Arsesp est\u00e1 ofertando 105 vagas imediatas para cargos de n\u00edveis m\u00e9dio e superior, com remunera\u00e7\u00f5es iniciais de at\u00e9 R$ 12 mil. Confira! <\/p>\n","protected":false},"author":54696,"featured_media":291578,"comment_status":"closed","ping_status":"closed","sticky":false,"template":"","format":"standard","meta":{"_acf_changed":false,"footnotes":"","_wp_rev_ctl_limit":""},"categories":[44999,44939,44949],"tags":[20772,45026],"class_list":["post-63086","post","type-post","status-publish","format-standard","has-post-thumbnail","hentry","category-concursos","category-carreira-administrativa","category-sp","tag-concurso-arsesp","tag-concursos-abertos-sp-2"],"acf":[],"_links":{"self":[{"href":"https:\/\/www.novaconcursos.com.br\/portal\/wp-json\/wp\/v2\/posts\/63086","targetHints":{"allow":["GET"]}}],"collection":[{"href":"https:\/\/www.novaconcursos.com.br\/portal\/wp-json\/wp\/v2\/posts"}],"about":[{"href":"https:\/\/www.novaconcursos.com.br\/portal\/wp-json\/wp\/v2\/types\/post"}],"author":[{"embeddable":true,"href":"https:\/\/www.novaconcursos.com.br\/portal\/wp-json\/wp\/v2\/users\/54696"}],"replies":[{"embeddable":true,"href":"https:\/\/www.novaconcursos.com.br\/portal\/wp-json\/wp\/v2\/comments?post=63086"}],"version-history":[{"count":13,"href":"https:\/\/www.novaconcursos.com.br\/portal\/wp-json\/wp\/v2\/posts\/63086\/revisions"}],"predecessor-version":[{"id":294448,"href":"https:\/\/www.novaconcursos.com.br\/portal\/wp-json\/wp\/v2\/posts\/63086\/revisions\/294448"}],"wp:featuredmedia":[{"embeddable":true,"href":"https:\/\/www.novaconcursos.com.br\/portal\/wp-json\/wp\/v2\/media\/291578"}],"wp:attachment":[{"href":"https:\/\/www.novaconcursos.com.br\/portal\/wp-json\/wp\/v2\/media?parent=63086"}],"wp:term":[{"taxonomy":"category","embeddable":true,"href":"https:\/\/www.novaconcursos.com.br\/portal\/wp-json\/wp\/v2\/categories?post=63086"},{"taxonomy":"post_tag","embeddable":true,"href":"https:\/\/www.novaconcursos.com.br\/portal\/wp-json\/wp\/v2\/tags?post=63086"}],"curies":[{"name":"wp","href":"https:\/\/api.w.org\/{rel}","templated":true}]}}