{"id":63275,"date":"2022-02-02T08:00:28","date_gmt":"2022-02-02T11:00:28","guid":{"rendered":"http:\/\/www.novaconcursos.com.br\/portal\/?post_type=nc-public-tender&#038;p=63275"},"modified":"2024-12-16T09:55:16","modified_gmt":"2024-12-16T12:55:16","slug":"concurso-camara-municipal-de-sao-jose-dos-campos-sp","status":"publish","type":"post","link":"https:\/\/www.novaconcursos.com.br\/portal\/concursos\/concurso-camara-municipal-de-sao-jose-dos-campos-sp\/","title":{"rendered":"Concurso C\u00e2mara S\u00e3o Jos\u00e9 dos Campos-SP: Edital publicado. 21 vagas!"},"content":{"rendered":"<p>Novo concurso C\u00e2mara de S\u00e3o Jos\u00e9 dos Campos \u2013 SP tem <strong>edital publicado<\/strong> e conta com oferta de <strong>21 vagas para Auxiliar Legislativo<\/strong>, cargo de n\u00edvel fundamental.<\/p>\n<p>Al\u00e9m disso, vale ressaltar que a banca organizadora da sele\u00e7\u00e3o \u00e9 a <strong>Funda\u00e7\u00e3o Vunesp<\/strong>.<\/p>\n<ul><li><a class=\"_ps2id\" href=\"#inscri%C3%A7%C3%A3o\" data-ps2id-offset=\"\">Inscri\u00e7\u00e3o e isen\u00e7\u00e3o da taxa<\/a><\/li>\n<li><a class=\"_ps2id\" href=\"#carreira\" data-ps2id-offset=\"\">Carreira<\/a>\n<ul><li><a class=\"_ps2id\" href=\"#vagas\" data-ps2id-offset=\"\">Vagas, remunera\u00e7\u00e3o e requisitos\u00a0<\/a><\/li>\n<\/ul><\/li>\n<li><a class=\"_ps2id\" href=\"#provas\" data-ps2id-offset=\"\">Como ser\u00e3o as provas<\/a><\/li>\n<\/ul><h2 id=\"\"><\/h2>\n<h2 id=\"ps2id-idinscrio-targetcomo-realizar-a-inscrio-do-concurso-cm\">[ps2id id=\u2019inscri\u00e7\u00e3o\u2019 target=\u201d\/]Como realizar a inscri\u00e7\u00e3o do concurso C\u00e2mara de S\u00e3o Jos\u00e9 dos Campos \u2013 SP?<\/h2>\n<p>Antes de mais nada, os interessados poder\u00e3o realizar as inscri\u00e7\u00f5es do dia<strong> 10 de fevereiro at\u00e9 o dia 21 de mar\u00e7o de 2022<\/strong>, atrav\u00e9s do <a href=\"https:\/\/www.vunesp.com.br\/CSJC2102\" target=\"_blank\" rel=\"noopener noreferrer\">site da banca organizadora, Funda\u00e7\u00e3o Vunesp\u00a0<\/a>.<\/p>\n<p>Em seguida, para participar \u00e9 necess\u00e1rio preencher o formul\u00e1rio com todos os dados solicitados e gerar o boleto e pagar a taxa de <strong>R$ 44,50<\/strong>. O pagamento ser\u00e1 aceito <strong>at\u00e9 22 de mar\u00e7o<\/strong>.<\/p>\n<p>De acordo com o edital, <em>\u201cn\u00e3o haver\u00e1 devolu\u00e7\u00e3o de import\u00e2ncia paga, ainda que efetuada a mais ou em duplicidade, nem <strong>isen\u00e7\u00e3o total ou parcial<\/strong> de pagamento do correspondente valor da taxa de inscri\u00e7\u00e3o, seja qual for o motivo alegado\u201d<\/em>.<\/p>\n<p>Estude para o concurso dos seus sonhos com a\u00a0<a href=\"https:\/\/aprovacao.novaconcursos.com.br\/assinatura\" target=\"_blank\" rel=\"noopener noreferrer\">Assinatura Completa da Nova<\/a>\u00a0. Tenha acesso a\u00a0<strong>Cursos, Plataforma de Quest\u00f5es, Eventos Exclusivos<\/strong>\u00a0para Assinantes e Muito Mais!<\/p>\n<h2 id=\"ps2id-idcarreira-targetconcurso-cmara-de-so-jos-dos-campos-s\">[ps2id id=\u2019carreira\u2019 target=\u201d\/]Concurso C\u00e2mara de S\u00e3o Jos\u00e9 dos Campos \u2013 SP: carreira<\/h2>\n<h3>[ps2id id=\u2019vagas\u2019 target=\u201d\/]Vagas, remunera\u00e7\u00e3o e requisitos<\/h3>\n<p>Ainda assim, s\u00e3o ofertadas<strong> 21 vagas<\/strong>, sendo 20 destinadas para ampla concorr\u00eancia e 1 vaga destinada para pessoas com defici\u00eancia (PcD), para o cargo de Auxiliar Legislativo.<\/p>\n<p>Al\u00e9m disso, <strong>o cargo tem como requisito<\/strong> o certificado, devidamente registrado de conclus\u00e3o do ensino fundamental completo expedido por Institui\u00e7\u00e3o de Ensino reconhecida pelo Minist\u00e9rio da Educa\u00e7\u00e3o (ME).<\/p>\n<p>Contudo, \u00a0os aprovados ter\u00e3o direito a remunera\u00e7\u00e3o de <strong>R$ 2.145,50<\/strong>, com jornada de trabalho de\u00a0<strong>40 horas semanais.<\/strong> Assim como ainda ser\u00e3o oferecidos os seguintes benef\u00edcios:<\/p>\n<ul><li>aux\u00edlio para alimenta\u00e7\u00e3o \u2013 Programa de Alimenta\u00e7\u00e3o do Servidor (Lei n\u00ba 4.580\/94);<\/li>\n<li>vale-transporte (Lei n\u00ba 3.109\/86);<\/li>\n<li>seguro de vida em grupo (Lei n\u00ba 3.561\/89);<\/li>\n<li>reembolso parcial de plano de sa\u00fade (Lei n\u00ba 8.974\/13);<\/li>\n<li>reembolso parcial para gradua\u00e7\u00e3o e p\u00f3s gradua\u00e7\u00e3o (Programa para Desenvolvimento do Servidor Municipal \u2013 Lei Complementar n\u00ba 626\/2019);<\/li>\n<li>gratifica\u00e7\u00e3o para filhos menores (Lei n\u00ba 5.506\/99), conforme legisla\u00e7\u00e3o municipal em vigor.<\/li>\n<\/ul><h2 id=\"ps2id-idprovas-targetcomo-sero-as-provas\">[ps2id id=\u2019provas\u2019 target=\u201d\/]Como ser\u00e3o as provas?<\/h2>\n<p>Por fim, os candidatos ser\u00e3o avaliados por meio de <strong>Provas Objetivas<\/strong>, de car\u00e1ter eliminat\u00f3rio e classificat\u00f3rio, que ser\u00e3o aplicadas na cidade de S\u00e3o Jos\u00e9 dos Campos e est\u00e3o previstas para o dia <strong>1 de maio de 2022.\u00a0<\/strong><\/p>\n<p>Todavia, as provas ser\u00e3o compostas de quest\u00f5es de m\u00faltipla escolha com 5 alternativas, sendo apenas uma alternativa correta e ser\u00e1 avaliada na escala de 0 a 100 pontos.<\/p>\n<p>Al\u00e9m disso, ser\u00e1 considerado habilitado, o candidato que obtiver nota igual ou superior a 50 e n\u00e3o zerar em nenhum dos componentes dessa prova, sendo eles:<\/p>\n<ul><li><em>L\u00edngua Portuguesa<\/em><\/li>\n<li><em> Matem\u00e1tica e <\/em><\/li>\n<li><em>Conhecimentos Espec\u00edficos.<\/em><\/li>\n<\/ul><p>\u00a0<\/p>\n<p>Em suma, acompanhe a seguir o <strong>conte\u00fado program\u00e1tico<\/strong> exigido no edital:<\/p>\n<h3>Conhecimentos Gerais<\/h3>\n<p><strong>L\u00edngua Portuguesa:<\/strong> Leitura e interpreta\u00e7\u00e3o de diversos tipos de textos (liter\u00e1rios e n\u00e3o liter\u00e1rios).<br>\nSin\u00f4nimos e ant\u00f4nimos. Sentidos pr\u00f3prio e figurado das palavras. Pontua\u00e7\u00e3o. Classes de palavras:<br>\nsubstantivo, adjetivo, numeral, artigo, pronome, verbo, adv\u00e9rbio, preposi\u00e7\u00e3o e conjun\u00e7\u00e3o: emprego e<br>\nsentido que imprimem \u00e0s rela\u00e7\u00f5es que estabelecem. Concord\u00e2ncias verbal e nominal. Reg\u00eancias verbal e<br>\nnominal. Coloca\u00e7\u00e3o pronominal. Crase.<\/p>\n<p><strong>Matem\u00e1tica:<\/strong> Resolu\u00e7\u00e3o de situa\u00e7\u00f5es-problema envolvendo: adi\u00e7\u00e3o, subtra\u00e7\u00e3o, multiplica\u00e7\u00e3o, divis\u00e3o,<br>\npotencia\u00e7\u00e3o ou radicia\u00e7\u00e3o com n\u00fameros racionais em suas representa\u00e7\u00f5es fracion\u00e1ria ou decimal; m\u00ednimo m\u00faltiplo comum; porcentagem; raz\u00e3o e propor\u00e7\u00e3o; regra de tr\u00eas simples; equa\u00e7\u00e3o do 1\u00ba grau; grandezas e medidas (quantidade, tempo, comprimento, superf\u00edcie, capacidade e massa); rela\u00e7\u00e3o entre grandezas (tabela ou gr\u00e1fico); no\u00e7\u00f5es de geometria plana (forma, \u00e1rea e per\u00edmetro).<\/p>\n<h3>Conhecimentos Espec\u00edficos<\/h3>\n<p><strong>Atendimento ao p\u00fablico:<\/strong> recep\u00e7\u00e3o e excel\u00eancia no atendimento ao cidad\u00e3o; o enfoque na qualidade; o atendimento presencial e por telefone. Correspond\u00eancia: protocolo de envio, recebimento e distribui\u00e7\u00e3o. No\u00e7\u00f5es b\u00e1sicas sobre arquivo: finalidades, tipos, import\u00e2ncia e organiza\u00e7\u00e3o. Opera\u00e7\u00e3o de equipamentos de escrit\u00f3rio e copiadoras. Controle de estoque.<\/p>","protected":false},"excerpt":{"rendered":"<p>Novo concurso C\u00e2mara de S\u00e3o Jos\u00e9 dos Campos &#8211; SP tem edital publicado e conta com oferta de 21 vagas para Auxiliar Legislativo, cargo de n\u00edvel fundamental.<\/p>\n<p>Vale ressaltar que a Funda\u00e7\u00e3o Vunesp foi escolhida como banca organizadora do concurso.\u00a0<\/p>\n","protected":false},"author":16,"featured_media":154646,"comment_status":"closed","ping_status":"closed","sticky":false,"template":"","format":"standard","meta":{"_acf_changed":false,"footnotes":"","_wp_rev_ctl_limit":""},"categories":[44999],"tags":[],"class_list":["post-63275","post","type-post","status-publish","format-standard","has-post-thumbnail","hentry","category-concursos"],"acf":[],"_links":{"self":[{"href":"https:\/\/www.novaconcursos.com.br\/portal\/wp-json\/wp\/v2\/posts\/63275","targetHints":{"allow":["GET"]}}],"collection":[{"href":"https:\/\/www.novaconcursos.com.br\/portal\/wp-json\/wp\/v2\/posts"}],"about":[{"href":"https:\/\/www.novaconcursos.com.br\/portal\/wp-json\/wp\/v2\/types\/post"}],"author":[{"embeddable":true,"href":"https:\/\/www.novaconcursos.com.br\/portal\/wp-json\/wp\/v2\/users\/16"}],"replies":[{"embeddable":true,"href":"https:\/\/www.novaconcursos.com.br\/portal\/wp-json\/wp\/v2\/comments?post=63275"}],"version-history":[{"count":14,"href":"https:\/\/www.novaconcursos.com.br\/portal\/wp-json\/wp\/v2\/posts\/63275\/revisions"}],"predecessor-version":[{"id":154651,"href":"https:\/\/www.novaconcursos.com.br\/portal\/wp-json\/wp\/v2\/posts\/63275\/revisions\/154651"}],"wp:featuredmedia":[{"embeddable":true,"href":"https:\/\/www.novaconcursos.com.br\/portal\/wp-json\/wp\/v2\/media\/154646"}],"wp:attachment":[{"href":"https:\/\/www.novaconcursos.com.br\/portal\/wp-json\/wp\/v2\/media?parent=63275"}],"wp:term":[{"taxonomy":"category","embeddable":true,"href":"https:\/\/www.novaconcursos.com.br\/portal\/wp-json\/wp\/v2\/categories?post=63275"},{"taxonomy":"post_tag","embeddable":true,"href":"https:\/\/www.novaconcursos.com.br\/portal\/wp-json\/wp\/v2\/tags?post=63275"}],"curies":[{"name":"wp","href":"https:\/\/api.w.org\/{rel}","templated":true}]}}