{"id":63444,"date":"2023-02-13T08:00:10","date_gmt":"2023-02-13T11:00:10","guid":{"rendered":"http:\/\/www.novaconcursos.com.br\/portal\/?post_type=nc-public-tender&#038;p=63444"},"modified":"2024-12-16T09:44:37","modified_gmt":"2024-12-16T12:44:37","slug":"concurso-instituto-federal-farroupilha-rs","status":"publish","type":"post","link":"https:\/\/www.novaconcursos.com.br\/portal\/concursos\/concurso-instituto-federal-farroupilha-rs\/","title":{"rendered":"Concurso IFFar: Edital publicado para T\u00e9cnico-Administrativo. N\u00edveis m\u00e9dio e superior!"},"content":{"rendered":"<p>O edital do concurso\u00a0<strong>IFFar\u00a0<\/strong>(Instituto Federal Farroupilha) foi publicado!<\/p>\n<p>S\u00e3o ofertadas vagas imediatas para a carreira de <strong>T\u00e9cnico Administrativo em Educa\u00e7\u00e3o (TAE)<\/strong>. H\u00e1 oportunidades para n\u00edveis m\u00e9dio, t\u00e9cnico e superior de escolaridade.<\/p>\n<p><strong>Resumo do concurso<\/strong><\/p>\n<ul><li>Vagas: 14<\/li>\n<li>Cargo: T\u00e9cnico Administrativo em Educa\u00e7\u00e3o (TAE)<\/li>\n<li>Escolaridade: N\u00edveis m\u00e9dio, t\u00e9cnico e superior<\/li>\n<li>Banca: Fundatec<\/li>\n<li>Sal\u00e1rio: de R$ 2.403,07 at\u00e9 R$ 4.638,66<\/li>\n<li>Per\u00edodo de inscri\u00e7\u00f5es: de 13\/02\/2023 at\u00e9 10\/04\/2023<\/li>\n<li>Taxa: de R$ 60,00 at\u00e9 R$ 100,00<\/li>\n<li>Prova: 21\/05\/2023<\/li>\n<li><a href=\"https:\/\/concursos-publicacoes.s3.amazonaws.com\/746\/publico\/edital_abertura\/edital_abertura_74663e6551e05b38.pdf?id=63ea6a23484b1\" target=\"_blank\" rel=\"noopener noreferrer\">Edital<\/a><\/li>\n<\/ul><p>\u00a0<\/p>\n<p>Para saber todos os detalhes acerca da sele\u00e7\u00e3o, navegue pelo \u00edndice abaixo!<\/p>\n<ul><li><a class=\"_ps2id\" href=\"#inscricoes\" data-ps2id-offset=\"\">Inscri\u00e7\u00f5es<\/a><\/li>\n<li><a class=\"_ps2id\" href=\"#vagas\" data-ps2id-offset=\"\">Vagas, cargos e sal\u00e1rios<\/a><\/li>\n<li><a class=\"_ps2id\" href=\"#requisitos\" data-ps2id-offset=\"\">Requisitos<\/a><\/li>\n<li><a class=\"_ps2id\" href=\"#etapas\" data-ps2id-offset=\"\">Etapas e provas<\/a><\/li>\n<li><a class=\"_ps2id\" href=\"#atribuicoes\" data-ps2id-offset=\"\">Atribui\u00e7\u00f5es<\/a><\/li>\n<li><a class=\"_ps2id\" href=\"#ultimo\" data-ps2id-offset=\"\">\u00daltimo concurso<\/a><\/li>\n<li><a class=\"_ps2id\" href=\"#sobre\" data-ps2id-offset=\"\">Sobre o IFFar<\/a><\/li>\n<\/ul><h2 id=\"\"><\/h2>\n<h2 id=\"ps2id-idinscricoes-targetcomo-se-inscrever-no-concurso-iffar\">[ps2id id=\u2019inscricoes\u2019 target=\u201d\/]Como se inscrever no concurso IFFar 2023?<\/h2>\n<p>As inscri\u00e7\u00f5es est\u00e3o abertas! Os interessados poder\u00e3o se inscrever at\u00e9 as 17 horas do dia 10 de abril de 2023 por meio do site da <a href=\"https:\/\/www.fundatec.org.br\/portal\/concursos\/index_concursos.php?concurso=746\" target=\"_blank\" rel=\"noopener noreferrer\">Fundatec<\/a> (Funda\u00e7\u00e3o Universidade Empresa de Tecnologia e Ci\u00eancias), banca organizadora do concurso.<\/p>\n<p>Confira o valor das\u00a0<strong>taxas de inscri\u00e7\u00e3o<\/strong>, que poder\u00e3o ser pagas at\u00e9 o dia 11 de abril de 2023:<\/p>\n<ul><li>N\u00edvel\n<ul><li>M\u00e9dio: R$ 60,00<\/li>\n<li>T\u00e9cnico: R$ 80,00<\/li>\n<li>Superior: R$ 100,00<\/li>\n<\/ul><\/li>\n<\/ul><p>\u00a0<\/p>\n<p>Haver\u00e1 possibilidade de\u00a0<strong>isen\u00e7\u00e3o\u00a0<\/strong>do valor para os candidatos inscritos no Cad\u00danico (Cadastro \u00danico para Programas Sociais do Governo Federal) cuja renda familiar mensal per capita seja igual ou inferior a meio sal\u00e1rio m\u00ednimo, assim como para os doadores de medula \u00f3ssea.<\/p>\n<p>Os interessados poder\u00e3o\u00a0<strong>solicitar\u00a0<\/strong>o benef\u00edcio nos dias 14 e 15 de fevereiro de 2023.<\/p>\n<p>Estude para o concurso dos seus sonhos com o\u00a0<strong>M\u00e9todo<\/strong>\u00a0que j\u00e1 ajudou na<strong>\u00a0aprova\u00e7\u00e3o de mais de 70 mil alunos<\/strong>.\u00a0<a class=\"c-link\" tabindex=\"-1\" href=\"https:\/\/www.novaconcursos.com.br\/eventos\/assinatura?promo_creative=Clique+aqui&amp;promo_name=concurso&amp;promo_id=%2Fportal%2Fconcursos%2Fconcurso-uespi-edital-autorizado-160-vagas&amp;promo_position=corpo-texto\" target=\"_blank\" rel=\"noopener noreferrer\" data-stringify-link=\"https:\/\/www.novaconcursos.com.br\/eventos\/assinatura?promo_creative=Clique+aqui&amp;promo_name=concurso&amp;promo_id=%2Fportal%2Fconcursos%2Fconcurso-uespi-edital-autorizado-160-vagas&amp;promo_position=corpo-texto\" data-sk=\"tooltip_parent\" data-remove-tab-index=\"true\">Clique aqui<\/a>e saiba mais!<\/p>\n<h2 id=\"ps2id-idvagas-targetvagas-cargos-e-salrios\">[ps2id id=\u2019vagas\u2019 target=\u201d\/]Vagas, cargos e sal\u00e1rios<\/h2>\n<p>O Instituto Federal de Educa\u00e7\u00e3o, Ci\u00eancia e Tecnologia Farroupilha, com sede em Santa Maria, no <a href=\"https:\/\/www.novaconcursos.com.br\/portal\/concursos-abertos\/rs\/\">Rio Grande do Sul<\/a>, est\u00e1 ofertando 14 vagas para a carreira de T\u00e9cnico Administrativo em Educa\u00e7\u00e3o (TAE).<\/p>\n<p>Confira as especialidades contempladas, bem como os\u00a0<strong>sal\u00e1rios\u00a0<\/strong>aos quais far\u00e3o jus os aprovados:<\/p>\n<p><strong>N\u00edvel M\u00e9dio<\/strong><\/p>\n<ul><li>Assistente de Aluno (1)<\/li>\n<li><strong>Sal\u00e1rio: R$ 2.403,07<\/strong><\/li>\n<\/ul><p>\u00a0<\/p>\n<p><strong>N\u00edvel T\u00e9cnico<\/strong><\/p>\n<ul><li>T\u00e9cnico de Laborat\u00f3rio\n<ul><li>Eletromec\u00e2nica (1)<\/li>\n<li>Inform\u00e1tica (1)<\/li>\n<\/ul><\/li>\n<li>T\u00e9cnico em\n<ul><li>Tecnologia da Informa\u00e7\u00e3o (4)<\/li>\n<li>Agropecu\u00e1ria (1)<\/li>\n<li>Contabilidade (2)<\/li>\n<\/ul><\/li>\n<li><strong>Sal\u00e1rio: R$ 2.904,96<\/strong><\/li>\n<\/ul><p>\u00a0<\/p>\n<p><strong>N\u00edvel Superior<\/strong><\/p>\n<ul><li>Contador (1)<\/li>\n<li>M\u00e9dico (2)<\/li>\n<li>Pedagogo (1)<\/li>\n<li><strong>Sal\u00e1rio: R$ 4.638,66<\/strong><\/li>\n<\/ul><p>\u00a0<\/p>\n<p>Vale destacar que aos valores mencionados acima j\u00e1 est\u00e1 acrescido o <strong>aux\u00edlio-alimenta\u00e7\u00e3o<\/strong>.<\/p>\n<p>Ademais, todos os aprovados dever\u00e3o cumprir <strong>jornada de trabalho<\/strong> de 40 horas semanais, com exce\u00e7\u00e3o dos M\u00e9dicos, cuja carga hor\u00e1ria \u00e9 de 20 horas semanais.<\/p>\n<p>Os servidores ter\u00e3o direito, ainda, aos seguintes\u00a0<strong>aux\u00edlios<\/strong>:<\/p>\n<ul><li>Pr\u00e9-Escola: R$ 321,00;<\/li>\n<li>Transporte;<\/li>\n<li>Sa\u00fade.<\/li>\n<\/ul><p>\u00a0<\/p>\n<p>Al\u00e9m disso, haver\u00e1 <strong>Incentivo \u00e0 Qualifica\u00e7\u00e3o (IQ)\u00a0<\/strong>para os aprovados de n\u00edvel superior. Do mesmo modo, os aprovados em qualquer uma das especialidades podem contar com a oportunidade de progress\u00e3o de carreira.<\/p>\n<p>Quanto \u00e0\u00a0<strong>lota\u00e7\u00e3o<\/strong>, \u00e9 importante frisar que as vagas se destinam a todas as unidades do IFFar, sendo elas:<\/p>\n<ul><li>Reitoria;<\/li>\n<li>Campi\n<ul><li>Alegrete;<\/li>\n<li>Frederico Westphalen;<\/li>\n<li>Jaguari;<\/li>\n<li>J\u00falio de Castilhos;<\/li>\n<li>Panambi;<\/li>\n<li>Santa Rosa;<\/li>\n<li>Santo \u00c2ngelo;<\/li>\n<li>Santo Augusto;<\/li>\n<li>S\u00e3o Borja;<\/li>\n<li>S\u00e3o Vicente do Sul;<\/li>\n<\/ul><\/li>\n<li>Campus Avan\u00e7ado Uruguaiana.<\/li>\n<\/ul><p>\u00a0<\/p>\n<p>Finalmente, cabe ressaltar que prazo de\u00a0<strong>validade\u00a0<\/strong>do certame ser\u00e1 de dois anos, podendo ser prorrogado uma \u00fanica vez por igual per\u00edodo.<\/p>\n<h2 id=\"ps2id-idrequisitos-targetrequisitos\">[ps2id id=\u2019requisitos\u2019 target=\u201d\/]Requisitos<\/h2>\n<p>Al\u00e9m de possuir n\u00edvel de escolaridade em acordo com a especialidade pretendida, o candidato interessado no concurso IFFar tamb\u00e9m dever\u00e1 se enquadrar nos seguintes <strong>crit\u00e9rios<\/strong>:<\/p>\n<ul><li>Ser brasileiro nato ou naturalizado ou de nacionalidade portuguesa, amparado pelo Estatuto de Igualdade entre Brasileiros e Portugueses;<\/li>\n<li>Ter idade m\u00ednima de 18 anos completos;<\/li>\n<li>Encontrar-se no pleno gozo de seus direitos civis e pol\u00edticos;<\/li>\n<li>Estar quite com as obriga\u00e7\u00f5es militares e eleitorais;<\/li>\n<li>Ter aptid\u00e3o f\u00edsica e mental, conforme art. 5\u00ba, inc. VI, da Lei n.\u00ba 8.112\/90, Decreto n.\u00ba 6.944\/2009 e suas altera\u00e7\u00f5es;<\/li>\n<li>No caso de estrangeiro, estar com situa\u00e7\u00e3o regular no Pa\u00eds, por interm\u00e9dio de visto permanente que o habilite, inclusive, a trabalhar no territ\u00f3rio nacional;<\/li>\n<li>N\u00e3o ter sofrido, no exerc\u00edcio de fun\u00e7\u00e3o p\u00fablica, penalidade incompat\u00edvel com a investidura em cargo p\u00fablico federal;<\/li>\n<li>N\u00e3o acumular cargos, empregos e fun\u00e7\u00f5es p\u00fablicas, exceto aqueles permitidos pela Constitui\u00e7\u00e3o Federal, assegurada a hip\u00f3tese de op\u00e7\u00e3o dentro do prazo para posse, previsto no \u00a71\u00ba do art. 13 da Lei n.\u00ba 8.112\/90;<\/li>\n<li>N\u00e3o receber proventos de aposentadoria que caracterizem acumula\u00e7\u00e3o il\u00edcita de cargos, na forma do art. 37, inc. XVI, da Constitui\u00e7\u00e3o Federal;<\/li>\n<li>Autorizar o acesso \u00e0s Declara\u00e7\u00f5es de Ajuste Anual do Imposto de Renda de Pessoa F\u00edsica, de acordo com a Instru\u00e7\u00e3o Normativa do Tribunal de Contas da Uni\u00e3o (TCU) n.\u00ba 65\/2011 e cadastro no sistema e-Patri, de acordo com o Decreto n.\u00ba 10.571, de 09 de dezembro de 2020;<\/li>\n<li>Apresentar comprovante recente de endere\u00e7o, tais como conta de \u00e1gua, energia el\u00e9trica ou telefone;<\/li>\n<li>Apresentar declara\u00e7\u00e3o de Bens e Renda atualizada.<\/li>\n<\/ul><p>\u00a0<\/p>\n<h2 id=\"ps2id-idetapas-targetetapas-e-provas\">[ps2id id=\u2019etapas\u2019 target=\u201d\/]Etapas e provas<\/h2>\n<p>O <a href=\"https:\/\/www.novaconcursos.com.br\/portal\/concursos-previstos\/rs\/\">certame<\/a> contar\u00e1 com etapa avaliativa \u00fanica, que consistir\u00e1, por sua vez, na aplica\u00e7\u00e3o de uma prova objetiva de car\u00e1ter eliminat\u00f3rio e classificat\u00f3rio.<\/p>\n<p>O exame ser\u00e1 aplicado em\u00a0Santa Maria \u2013 RS no dia\u00a0<strong>21 de maio de 2023\u00a0<\/strong>e ter\u00e1 dura\u00e7\u00e3o de tr\u00eas horas e meia, durante as quais os candidatos dever\u00e3o responder a 50 quest\u00f5es de m\u00faltipla escolha distribu\u00eddas entre as seguintes disciplinas:<\/p>\n<ul><li>L\u00edngua Portuguesa (10);<\/li>\n<li>Legisla\u00e7\u00e3o (15);<\/li>\n<li>Conhecimentos Espec\u00edficos (25).<\/li>\n<\/ul><p>\u00a0<\/p>\n<p>Para ser\u00a0<strong>aprovado<\/strong>, \u00e9 necess\u00e1rio acerta o m\u00ednimo de:<\/p>\n<ul><li>2 quest\u00f5es de L\u00edngua Portuguesa;<\/li>\n<li>3 quest\u00f5es de Legisla\u00e7\u00e3o;<\/li>\n<li>5 quest\u00f5es de Conhecimentos Espec\u00edficos.<\/li>\n<\/ul><p>\u00a0<\/p>\n<h2 id=\"ps2id-idatribuicoes-targetatribuies-do-tae\">[ps2id id=\u2019atribuicoes\u2019 target=\u201d\/]Atribui\u00e7\u00f5es do TAE<\/h2>\n<p>Confira quais s\u00e3o as\u00a0<strong>atribui\u00e7\u00f5es gerais\u00a0<\/strong>do T\u00e9cnico Administrativo em Educa\u00e7\u00e3o, sem preju\u00edzo das fun\u00e7\u00f5es de cada especialidade:<\/p>\n<ul><li>Planejar, organizar, executar ou avaliar as atividades inerentes ao apoio t\u00e9cnico-administrativo ao ensino;<\/li>\n<li>Planejar, organizar, executar ou avaliar as atividades t\u00e9cnico-administrativas inerentes \u00e0 pesquisa e \u00e0 extens\u00e3o;<\/li>\n<li>Executar tarefas espec\u00edficas, utilizando-se de recursos materiais, financeiros e outros de que o IFFar disponha, a fim de assegurar a efici\u00eancia, a efic\u00e1cia e a efetividade das atividades de ensino, pesquisa e extens\u00e3o.<\/li>\n<\/ul><p>\u00a0<\/p>\n<h2 id=\"ps2id-idultimo-targetltimo-concurso-iffar-2019\">[ps2id id=\u2019ultimo\u2019 target=\u201d\/]\u00daltimo concurso IFFar (2019)<\/h2>\n<p>O \u00faltimo certame para TAE do IFFar aconteceu em\u00a0<strong>2019<\/strong> e tamb\u00e9m contou com organzia\u00e7\u00e3o da Fundatec.<\/p>\n<p>\u00c0 \u00e9poca, o Instituto ofertou <strong>19 vagas<\/strong> distribu\u00eddas entre as seguintes especialidades:<\/p>\n<p><strong>N\u00edvel M\u00e9dio<\/strong><\/p>\n<ul><li>Assistente de Aluno (1).<\/li>\n<\/ul><p>\u00a0<\/p>\n<p><strong>N\u00edvel T\u00e9cnico<\/strong><\/p>\n<ul><li>T\u00e9cnico de Laborat\u00f3rio\n<ul><li>Agricultura (1);<\/li>\n<li>Agropecu\u00e1ria (1);<\/li>\n<li>Enfermagem (1);<\/li>\n<li>Est\u00e9tica (1);<\/li>\n<li>Qu\u00edmica (1);<\/li>\n<\/ul><\/li>\n<li>T\u00e9cnico em\n<ul><li>Tecnologia da Informa\u00e7\u00e3o (1);<\/li>\n<li>Edifica\u00e7\u00f5es (1);<\/li>\n<li>Enfermagem (2).<\/li>\n<\/ul><\/li>\n<\/ul><p>\u00a0<\/p>\n<p><strong>N\u00edvel Superior<\/strong><\/p>\n<ul><li>Assistente Social (1);<\/li>\n<li>Bibliotec\u00e1rio Documentalista (1);<\/li>\n<li>Enfermeiro (1);<\/li>\n<li>M\u00e9dico (1);<\/li>\n<li>Nutricionista (1);<\/li>\n<li>Pedagogo (1);<\/li>\n<li>T\u00e9cnico em Assuntos Educacionais (3).<\/li>\n<\/ul><p>\u00a0<\/p>\n<p>As\u00a0<strong>remunera\u00e7\u00f5es b\u00e1sicas <\/strong>dos aprovados variaram entre R$ 1.945,07 e R$ 4.180,66 para jornadas de trabalho de 20 ou 40 horas semanais.<\/p>\n<p>Nota-se, diante disto, o\u00a0<strong>aumento\u00a0<\/strong>nos sal\u00e1rios dos servidores do IFFar.<\/p>\n<p>Ademais, a <strong>avalia\u00e7\u00e3o\u00a0<\/strong>dos concorrentes tamb\u00e9m se deu por meio de provas objetivas. Nela, foram cobradas 25 quest\u00f5es de Conhecimentos Espec\u00edficos, 15 de L\u00edngua Portuguesa e 10 de Legisla\u00e7\u00e3o.<\/p>\n<p><a href=\"https:\/\/www.novaconcursos.com.br\/portal\/wp-content\/uploads\/2018\/02\/Edital-de-classifica%C3%A7%C3%A3o-final-IFFar-2019.pdf\" target=\"_blank\" rel=\"noopener noreferrer\">Clique aqui<\/a> para conferir o edital de classifica\u00e7\u00e3o final do concurso IFFAr 2019. Nele, \u00e9 poss\u00edvel conferir a nota final dos aprovados e conhecer o desempenho dos concorrentes no \u00faltimo certame.<\/p>\n<h2 id=\"ps2id-idsobre-targetsobre-o-iffar\">[ps2id id=\u2019sobre\u2019 target=\u201d\/]Sobre o IFFar<\/h2>\n<p>O <a href=\"https:\/\/www.iffarroupilha.edu.br\/portal\" target=\"_blank\" rel=\"noopener noreferrer\">Instituto Federal de Educa\u00e7\u00e3o, Ci\u00eancia e Tecnologia Farroupilha<\/a> foi criado pela Lei n.\u00b0 11.892, de 29 de dezembro de 2008, por meio da integra\u00e7\u00e3o do Centro Federal de Educa\u00e7\u00e3o Tecnol\u00f3gica de S\u00e3o Vicente do Sul, de sua Unidade Descentralizada de J\u00falio de Castilhos, da Escola Agrot\u00e9cnica Federal de Alegrete e do acr\u00e9scimo da Unidade Descentralizada de Ensino de Santo Augusto, que anteriormente pertencia ao Centro Federal de Educa\u00e7\u00e3o Tecnol\u00f3gica de Bento Gon\u00e7alves.<\/p>\n<p>Caracteriza-se como uma institui\u00e7\u00e3o com natureza jur\u00eddica de <strong>autarquia<\/strong>, que lhe confere autonomia administrativa, patrimonial, financeira, did\u00e1tico-pedag\u00f3gica e disciplinar.<\/p>\n<p>De acordo com a lei de sua cria\u00e7\u00e3o, o IF Farroupilha \u00e9 uma institui\u00e7\u00e3o de <strong>educa\u00e7\u00e3o superior, b\u00e1sica e profissional<\/strong>, pluricurricular e multicampi, especializada na oferta de educa\u00e7\u00e3o profissional e tecnol\u00f3gica nas diferentes modalidades de ensino.<\/p>\n<p>Equiparados \u00e0s universidades, os Institutos s\u00e3o institui\u00e7\u00f5es <strong>acreditadoras e certificadoras<\/strong> de compet\u00eancias profissionais, al\u00e9m de detentores de autonomia universit\u00e1ria.<\/p>\n<p>Vale destacar, ainda, que a atual\u00a0<strong>reitora\u00a0<\/strong>do IFFar \u00e9 a Profa. Carla Comerlato Jardim.<\/p>","protected":false},"excerpt":{"rendered":"<p>O edital do concurso IFFar (Instituto Federal Farroupilha) foi publicado!<br \/>\nS\u00e3o ofertadas vagas imediatas para a carreira de T\u00e9cnico Administrativo em Educa\u00e7\u00e3o (TAE). H\u00e1 oportunidades para n\u00edveis m\u00e9dio, t\u00e9cnico e superior de escolaridade. <\/p>\n","protected":false},"author":16,"featured_media":185866,"comment_status":"closed","ping_status":"closed","sticky":false,"template":"","format":"standard","meta":{"_acf_changed":false,"footnotes":"","_wp_rev_ctl_limit":""},"categories":[44999],"tags":[],"class_list":["post-63444","post","type-post","status-publish","format-standard","has-post-thumbnail","hentry","category-concursos"],"acf":[],"_links":{"self":[{"href":"https:\/\/www.novaconcursos.com.br\/portal\/wp-json\/wp\/v2\/posts\/63444","targetHints":{"allow":["GET"]}}],"collection":[{"href":"https:\/\/www.novaconcursos.com.br\/portal\/wp-json\/wp\/v2\/posts"}],"about":[{"href":"https:\/\/www.novaconcursos.com.br\/portal\/wp-json\/wp\/v2\/types\/post"}],"author":[{"embeddable":true,"href":"https:\/\/www.novaconcursos.com.br\/portal\/wp-json\/wp\/v2\/users\/16"}],"replies":[{"embeddable":true,"href":"https:\/\/www.novaconcursos.com.br\/portal\/wp-json\/wp\/v2\/comments?post=63444"}],"version-history":[{"count":9,"href":"https:\/\/www.novaconcursos.com.br\/portal\/wp-json\/wp\/v2\/posts\/63444\/revisions"}],"predecessor-version":[{"id":264551,"href":"https:\/\/www.novaconcursos.com.br\/portal\/wp-json\/wp\/v2\/posts\/63444\/revisions\/264551"}],"wp:featuredmedia":[{"embeddable":true,"href":"https:\/\/www.novaconcursos.com.br\/portal\/wp-json\/wp\/v2\/media\/185866"}],"wp:attachment":[{"href":"https:\/\/www.novaconcursos.com.br\/portal\/wp-json\/wp\/v2\/media?parent=63444"}],"wp:term":[{"taxonomy":"category","embeddable":true,"href":"https:\/\/www.novaconcursos.com.br\/portal\/wp-json\/wp\/v2\/categories?post=63444"},{"taxonomy":"post_tag","embeddable":true,"href":"https:\/\/www.novaconcursos.com.br\/portal\/wp-json\/wp\/v2\/tags?post=63444"}],"curies":[{"name":"wp","href":"https:\/\/api.w.org\/{rel}","templated":true}]}}