{"id":63582,"date":"2018-02-27T14:46:05","date_gmt":"2018-02-27T17:46:05","guid":{"rendered":"http:\/\/www.novaconcursos.com.br\/portal\/?p=63582"},"modified":"2021-01-28T15:40:47","modified_gmt":"2021-01-28T18:40:47","slug":"tce-am-ira-fiscalizar-orgaos-que-nao-realizam-concursos-publicos-2018-02","status":"publish","type":"post","link":"https:\/\/www.novaconcursos.com.br\/portal\/noticias\/tce-am-ira-fiscalizar-orgaos-que-nao-realizam-concursos-publicos-2018-02\/","title":{"rendered":"TCE AM ir\u00e1 fiscalizar \u00f3rg\u00e3os que n\u00e3o realizam concursos p\u00fablicos!"},"content":{"rendered":"<p>Boa not\u00edcia aos <strong>concurseiros do Amazonas!<\/strong> O <strong>Tribunal de Contas do Estado do Amazonas (TCE AM)<\/strong> anunciou no dia <strong>21 de fevereiro<\/strong>, que vai intensificar a fiscaliza\u00e7\u00e3o em \u00f3rg\u00e3os do estado que est\u00e3o h\u00e1 <strong>mais de cinco anos<\/strong> sem realizar sele\u00e7\u00e3o p\u00fablica e utilizam funcion\u00e1rios tempor\u00e1rios, com o objetivo de impedir a burla ao estatuto constitucional do concurso p\u00fablico!<\/p>\n<p>De acordo com um levantamento realizado na <strong>Corte de Contas<\/strong>, v\u00e1rias institui\u00e7\u00f5es est\u00e3o h\u00e1<strong> mais de meia d\u00e9cada<\/strong> sem lan\u00e7ar edital para efetivos, em alguns casos o per\u00edodo chega a <strong>25 anos<\/strong>.<\/p>\n<p>\u201cOs \u00f3rg\u00e3os p\u00fablicos que, a despeito do mandamento previsto no artigo 37, II da Constitui\u00e7\u00e3o de 1988, forem classificados como recorrentes no uso da via excepcional\u00edssima de contrata\u00e7\u00e3o tempor\u00e1ria, ter\u00e3o referidos procedimentos analisados pela Corte de Contas, podendo ter os processos seletivos suspensos por meio de medida cautelar\u201d, informou o TCE.<\/p>\n<p><span style=\"color: #000000;\"><strong>Casos recentes<\/strong><\/span><\/p>\n<p>Conforme a diretora do setor, Holga Naito, somente em <strong>janeiro de 2018<\/strong>, a Dicad j\u00e1 solicitou \u00e0 Secretaria de Controle Externo (Secex) sete representa\u00e7\u00f5es que questionam a contrata\u00e7\u00e3o tempor\u00e1ria de forma recorrente, caracterizando burla ao concurso p\u00fablico.<\/p>\n<p>Segundo o secret\u00e1rio de <strong>Controle Externo do TCE<\/strong>, Stanley Scherrer, ao analisar as representa\u00e7\u00f5es, em geral o Tribunal tem decidido pela <strong>anula\u00e7\u00e3o dos contratos tempor\u00e1rios<\/strong>, determinado a realiza\u00e7\u00e3o de concurso p\u00fablico, bem como a regulamenta\u00e7\u00e3o de cargos em situa\u00e7\u00f5es espec\u00edficas \u2013 por exemplo conforme a lei n\u00ba 11350\/06, dando, assim, consecu\u00e7\u00e3o ao princ\u00edpio da legalidade, da isonomia e da meritocracia no \u00e2mbito do servi\u00e7o p\u00fablico.<\/p>\n<p><span style=\"color: #000000;\"><strong>Alguns \u00f3rg\u00e3os que n\u00e3o realizam concursos h\u00e1 mais de cinco anos<\/strong><\/span><\/p>\n<p>\u2013 Afeam \u2013 Ag\u00eancia de Fomento do Estado do Amazonas;<br>\n\u2013 Aleam \u2013 Assembleia Legislativa do Estado do Amazonas;<br>\n\u2013 Corpo de Bombeiros;<br>\n\u2013 Cosama \u2013 Companhia de Saneamento do Amazonas;<br>\n\u2013 Ipaam \u2013 Instituto de Prote\u00e7\u00e3o Ambiental do Estado do Amazonas;<br>\n\u2013 Pol\u00edcia Civil;<br>\n\u2013 Pol\u00edcia Militar;<br>\n\u2013 Sefaz AM \u2013 Secretaria de Estado de Fazenda do Amazonas;<br>\n\u2013 Sepror AM \u2013 Secretaria de Estado de Produ\u00e7\u00e3o Rural.<\/p>\n<p><span style=\"color: #000000;\"><strong>Concursos previstos<\/strong><\/span><\/p>\n<p>Al\u00e9m das institui\u00e7\u00f5es citadas acima, algumas <strong>c\u00e2maras municipais e prefeituras<\/strong> tamb\u00e9m est\u00e3o na lista do Tribunal de Contas.\u00a0Em certos casos, como nas prefeituras de Itapiranga e Manacapuru, a sele\u00e7\u00e3o para efetivos j\u00e1 foi ou est\u00e1 sendo realizada.<\/p>\n<p>As institui\u00e7\u00f5es da Seguran\u00e7a P\u00fablica do Estado \u2013 <strong>PM, Pol\u00edcia Civil e Corpo de Bombeiros<\/strong> \u2013 j\u00e1 preparam seus respectivos concursos, que aguardam autoriza\u00e7\u00e3o do governador do estado, Amazonino Mendes.<\/p>\n<p>A<strong>\u00a0<span style=\"text-decoration: underline; color: #0000ff;\"><a style=\"color: #0000ff; text-decoration: underline;\" href=\"https:\/\/www.novaconcursos.com.br\/\" target=\"_blank\" rel=\"noopener noreferrer\">Nova Concursos<\/a><\/span><\/strong>\u00a0tem ajudado h\u00e1 mais de 8 anos quem quer vencer a batalha do concurso p\u00fablico. Se voc\u00ea quer aumentar suas chances de passar, conhe\u00e7a nossos materiais acessando nosso site!<\/p>","protected":false},"excerpt":{"rendered":"<p>Boa not\u00edcia aos concurseiros do Amazonas! O Tribunal de Contas do Estado do Amazonas (TCE AM) anunciou no dia 21 de fevereiro, que vai intensificar a fiscaliza\u00e7\u00e3o em \u00f3rg\u00e3os do estado que est\u00e3o h\u00e1 mais de cinco anos sem realizar sele\u00e7\u00e3o p\u00fablica e utilizam funcion\u00e1rios tempor\u00e1rios, com o objetivo de impedir a burla ao estatuto [&hellip;]<\/p>\n","protected":false},"author":16,"featured_media":0,"comment_status":"closed","ping_status":"closed","sticky":false,"template":"","format":"standard","meta":{"_acf_changed":false,"footnotes":"","_wp_rev_ctl_limit":""},"categories":[228],"tags":[25197,25196,25195,25194],"class_list":["post-63582","post","type-post","status-publish","format-standard","hentry","category-noticias","tag-concursos-previstos-amazonia","tag-concursos-publicos-amazonia","tag-tce-am","tag-tribunal-de-contas-do-estado-do-amazonas"],"acf":[],"_links":{"self":[{"href":"https:\/\/www.novaconcursos.com.br\/portal\/wp-json\/wp\/v2\/posts\/63582","targetHints":{"allow":["GET"]}}],"collection":[{"href":"https:\/\/www.novaconcursos.com.br\/portal\/wp-json\/wp\/v2\/posts"}],"about":[{"href":"https:\/\/www.novaconcursos.com.br\/portal\/wp-json\/wp\/v2\/types\/post"}],"author":[{"embeddable":true,"href":"https:\/\/www.novaconcursos.com.br\/portal\/wp-json\/wp\/v2\/users\/16"}],"replies":[{"embeddable":true,"href":"https:\/\/www.novaconcursos.com.br\/portal\/wp-json\/wp\/v2\/comments?post=63582"}],"version-history":[{"count":2,"href":"https:\/\/www.novaconcursos.com.br\/portal\/wp-json\/wp\/v2\/posts\/63582\/revisions"}],"predecessor-version":[{"id":113797,"href":"https:\/\/www.novaconcursos.com.br\/portal\/wp-json\/wp\/v2\/posts\/63582\/revisions\/113797"}],"wp:attachment":[{"href":"https:\/\/www.novaconcursos.com.br\/portal\/wp-json\/wp\/v2\/media?parent=63582"}],"wp:term":[{"taxonomy":"category","embeddable":true,"href":"https:\/\/www.novaconcursos.com.br\/portal\/wp-json\/wp\/v2\/categories?post=63582"},{"taxonomy":"post_tag","embeddable":true,"href":"https:\/\/www.novaconcursos.com.br\/portal\/wp-json\/wp\/v2\/tags?post=63582"}],"curies":[{"name":"wp","href":"https:\/\/api.w.org\/{rel}","templated":true}]}}