{"id":63742,"date":"2018-03-02T11:25:58","date_gmt":"2018-03-02T14:25:58","guid":{"rendered":"http:\/\/www.novaconcursos.com.br\/portal\/?p=63742"},"modified":"2021-01-28T15:40:05","modified_gmt":"2021-01-28T18:40:05","slug":"concurso-ematerce-2018-governador-anuncia-novo-certame-com-500-vagas-2018-03","status":"publish","type":"post","link":"https:\/\/www.novaconcursos.com.br\/portal\/noticias\/concurso-ematerce-2018-governador-anuncia-novo-certame-com-500-vagas-2018-03\/","title":{"rendered":"Concurso EMATERCE 2018: Governador anuncia novo certame com 500 vagas!"},"content":{"rendered":"<p>Aten\u00e7\u00e3o para oportunidades aos <strong>concurseiros do Cear\u00e1<\/strong>! No dia <strong>28 de fevereiro de 2018<\/strong>, foi anunciado o novo concurso p\u00fablico da <strong>Empresa de Assist\u00eancia T\u00e9cnica e Extens\u00e3o Rural do Cear\u00e1 (Ematerce)<\/strong>!<\/p>\n<p>A confirma\u00e7\u00e3o partiu do Governador do Estado, Camilo Santana, durante transmiss\u00e3o ao vivo pelo Facebook. Ainda segundo o governador, a <strong>divulga\u00e7\u00e3o do edital<\/strong> deve acontecer ainda no <strong>primeiro semestre de 2018<\/strong>, portanto agora \u00e9 <strong>momento ideal para dar in\u00edcio aos estudos<\/strong> e garantir antecipadamente uma das vagas!<\/p>\n<p><span style=\"color: #000000;\"><strong>Quais ser\u00e3o os cargos?<\/strong><\/span><\/p>\n<p>Ainda n\u00e3o h\u00e1 informa\u00e7\u00f5es sobre a quantidade de vagas ou o n\u00edvel exigido para os cargos, mas o secret\u00e1rio do Desenvolvimento Agr\u00e1rio, Ded\u00e9 Teixeira, antecipou em entrevista, que a proposta deve ofertar <strong>500 oportunidades<\/strong> para T\u00e9cnicos.<\/p>\n<p><span style=\"color: #000000;\"><strong>Previs\u00e3o do edital<\/strong><\/span><\/p>\n<p>A expectativa \u00e9 que os detalhes do concurso da EMATERCE sejam divulgados ainda no <strong>primeiro semestre de 2018<\/strong>. Ainda segundo Camilo, o an\u00fancio do concurso p\u00fablico aguarda apenas conclus\u00e3o de um estudo feito pela Secretaria de Planejamento e Gest\u00e3o (<strong>Seplag<\/strong>) sobre a real necessidade da Ematerce e da capacidade financeira do Estado. Ap\u00f3s essa etapa, a proposta ser\u00e1 enviada \u00e0 Assembleia Legislativa do Cear\u00e1.<\/p>\n<p>\u201cN\u00f3s estamos concluindo o edital e, depois de 33 anos, o Governo do Cear\u00e1 ir\u00e1 realizar concurso para Ematerce. Isso \u00e9 muito importante para as atividades produtivas dos nossos agricultores familiares e para produ\u00e7\u00e3o agr\u00edcola do Estado do Cear\u00e1\u201d, disse o secret\u00e1rio Ded\u00e9 Teixeira.<\/p>\n<p>A EMATERCE \u00e9 um \u00f3rg\u00e3o p\u00fablico estadual, de direito privado, sem fins lucrativos, vinculada \u00e0 Secretaria do Desenvolvimento Agr\u00e1rio do estado do Cear\u00e1 \u2013 SDA.<\/p>\n<p>A Empresa tem como objetivo contribuir para o desenvolvimento sustent\u00e1vel da agropecu\u00e1ria do Estado do Cear\u00e1. Atrav\u00e9s da utiliza\u00e7\u00e3o de processos educativos na constru\u00e7\u00e3o de conhecimentos pelos extensionistas, agricultores e suas organiza\u00e7\u00f5es, que assegurem a gera\u00e7\u00e3o de emprego e renda no meio rural.<\/p>\n<p>A\u00a0<span style=\"text-decoration: underline; color: #0000ff;\"><a style=\"color: #0000ff;\" href=\"https:\/\/www.novaconcursos.com.br\/\" target=\"_blank\" rel=\"noopener noreferrer\"><strong>Nova Concursos<\/strong><\/a><\/span>\u00a0tem ajudado h\u00e1 mais de 8 anos quem quer vencer a batalha do concurso p\u00fablico. Se voc\u00ea quer aumentar as suas chances de passar, conhe\u00e7a os nossos materiais, acessando o nosso site!<\/p>","protected":false},"excerpt":{"rendered":"<p>Aten\u00e7\u00e3o para oportunidades aos concurseiros do Cear\u00e1! No dia 28 de fevereiro de 2018, foi anunciado o novo concurso p\u00fablico da Empresa de Assist\u00eancia T\u00e9cnica e Extens\u00e3o Rural do Cear\u00e1 (Ematerce)! A confirma\u00e7\u00e3o partiu do Governador do Estado, Camilo Santana, durante transmiss\u00e3o ao vivo pelo Facebook. Ainda segundo o governador, a divulga\u00e7\u00e3o do edital deve [&hellip;]<\/p>\n","protected":false},"author":16,"featured_media":0,"comment_status":"closed","ping_status":"closed","sticky":false,"template":"","format":"standard","meta":{"_acf_changed":false,"footnotes":"","_wp_rev_ctl_limit":""},"categories":[228],"tags":[25307,25308,25309,25306,25310],"class_list":["post-63742","post","type-post","status-publish","format-standard","hentry","category-noticias","tag-concurso-ematerce","tag-concurso-ematerce-2018","tag-concurso-ematerce-previsto","tag-concurso-empresa-de-assistencia-tecnica-e-extensao-rural-do-ceara","tag-vagas-concurso-ematerce"],"acf":[],"_links":{"self":[{"href":"https:\/\/www.novaconcursos.com.br\/portal\/wp-json\/wp\/v2\/posts\/63742","targetHints":{"allow":["GET"]}}],"collection":[{"href":"https:\/\/www.novaconcursos.com.br\/portal\/wp-json\/wp\/v2\/posts"}],"about":[{"href":"https:\/\/www.novaconcursos.com.br\/portal\/wp-json\/wp\/v2\/types\/post"}],"author":[{"embeddable":true,"href":"https:\/\/www.novaconcursos.com.br\/portal\/wp-json\/wp\/v2\/users\/16"}],"replies":[{"embeddable":true,"href":"https:\/\/www.novaconcursos.com.br\/portal\/wp-json\/wp\/v2\/comments?post=63742"}],"version-history":[{"count":2,"href":"https:\/\/www.novaconcursos.com.br\/portal\/wp-json\/wp\/v2\/posts\/63742\/revisions"}],"predecessor-version":[{"id":113764,"href":"https:\/\/www.novaconcursos.com.br\/portal\/wp-json\/wp\/v2\/posts\/63742\/revisions\/113764"}],"wp:attachment":[{"href":"https:\/\/www.novaconcursos.com.br\/portal\/wp-json\/wp\/v2\/media?parent=63742"}],"wp:term":[{"taxonomy":"category","embeddable":true,"href":"https:\/\/www.novaconcursos.com.br\/portal\/wp-json\/wp\/v2\/categories?post=63742"},{"taxonomy":"post_tag","embeddable":true,"href":"https:\/\/www.novaconcursos.com.br\/portal\/wp-json\/wp\/v2\/tags?post=63742"}],"curies":[{"name":"wp","href":"https:\/\/api.w.org\/{rel}","templated":true}]}}