{"id":63770,"date":"2018-04-19T10:01:12","date_gmt":"2018-04-19T13:01:12","guid":{"rendered":"http:\/\/www.novaconcursos.com.br\/portal\/?p=63770"},"modified":"2021-01-28T15:34:37","modified_gmt":"2021-01-28T18:34:37","slug":"concurso-camara-de-feira-de-santana-ba-vagas-para-niveis-medio-e-superior","status":"publish","type":"post","link":"https:\/\/www.novaconcursos.com.br\/portal\/noticias\/concurso-camara-de-feira-de-santana-ba-vagas-para-niveis-medio-e-superior\/","title":{"rendered":"Concurso C\u00e2mara de Feira de Santana &#8211; BA: \u00daltimo dia de inscri\u00e7\u00f5es!"},"content":{"rendered":"<p>Terminam hoje as inscri\u00e7\u00f5es para o concurso p\u00fablico da\u00a0<strong>C\u00e2mara de Feira de Santana<\/strong>, na Bahia. O certame oferece\u00a0<strong>37 vagas<\/strong>\u00a0para os n\u00edveis m\u00e9dio e superior e os sal\u00e1rios chegam a<strong>\u00a0R$ 2,6 mil!<\/strong><\/p>\n<p style=\"text-align: center;\"><span style=\"text-decoration: underline;\"><span style=\"color: #0000ff;\"><strong><a style=\"color: #0000ff; text-decoration: underline;\" href=\"https:\/\/www.novaconcursos.com.br\/apostila-concurso\/camara-municipal-de-feira-de-santana-ba\" target=\"_blank\" rel=\"noopener noreferrer\">\u00bb Prepare-se com a Apostila C\u00e2mara de Feira de Santana \u2013 BA e parcele o pagamento SEM JUROS!\u00a0\u00ab<\/a><\/strong><\/span><\/span><\/p>\n<p><strong>Como se inscrever para o Concurso C\u00e2mara de Feira de Santana \u2013 BA<\/strong><\/p>\n<p>Como banca organizadora, aquela que \u00e9 respons\u00e1vel por gerir os tr\u00e2mites do concurso e tudo que se refere a ele, a <a href=\"https:\/\/www.novaconcursos.com.br\/apostila-concurso\/camara-municipal-de-feira-de-santana-ba\" target=\"_blank\" rel=\"noopener noreferrer\">C\u00e2mara de Feira de Santana<\/a> escolheu o IBFC. Portanto os interessados em participar da sele\u00e7\u00e3o para a C\u00e2mara de Feira de Santana \u2013 BA, poder\u00e3o se inscrever por meio do endere\u00e7o eletr\u00f4nico do<strong><span style=\"text-decoration: underline;\"><span style=\"color: #0000ff;\">\u00a0<a style=\"color: #0000ff; text-decoration: underline;\" href=\"http:\/\/www.ibfc.org.br\" target=\"_blank\" rel=\"noopener noreferrer\">IBFC.<\/a><\/span><\/span><\/strong><\/p>\n<p>\u00c9\u00a0necess\u00e1rio que o candidato fa\u00e7a o pagamento da taxa de inscri\u00e7\u00e3o para que sua\u00a0<a href=\"https:\/\/www.novaconcursos.com.br\/apostila-concurso\/camara-municipal-de-feira-de-santana-ba\" target=\"_blank\" rel=\"noopener noreferrer\">participa\u00e7\u00e3o\u00a0seja confirmada<\/a>, isso deve ser feito\u00a0por meio de boleto emitido ao finalizar o cadastro.<\/p>\n<p>Sua inscri\u00e7\u00e3o poder\u00e1 ser feita at\u00e9 o dia\u00a0<strong>19 de abril de 2018.<\/strong><\/p>\n<p><span style=\"text-decoration: underline;\"><em><strong>N\u00edvel M\u00e9dio<\/strong><\/em><\/span>\u00a0<strong>R$ 44,00<\/strong><\/p>\n<p><strong><span style=\"text-decoration: underline;\"><em>N\u00edvel Superior<\/em><\/span> R$ 74,00<\/strong><\/p>\n<p><strong>Quem pode se inscrever para o Concurso da C\u00e2mara de Feira de Santana \u2013 BA<\/strong><\/p>\n<p>As vagas oferecidas no edital s\u00e3o para as seguintes fun\u00e7\u00f5es:<\/p>\n<p><span style=\"text-decoration: underline;\"><em><strong>Cargos de N\u00edvel M\u00e9dio:<\/strong><\/em><\/span><em><strong>\u00a0<\/strong><\/em>Auxiliar Administrativo (15), Fot\u00f3grafo Legislativo (01), <a href=\"https:\/\/www.novaconcursos.com.br\/apostila-concurso\/camara-municipal-de-feira-de-santana-ba\" target=\"_blank\" rel=\"noopener noreferrer\">Int\u00e9rprete de Libras<\/a> (02), Motorista categoria B (05), T\u00e9cnico de Suporte em Inform\u00e1tica (02).<\/p>\n<p><span style=\"text-decoration: underline;\"><em><strong>Cargos de N\u00edvel Superior:<\/strong><\/em><\/span><em><strong>\u00a0<\/strong><\/em>Analista de Sistemas em Rede (02), Contador (02), Procurador Jur\u00eddico Adjunto (01), Redator de Debates (05) e Redator de Not\u00edcias (02).<\/p>\n<p><span style=\"text-decoration: underline;\"><em><strong>Sal\u00e1rio:<\/strong><\/em><\/span>\u00a0<strong>R$ 1.049,14 e R$ 2.640,63<\/strong><br><strong><span style=\"text-decoration: underline;\"><em>Carga Hor\u00e1ria:\u00a0<\/em><\/span>30 horas semanais.<\/strong><\/p>\n<p><strong>Como ser\u00e1 a prova para o Concurso C\u00e2mara de Feira de Santana \u2013 BA<\/strong><\/p>\n<p>A <a href=\"https:\/\/www.novaconcursos.com.br\/apostila-concurso\/camara-municipal-de-feira-de-santana-ba\" target=\"_blank\" rel=\"noopener noreferrer\">C\u00e2mara de Feira de Santana<\/a> optou por avaliar a capacidade intelectual de todos os candidatos por meio de uma Prova Objetiva.<\/p>\n<p>Os candidatos aos cargos de Auxiliar Legislativo II \u2013 Administrativo, Procurador Jur\u00eddico Adjunto, Redator de Not\u00edcias e Redator de Debates, tamb\u00e9m far\u00e3o\u00a0Prova Discursiva.<\/p>\n<p>A etapa constitu\u00edda de\u00a0Prova Pr\u00e1tica ser\u00e1 aplicada apenas para o cargo de Int\u00e9rprete de Libras, por fim, haver\u00e1 <a href=\"https:\/\/www.novaconcursos.com.br\/apostila-concurso\/camara-municipal-de-feira-de-santana-ba\" target=\"_blank\" rel=\"noopener noreferrer\">Avalia\u00e7\u00e3o de T\u00edtulos<\/a> para os cargos de\u00a0Contador e Procurador Jur\u00eddico Adjunto.<\/p>\n<p>As Provas Objetivas ser\u00e3o aplicadas no dia<strong> 20 de maio de 2018<\/strong>,\u00a0<strong>os locais ser\u00e3o divulgados a partir do dia 14 de maio de 2018;<\/strong>\u00a0elas ser\u00e3o compostas por quest\u00f5es que versar\u00e3o sobre as disciplinas de L\u00edngua Portuguesa, Racioc\u00ednio L\u00f3gico, No\u00e7\u00f5es de Inform\u00e1tica, Legisla\u00e7\u00e3o e Conhecimentos Espec\u00edficos.<\/p>\n<p><strong><a href=\"https:\/\/www.novaconcursos.com.br\/portal\/concursos\/concurso-camara-de-feira-de-santana-ba\/\" target=\"_blank\" rel=\"noopener noreferrer\">Para mais informa\u00e7\u00f5es acesse a <span style=\"text-decoration: underline; color: #0000ff;\">P\u00e1gina do concurso!<\/span><\/a><\/strong><\/p>\n<p>A\u00a0<span style=\"text-decoration: underline; color: #0000ff;\"><a style=\"color: #0000ff; text-decoration: underline;\" href=\"https:\/\/www.novaconcursos.com.br\" target=\"_blank\" rel=\"noopener noreferrer\"><strong>Nova Concursos<\/strong><\/a><\/span>\u00a0tem ajudado h\u00e1 mais de 8 anos quem quer vencer a batalha do concurso p\u00fablico. Se voc\u00ea quer aumentar suas chances de passar, conhe\u00e7a nossos materiais acessando nosso site!<\/p>\n<p style=\"text-align: center;\"><span style=\"text-decoration: underline;\"><span style=\"color: #0000ff;\"><strong><a style=\"color: #0000ff; text-decoration: underline;\" href=\"https:\/\/www.novaconcursos.com.br\/apostila-concurso\/camara-municipal-de-feira-de-santana-ba\" target=\"_blank\" rel=\"noopener noreferrer\">\u00bb Prepare-se com a Apostila C\u00e2mara de Feira de Santana \u2013 BA e parcele o pagamento SEM JUROS!\u00a0\u00ab<\/a><\/strong><\/span><\/span><\/p>","protected":false},"excerpt":{"rendered":"<p>Terminam hoje as inscri\u00e7\u00f5es para o concurso p\u00fablico da\u00a0C\u00e2mara de Feira de Santana, na Bahia. O certame oferece\u00a037 vagas\u00a0para os n\u00edveis m\u00e9dio e superior e os sal\u00e1rios chegam a\u00a0R$ 2,6 mil! \u00bb Prepare-se com a Apostila C\u00e2mara de Feira de Santana \u2013 BA e parcele o pagamento SEM JUROS!\u00a0\u00ab Como se inscrever para o Concurso [&hellip;]<\/p>\n","protected":false},"author":16,"featured_media":0,"comment_status":"closed","ping_status":"closed","sticky":false,"template":"","format":"standard","meta":{"_acf_changed":false,"footnotes":"","_wp_rev_ctl_limit":""},"categories":[228],"tags":[25325,25324,25326,25327],"class_list":["post-63770","post","type-post","status-publish","format-standard","hentry","category-noticias","tag-camara-de-feira-de-santana-vagas","tag-concurso-camara-de-feira-de-santana","tag-edital-camara-de-feira-de-santana-2018","tag-inscrever-para-o-concurso-camara-de-feira-de-santana"],"acf":[],"_links":{"self":[{"href":"https:\/\/www.novaconcursos.com.br\/portal\/wp-json\/wp\/v2\/posts\/63770","targetHints":{"allow":["GET"]}}],"collection":[{"href":"https:\/\/www.novaconcursos.com.br\/portal\/wp-json\/wp\/v2\/posts"}],"about":[{"href":"https:\/\/www.novaconcursos.com.br\/portal\/wp-json\/wp\/v2\/types\/post"}],"author":[{"embeddable":true,"href":"https:\/\/www.novaconcursos.com.br\/portal\/wp-json\/wp\/v2\/users\/16"}],"replies":[{"embeddable":true,"href":"https:\/\/www.novaconcursos.com.br\/portal\/wp-json\/wp\/v2\/comments?post=63770"}],"version-history":[{"count":9,"href":"https:\/\/www.novaconcursos.com.br\/portal\/wp-json\/wp\/v2\/posts\/63770\/revisions"}],"predecessor-version":[{"id":113531,"href":"https:\/\/www.novaconcursos.com.br\/portal\/wp-json\/wp\/v2\/posts\/63770\/revisions\/113531"}],"wp:attachment":[{"href":"https:\/\/www.novaconcursos.com.br\/portal\/wp-json\/wp\/v2\/media?parent=63770"}],"wp:term":[{"taxonomy":"category","embeddable":true,"href":"https:\/\/www.novaconcursos.com.br\/portal\/wp-json\/wp\/v2\/categories?post=63770"},{"taxonomy":"post_tag","embeddable":true,"href":"https:\/\/www.novaconcursos.com.br\/portal\/wp-json\/wp\/v2\/tags?post=63770"}],"curies":[{"name":"wp","href":"https:\/\/api.w.org\/{rel}","templated":true}]}}