{"id":63996,"date":"2018-03-08T14:41:47","date_gmt":"2018-03-08T17:41:47","guid":{"rendered":"http:\/\/www.novaconcursos.com.br\/portal\/?post_type=nc-public-tender&#038;p=63996"},"modified":"2024-12-16T10:50:00","modified_gmt":"2024-12-16T13:50:00","slug":"concurso-policlinica-de-feira-de-santana-ba","status":"publish","type":"post","link":"https:\/\/www.novaconcursos.com.br\/portal\/concursos\/concurso-policlinica-de-feira-de-santana-ba\/","title":{"rendered":"Concurso Policl\u00ednica de Feira de Santana &#8211; BA"},"content":{"rendered":"<p>O novo <strong>Processo Seletivo<\/strong> da <strong><a href=\"https:\/\/www.novaconcursos.com.br\/apostila-concurso\/policlinica-ba-interfederativo-de-saude-da-regiao-de-feira-de-santana-do-estado-da-bahia\" target=\"_blank\" rel=\"noopener\">Policl\u00ednica de Feira de Santana<\/a><\/strong>, cidade que fica a cerca de 100 quil\u00f4metros de Salvador, na Bahia, est\u00e1 com as <strong>inscri\u00e7\u00f5es abertas<\/strong>!<\/p>\n<p style=\"text-align: center;\"><span style=\"text-decoration: underline;\"><span style=\"color: #0000ff;\"><strong><a style=\"color: #0000ff; text-decoration: underline;\" href=\"https:\/\/www.novaconcursos.com.br\/apostila-concurso\/policlinica-ba-interfederativo-de-saude-da-regiao-de-feira-de-santana-do-estado-da-bahia\" target=\"_blank\" rel=\"noopener\">\u00bb Prepare-se com a Apostila Concurso\u00a0Policl\u00ednica de Feira de Santana \u2013 BA e parcele o pagamento SEM JUROS!\u00a0\u00ab<\/a><\/strong><\/span><\/span><\/p>\n<p>S\u00e3o oferecidas <strong>47 vagas<\/strong> para diferentes fun\u00e7\u00f5es, com requisitos de <strong>n\u00edvel m\u00e9dio e superior<\/strong> e remunera\u00e7\u00e3o de at\u00e9 <strong>R$ 4,3 mil!<\/strong><\/p>\n<p><span style=\"color: #000000;\"><strong>Como fazer a inscri\u00e7\u00e3o?<\/strong><\/span><\/p>\n<p>As inscri\u00e7\u00f5es seguem dispon\u00edveis at\u00e9 \u00e0s <strong>23h59min<\/strong> (hor\u00e1rio oficial de Bras\u00edlia\/DF) do dia <strong>22\u00a0de abril de 2018<\/strong>.<\/p>\n<p>Para participar, os interessados devem acessar o <a href=\"https:\/\/www.novaconcursos.com.br\/apostila-concurso\/policlinica-ba-interfederativo-de-saude-da-regiao-de-feira-de-santana-do-estado-da-bahia\" target=\"_blank\" rel=\"noopener\">site da Funda\u00e7\u00e3o de Apoio<\/a> \u00e0 Educa\u00e7\u00e3o e Desenvolvimento Tecnol\u00f3gico (<span style=\"text-decoration: underline; color: #0000ff;\"><a style=\"color: #0000ff; text-decoration: underline;\" href=\"http:\/\/www.fundacaocefetbahia.org.br\/policlinica\/feiradesantana\/selecao.asp\" target=\"_blank\" rel=\"noopener\">Funda\u00e7\u00e3o Cefetbahia<\/a><\/span>), empresa organizadora da sele\u00e7\u00e3o.<\/p>\n<p>O valor da taxa de inscri\u00e7\u00e3o varia de <strong>R$ 45,00 a R$ 60,00<\/strong>, devendo ser pago at\u00e9 o dia<strong> 23\/04\/2018<\/strong>.<\/p>\n<p><span style=\"color: #000000;\"><strong>Vagas e sal\u00e1rios<\/strong><\/span><\/p>\n<p>As <strong>47 oportunidades<\/strong> imediatas, <a href=\"https:\/\/www.novaconcursos.com.br\/apostila-concurso\/policlinica-ba-interfederativo-de-saude-da-regiao-de-feira-de-santana-do-estado-da-bahia\" target=\"_blank\" rel=\"noopener\">mais <strong>cadastro reserva<\/strong><\/a>, est\u00e3o distribu\u00eddas entre os seguintes cargos:<\/p>\n<p>2 para Enfermeiro, 1 Farmac\u00eautico, 1 M\u00e9dico Anestesiologista, 1 M\u00e9dico Angiologista, 2 M\u00e9dico Cardiologista \u2013 Ergometria, 2 M\u00e9dico Cardiologia \u2013 Ecocardiografia, 1 M\u00e9dico Cirurgi\u00e3o Geral, 1 M\u00e9dico Especialista em Diagn\u00f3stico por Imagem \u2013 Ultrassonografia Geral, 1 M\u00e9dico Especialista em Endocrinologia e Metabologia, 1 M\u00e9dico Especialista em Endoscopia Digestiva, 1 M\u00e9dico Gastroenterologista, 1 M\u00e9dico Especialista em Ginecologia e Obstetr\u00edcia, 1 M\u00e9dico Especialista em Hematologia e Hemoterapia, 1 M\u00e9dico Infectologista, 1 M\u00e9dico Mastologista, 1 M\u00e9dico Neurologista, 1 M\u00e9dico Oftalmologista, 1 M\u00e9dico Especialista em Ortopedia e Traumatologia, 2 M\u00e9dico Otorrinolaringologista, 1 M\u00e9dico Especialista em Radiologia e Diagn\u00f3stico por Imagem, 1 M\u00e9dico Urologista, 1 Nutricionista, 1 Ouvidor 1 Psic\u00f3logo, 1 Assessor T\u00e9cnico, 3 Assistentes Administrativo, 9 T\u00e9cnico em Enfermagem, 4 T\u00e9cnico em Radiologia, al\u00e9m de cadastro reserva para M\u00e9dicos Dermatologista, Reumatologista e Pneumologista.<\/p>\n<p>Os sal\u00e1rios variam de <strong>R$ 1.188,13 a R$ 4.388,32<\/strong>, dependendo do cargo pretendido.<\/p>\n<p><span style=\"color: #000000;\"><strong>Como ser\u00e1 a Prova?<\/strong><\/span><\/p>\n<p>A avalia\u00e7\u00e3o do processo seletivo ser\u00e1 dividida em <strong>duas etapas<\/strong>: <strong>prova objetiva<\/strong> de car\u00e1ter classificat\u00f3rio e eliminat\u00f3rio, para todos os empregos p\u00fablicos; e <strong>prova de t\u00edtulos<\/strong> de car\u00e1ter classificat\u00f3rio, exceto para <a href=\"https:\/\/www.novaconcursos.com.br\/apostila-concurso\/policlinica-ba-interfederativo-de-saude-da-regiao-de-feira-de-santana-do-estado-da-bahia\" target=\"_blank\" rel=\"noopener\">assistente administrativo<\/a>.<\/p>\n<p>A prova objetiva ser\u00e1 realizada \u00e0s 9 horas (hor\u00e1rio local) de <strong>06 de maio de 2018<\/strong>, nos munic\u00edpios de Feira de Santana e Salvador, e ter\u00e1 dura\u00e7\u00e3o de 3h.<\/p>\n<p style=\"text-align: center;\"><span style=\"text-decoration: underline;\"><span style=\"color: #0000ff;\"><strong><a style=\"color: #0000ff; text-decoration: underline;\" href=\"https:\/\/www.novaconcursos.com.br\/apostila-concurso\/policlinica-ba-interfederativo-de-saude-da-regiao-de-feira-de-santana-do-estado-da-bahia\" target=\"_blank\" rel=\"noopener\">\u00bb Prepare-se com a Apostila Concurso\u00a0Policl\u00ednica de Feira de Santana \u2013 BA e parcele o pagamento SEM JUROS!\u00a0\u00ab<\/a><\/strong><\/span><\/span><\/p>\n<p>A<strong><a href=\"https:\/\/www.novaconcursos.com.br\/\" target=\"_blank\" rel=\"noopener\">\u00a0<span style=\"text-decoration: underline; color: #0000ff;\">Nova Concursos<\/span><\/a><\/strong>\u00a0tem ajudado h\u00e1 mais de 8 anos quem quer vencer a batalha do concurso p\u00fablico. Se voc\u00ea quer aumentar as suas chances de passar,\u00a0<strong>conhe\u00e7a os nossos materiais, acessando o nosso site!<\/strong><\/p>","protected":false},"excerpt":{"rendered":"<p>Processo Seletivo da Policl\u00ednica de Feira de Santana BA: 47 vagas para diferentes fun\u00e7\u00f5es, com requisitos de n\u00edvel m\u00e9dio e superior e remunera\u00e7\u00e3o de at\u00e9 R$ 4,3 mil!<\/p>\n","protected":false},"author":16,"featured_media":0,"comment_status":"closed","ping_status":"closed","sticky":false,"template":"","format":"standard","meta":{"_acf_changed":false,"footnotes":"","_wp_rev_ctl_limit":""},"categories":[44999],"tags":[],"class_list":["post-63996","post","type-post","status-publish","format-standard","hentry","category-concursos"],"acf":[],"_links":{"self":[{"href":"https:\/\/www.novaconcursos.com.br\/portal\/wp-json\/wp\/v2\/posts\/63996","targetHints":{"allow":["GET"]}}],"collection":[{"href":"https:\/\/www.novaconcursos.com.br\/portal\/wp-json\/wp\/v2\/posts"}],"about":[{"href":"https:\/\/www.novaconcursos.com.br\/portal\/wp-json\/wp\/v2\/types\/post"}],"author":[{"embeddable":true,"href":"https:\/\/www.novaconcursos.com.br\/portal\/wp-json\/wp\/v2\/users\/16"}],"replies":[{"embeddable":true,"href":"https:\/\/www.novaconcursos.com.br\/portal\/wp-json\/wp\/v2\/comments?post=63996"}],"version-history":[{"count":2,"href":"https:\/\/www.novaconcursos.com.br\/portal\/wp-json\/wp\/v2\/posts\/63996\/revisions"}],"predecessor-version":[{"id":266067,"href":"https:\/\/www.novaconcursos.com.br\/portal\/wp-json\/wp\/v2\/posts\/63996\/revisions\/266067"}],"wp:attachment":[{"href":"https:\/\/www.novaconcursos.com.br\/portal\/wp-json\/wp\/v2\/media?parent=63996"}],"wp:term":[{"taxonomy":"category","embeddable":true,"href":"https:\/\/www.novaconcursos.com.br\/portal\/wp-json\/wp\/v2\/categories?post=63996"},{"taxonomy":"post_tag","embeddable":true,"href":"https:\/\/www.novaconcursos.com.br\/portal\/wp-json\/wp\/v2\/tags?post=63996"}],"curies":[{"name":"wp","href":"https:\/\/api.w.org\/{rel}","templated":true}]}}