{"id":64331,"date":"2018-03-16T16:02:44","date_gmt":"2018-03-16T19:02:44","guid":{"rendered":"http:\/\/www.novaconcursos.com.br\/portal\/?p=64331"},"modified":"2021-01-28T15:38:31","modified_gmt":"2021-01-28T18:38:31","slug":"concurso-policia-federal-pf-nova-movimentacao-aproxima-aval-do-planejamento-2018-03","status":"publish","type":"post","link":"https:\/\/www.novaconcursos.com.br\/portal\/noticias\/concurso-policia-federal-pf-nova-movimentacao-aproxima-aval-do-planejamento-2018-03\/","title":{"rendered":"Concurso Pol\u00edcia Federal (PF): Nova movimenta\u00e7\u00e3o aproxima aval do Planejamento!"},"content":{"rendered":"<p>Aten\u00e7\u00e3o para as <strong>novidades<\/strong> sobre o novo concurso p\u00fablico da <strong><a href=\"https:\/\/www.novaconcursos.com.br\/apostila-concurso\/pf-policia-federal\" target=\"_blank\" rel=\"noopener noreferrer\">Pol\u00edcia Federal (PF)<\/a><\/strong>! No dia <strong>15 de mar\u00e7o de 2018<\/strong>, o processo de solicita\u00e7\u00e3o do certame, que tramita no Minist\u00e9rio do Planejamento, Desenvolvimento e Gest\u00e3o (<strong>MPDG<\/strong>) teve novo avan\u00e7o.<\/p>\n<p style=\"text-align: center;\"><span style=\"color: #0000ff;\"><b><a style=\"color: #0000ff;\" href=\"https:\/\/www.novaconcursos.com.br\/apostila-concurso\/pf-policia-federal\" target=\"_blank\" rel=\"noopener noreferrer\">\u00bb Antecipe sua prepara\u00e7\u00e3o para o\u00a0<span style=\"text-decoration: underline;\">Concurso PF<\/span>\u00a0e garanta sua vaga\u00a0com os materiais de qualidade e\u00a0<span style=\"text-decoration: underline;\">SEM JUROS<\/span>! \u00ab<\/a><\/b><\/span><\/p>\n<p>A Pol\u00edcia Federal teve anexada a <strong><a href=\"https:\/\/www.novaconcursos.com.br\/apostila-concurso\/pf-policia-federal\" target=\"_blank\" rel=\"noopener noreferrer\">Nota Informativa n\u00ba 1532\/2018-MP<\/a><\/strong>. Isso aconteceu na Coordena\u00e7\u00e3o Administrativa e Suporte da Secretaria de Gest\u00e3o de Pessoas, onde a solicita\u00e7\u00e3o se encontra desde o dia <strong>13 de mar\u00e7o<\/strong>.<\/p>\n<p>O <strong>conte\u00fado da Nota Informativa<\/strong> ainda n\u00e3o foi confirmado, mas a estimativa \u00e9 de que se trata de uma <strong>solicita\u00e7\u00e3o de novas informa\u00e7\u00f5es<\/strong> para conceder oficialmente a autoriza\u00e7\u00e3o. \u00c9 muito prov\u00e1vel que as informa\u00e7\u00f5es tenham rela\u00e7\u00e3o com a <strong><a href=\"https:\/\/www.novaconcursos.com.br\/apostila-concurso\/pf-policia-federal\" target=\"_blank\" rel=\"noopener noreferrer\">distribui\u00e7\u00e3o das 500 vagas<\/a><\/strong>.<\/p>\n<p><span style=\"color: #000000;\"><strong>Previs\u00e3o do edital<\/strong><\/span><\/p>\n<p>O documento que autoriza a realiza\u00e7\u00e3o do\u00a0<strong><a href=\"https:\/\/www.novaconcursos.com.br\/apostila-concurso\/pf-policia-federal\" target=\"_blank\" rel=\"noopener noreferrer\">concurso PF 2018<\/a><\/strong>\u00a0\u00e9 esperado\u00a0<strong>para os pr\u00f3ximos dias<\/strong>. Geralmente, quando um concurso tem sua portaria de autoriza\u00e7\u00e3o publicada no Di\u00e1rio Oficial, \u00e9 estipulado o<strong>\u00a0prazo de at\u00e9 seis meses<\/strong>\u00a0para\u00a0<strong>divulga\u00e7\u00e3o do edital<\/strong>. Sendo assim, o\u00a0<strong>edital da PF<\/strong>\u00a0seria publicado obrigatoriamente at\u00e9<strong>\u00a0setembro<\/strong>.<\/p>\n<p>Sem contar com o fato de que o\u00a0<strong><a href=\"https:\/\/www.novaconcursos.com.br\/apostila-concurso\/pf-policia-federal\" target=\"_blank\" rel=\"noopener noreferrer\">Concurso para a Pol\u00edcia Federal<\/a><\/strong>\u00a0\u00e9 de extrema urg\u00eancia, devido ao d\u00e9ficit enorme que a entidade enfrenta atualmente; a necessidade realmente \u00e9 imensa e tem prejudicado em demasia que o trabalho da PF seja feito de forma satisfat\u00f3ria.<\/p>\n<p>Diante deste cen\u00e1rio \u00e9 prov\u00e1vel que o\u00a0<strong>edital seja divulgado ainda no primeiro semestre!<\/strong><\/p>\n<p><span style=\"color: #000000;\"><strong>Distribui\u00e7\u00e3o das vagas<\/strong><\/span><\/p>\n<p>De acordo com o presidente da Federa\u00e7\u00e3o Nacional dos Policiais Federais (<strong>FENAPEF<\/strong>), Lu\u00eds Ant\u00f4nio Boundes, a corpora\u00e7\u00e3o j\u00e1\u00a0<strong><a href=\"https:\/\/www.novaconcursos.com.br\/apostila-concurso\/pf-policia-federal\" target=\"_blank\" rel=\"noopener noreferrer\">definiu a distribui\u00e7\u00e3o das 500 vagas<\/a><\/strong>\u00a0autorizadas pelo governo.<\/p>\n<p>De acordo com ele, as oportunidades ser\u00e3o divulgadas para Agente Policial (220 vagas), Delegado (140 vagas), Perito Criminal (50 vagas), Escriv\u00e3o de Pol\u00edcia (60 vagas) e Papiloscopista (30 vagas).<\/p>\n<p><span style=\"color: #000000;\"><strong>Requisitos do Concurso PF?<\/strong><\/span><\/p>\n<p>Para quem optar pelos cargos de\u00a0<strong>Agente e Escriv\u00e3o<\/strong>\u00a0saiba que \u00e9 necess\u00e1rio ter\u00a0<strong>ensino superior completo<\/strong>\u00a0em qualquer \u00e1rea de forma\u00e7\u00e3o. Os sal\u00e1rios iniciais para estas carreiras s\u00e3o de\u00a0<strong>R$ 11.897,86<\/strong>, j\u00e1 com aux\u00edlio-alimenta\u00e7\u00e3o.<\/p>\n<p>Para\u00a0<strong>Perito<\/strong>\u00a0\u00e9 necess\u00e1rio forma\u00e7\u00e3o de<strong>\u00a0n\u00edvel superior<\/strong>\u00a0em \u00e1reas espec\u00edficas, j\u00e1 para\u00a0<strong>Delegado<\/strong>\u00a0o candidato precisa ser\u00a0<strong>bacharel em direito<\/strong>. A remunera\u00e7\u00e3o inicial para ambos os cargos ser\u00e1 de\u00a0<strong>R$ 22.655,68<\/strong>, chegando a\u00a0<strong>R$ 31.394,91<\/strong>\u00a0no topo da carreira.<\/p>\n<p style=\"text-align: center;\"><strong>Para mais informa\u00e7\u00f5es,<\/strong>\u00a0<span style=\"text-decoration: underline; color: #0000ff;\"><a style=\"color: #0000ff; text-decoration: underline;\" href=\"https:\/\/www.novaconcursos.com.br\/portal\/concursos\/concurso-policia-federal\/\" target=\"_blank\" rel=\"noopener noreferrer\">veja a p\u00e1gina do\u00a0<strong>Concurso\u00a0Pol\u00edcia Federal PF<\/strong><\/a><\/span><\/p>\n<p>A\u00a0<span style=\"text-decoration: underline; color: #0000ff;\"><a style=\"color: #0000ff;\" href=\"https:\/\/www.novaconcursos.com.br\/?utm_source=blog&amp;utm_medium=smm&amp;utm_content=link-texto&amp;utm_campaign=home\" target=\"_blank\" rel=\"noopener noreferrer\"><strong>Nova\u00a0Concursos<\/strong><\/a><\/span>\u00a0tem ajudado h\u00e1 mais de 10 anos quem quer vencer a batalha do concurso p\u00fablico. Se voc\u00ea quer aumentar as suas chances de passar, conhe\u00e7a os nossos materiais, acessando o nosso site!<\/p>\n<p style=\"text-align: center;\"><span style=\"color: #0000ff;\"><b><a style=\"color: #0000ff;\" href=\"https:\/\/www.novaconcursos.com.br\/apostila-concurso\/pf-policia-federal\" target=\"_blank\" rel=\"noopener noreferrer\">\u00bb Antecipe sua prepara\u00e7\u00e3o para o\u00a0<span style=\"text-decoration: underline;\">Concurso PF<\/span>\u00a0e garanta sua vaga\u00a0com os materiais de qualidade e\u00a0<span style=\"text-decoration: underline;\">SEM JUROS<\/span>! \u00ab<\/a><\/b><\/span><\/p>","protected":false},"excerpt":{"rendered":"<p>Aten\u00e7\u00e3o para as novidades sobre o novo concurso p\u00fablico da Pol\u00edcia Federal (PF)! No dia 15 de mar\u00e7o de 2018, o processo de solicita\u00e7\u00e3o do certame, que tramita no Minist\u00e9rio do Planejamento, Desenvolvimento e Gest\u00e3o (MPDG) teve novo avan\u00e7o. \u00bb Antecipe sua prepara\u00e7\u00e3o para o\u00a0Concurso PF\u00a0e garanta sua vaga\u00a0com os materiais de qualidade e\u00a0SEM JUROS! [&hellip;]<\/p>\n","protected":false},"author":16,"featured_media":0,"comment_status":"closed","ping_status":"closed","sticky":false,"template":"","format":"standard","meta":{"_acf_changed":false,"footnotes":"","_wp_rev_ctl_limit":""},"categories":[228],"tags":[280,24000,197,22876,198,282,288,202,23999,25512],"class_list":["post-64331","post","type-post","status-publish","format-standard","hentry","category-noticias","tag-concurso-pf","tag-concurso-pf-autorizado","tag-concurso-policia-federal","tag-concursos-2018","tag-concursos-previstos","tag-edital-concurso-pf","tag-pf","tag-policia-federal","tag-regimento-interno-concurso-pf","tag-vagas-concurso-policia-federal-2018"],"acf":[],"_links":{"self":[{"href":"https:\/\/www.novaconcursos.com.br\/portal\/wp-json\/wp\/v2\/posts\/64331","targetHints":{"allow":["GET"]}}],"collection":[{"href":"https:\/\/www.novaconcursos.com.br\/portal\/wp-json\/wp\/v2\/posts"}],"about":[{"href":"https:\/\/www.novaconcursos.com.br\/portal\/wp-json\/wp\/v2\/types\/post"}],"author":[{"embeddable":true,"href":"https:\/\/www.novaconcursos.com.br\/portal\/wp-json\/wp\/v2\/users\/16"}],"replies":[{"embeddable":true,"href":"https:\/\/www.novaconcursos.com.br\/portal\/wp-json\/wp\/v2\/comments?post=64331"}],"version-history":[{"count":2,"href":"https:\/\/www.novaconcursos.com.br\/portal\/wp-json\/wp\/v2\/posts\/64331\/revisions"}],"predecessor-version":[{"id":113694,"href":"https:\/\/www.novaconcursos.com.br\/portal\/wp-json\/wp\/v2\/posts\/64331\/revisions\/113694"}],"wp:attachment":[{"href":"https:\/\/www.novaconcursos.com.br\/portal\/wp-json\/wp\/v2\/media?parent=64331"}],"wp:term":[{"taxonomy":"category","embeddable":true,"href":"https:\/\/www.novaconcursos.com.br\/portal\/wp-json\/wp\/v2\/categories?post=64331"},{"taxonomy":"post_tag","embeddable":true,"href":"https:\/\/www.novaconcursos.com.br\/portal\/wp-json\/wp\/v2\/tags?post=64331"}],"curies":[{"name":"wp","href":"https:\/\/api.w.org\/{rel}","templated":true}]}}