{"id":64380,"date":"2018-03-19T19:44:57","date_gmt":"2018-03-19T22:44:57","guid":{"rendered":"http:\/\/www.novaconcursos.com.br\/portal\/?p=64380"},"modified":"2021-01-28T15:38:18","modified_gmt":"2021-01-28T18:38:18","slug":"concurso-assembleia-legislativa-ro-ale-ro-ja-possui-banca-organizadora-definida-2018-03","status":"publish","type":"post","link":"https:\/\/www.novaconcursos.com.br\/portal\/noticias\/concurso-assembleia-legislativa-ro-ale-ro-ja-possui-banca-organizadora-definida-2018-03\/","title":{"rendered":"Concurso Assembleia Legislativa RO (ALE RO) j\u00e1 possui banca organizadora definida!"},"content":{"rendered":"<p>Boa not\u00edcia aos <strong>concurseiros de Rond\u00f4nia<\/strong>! No dia <strong>19 de mar\u00e7o de 2018<\/strong> foi divulgado no Di\u00e1rio Oficial Legislativo o extrato de dispensa de licita\u00e7\u00e3o para <strong>contrata\u00e7\u00e3o da empresa<\/strong> que ser\u00e1 respons\u00e1vel pela <strong>organiza\u00e7\u00e3o<\/strong> do novo concurso p\u00fablico da <strong>Assembleia Legislativa de Rond\u00f4nia (ALE RO)<\/strong>!<\/p>\n<p>De acordo com o documento, a empresa escolhida foi a <strong>Funda\u00e7\u00e3o Get\u00falio Vargas (FGV)<\/strong>, que ir\u00e1 planejar, coordenar e desenvolver os trabalhos referentes \u00e0 realiza\u00e7\u00e3o do I concurso p\u00fablico para provimento de cargos do quadro especial da advocacia e do quadro de pessoal permanente da <strong>Assembleia Legislativa de Rond\u00f4nia.<\/strong><\/p>\n<p>A previs\u00e3o \u00e9 de que ser\u00e3o, no m\u00ednimo, <strong>100 vagas<\/strong> para candidatos de <strong>n\u00edvel fundamental, m\u00e9dio e superior<\/strong> com sal\u00e1rios de at\u00e9 <strong>R$ 5,7 mil!<\/strong><\/p>\n<p><span style=\"color: #000000;\"><strong>Previs\u00e3o do edital<\/strong><\/span><\/p>\n<p>Com a escolha da<strong> banca organizadora<\/strong>, a expectativa \u00e9 que o <strong>edital de concurso<\/strong> seja divulgado nas <strong>pr\u00f3ximas semanas<\/strong>. Portanto agora \u00e9 o <strong>momento ideal<\/strong> para dar <strong>in\u00edcio a sua prepara\u00e7\u00e3o<\/strong> e garantir uma das vagas!<\/p>\n<p><span style=\"color: #000000;\"><strong>Vagas e sal\u00e1rios<\/strong><\/span><\/p>\n<p>O n\u00famero exato de vagas<strong> ainda n\u00e3o foi definido<\/strong>, a previs\u00e3o inicial \u00e9 de que ser\u00e3o abertas <strong>no m\u00ednimo 100 vagas<\/strong> para candidatos de <strong>todos os n\u00edveis de escolaridade.<\/strong><\/p>\n<p>Atualmente a ALE RO possui cerca de <strong>300<\/strong> funcion\u00e1rios do quadro efetivo e at\u00e9 meados de 2018, pelo menos mais <strong>200<\/strong> devem passar para o quadro de inativos. Com isso, a Assembleia Legislativa enfrenta situa\u00e7\u00e3o dif\u00edcil com car\u00eancia de servidores em todas as \u00e1reas.<\/p>\n<p>Os cargos que ser\u00e3o abertos tamb\u00e9m n\u00e3o foram divulgados ainda. Contudo sabe-se que j\u00e1 foram definidas vagas para o <strong>cargo de Procurador.<\/strong><\/p>\n<p>\u201cHoje, n\u00f3s n\u00e3o temos ningu\u00e9m na Procuradoria, que ser\u00e3o no m\u00ednimo 10 vagas, com sal\u00e1rio base em torno de R$ 10 mil no m\u00ednimo. Ter\u00e3o vagas no setor administrativo, no centro m\u00e9dico, que hoje \u00e9 em forma de portariados e a ideia \u00e9 que sejam concursados, na assessoria de imprensa tamb\u00e9m teremos algumas. A certeza \u00e9 que teremos no m\u00ednimo 100 vagas\u201d, afirmou o presidente da ALE RO, Maur\u00e3o de Carvalho.<\/p>\n<p>A\u00a0<span style=\"text-decoration: underline; color: #0000ff;\"><strong><a style=\"color: #0000ff; text-decoration: underline;\" href=\"https:\/\/www.novaconcursos.com.br\/\" target=\"_blank\" rel=\"noopener noreferrer\">Nova Concursos<\/a><\/strong><\/span>\u00a0tem ajudado h\u00e1 mais de 10 anos quem quer vencer a batalha do concurso p\u00fablico. Se voc\u00ea quer aumentar suas chances de passar, conhe\u00e7a nossos materiais acessando nosso site!<\/p>","protected":false},"excerpt":{"rendered":"<p>Boa not\u00edcia aos concurseiros de Rond\u00f4nia! No dia 19 de mar\u00e7o de 2018 foi divulgado no Di\u00e1rio Oficial Legislativo o extrato de dispensa de licita\u00e7\u00e3o para contrata\u00e7\u00e3o da empresa que ser\u00e1 respons\u00e1vel pela organiza\u00e7\u00e3o do novo concurso p\u00fablico da Assembleia Legislativa de Rond\u00f4nia (ALE RO)! De acordo com o documento, a empresa escolhida foi a [&hellip;]<\/p>\n","protected":false},"author":16,"featured_media":0,"comment_status":"closed","ping_status":"closed","sticky":false,"template":"","format":"standard","meta":{"_acf_changed":false,"footnotes":"","_wp_rev_ctl_limit":""},"categories":[228],"tags":[25624,25622,25623,25619,25620,25621],"class_list":["post-64380","post","type-post","status-publish","format-standard","hentry","category-noticias","tag-banca-organizadora-concurso-ale-ro","tag-concurso-ale-ro","tag-concurso-ale-ro-2018","tag-concurso-assembleia-legislativa-de-rondonia","tag-concurso-assembleia-legislativa-ro","tag-concurso-assembleia-legislativa-ro-2018"],"acf":[],"_links":{"self":[{"href":"https:\/\/www.novaconcursos.com.br\/portal\/wp-json\/wp\/v2\/posts\/64380","targetHints":{"allow":["GET"]}}],"collection":[{"href":"https:\/\/www.novaconcursos.com.br\/portal\/wp-json\/wp\/v2\/posts"}],"about":[{"href":"https:\/\/www.novaconcursos.com.br\/portal\/wp-json\/wp\/v2\/types\/post"}],"author":[{"embeddable":true,"href":"https:\/\/www.novaconcursos.com.br\/portal\/wp-json\/wp\/v2\/users\/16"}],"replies":[{"embeddable":true,"href":"https:\/\/www.novaconcursos.com.br\/portal\/wp-json\/wp\/v2\/comments?post=64380"}],"version-history":[{"count":2,"href":"https:\/\/www.novaconcursos.com.br\/portal\/wp-json\/wp\/v2\/posts\/64380\/revisions"}],"predecessor-version":[{"id":113684,"href":"https:\/\/www.novaconcursos.com.br\/portal\/wp-json\/wp\/v2\/posts\/64380\/revisions\/113684"}],"wp:attachment":[{"href":"https:\/\/www.novaconcursos.com.br\/portal\/wp-json\/wp\/v2\/media?parent=64380"}],"wp:term":[{"taxonomy":"category","embeddable":true,"href":"https:\/\/www.novaconcursos.com.br\/portal\/wp-json\/wp\/v2\/categories?post=64380"},{"taxonomy":"post_tag","embeddable":true,"href":"https:\/\/www.novaconcursos.com.br\/portal\/wp-json\/wp\/v2\/tags?post=64380"}],"curies":[{"name":"wp","href":"https:\/\/api.w.org\/{rel}","templated":true}]}}