{"id":64567,"date":"2018-03-22T15:53:37","date_gmt":"2018-03-22T18:53:37","guid":{"rendered":"http:\/\/www.novaconcursos.com.br\/portal\/?p=64567"},"modified":"2021-01-28T15:37:53","modified_gmt":"2021-01-28T18:37:53","slug":"concurso-trt-15-tem-primeira-retificacao-2018-03","status":"publish","type":"post","link":"https:\/\/www.novaconcursos.com.br\/portal\/noticias\/concurso-trt-15-tem-primeira-retificacao-2018-03\/","title":{"rendered":"Concurso TRT 15: Tem primeira retifica\u00e7\u00e3o!"},"content":{"rendered":"<p>Seguem <strong>abertas as inscri\u00e7\u00f5es<\/strong> para o concurso p\u00fablico do <strong><a href=\"https:\/\/www.novaconcursos.com.br\/apostila-concurso\/trt-15-regiao-tribunal-regional-do-trabalho\" target=\"_blank\" rel=\"noopener noreferrer\">Tribunal Regional do Trabalho da 15\u00ba Regi\u00e3o (TRT 15)<\/a><\/strong>, que abrange a regi\u00e3o de Campinas\/SP!<\/p>\n<p>Foi divulgada no Di\u00e1rio Oficial da Uni\u00e3o do dia <strong>22 de mar\u00e7o de 2018<\/strong>, a <strong>primeira retifica\u00e7\u00e3o do edital<\/strong>.<\/p>\n<p>O certame traz oferta <strong><a href=\"https:\/\/www.novaconcursos.com.br\/apostila-concurso\/trt-15-regiao-tribunal-regional-do-trabalho\" target=\"_blank\" rel=\"noopener noreferrer\">02 vagas imediatas<\/a><\/strong> e diversas oportunidades de <strong>cadastro reserva<\/strong> para T\u00e9cnicos e Analistas (<strong>n\u00edvel m\u00e9dio e superior<\/strong>) com sal\u00e1rios de at\u00e9 <strong>R$ 12,7 mil!<\/strong><\/p>\n<p style=\"text-align: center;\"><span style=\"color: #0000ff;\"><strong><a style=\"color: #0000ff;\" href=\"https:\/\/www.novaconcursos.com.br\/apostila-concurso\/trt-15-regiao-tribunal-regional-do-trabalho\" target=\"_blank\" rel=\"noopener noreferrer\">\u00bb\u00a0Prepare-se com a\u00a0<span style=\"text-decoration: underline;\">Apostila TRT15<\/span>\u00a0e parcele o pagamento\u00a0<span style=\"text-decoration: underline;\">SEM JUROS<\/span>!\u00a0\u00ab<\/a><\/strong><\/span><\/p>\n<p><span style=\"color: #000000;\"><strong>O que foi alterado na retifica\u00e7\u00e3o?<\/strong><\/span><\/p>\n<p>As mudan\u00e7as referem-se ao <strong>quadro de provas<\/strong> para o cargo de <strong>Analista Judici\u00e1rio \u2013 \u00c1rea Administrativa<\/strong>, na parte de conhecimentos gerais.<\/p>\n<p>As provas continuam com <strong><a href=\"https:\/\/www.novaconcursos.com.br\/apostila-concurso\/trt-15-regiao-tribunal-regional-do-trabalho\" target=\"_blank\" rel=\"noopener noreferrer\">60 quest\u00f5es<\/a><\/strong>, mas a Lei n\u00ba 8.112\/1990 deixou de ser cobrada na parte de conhecimentos b\u00e1sicos, por\u00e9m permanece dentro no conte\u00fado de Direito Administrativo.<\/p>\n<p>Sendo assim, as <strong>disciplinas b\u00e1sicas<\/strong> para esse cargo passam a ser somente:\u00a0L\u00edngua Portuguesa, Regimento Interno, No\u00e7\u00f5es sobre Direitos das Pessoas com defici\u00eancia, Racioc\u00ednio L\u00f3gico-Matem\u00e1tico.<\/p>\n<p>A <strong>segunda altera\u00e7\u00e3o<\/strong> \u00e9 referente \u00e0 <strong>prova pr\u00e1tica de capacidade f\u00edsica<\/strong> para o cargo de T\u00e9cnico Judici\u00e1rio \u2013 \u00c1rea Administrativa (Seguran\u00e7a), que passa a ter <strong>tr\u00eas testes e n\u00e3o quatro<\/strong>, como constava no edital inicialmente. Os exerc\u00edcios ser\u00e3o: Teste de corrida de 12 minutos, abdominal e flex\u00e3o com cotovelo em 90\u00ba.<\/p>\n<p>A <strong>\u00faltima altera\u00e7\u00e3o<\/strong> \u00e9 no <strong><a href=\"https:\/\/www.novaconcursos.com.br\/apostila-concurso\/trt-15-regiao-tribunal-regional-do-trabalho\" target=\"_blank\" rel=\"noopener noreferrer\">conte\u00fado program\u00e1tico<\/a><\/strong> para o cargo de <strong>Analista \u2013 \u00c1rea Judici\u00e1ria<\/strong>, que passa a cobrar o Decreto n\u00ba 3.048\/99.<\/p>\n<p><span style=\"color: #000000;\"><strong>Como ser\u00e1 a Prova?<\/strong><\/span><\/p>\n<p>As provas ser\u00e3o aplicadas no dia\u00a0<strong><a href=\"https:\/\/www.novaconcursos.com.br\/apostila-concurso\/trt-15-regiao-tribunal-regional-do-trabalho\" target=\"_blank\" rel=\"noopener noreferrer\">27 de maio de 2018<\/a><\/strong>,\u00a0no per\u00edodo da manh\u00e3 para n\u00edvel m\u00e9dio e a tarde para n\u00edvel superior.<\/p>\n<p>Todos os candidatos ser\u00e3o avaliados por provas objetivas; hav<a href=\"https:\/\/www.novaconcursos.com.br\/apostila-concurso\/trt-15-regiao-tribunal-regional-do-trabalho\" target=\"_blank\" rel=\"noopener noreferrer\">er\u00e1 ainda provas discursiva<\/a>s, de reda\u00e7\u00e3o e de estudo de caso, essas \u00faltimas variam conforme o cargo escolhido.<\/p>\n<p>As provas objetivas versar\u00e3o basicamente pelas disciplinas de:\u00a0L\u00edngua Portuguesa;\u00a0Regimento Interno;\u00a0No\u00e7\u00f5es sobre Direitos das Pessoas com Defici\u00eancia;\u00a0Racioc\u00ednio L\u00f3gico-matem\u00e1tico e\u00a0Conhecimentos Espec\u00edficos.<\/p>\n<p>As\u00a0<strong>provas ser\u00e3o realizadas<\/strong>\u00a0em uma das seguintes cidades:\u00a0Bauru, Campinas, Jundia\u00ed, Piracicaba, Ribeir\u00e3o Preto, S\u00e3o Jos\u00e9 do Rio Preto, S\u00e3o Jos\u00e9 dos Campos e Sorocaba.<\/p>\n<p>Haver\u00e1 prova\u00a0<strong>pr\u00e1tica de aptid\u00e3o f\u00edsica<\/strong>\u00a0para o cargo de T\u00e9cnico com\u00a0<a href=\"https:\/\/www.novaconcursos.com.br\/apostila-concurso\/trt-15-regiao-tribunal-regional-do-trabalho\" target=\"_blank\" rel=\"noopener noreferrer\">Especialidade em Seguran\u00e7a<\/a>.<\/p>\n<p style=\"text-align: center;\"><span style=\"color: #000000;\"><strong><a style=\"color: #000000;\" href=\"https:\/\/www.novaconcursos.com.br\/portal\/concursos\/concurso-trt-15-campinas\/\" target=\"_blank\" rel=\"noopener noreferrer\">Para mais informa\u00e7\u00f5es e acesso ao edital,\u00a0<span style=\"text-decoration: underline; color: #0000ff;\">veja\u00a0a P\u00e1gina do concurso TRT 15<\/span><\/a><\/strong><\/span><\/p>\n<p>A\u00a0<span style=\"text-decoration: underline; color: #0000ff;\"><strong><a style=\"color: #0000ff; text-decoration: underline;\" href=\"https:\/\/www.novaconcursos.com.br\/\" target=\"_blank\" rel=\"noopener noreferrer\">Nova Concursos<\/a><\/strong><\/span>\u00a0tem ajudado h\u00e1 mais de 10 anos quem quer vencer a batalha do concurso p\u00fablico. Se voc\u00ea quer aumentar as suas chances de passar,\u00a0<strong>conhe\u00e7a os nossos materiais, acessando o nosso site!<\/strong><\/p>\n<p style=\"text-align: center;\"><span style=\"color: #0000ff;\"><strong><a style=\"color: #0000ff;\" href=\"https:\/\/www.novaconcursos.com.br\/apostila-concurso\/trt-15-regiao-tribunal-regional-do-trabalho\" target=\"_blank\" rel=\"noopener noreferrer\">\u00bb\u00a0Prepare-se com a\u00a0<span style=\"text-decoration: underline;\">Apostila TRT15<\/span>\u00a0e parcele o pagamento\u00a0<span style=\"text-decoration: underline;\">SEM JUROS<\/span>!\u00a0\u00ab<\/a><\/strong><\/span><\/p>","protected":false},"excerpt":{"rendered":"<p>Seguem abertas as inscri\u00e7\u00f5es para o concurso p\u00fablico do Tribunal Regional do Trabalho da 15\u00ba Regi\u00e3o (TRT 15), que abrange a regi\u00e3o de Campinas\/SP! Foi divulgada no Di\u00e1rio Oficial da Uni\u00e3o do dia 22 de mar\u00e7o de 2018, a primeira retifica\u00e7\u00e3o do edital. O certame traz oferta 02 vagas imediatas e diversas oportunidades de cadastro [&hellip;]<\/p>\n","protected":false},"author":16,"featured_media":0,"comment_status":"closed","ping_status":"closed","sticky":false,"template":"","format":"standard","meta":{"_acf_changed":false,"footnotes":"","_wp_rev_ctl_limit":""},"categories":[228],"tags":[4652,25411,797,4653,224,24730,3464,25410,25696,3467],"class_list":["post-64567","post","type-post","status-publish","format-standard","hentry","category-noticias","tag-campinas-sp","tag-concurso-15a-regiao","tag-concurso-campinas","tag-concurso-campinas-sp","tag-concurso-sao-paulo","tag-concurso-trt-15-2018","tag-concurso-trt-campinas","tag-concurso-trt15","tag-retificacao-concurso-trt-15","tag-trt-15"],"acf":[],"_links":{"self":[{"href":"https:\/\/www.novaconcursos.com.br\/portal\/wp-json\/wp\/v2\/posts\/64567","targetHints":{"allow":["GET"]}}],"collection":[{"href":"https:\/\/www.novaconcursos.com.br\/portal\/wp-json\/wp\/v2\/posts"}],"about":[{"href":"https:\/\/www.novaconcursos.com.br\/portal\/wp-json\/wp\/v2\/types\/post"}],"author":[{"embeddable":true,"href":"https:\/\/www.novaconcursos.com.br\/portal\/wp-json\/wp\/v2\/users\/16"}],"replies":[{"embeddable":true,"href":"https:\/\/www.novaconcursos.com.br\/portal\/wp-json\/wp\/v2\/comments?post=64567"}],"version-history":[{"count":4,"href":"https:\/\/www.novaconcursos.com.br\/portal\/wp-json\/wp\/v2\/posts\/64567\/revisions"}],"predecessor-version":[{"id":113664,"href":"https:\/\/www.novaconcursos.com.br\/portal\/wp-json\/wp\/v2\/posts\/64567\/revisions\/113664"}],"wp:attachment":[{"href":"https:\/\/www.novaconcursos.com.br\/portal\/wp-json\/wp\/v2\/media?parent=64567"}],"wp:term":[{"taxonomy":"category","embeddable":true,"href":"https:\/\/www.novaconcursos.com.br\/portal\/wp-json\/wp\/v2\/categories?post=64567"},{"taxonomy":"post_tag","embeddable":true,"href":"https:\/\/www.novaconcursos.com.br\/portal\/wp-json\/wp\/v2\/tags?post=64567"}],"curies":[{"name":"wp","href":"https:\/\/api.w.org\/{rel}","templated":true}]}}