{"id":64838,"date":"2018-06-25T10:10:58","date_gmt":"2018-06-25T13:10:58","guid":{"rendered":"http:\/\/www.novaconcursos.com.br\/portal\/?p=64838"},"modified":"2018-06-25T10:14:41","modified_gmt":"2018-06-25T13:14:41","slug":"concurso-prefeitura-de-monte-azul-mg-208-vagas","status":"publish","type":"post","link":"https:\/\/www.novaconcursos.com.br\/portal\/noticias\/concurso-prefeitura-de-monte-azul-mg-208-vagas\/","title":{"rendered":"Concurso Prefeitura de Monte Azul &#8211; MG: \u00daltimas horas de inscri\u00e7\u00f5es!"},"content":{"rendered":"<p>Foi divulgado o edital do novo concurso da\u00a0<strong>Prefeitura Municipal de Monte Azul, em Minas Gerais<\/strong>.<\/p>\n<p>O certame oferece\u00a0<strong>208 vagas<\/strong>\u00a0que contemplam o ensino\u00a0<strong>fundamental incompleto, fundamental completo, m\u00e9dio, t\u00e9cnico e superior<\/strong>.<\/p>\n<p><strong>Como fazer a inscri\u00e7\u00e3o?<\/strong><\/p>\n<p>O per\u00edodo de inscri\u00e7\u00f5es ser\u00e1 das\u00a0<strong>16 horas do dia 23 de maio at\u00e9 o dia 25 de junho<\/strong>.<\/p>\n<p>Elas ser\u00e3o realizadas exclusivamente pelo site do Instituto Brasileiro de Gest\u00e3o e Pesquisa, o\u00a0<span style=\"text-decoration: underline;\"><span style=\"color: #0000ff;\"><a style=\"color: #0000ff; text-decoration: underline;\" href=\"http:\/\/www.ibgpconcursos.com.br\/\" target=\"_blank\" rel=\"noopener noreferrer\">IBGP<\/a><\/span><\/span>, organizador do concurso.<\/p>\n<p>O <strong>valor das taxas<\/strong> est\u00e1 detalhado a seguir:<\/p>\n<p><a href=\"https:\/\/www.novaconcursos.com.br\/portal\/wp-content\/uploads\/2018\/03\/monte-azul-taxas.jpg\"><img decoding=\"async\" class=\"aligncenter wp-image-64832 size-full\" src=\"https:\/\/www.novaconcursos.com.br\/portal\/wp-content\/uploads\/2018\/03\/monte-azul-taxas.jpg\" alt=\"monte azul taxas\" width=\"345\" height=\"131\" loading=\"lazy\" title=\"\" srcset=\"https:\/\/www.novaconcursos.com.br\/portal\/wp-content\/uploads\/2018\/03\/monte-azul-taxas-300x114.jpg 300w, https:\/\/www.novaconcursos.com.br\/portal\/wp-content\/uploads\/2018\/03\/monte-azul-taxas.jpg 345w\" sizes=\"auto, (max-width: 480px) 100vw, (max-width: 768px) 100vw, (max-width: 1200px) 70vw, 768px\"><\/a><\/p>\n<p><strong>Quem pode participar?<\/strong><\/p>\n<p>As\u00a0<strong>208 vagas<\/strong>\u00a0contemplam\u00a0<strong>todos os n\u00edveis de escolaridade<\/strong>, com sal\u00e1rios que variam entre\u00a0<strong>R$ 1.413,70\u00a0e R$ 2.056,60<\/strong>. Confira abaixo as especifica\u00e7\u00f5es:<\/p>\n<p><strong>Fundamental incompleto<\/strong>: Auxiliar de Servi\u00e7os Gerais; Faxineira; Zelador.<\/p>\n<p><strong>Fundamental completo:<\/strong>\u00a0Auxiliar Administrativo; Auxiliar de Arquivo; Agente de Recursos Humanos; Auxiliar de Sa\u00fade Bucal; Auxiliar de Transportes; Monitor de Inform\u00e1tica; Recepcionista; Vigilante.<\/p>\n<p><strong>M\u00e9dio:<\/strong>\u00a0Agente Comunit\u00e1rio de Sa\u00fade; Agente de Combate \u00e0 Endemias; Monitor de Sa\u00fade Bucal; Motorista; Recepcionista.<\/p>\n<p><strong>M\u00e9dio\/T\u00e9cnico:<\/strong>\u00a0T\u00e9cnico de Enfermagem; T\u00e9cnico N\u00edvel M\u00e9dio; T\u00e9cnico em Sa\u00fade Bucal.<\/p>\n<p><strong>Superior:<\/strong>\u00a0Assistente Social; Engenheiro Ambiental; Engenheiro Civil; M\u00e9dico Cl\u00ednico; M\u00e9dico Cl\u00ednico Geral; M\u00e9dico Ginecologista; M\u00e9dico Pediatra; M\u00e9dico Psiquiatra; Odont\u00f3logo; Professor do 1\u00ba ao 5\u00ba ano; Professor de Apoio; Professor de Ci\u00eancias; Professor de Educa\u00e7\u00e3o F\u00edsica; Professor de Matem\u00e1tica; Professor de Pr\u00e9-Escola; Professor de Hist\u00f3ria; Professor de Ingl\u00eas; Professor de L\u00edngua Portuguesa; Professor de Ensino Religioso; Professor de Geografia; Psic\u00f3logo.<\/p>\n<p><strong>Como ser\u00e3o as provas?<\/strong><\/p>\n<p>A avalia\u00e7\u00e3o ser\u00e1 por\u00a0<strong>prova objetiva<\/strong>,\u00a0sendo realizada no dia\u00a0<strong>15 de julho<\/strong>, em Monte Azul. Os locais e hor\u00e1rios ser\u00e3o informados posteriormente.<\/p>\n<p>O\u00a0<strong>conte\u00fado program\u00e1tico<\/strong>\u00a0se divide conforme a escolaridade:<\/p>\n<p><strong>Fundamental Incompleto:<\/strong>\u00a0L\u00edngua Portuguesa, Matem\u00e1tica e Conhecimentos Gerais.<\/p>\n<p><strong>Fundamental completo:<\/strong>\u00a0L\u00edngua Portuguesa, Matem\u00e1tica, No\u00e7\u00f5es de Inform\u00e1tica e Conhecimentos Gerais.<\/p>\n<p><strong>M\u00e9dio:<\/strong>\u00a0L\u00edngua Portuguesa, No\u00e7\u00f5es de Inform\u00e1tica, Legisla\u00e7\u00e3o e Conhecimentos Gerais<\/p>\n<p><strong>T\u00e9cnico:<\/strong>\u00a0L\u00edngua Portuguesa, Racioc\u00ednio L\u00f3gico, No\u00e7\u00f5es de Inform\u00e1tica e Legisla\u00e7\u00e3o. H\u00e1 tamb\u00e9m Conhecimentos Espec\u00edficos para os cargos de T\u00e9cnico de Enfermagem e T\u00e9cnico em Sa\u00fade Bucal.<\/p>\n<p><strong>Superior:<\/strong>\u00a0L\u00edngua Portuguesa, Racioc\u00ednio L\u00f3gico, No\u00e7\u00f5es de Inform\u00e1tica, Legisla\u00e7\u00e3o, e Conhecimentos Espec\u00edficos dependendo do cargo.<\/p>\n<p>O concurso \u00e9 v\u00e1lido por dois anos, e pode ser prorrogado uma vez, pelo mesmo per\u00edodo.<\/p>\n<p><a href=\"https:\/\/www.novaconcursos.com.br\/portal\/concursos\/concurso-prefeitura-de-monte-azul-mg\/\" target=\"_blank\" rel=\"noopener noreferrer\">Para conferir todos os detalhes do certame, clique\u00a0<strong><span style=\"text-decoration: underline;\"><span style=\"color: #0000ff; text-decoration: underline;\">\u00bb\u00a0aqui!\u00a0\u00ab<\/span><\/span><\/strong><\/a><\/p>\n<p>A\u00a0<span style=\"text-decoration: underline; color: #0000ff;\"><a style=\"color: #0000ff;\" href=\"https:\/\/www.novaconcursos.com.br\/\" target=\"_blank\" rel=\"noopener noreferrer\"><strong>Nova\u00a0Concursos<\/strong><\/a><\/span>\u00a0tem ajudado h\u00e1 mais de 10 anos quem quer vencer a batalha do concurso p\u00fablico. Se voc\u00ea quer aumentar as suas chances de passar, conhe\u00e7a os nossos materiais, acessando o nosso site!<\/p>","protected":false},"excerpt":{"rendered":"<p>Foi divulgado o edital do novo concurso da\u00a0Prefeitura Municipal de Monte Azul, em Minas Gerais. O certame oferece\u00a0208 vagas\u00a0que contemplam o ensino\u00a0fundamental incompleto, fundamental completo, m\u00e9dio, t\u00e9cnico e superior. Como fazer a inscri\u00e7\u00e3o? O per\u00edodo de inscri\u00e7\u00f5es ser\u00e1 das\u00a016 horas do dia 23 de maio at\u00e9 o dia 25 de junho. Elas ser\u00e3o realizadas exclusivamente [&hellip;]<\/p>\n","protected":false},"author":16,"featured_media":0,"comment_status":"closed","ping_status":"closed","sticky":false,"template":"","format":"standard","meta":{"_acf_changed":false,"footnotes":"","_wp_rev_ctl_limit":""},"categories":[228],"tags":[25833,25834,25831,25830,25832],"class_list":["post-64838","post","type-post","status-publish","format-standard","hentry","category-noticias","tag-concurso-prefeitura-monte-azul-mg","tag-monte-azul-mg-concurso","tag-prefeitura-de-monte-azul-mg","tag-prefeitura-monte-azul","tag-prefeitura-monte-azul-mg"],"acf":[],"_links":{"self":[{"href":"https:\/\/www.novaconcursos.com.br\/portal\/wp-json\/wp\/v2\/posts\/64838","targetHints":{"allow":["GET"]}}],"collection":[{"href":"https:\/\/www.novaconcursos.com.br\/portal\/wp-json\/wp\/v2\/posts"}],"about":[{"href":"https:\/\/www.novaconcursos.com.br\/portal\/wp-json\/wp\/v2\/types\/post"}],"author":[{"embeddable":true,"href":"https:\/\/www.novaconcursos.com.br\/portal\/wp-json\/wp\/v2\/users\/16"}],"replies":[{"embeddable":true,"href":"https:\/\/www.novaconcursos.com.br\/portal\/wp-json\/wp\/v2\/comments?post=64838"}],"version-history":[{"count":6,"href":"https:\/\/www.novaconcursos.com.br\/portal\/wp-json\/wp\/v2\/posts\/64838\/revisions"}],"predecessor-version":[{"id":69651,"href":"https:\/\/www.novaconcursos.com.br\/portal\/wp-json\/wp\/v2\/posts\/64838\/revisions\/69651"}],"wp:attachment":[{"href":"https:\/\/www.novaconcursos.com.br\/portal\/wp-json\/wp\/v2\/media?parent=64838"}],"wp:term":[{"taxonomy":"category","embeddable":true,"href":"https:\/\/www.novaconcursos.com.br\/portal\/wp-json\/wp\/v2\/categories?post=64838"},{"taxonomy":"post_tag","embeddable":true,"href":"https:\/\/www.novaconcursos.com.br\/portal\/wp-json\/wp\/v2\/tags?post=64838"}],"curies":[{"name":"wp","href":"https:\/\/api.w.org\/{rel}","templated":true}]}}