{"id":65755,"date":"2018-04-11T15:50:37","date_gmt":"2018-04-11T18:50:37","guid":{"rendered":"http:\/\/www.novaconcursos.com.br\/portal\/?p=65755"},"modified":"2021-01-28T15:35:40","modified_gmt":"2021-01-28T18:35:40","slug":"concurso-pefoce-2018-anunciada-autorizacao-de-novo-certame-2018-04","status":"publish","type":"post","link":"https:\/\/www.novaconcursos.com.br\/portal\/noticias\/concurso-pefoce-2018-anunciada-autorizacao-de-novo-certame-2018-04\/","title":{"rendered":"Concurso PEFOCE 2018: Anunciada autoriza\u00e7\u00e3o de novo certame!"},"content":{"rendered":"<p>Boa not\u00edcia aos <strong>concurseiros do Cear\u00e1<\/strong>! O Governador do Estado, Camilo Santana, anunciou a realiza\u00e7\u00e3o de um novo concurso p\u00fablico para a <strong>Per\u00edcia Forense do Estado do Cear\u00e1 (PEFOCE)<\/strong>!<\/p>\n<p>O an\u00fancio foi feito durante o discurso na aula inaugural\u00a0de curso preparat\u00f3rio da Pol\u00edcia Militar, realizada na Academia Estadual de Seguran\u00e7a P\u00fablica (<strong>Aesp<\/strong>).<\/p>\n<p>\u201cA PEFOCE \u00e9 a pol\u00edcia cient\u00edfica que faz todo o trabalho de an\u00e1lise para as investiga\u00e7\u00f5es. N\u00f3s temos uma das melhores pol\u00edcias forenses de todo o pa\u00eds. Temos equipamentos modernos, uma equipe altamente equipada. Vamos lan\u00e7ar edital e abrir concurso para novos profissionais j\u00e1 para esse ano\u201d, afirmou o Governador.<\/p>\n<p>Informa\u00e7\u00f5es como<strong> quantitativo de vagas e quais ser\u00e3o os cargos oferecidos<\/strong> ainda n\u00e3o foram divulgados, mas se o novo certame <strong>seguir o padr\u00e3o da \u00faltima sele\u00e7\u00e3o<\/strong>, as vagas ser\u00e3o para <strong>quatro diferentes fun\u00e7\u00f5es<\/strong>.<\/p>\n<p><span style=\"color: #000000;\"><strong>\u00daltimo Concurso PEFOCE<\/strong><\/span><\/p>\n<p>O \u00faltimo certame aconteceu em <strong>2011<\/strong>, quando contou com a oferta de <strong>170 vagas<\/strong>, mais <strong>cadastro reserva<\/strong>, para os cargos de <strong>M\u00e9dico Perito Legista, Perito Criminal, Perito Legista e Auxiliar de Per\u00edcia<\/strong>. Todas as oportunidades exigiram <strong>n\u00edvel superior<\/strong>. A organiza\u00e7\u00e3o do certame ficou a cargo do<strong> Cebraspe<\/strong>.<\/p>\n<p>Os sal\u00e1rios na \u00e9poca variavam entre <strong>R$ 1.897,61 e R$ 7.582,45<\/strong>, para jornadas de trabalho de <strong>40 horas<\/strong> semanais.<\/p>\n<p>Os candidatos foram avaliados em <strong>duas fases<\/strong>. A primeira contou com <strong>prova objetiva<\/strong> de car\u00e1ter eliminat\u00f3rio e classificat\u00f3rio. O exame objetivo teve quest\u00f5es de <strong>conhecimentos b\u00e1sicos<\/strong>, sobre as disciplinas de Portugu\u00eas, Atualidades, No\u00e7\u00f5es de Inform\u00e1tica e No\u00e7\u00f5es de Direito Processual e Penal. A prova contou ainda com quest\u00f5es de <strong>conhecimentos espec\u00edficos<\/strong> de cada \u00e1rea.<\/p>\n<p>A <strong>segunda fase<\/strong> foi dividida entre as seguintes etapas:<\/p>\n<p>\u2013 Curso de forma\u00e7\u00e3o e treinamento profissional, de car\u00e1ter eliminat\u00f3rio e classificat\u00f3rio;<br>\n\u2013 Exame de capacidade f\u00edsica (AESP);<br>\n\u2013 Avalia\u00e7\u00e3o psicol\u00f3gica, de car\u00e1ter eliminat\u00f3rio;<br>\n\u2013 Investiga\u00e7\u00e3o Social, de car\u00e1ter eliminat\u00f3rio.<\/p>\n<p>Todas as fases foram realizadas na cidade de Fortaleza\/CE.<\/p>\n<p>A\u00a0<span style=\"text-decoration: underline; color: #0000ff;\"><a style=\"color: #0000ff;\" href=\"https:\/\/www.novaconcursos.com.br\/\" target=\"_blank\" rel=\"noopener noreferrer\"><strong>Nova\u00a0Concursos<\/strong><\/a><\/span>\u00a0tem ajudado h\u00e1 mais de 10 anos quem quer vencer a batalha do concurso p\u00fablico. Se voc\u00ea quer aumentar as suas chances de passar, conhe\u00e7a os nossos materiais, acessando o nosso site!<\/p>","protected":false},"excerpt":{"rendered":"<p>Boa not\u00edcia aos concurseiros do Cear\u00e1! O Governador do Estado, Camilo Santana, anunciou a realiza\u00e7\u00e3o de um novo concurso p\u00fablico para a Per\u00edcia Forense do Estado do Cear\u00e1 (PEFOCE)! O an\u00fancio foi feito durante o discurso na aula inaugural\u00a0de curso preparat\u00f3rio da Pol\u00edcia Militar, realizada na Academia Estadual de Seguran\u00e7a P\u00fablica (Aesp). \u201cA PEFOCE \u00e9 [&hellip;]<\/p>\n","protected":false},"author":16,"featured_media":0,"comment_status":"closed","ping_status":"closed","sticky":false,"template":"","format":"standard","meta":{"_acf_changed":false,"footnotes":"","_wp_rev_ctl_limit":""},"categories":[228],"tags":[26151,26150,26153,26152,26149],"class_list":["post-65755","post","type-post","status-publish","format-standard","hentry","category-noticias","tag-concurso-pefoce","tag-concurso-pefoce-2018","tag-concurso-pefoce-2018-previsto","tag-concurso-pefoce-anunciado","tag-concurso-pericia-forense-do-estado-do-ceara"],"acf":[],"_links":{"self":[{"href":"https:\/\/www.novaconcursos.com.br\/portal\/wp-json\/wp\/v2\/posts\/65755","targetHints":{"allow":["GET"]}}],"collection":[{"href":"https:\/\/www.novaconcursos.com.br\/portal\/wp-json\/wp\/v2\/posts"}],"about":[{"href":"https:\/\/www.novaconcursos.com.br\/portal\/wp-json\/wp\/v2\/types\/post"}],"author":[{"embeddable":true,"href":"https:\/\/www.novaconcursos.com.br\/portal\/wp-json\/wp\/v2\/users\/16"}],"replies":[{"embeddable":true,"href":"https:\/\/www.novaconcursos.com.br\/portal\/wp-json\/wp\/v2\/comments?post=65755"}],"version-history":[{"count":2,"href":"https:\/\/www.novaconcursos.com.br\/portal\/wp-json\/wp\/v2\/posts\/65755\/revisions"}],"predecessor-version":[{"id":113569,"href":"https:\/\/www.novaconcursos.com.br\/portal\/wp-json\/wp\/v2\/posts\/65755\/revisions\/113569"}],"wp:attachment":[{"href":"https:\/\/www.novaconcursos.com.br\/portal\/wp-json\/wp\/v2\/media?parent=65755"}],"wp:term":[{"taxonomy":"category","embeddable":true,"href":"https:\/\/www.novaconcursos.com.br\/portal\/wp-json\/wp\/v2\/categories?post=65755"},{"taxonomy":"post_tag","embeddable":true,"href":"https:\/\/www.novaconcursos.com.br\/portal\/wp-json\/wp\/v2\/tags?post=65755"}],"curies":[{"name":"wp","href":"https:\/\/api.w.org\/{rel}","templated":true}]}}