{"id":65926,"date":"2026-03-03T12:12:11","date_gmt":"2026-03-03T15:12:11","guid":{"rendered":"http:\/\/www.novaconcursos.com.br\/portal\/?post_type=nc-public-tender&#038;p=65926"},"modified":"2026-03-03T12:12:14","modified_gmt":"2026-03-03T15:12:14","slug":"concurso-semad-mg","status":"publish","type":"post","link":"https:\/\/www.novaconcursos.com.br\/portal\/concursos\/concurso-semad-mg\/","title":{"rendered":"Concurso Semad MG: Comiss\u00e3o formada para novo edital!"},"content":{"rendered":"<p>O concurso Semad MG avan\u00e7ou oficialmente ap\u00f3s a publica\u00e7\u00e3o no \u00faltimo s\u00e1bado, 28 de fevereiro, no Di\u00e1rio Oficial de Minas Gerais, da resolu\u00e7\u00e3o conjunta Seplag\/Semad n\u00ba 11.236, que institui a comiss\u00e3o organizadora do certame. A Secretaria de Estado de Meio Ambiente e Desenvolvimento Sustent\u00e1vel de Minas Gerais n\u00e3o realiza concurso h\u00e1 13 anos, e a medida marca o in\u00edcio dos preparativos para um novo edital.<\/p>\n\n\n\n<p>A sele\u00e7\u00e3o contemplar\u00e1 os cargos de Gestor Ambiental, T\u00e9cnico Ambiental, Analista Ambiental, Analista Fiscal de Regula\u00e7\u00e3o de Servi\u00e7os P\u00fablicos e Gestor de Regula\u00e7\u00e3o de Servi\u00e7os P\u00fablicos, com oportunidades para n\u00edveis m\u00e9dio e superior. O n\u00famero de vagas ainda n\u00e3o foi divulgado.<\/p>\n\n\n\n<p>Composta por 11 servidores, a comiss\u00e3o ser\u00e1 respons\u00e1vel por elaborar o termo de refer\u00eancia, definir as etapas do concurso e acompanhar a contrata\u00e7\u00e3o da banca organizadora. A forma\u00e7\u00e3o do grupo indica avan\u00e7o nos tr\u00e2mites e refor\u00e7a a expectativa de publica\u00e7\u00e3o do edital nos pr\u00f3ximos meses. Ficou interessado (a)? Continue comigo e saiba todas as atualiza\u00e7\u00f5es do concurso Semad MG. <\/p>\n\n\n\n<h2 class=\"wp-block-heading\" id=\"concurso-semad-mg-situao-atual-\">Concurso Semad MG: Situa\u00e7\u00e3o atual <\/h2>\n\n\n\n<p>O concurso <strong>Semad MG<\/strong> entrou oficialmente no radar! No dia <strong>28 de fevereiro de 2026<\/strong>, foi publicada no Di\u00e1rio Oficial de Minas Gerais a <strong>Resolu\u00e7\u00e3o Conjunta SEPLAG\/SEMAD n\u00ba 11.236<\/strong>, que institui a comiss\u00e3o respons\u00e1vel pela prepara\u00e7\u00e3o do novo edital do certame, ap\u00f3s um hiato de <strong>13 anos sem concurso p\u00fablico para a secretaria<\/strong>.<\/p>\n\n\n\n<p>O pedido ainda ser\u00e1 organizado internamente pela comiss\u00e3o, que agora trabalha na elabora\u00e7\u00e3o do termo de refer\u00eancia e nas defini\u00e7\u00f5es das etapas do concurso p\u00fablico, incluindo minuta de edital, cronogramas e escolha da banca organizadora.<\/p>\n\n\n\n<p>A sele\u00e7\u00e3o tem previs\u00e3o de contemplar cargos tanto de <strong>n\u00edvel m\u00e9dio quanto de n\u00edvel superior<\/strong>, incluindo <strong>Gestor Ambiental, T\u00e9cnico Ambiental, Analista Ambiental, Gestor de Regula\u00e7\u00e3o de Servi\u00e7os P\u00fablicos e Analista Fiscal de Regula\u00e7\u00e3o de Servi\u00e7os P\u00fablicos<\/strong>, embora o n\u00famero de vagas ainda n\u00e3o tenha sido divulgado.<\/p>\n\n\n\n<p>Caso o concurso seja autorizado, as pr\u00f3ximas etapas dever\u00e3o envolver a publica\u00e7\u00e3o oficial do edital com todas as informa\u00e7\u00f5es sobre vagas, remunera\u00e7\u00e3o e provas, o que deve demandar alguns meses de tramita\u00e7\u00e3o. <\/p>\n\n\n\n<p>A forma\u00e7\u00e3o da comiss\u00e3o e o avan\u00e7o dos tr\u00e2mites administrativos refor\u00e7am a expectativa de que o novo concurso <strong>SEMAD MG possa ser publicado ainda em 2026<\/strong>, oferecendo oportunidades em diversas \u00e1reas ambientais e de regula\u00e7\u00e3o no estado de Minas Gerais.<\/p>\n\n\n\n<h2 class=\"wp-block-heading\" id=\"salrios-do-concurso-semad-mg\">Sal\u00e1rios do concurso Semad MG<\/h2>\n\n\n\n<p>At\u00e9 o momento, n\u00e3o h\u00e1 tabela oficial publicada com os sal\u00e1rios de 2026 para os cargos do pr\u00f3ximo concurso <a href=\"https:\/\/www.mg.gov.br\/instituicao_unidade\/secretaria-de-estado-de-meio-ambiente-e-desenvolvimento-sustentavel-semad\" target=\"_blank\" data-type=\"link\" data-id=\"https:\/\/www.mg.gov.br\/instituicao_unidade\/secretaria-de-estado-de-meio-ambiente-e-desenvolvimento-sustentavel-semad\" rel=\"noreferrer noopener\">Semad MG<\/a>. As refer\u00eancias mais recentes dispon\u00edveis s\u00e3o de processo seletivo simplificado realizado em 2024, no qual os cargos de Gestor Ambiental e Analista Ambiental contaram com vencimento b\u00e1sico de <strong>R$ 3.283,43<\/strong>, acrescido de<strong> gratifica\u00e7\u00e3o de R$ 1.433,82<\/strong>, al\u00e9m de ajuda de custo por dia trabalhado. Para os cargos de T\u00e9cnico Ambiental, Gestor de Regula\u00e7\u00e3o de Servi\u00e7os P\u00fablicos e Analista Fiscal de Regula\u00e7\u00e3o de Servi\u00e7os P\u00fablicos, ainda n\u00e3o h\u00e1 valores atualizados divulgados oficialmente. A remunera\u00e7\u00e3o definitiva dever\u00e1 constar no edital do novo concurso, conforme a estrutura remunerat\u00f3ria vigente do Estado de Minas Gerais.<\/p>\n\n\n\n<h2 class=\"wp-block-heading\" id=\"requisitos\">Requisitos<\/h2>\n\n\n\n<p>No \u00faltimo concurso Semad MG de 2013, o candidato deveria atender aos seguintes requisitos para investidura no cargo:<\/p>\n\n\n\n<ul class=\"wp-block-list\"><li>Ser brasileiro nato ou naturalizado, ou cidad\u00e3o portugu\u00eas em condi\u00e7\u00e3o de igualdade de direitos com os brasileiros; no caso de ser portugu\u00eas, comprovar a condi\u00e7\u00e3o de igualdade e gozo dos direitos pol\u00edticos, conforme o art. 12, \u00a7 1\u00ba da Constitui\u00e7\u00e3o da Rep\u00fablica.<\/li>\n\n\n\n<li>Estar em gozo dos direitos pol\u00edticos.<\/li>\n\n\n\n<li>Estar quite com as obriga\u00e7\u00f5es eleitorais.<\/li>\n\n\n\n<li>Estar quite com as obriga\u00e7\u00f5es do Servi\u00e7o Militar, quando se tratar de candidato do sexo masculino.<\/li>\n\n\n\n<li>Ter 18 anos completos at\u00e9 a data da posse.<\/li>\n\n\n\n<li>Ter aptid\u00e3o f\u00edsica e mental para o exerc\u00edcio das atribui\u00e7\u00f5es do cargo, a ser aferida em per\u00edcia m\u00e9dica oficial, realizada por unidade pericial competente, nos termos da legisla\u00e7\u00e3o vigente.<\/li>\n\n\n\n<li>Comprovar a escolaridade exigida para o cargo, por meio de diploma ou certificado de conclus\u00e3o de curso devidamente registrado, fornecido por institui\u00e7\u00e3o de ensino reconhecida pelo Minist\u00e9rio da Educa\u00e7\u00e3o (MEC).<\/li>\n\n\n\n<li>N\u00e3o ter sido demitido a bem do servi\u00e7o p\u00fablico nos \u00faltimos cinco anos, nos termos do par\u00e1grafo \u00fanico do art. 259 da Lei Estadual n\u00ba 869\/1952.<\/li>\n\n\n\n<li>O edital ainda estabelecia que o candidato que n\u00e3o reunisse os requisitos exigidos na data da posse perderia o direito \u00e0 investidura no cargo.<\/li>\n<\/ul><h2 class=\"wp-block-heading\" id=\"etapas-do-concurso-semad-mg-\">Etapas do concurso Semad MG <\/h2>\n\n\n\n<p>No \u00faltimo concurso Semad MG, regido pelo Edital n\u00ba 01\/2013, a organiza\u00e7\u00e3o ficou sob responsabilidade da Funda\u00e7\u00e3o Professor Carlos Augusto Bittencourt (FUNCAB). O certame foi composto por duas etapas, sendo<strong> Prova Objetiva de M\u00faltipla Escolha e Reda\u00e7\u00e3o<\/strong>, ambas de car\u00e1ter eliminat\u00f3rio e classificat\u00f3rio. A aplica\u00e7\u00e3o ocorreu no dia 10 de novembro de 2013,<strong> com dura\u00e7\u00e3o total de cinco horas<\/strong>.<\/p>\n\n\n\n<p>A Prova Objetiva contou com <strong>60 quest\u00f5es<\/strong> de m\u00faltipla escolha, cada uma com quatro alternativas, valendo 1 ponto por quest\u00e3o, totalizando 60 pontos. Para ser aprovado, o candidato precisava obter no m\u00ednimo 60% de acertos do total de quest\u00f5es. J\u00e1 a Reda\u00e7\u00e3o tamb\u00e9m teve car\u00e1ter eliminat\u00f3rio e classificat\u00f3rio, sendo aplicada no mesmo dia da prova objetiva.<\/p>\n\n\n\n<h2 class=\"wp-block-heading\" id=\"o-que-cai-na-prova-do-concurso-semad-mg\">O que cai na prova do concurso Semad MG?<\/h2>\n\n\n\n<p>Saiba o que cai na prova do concurso Semad MG, de acordo com o \u00faltimo edital de 2013:<\/p>\n\n\n\n<p><strong>L\u00edngua Portuguesa<\/strong><\/p>\n\n\n\n<ul class=\"wp-block-list\"><li>Interpreta\u00e7\u00e3o de texto<\/li>\n\n\n\n<li>Gram\u00e1tica<\/li>\n\n\n\n<li>Ortografia<\/li>\n\n\n\n<li>Concord\u00e2ncia<\/li>\n\n\n\n<li>Reg\u00eancia<\/li>\n\n\n\n<li>Pontua\u00e7\u00e3o<\/li>\n\n\n\n<li>Reda\u00e7\u00e3o oficial<\/li>\n<\/ul><p><strong>Legisla\u00e7\u00e3o Ambiental<\/strong><\/p>\n\n\n\n<ul class=\"wp-block-list\"><li>Pol\u00edtica Nacional do Meio Ambiente<\/li>\n\n\n\n<li>Sistema Nacional do Meio Ambiente (Sisnama)<\/li>\n\n\n\n<li>Licenciamento ambiental<\/li>\n\n\n\n<li>Infra\u00e7\u00f5es e san\u00e7\u00f5es administrativas ambientais<\/li>\n\n\n\n<li>Legisla\u00e7\u00e3o ambiental federal e estadual<\/li>\n<\/ul><p><strong>Gest\u00e3o P\u00fablica e No\u00e7\u00f5es de Direito<\/strong><\/p>\n\n\n\n<ul class=\"wp-block-list\"><li>Administra\u00e7\u00e3o P\u00fablica<\/li>\n\n\n\n<li>Princ\u00edpios constitucionais<\/li>\n\n\n\n<li>Atos administrativos<\/li>\n\n\n\n<li>Poderes administrativos<\/li>\n\n\n\n<li>Responsabilidade civil do Estado<\/li>\n\n\n\n<li>Processo administrativo<\/li>\n<\/ul><p><strong>Conhecimentos Espec\u00edficos<\/strong><\/p>\n\n\n\n<ul class=\"wp-block-list\"><li>Conte\u00fados t\u00e9cnicos relacionados \u00e0 \u00e1rea ambiental<\/li>\n\n\n\n<li>Gest\u00e3o ambiental<\/li>\n\n\n\n<li>Recursos h\u00eddricos<\/li>\n\n\n\n<li>Controle e fiscaliza\u00e7\u00e3o ambiental<\/li>\n\n\n\n<li>Temas espec\u00edficos conforme o cargo (Gestor Ambiental ou Analista Ambiental)<\/li>\n<\/ul><h2 class=\"wp-block-heading\" id=\"materiais-preparatrios-para-o-concurso-semad-mg\">Materiais preparat\u00f3rios para o concurso Semad MG<\/h2>\n\n\n\n<p>Estudar para o concurso Semad MG exige organiza\u00e7\u00e3o, const\u00e2ncia e um planejamento estrat\u00e9gico, especialmente diante do longo intervalo desde o \u00faltimo edital. A prepara\u00e7\u00e3o antecipada \u00e9 fundamental para construir uma base s\u00f3lida nas disciplinas de L\u00edngua Portuguesa, Legisla\u00e7\u00e3o Ambiental, Gest\u00e3o P\u00fablica e Conhecimentos Espec\u00edficos, tradicionalmente cobradas no certame.<\/p>\n\n\n\n<p>A <a href=\"https:\/\/www.novaconcursos.com.br\/\">Nova Concursos<\/a> disponibiliza materiais atualizados, organizados conforme o perfil das bancas e focados nos conte\u00fados mais relevantes para carreiras ambientais. Para quem precisa conciliar trabalho e estudos, contar com um material direcionado pode otimizar o tempo e tornar a rotina mais produtiva.<\/p>\n\n\n\n<p>Iniciar a prepara\u00e7\u00e3o antes da publica\u00e7\u00e3o do edital \u00e9 uma estrat\u00e9gia adotada por candidatos que buscam maior competitividade. Utilizar materiais estruturados e alinhados ao hist\u00f3rico do concurso pode contribuir para um desempenho mais consistente na prova.<\/p>\n\n\n\n<h3 class=\"wp-block-heading\">Assinatura Nova Concursos<\/h3>\n\n\n\n<p>Na Nova Concursos, voc\u00ea encontra uma metodologia objetiva, organizada e focada nos conte\u00fados mais cobrados em concursos da \u00e1rea ambiental. Com o <a href=\"https:\/\/aprovacao.novaconcursos.com.br\/assinatura\/?_gl=1*1xpq8nn*_gcl_aw*R0NMLjE3NzI1MzgxNDAuQ2p3S0NBaUFxcHJOQmhCNkVpd0FNZTN5aHNPbmxXOXA1aUFMaEY4MVRtZ1RucU9mR2hISWktdnpBblQtNTFQS3pJNU9sRk1MM29xbE5Cb0N5TlVRQXZEX0J3RQ..*_gcl_au*MTEzMzEyNTQwNC4xNzcwNjM5MTM3*_ga*MTczMjU3NDU2NS4xNzcwNjM5MTM3*_ga_JSHF1DKJSS*czE3NzI1MzUzOTckbzU0JGcxJHQxNzcyNTM5MzM2JGo1MiRsMCRoMA..*_ga_NZQ859YESC*czE3NzI1MzUzOTckbzU3JGcxJHQxNzcyNTM5MzM0JGo1OSRsMCRoMA..\">Plano do Especialista<\/a>, \u00e9 poss\u00edvel seguir um cronograma estruturado, com ciclos de estudo que ajudam a manter a regularidade e a evolu\u00e7\u00e3o no aprendizado.<\/p>\n\n\n\n<p>Al\u00e9m disso, a plataforma oferece suporte especializado e recursos pensados para facilitar a assimila\u00e7\u00e3o do conte\u00fado. A assinatura permite acesso a materiais completos e atualizados, proporcionando uma prepara\u00e7\u00e3o mais direcionada para o concurso Semad MG.<\/p>\n\n\n\n<h2 class=\"wp-block-heading\" id=\"sobre-a-semad-mg\">Sobre a Semad MG<\/h2>\n\n\n\n<p>A Secretaria de Estado de Meio Ambiente e Desenvolvimento Sustent\u00e1vel de Minas Gerais (Semad MG) \u00e9 o \u00f3rg\u00e3o respons\u00e1vel por formular, coordenar e executar as pol\u00edticas p\u00fablicas ambientais no \u00e2mbito estadual. Integrante do Sistema Estadual de Meio Ambiente e Recursos H\u00eddricos (Sisema), a secretaria atua no licenciamento ambiental, fiscaliza\u00e7\u00e3o, gest\u00e3o de recursos h\u00eddricos, controle da qualidade ambiental e promo\u00e7\u00e3o do desenvolvimento sustent\u00e1vel. A Semad tamb\u00e9m coordena entidades vinculadas, como a FEAM, o IEF e o IGAM, desempenhando papel estrat\u00e9gico na preserva\u00e7\u00e3o ambiental e na regula\u00e7\u00e3o de atividades potencialmente poluidoras em Minas Gerais.<\/p>","protected":false},"excerpt":{"rendered":"<p>Concurso Semad MG est\u00e1 com comiss\u00e3o formada e edital pode sair ainda em 2026! Venha saber todas as atualiza\u00e7\u00f5es do novo concurso!<\/p>\n","protected":false},"author":54701,"featured_media":305253,"comment_status":"closed","ping_status":"closed","sticky":false,"template":"","format":"standard","meta":{"_acf_changed":false,"footnotes":"","_wp_rev_ctl_limit":""},"categories":[44999],"tags":[],"class_list":["post-65926","post","type-post","status-publish","format-standard","has-post-thumbnail","hentry","category-concursos"],"acf":[],"_links":{"self":[{"href":"https:\/\/www.novaconcursos.com.br\/portal\/wp-json\/wp\/v2\/posts\/65926","targetHints":{"allow":["GET"]}}],"collection":[{"href":"https:\/\/www.novaconcursos.com.br\/portal\/wp-json\/wp\/v2\/posts"}],"about":[{"href":"https:\/\/www.novaconcursos.com.br\/portal\/wp-json\/wp\/v2\/types\/post"}],"author":[{"embeddable":true,"href":"https:\/\/www.novaconcursos.com.br\/portal\/wp-json\/wp\/v2\/users\/54701"}],"replies":[{"embeddable":true,"href":"https:\/\/www.novaconcursos.com.br\/portal\/wp-json\/wp\/v2\/comments?post=65926"}],"version-history":[{"count":4,"href":"https:\/\/www.novaconcursos.com.br\/portal\/wp-json\/wp\/v2\/posts\/65926\/revisions"}],"predecessor-version":[{"id":305299,"href":"https:\/\/www.novaconcursos.com.br\/portal\/wp-json\/wp\/v2\/posts\/65926\/revisions\/305299"}],"wp:featuredmedia":[{"embeddable":true,"href":"https:\/\/www.novaconcursos.com.br\/portal\/wp-json\/wp\/v2\/media\/305253"}],"wp:attachment":[{"href":"https:\/\/www.novaconcursos.com.br\/portal\/wp-json\/wp\/v2\/media?parent=65926"}],"wp:term":[{"taxonomy":"category","embeddable":true,"href":"https:\/\/www.novaconcursos.com.br\/portal\/wp-json\/wp\/v2\/categories?post=65926"},{"taxonomy":"post_tag","embeddable":true,"href":"https:\/\/www.novaconcursos.com.br\/portal\/wp-json\/wp\/v2\/tags?post=65926"}],"curies":[{"name":"wp","href":"https:\/\/api.w.org\/{rel}","templated":true}]}}