{"id":66061,"date":"2018-04-17T14:59:07","date_gmt":"2018-04-17T17:59:07","guid":{"rendered":"http:\/\/www.novaconcursos.com.br\/portal\/?p=66061"},"modified":"2021-01-28T15:34:54","modified_gmt":"2021-01-28T18:34:54","slug":"concurso-trt-rj-retifica-edital-e-altera-conteudo-programatico","status":"publish","type":"post","link":"https:\/\/www.novaconcursos.com.br\/portal\/noticias\/concurso-trt-rj-retifica-edital-e-altera-conteudo-programatico\/","title":{"rendered":"Concurso TRT RJ: Retifica edital e altera conte\u00fado program\u00e1tico!"},"content":{"rendered":"<p>Aten\u00e7\u00e3o concurseiros! O edital do concurso do <strong>TRT RJ (Tribunal Regional do Trabalho 1\u00aa Regi\u00e3o)<\/strong> foi retificado!<\/p>\n<p>O documento foi publicado no Di\u00e1rio Oficial da Uni\u00e3o e <strong>alterou o conte\u00fado program\u00e1tico<\/strong> do certame.<\/p>\n<p style=\"text-align: center;\"><span style=\"text-decoration: underline; color: #0000ff;\"><strong><a style=\"color: #0000ff; text-decoration: underline;\" href=\"https:\/\/www.novaconcursos.com.br\/concurso\/trt-rj-tribunal-regional-do-trabalho-1-regiao\/apostila?promo_name=trt-rj-blog&amp;promo_id=1&amp;promo_creative=link-retifica-edital-trt-rj&amp;promo_position=trt-rj\" target=\"_blank\" rel=\"noopener noreferrer\">\u00bb Prepare-se com a Apostila\u00a0TRT RJ + Curso\u00a0Portugu\u00eas (GR\u00c1TIS)\u00a0\u00ab<\/a><\/strong><\/span><\/p>\n<p>O conte\u00fado de <strong>No\u00e7\u00f5es de Inform\u00e1tica<\/strong>, integrante do grupo de Conhecimentos Gerais no concurso, <strong>foi revisado e certos itens foram retirados<\/strong>.<\/p>\n<p>Al\u00e9m disso, outros conte\u00fados de <strong>Conhecimentos Espec\u00edficos foram alterados<\/strong>.<\/p>\n<p><strong>O concurso<\/strong><\/p>\n<p>As inscri\u00e7\u00f5es ficam abertas at\u00e9 o dia <strong>19 de abril<\/strong>.<\/p>\n<p>Elas podem ser realizadas no site do <a href=\"http:\/\/www.institutoaocp.org.br\/concurso.jsp?id=181\" target=\"_blank\" rel=\"noopener noreferrer\"><span style=\"text-decoration: underline;\"><span style=\"color: #0000ff; text-decoration: underline;\">Instituto AOCP<\/span><\/span><\/a>, mediante pagamento de taxa de <strong>R$ 60,00 para o n\u00edvel m\u00e9dio e R$ 100,00 para o n\u00edvel superior<\/strong>.<\/p>\n<p>S\u00e3o <strong>10 oportunidades imediatas e a forma\u00e7\u00e3o de um cadastro reserva<\/strong>. <a href=\"https:\/\/www.novaconcursos.com.br\/portal\/concursos\/concurso-trt-rj-1a-regiao\/\" target=\"_blank\" rel=\"noopener noreferrer\">Confira todas as vagas<span style=\"text-decoration: underline;\"><span style=\"color: #0000ff; text-decoration: underline;\"> aqui!<\/span><\/span><\/a><\/p>\n<p>Os sal\u00e1rios variam de <strong>R$ 7.592,53 a R$ 15.164,03<\/strong>, j\u00e1 acrescidos de benef\u00edcios.<\/p>\n<p>As provas ser\u00e3o <strong>objetivas e discursiva<\/strong>s, sendo aplicadas no dia <strong>10 de junh<\/strong>o.<\/p>\n<p>As <strong>cidades que receber\u00e3o a prova<\/strong> s\u00e3o: Barra Mansa, Duque de Caxias, Maca\u00e9, Niter\u00f3i, Nova Igua\u00e7u, Rio de Janeiro, S\u00e3o Gon\u00e7alo e Volta Redonda.<\/p>\n<p>O <strong>conte\u00fado program\u00e1tico<\/strong> abrange L\u00edngua Portuguesa, Legisla\u00e7\u00e3o, No\u00e7\u00f5es de Inform\u00e1tica, No\u00e7\u00f5es de Direitos das Pessoas com Defici\u00eancia e Conhecimentos Espec\u00edficos.<\/p>\n<p><a href=\"https:\/\/www.novaconcursos.com.br\/portal\/concursos\/concurso-trt-rj-1a-regiao\/\" target=\"_blank\" rel=\"noopener noreferrer\">Confira todas as informa\u00e7\u00f5es na <strong><span style=\"text-decoration: underline;\"><span style=\"color: #0000ff; text-decoration: underline;\">\u00bb p\u00e1gina do concurso!\u00a0\u00ab<\/span><\/span><\/strong><\/a><\/p>\n<p style=\"text-align: center;\"><span style=\"text-decoration: underline;\"><span style=\"color: #0000ff;\"><strong><a style=\"color: #0000ff; text-decoration: underline;\" href=\"https:\/\/www.novaconcursos.com.br\/concurso\/trt-rj-tribunal-regional-do-trabalho-1-regiao\/apostila?promo_name=trt-rj-blog&amp;promo_id=1&amp;promo_creative=link-retifica-edital-trt-rj&amp;promo_position=trt-rj\" target=\"_blank\" rel=\"noopener noreferrer\">\u00bb Prepare-se com a Apostila\u00a0TRT RJ + Curso\u00a0Portugu\u00eas (GR\u00c1TIS)\u00a0\u00ab<\/a><\/strong><\/span><\/span><\/p>\n<p style=\"text-align: left;\">A\u00a0<span style=\"text-decoration: underline;\"><span style=\"color: #0000ff;\"><a style=\"color: #0000ff;\" href=\"https:\/\/www.novaconcursos.com.br\/?utm_source=blog&amp;utm_medium=smm&amp;utm_content=link-texto&amp;utm_campaign=home\" target=\"_blank\" rel=\"noopener noreferrer\"><strong>Nova\u00a0Concursos<\/strong><\/a><\/span><\/span>\u00a0tem ajudado h\u00e1 mais de 10 anos quem quer vencer a batalha do concurso p\u00fablico. Se voc\u00ea quer aumentar as suas chances de passar, conhe\u00e7a os nossos materiais, acessando o nosso site!<\/p>","protected":false},"excerpt":{"rendered":"<p>Aten\u00e7\u00e3o concurseiros! O edital do concurso do TRT RJ (Tribunal Regional do Trabalho 1\u00aa Regi\u00e3o) foi retificado! O documento foi publicado no Di\u00e1rio Oficial da Uni\u00e3o e alterou o conte\u00fado program\u00e1tico do certame. \u00bb Prepare-se com a Apostila\u00a0TRT RJ + Curso\u00a0Portugu\u00eas (GR\u00c1TIS)\u00a0\u00ab O conte\u00fado de No\u00e7\u00f5es de Inform\u00e1tica, integrante do grupo de Conhecimentos Gerais no [&hellip;]<\/p>\n","protected":false},"author":16,"featured_media":0,"comment_status":"closed","ping_status":"closed","sticky":false,"template":"","format":"standard","meta":{"_acf_changed":false,"footnotes":"","_wp_rev_ctl_limit":""},"categories":[228],"tags":[26322,26321,21062,26320],"class_list":["post-66061","post","type-post","status-publish","format-standard","hentry","category-noticias","tag-justica-rio-de-janeiro","tag-trt-1a-regiao","tag-trt-rj","tag-trt-rj-1a-regiao"],"acf":[],"_links":{"self":[{"href":"https:\/\/www.novaconcursos.com.br\/portal\/wp-json\/wp\/v2\/posts\/66061","targetHints":{"allow":["GET"]}}],"collection":[{"href":"https:\/\/www.novaconcursos.com.br\/portal\/wp-json\/wp\/v2\/posts"}],"about":[{"href":"https:\/\/www.novaconcursos.com.br\/portal\/wp-json\/wp\/v2\/types\/post"}],"author":[{"embeddable":true,"href":"https:\/\/www.novaconcursos.com.br\/portal\/wp-json\/wp\/v2\/users\/16"}],"replies":[{"embeddable":true,"href":"https:\/\/www.novaconcursos.com.br\/portal\/wp-json\/wp\/v2\/comments?post=66061"}],"version-history":[{"count":5,"href":"https:\/\/www.novaconcursos.com.br\/portal\/wp-json\/wp\/v2\/posts\/66061\/revisions"}],"predecessor-version":[{"id":113541,"href":"https:\/\/www.novaconcursos.com.br\/portal\/wp-json\/wp\/v2\/posts\/66061\/revisions\/113541"}],"wp:attachment":[{"href":"https:\/\/www.novaconcursos.com.br\/portal\/wp-json\/wp\/v2\/media?parent=66061"}],"wp:term":[{"taxonomy":"category","embeddable":true,"href":"https:\/\/www.novaconcursos.com.br\/portal\/wp-json\/wp\/v2\/categories?post=66061"},{"taxonomy":"post_tag","embeddable":true,"href":"https:\/\/www.novaconcursos.com.br\/portal\/wp-json\/wp\/v2\/tags?post=66061"}],"curies":[{"name":"wp","href":"https:\/\/api.w.org\/{rel}","templated":true}]}}