{"id":66385,"date":"2023-04-18T11:00:26","date_gmt":"2023-04-18T14:00:26","guid":{"rendered":"http:\/\/www.novaconcursos.com.br\/portal\/?post_type=nc-public-tender&#038;p=66385"},"modified":"2024-12-16T09:43:00","modified_gmt":"2024-12-16T12:43:00","slug":"concurso-prefeitura-de-santa-barbara-mg","status":"publish","type":"post","link":"https:\/\/www.novaconcursos.com.br\/portal\/concursos\/concurso-prefeitura-de-santa-barbara-mg\/","title":{"rendered":"Concurso Guarda Municipal de Santa B\u00e1rbara MG: Edital publicado, n\u00edvel m\u00e9dio!"},"content":{"rendered":"<p>\u00d3timas not\u00edcias, concurseiros! Saiu o edital do concurso da <strong>Prefeitura Municipal de Santa B\u00e1rbara<\/strong>, no Estado de Minas Gerais!<\/p>\n\n\n\n<p>A oferta \u00e9 de\u00a0<strong>10 vagas<\/strong> para cargo de Guarda Municipal, de n\u00edvel m\u00e9dio, com sal\u00e1rio a partir de <strong>R$ 1.827,29<\/strong>.<\/p>\n\n\n\n<p>Quer saber mais detalhes sobre o concurso? Navegue pelo \u00edndice abaixo<\/p>\n\n\n\n<h2 class=\"wp-block-heading\" id=\"inscries\">Inscri\u00e7\u00f5es<\/h2>\n\n\n\n<p>Os interessados no novo concurso da Guarda Municipal de Santa B\u00e1rbara\/MG saibam que as inscri\u00e7\u00f5es estar\u00e3o abertas do dia <strong>02 at\u00e9 o dia<\/strong> <strong>31 de maio de 2023 <\/strong>por meio do site do IBGP, banca organizadora do certame.<\/p>\n\n\n\n<p>Para efetivar a inscri\u00e7\u00e3o, \u00e9 necess\u00e1rio efetuar o pagamento da <strong>taxa <\/strong>no valor de R$90,00, at\u00e9 1\u00ba de junho.<\/p>\n\n\n\n<p>Haver\u00e1 a possibilidade de solicitar a <strong>isen\u00e7\u00e3o da taxa, <\/strong>das 09h do dia 2 at\u00e9 as 23h59 do dia 4 de maio, somente o candidato desempregado, amparado pelo Decreto Federal n\u00ba 6.593, de 2 de outubro de 2008.<\/p>\n\n\n\n<p>Estude para o concurso dos seus sonhos com o\u00a0<strong>M\u00e9todo<\/strong>\u00a0que j\u00e1 ajudou na\u00a0<strong>aprova\u00e7\u00e3o de mais de 70 mil alunos<\/strong>.\u00a0<a href=\"https:\/\/www.novaconcursos.com.br\/eventos\/assinatura?promo_creative=Clique+aqui&amp;promo_name=concurso&amp;promo_id=%2Fportal%2Fconcursos%2Fconcurso-uespi-edital-autorizado-160-vagas&amp;promo_position=corpo-texto\">Clique aqui<\/a> e saiba mais!<\/p>\n\n\n\n<h2 class=\"wp-block-heading\" id=\"vagas-cargos-e-salrios\">Vagas, cargos e sal\u00e1rios<\/h2>\n\n\n\n<p>O novo concurso da Guarda Municipal de <a href=\"https:\/\/www.novaconcursos.com.br\/portal\/concursos-abertos\/mg\/\" target=\"_blank\" rel=\"noopener\">Santa B\u00e1rbara\/MG<\/a>\u00a0oferta 10 vagas para o cargo de <strong>Guarda Civil Municipal<\/strong>, de n\u00edvel m\u00e9dio de escolaridade.<\/p>\n\n\n\n<p>Veja como ser\u00e1 a distribui\u00e7\u00e3o das vagas:<\/p>\n\n\n\n<figure class=\"wp-block-image\"><a href=\"https:\/\/www.novaconcursos.com.br\/portal\/wp-content\/uploads\/2023\/04\/Vagas-GCM-Santa-Barbara-1.png\"><img decoding=\"async\" width=\"704\" height=\"354\" src=\"https:\/\/www.novaconcursos.com.br\/portal\/wp-content\/uploads\/2023\/04\/Vagas-GCM-Santa-Barbara-1.png\" alt=\"Vagas GCM Santa Barbara\" class=\"wp-image-191029\" loading=\"lazy\" title=\"\" srcset=\"https:\/\/www.novaconcursos.com.br\/portal\/wp-content\/uploads\/2023\/04\/Vagas-GCM-Santa-Barbara-1-300x151.png 300w, https:\/\/www.novaconcursos.com.br\/portal\/wp-content\/uploads\/2023\/04\/Vagas-GCM-Santa-Barbara-1.png 704w\" sizes=\"auto, (max-width: 480px) 100vw, (max-width: 768px) 100vw, (max-width: 1200px) 70vw, 768px\"><\/a><\/figure><p>Os candidatos <strong>aprovados<\/strong> far\u00e3o jus ao sal\u00e1rio inicial de R$ 1.827,29 + R$ 300,00 de cart\u00e3o alimenta\u00e7\u00e3o, sendo assim, a remunera\u00e7\u00e3o mensal a receber \u00e9 de <strong>R$ 2.127,29,<\/strong> para uma jornada de trabalho de 40h semanais.<\/p>\n\n\n\n<h2 class=\"wp-block-heading\" id=\"requisitos\">Requisitos<\/h2>\n\n\n\n<p>Para tomar posse no cargo, o candidato dever\u00e1 atender aos seguintes requisitos b\u00e1sicos:<\/p>\n\n\n\n<ul class=\"wp-block-list\"><li>Ensino m\u00e9dio completo; e<\/li>\n\n\n\n<li>Idade <strong>m\u00ednima de 18 anos na data da posse ou idade m\u00e1xima de 35 anos de idade<\/strong> na data da inscri\u00e7\u00e3o para o cargo.<\/li>\n<\/ul><p>Tamb\u00e9m ser\u00e3o necess\u00e1rios alguns requisitos adicionais:<\/p>\n\n\n\n<ul class=\"wp-block-list\"><li>Aptid\u00e3o f\u00edsica, mental e psicol\u00f3gica, aferidas mediante testes e avalia\u00e7\u00f5es espec\u00edficas;<\/li>\n\n\n\n<li>Idoneidade moral comprovada por investiga\u00e7\u00e3o social e certid\u00f5es expedidas perante o Poder Judici\u00e1rio estadual, federal e distrital;<\/li>\n\n\n\n<li>Aprova\u00e7\u00e3o em treinamento espec\u00edfico, conforme dispuser o regulamento.<\/li>\n<\/ul><h2 class=\"wp-block-heading\" id=\"atribuies\">Atribui\u00e7\u00f5es<\/h2>\n\n\n\n<p>Conhe\u00e7a algumas das <strong>responsabilidades<\/strong> do Guarda Municipal:<\/p>\n\n\n\n<ul class=\"wp-block-list\"><li>Zelar pelos bens, equipamentos e pr\u00e9dios p\u00fablicos do Munic\u00edpio de Santa B\u00e1rbara;<\/li>\n\n\n\n<li>Prevenir e inibir, pela presen\u00e7a e vigil\u00e2ncia, bem como coibir, infra\u00e7\u00f5es penais ou administrativas e atos infracionais que atentem contra os bens, servi\u00e7os e instala\u00e7\u00f5es municipais;<\/li>\n\n\n\n<li>Atuar, preventiva e permanentemente, no territ\u00f3rio do Munic\u00edpio, para a prote\u00e7\u00e3o sist\u00eamica da popula\u00e7\u00e3o que utiliza os bens, servi\u00e7os e instala\u00e7\u00f5es municipais;<\/li>\n\n\n\n<li>Atuar na opera\u00e7\u00e3o de sistema de videomonitoramento;<\/li>\n\n\n\n<li>Colaborar, de forma integrada com os \u00f3rg\u00e3os de seguran\u00e7a p\u00fablica, em a\u00e7\u00f5es conjuntas que contribuam com a paz social no munic\u00edpio;<\/li>\n\n\n\n<li>Colaborar com a pacifica\u00e7\u00e3o de conflitos que seus integrantes presenciarem, atentando para o respeito aos direitos humanos fundamentais das pessoas;<\/li>\n\n\n\n<li>Exercer as compet\u00eancias de tr\u00e2nsito que lhes forem conferidas, nas vias e logradouros municipais, nos termos da Lei Federal n\u00ba 9.503\/1997 (C\u00f3digo de Tr\u00e2nsito Brasileiro), ou de forma concorrente, mediante conv\u00eanio celebrado com \u00f3rg\u00e3o de tr\u00e2nsito estadual ou municipal;<\/li>\n\n\n\n<li>Proteger o patrim\u00f4nio ecol\u00f3gico, hist\u00f3rico, cultural, arquitet\u00f4nico e ambiental do Munic\u00edpio, inclusive adotando medidas educativas e preventivas;<\/li>\n\n\n\n<li>Cooperar com os demais \u00f3rg\u00e3os de defesa civil em suas atividades.<\/li>\n<\/ul><h2 class=\"wp-block-heading\" id=\"etapas-de-seleo\">Etapas de sele\u00e7\u00e3o<\/h2>\n\n\n\n<p>Os candidatos ao concurso da Guarda Municipal de Santa B\u00e1rbara ser\u00e3o avaliados em <strong>5 etapas<\/strong>, sendo elas:<\/p>\n\n\n\n<ul class=\"wp-block-list\"><li>Prova Objetiva;<\/li>\n\n\n\n<li>Teste de Aptid\u00e3o F\u00edsica;<\/li>\n\n\n\n<li>Avalia\u00e7\u00e3o Psicol\u00f3gica;<\/li>\n\n\n\n<li>Sindic\u00e2ncia Social;<\/li>\n\n\n\n<li>Avalia\u00e7\u00e3o M\u00e9dico<\/li>\n<\/ul><h3 class=\"wp-block-heading\">Prova Objetiva<\/h3>\n\n\n\n<p>As provas objetivas, de car\u00e1ter eliminat\u00f3rio e classificat\u00f3rio, ser\u00e3o realizadas no dia\u00a0<strong>02 de julho de 2023, <\/strong>e contar\u00e1 com 40 quest\u00f5es de m\u00faltipla escolha e valer\u00e1 100 pontos.<\/p>\n\n\n\n<p>Confira como as quest\u00f5es ser\u00e3o distribu\u00eddas:<\/p>\n\n\n\n<figure class=\"wp-block-image\"><a href=\"https:\/\/www.novaconcursos.com.br\/portal\/wp-content\/uploads\/2023\/04\/Prova-objetiva-GCM-Santa-Barbara.png\"><img decoding=\"async\" width=\"648\" height=\"173\" src=\"https:\/\/www.novaconcursos.com.br\/portal\/wp-content\/uploads\/2023\/04\/Prova-objetiva-GCM-Santa-Barbara.png\" alt=\"Prova objetiva GCM Santa Barbara\" class=\"wp-image-191036\" loading=\"lazy\" title=\"\" srcset=\"https:\/\/www.novaconcursos.com.br\/portal\/wp-content\/uploads\/2023\/04\/Prova-objetiva-GCM-Santa-Barbara-300x80.png 300w, https:\/\/www.novaconcursos.com.br\/portal\/wp-content\/uploads\/2023\/04\/Prova-objetiva-GCM-Santa-Barbara.png 648w\" sizes=\"auto, (max-width: 480px) 100vw, (max-width: 768px) 100vw, (max-width: 1200px) 70vw, 768px\"><\/a><\/figure><p>Ser\u00e1 <strong>reprovado<\/strong> na prova objetiva o candidato que tiver uma taxa de acertos inferior a 50%.<\/p>\n\n\n\n<h3 class=\"wp-block-heading\">Teste de Aptid\u00e3o F\u00edsica<\/h3>\n\n\n\n<p>O TAF, de car\u00e1ter eliminat\u00f3rio, ser\u00e1 realizado para candidatos da ampla concorr\u00eancia e pessoas com defici\u00eancia (PcD), consistindo nas seguintes modalidades:<\/p>\n\n\n\n<ul class=\"wp-block-list\"><li><strong>Aer\u00f3bico \u2013 Corrida de resist\u00eancia;<\/strong>\n<ul class=\"wp-block-list\"><li>Masculino \u2013 2.400 metros em 12 minutos<\/li>\n\n\n\n<li>Feminino \u2013\u00a0 2.000 metros em 15 minutos<\/li>\n<\/ul><\/li>\n\n\n\n<li><strong>For\u00e7a muscular<\/strong>\n<ul class=\"wp-block-list\"><li>Masculino \u2013 Flex\u00e3o e Extens\u00e3o na barra fixa<\/li>\n\n\n\n<li>Feminino \u2013 Isometria\n<ul class=\"wp-block-list\"><li>Flex\u00e3o abdominal;<\/li>\n\n\n\n<li>Teste de Agilidade (Shuttle Run).<\/li>\n<\/ul><\/li>\n<\/ul><\/li>\n<\/ul><p>O candidato que deixar de comparecer a essa etapa, sob qualquer motivo, ser\u00e1 <strong>eliminado<\/strong> do concurso p\u00fablico.<\/p>\n\n\n\n<h3 class=\"wp-block-heading\">Avalia\u00e7\u00e3o Psicol\u00f3gica<\/h3>\n\n\n\n<p>De car\u00e1ter eliminat\u00f3rio, esta etapa ter\u00e1 por finalidade avaliar de forma objetiva e padronizada, as caracter\u00edsticas psicol\u00f3gicas, a estrutura e a din\u00e2mica da personalidade do candidato, verificando-se se ele apresenta o <strong>perfil adequado<\/strong> para o exerc\u00edcio das atividades inerentes ao cargo de Guarda Civil Municipal.<\/p>\n\n\n\n<p>A Avalia\u00e7\u00e3o Psicol\u00f3gica dever\u00e1 compreender, no m\u00ednimo, as seguintes caracter\u00edsticas cognitivas:<\/p>\n\n\n\n<ul class=\"wp-block-list\"><li><strong>Intelig\u00eancia Geral<\/strong>\n<ul class=\"wp-block-list\"><li>capacidade de identificar e lidar com problemas simultaneamente, discriminando partes de um todo, englobando-as em uma percep\u00e7\u00e3o geral;<\/li>\n<\/ul><\/li>\n\n\n\n<li><strong>Aptid\u00e3o Aten\u00e7\u00e3o Difusa\/Concentrada<\/strong>\n<ul class=\"wp-block-list\"><li>investigar, avaliar, classificar e padronizar as fun\u00e7\u00f5es mentais relacionadas ao campo cognitivo, representadas basicamente pelos sistemas atentivos, mem\u00f3ria e racioc\u00ednio l\u00f3gico;<\/li>\n<\/ul><\/li>\n\n\n\n<li><strong>Personalidade Agressividade<\/strong>\n<ul class=\"wp-block-list\"><li>for\u00e7a propulsora que leva o indiv\u00edduo a uma atitude de afirma\u00e7\u00e3o e dom\u00ednio pessoal perante qualquer situa\u00e7\u00e3o;<\/li>\n<\/ul><\/li>\n\n\n\n<li><strong>Emotividade<\/strong>\n<ul class=\"wp-block-list\"><li>rea\u00e7\u00e3o de emerg\u00eancia que se produz quando o organismo n\u00e3o tem pautas preestabelecidas para reagir normalmente ante uma situa\u00e7\u00e3o;<\/li>\n<\/ul><\/li>\n\n\n\n<li><strong>Impulsividade<\/strong>\n<ul class=\"wp-block-list\"><li>a\u00e7\u00e3o irrefletida que obedece ao impulso do momento;<\/li>\n<\/ul><\/li>\n\n\n\n<li><strong>Extrovers\u00e3o e Introvers\u00e3o<\/strong>\n<ul class=\"wp-block-list\"><li>n\u00edvel de energia ps\u00edquica dirigida para fora, em atitude de doa\u00e7\u00e3o, de exterioriza\u00e7\u00e3o associado a um estado de excita\u00e7\u00e3o ou para dentro, de interioriza\u00e7\u00e3o associado a um estado de inibi\u00e7\u00e3o com reten\u00e7\u00e3o do conte\u00fado ps\u00edquico;<\/li>\n<\/ul><\/li>\n\n\n\n<li><strong>Situa\u00e7\u00f5es Novas<\/strong>\n<ul class=\"wp-block-list\"><li>capacidade de reagir de modo apropriado \u00e0s situa\u00e7\u00f5es imprevistas que ocorrem no dia a dia de uma pessoa, n\u00e3o comprometendo a integridade f\u00edsica e nem de outrem;<\/li>\n<\/ul><\/li>\n\n\n\n<li><strong>Sociabilidade<\/strong>\n<ul class=\"wp-block-list\"><li>capacidade para estabelecer relacionamentos interpessoais de forma cort\u00eas, criando-se um clima de confian\u00e7a, cordialidade, defer\u00eancia e respeito m\u00fatuo;<\/li>\n<\/ul><\/li>\n\n\n\n<li><strong>T\u00f4nus Vital<\/strong>\n<ul class=\"wp-block-list\"><li>energia vital dispon\u00edvel e circulante em certo momento da vida, representando-se uma medida do potencial biol\u00f3gico capaz de ser liberado ante qualquer situa\u00e7\u00e3o ou emerg\u00eancia, bem como capacidade de organiza\u00e7\u00e3o e planejamento, ritmo e produtividade.<\/li>\n<\/ul><\/li>\n<\/ul><h3 class=\"wp-block-heading\">Sindic\u00e2ncia Social<\/h3>\n\n\n\n<p>Esta quarta etapa de sele\u00e7\u00e3o do certame \u00e9 de car\u00e1ter <strong>eliminat\u00f3rio,<\/strong> e ser\u00e1 realizada com os candidatos que forem considerados aptos na fase anterior.<\/p>\n\n\n\n<p>A sindic\u00e2ncia ser\u00e1 a respeito do candidato e ser\u00e1 realizada de forma reservada e procedida pela banca examinadora (IBGP).<\/p>\n\n\n\n<p>A Investiga\u00e7\u00e3o de Conduta Social consistir\u00e1 na apura\u00e7\u00e3o, comprova\u00e7\u00e3o da aus\u00eancia de antecedentes criminais, relativos a crimes, cuja punibilidade n\u00e3o esteja extinta e n\u00e3o tenha corrido a reabilita\u00e7\u00e3o.<\/p>\n\n\n\n<p>Ser\u00e1 <strong>eliminado<\/strong> do concurso, o candidato que, mesmo aprovado em todas as demais etapas, seja considerado contraindicado nesta fase.<\/p>\n\n\n\n<h3 class=\"wp-block-heading\">Avalia\u00e7\u00e3o M\u00e9dica<\/h3>\n\n\n\n<p>De car\u00e1ter eliminat\u00f3rio, a avalia\u00e7\u00e3o m\u00e9dica contar\u00e1 com a <strong>apresenta\u00e7\u00e3o de documentos e exames estabelecidos<\/strong> no edital.<\/p>\n\n\n\n<p>Confira quais s\u00e3o eles:<\/p>\n\n\n\n<ul class=\"wp-block-list\"><li>Hemograma total;<\/li>\n\n\n\n<li>Creatinina;<\/li>\n\n\n\n<li>TGO, TGP e Gama GT;<\/li>\n\n\n\n<li>Glicemia de jejum;<\/li>\n\n\n\n<li>Urina rotina;<\/li>\n\n\n\n<li>Contagem de plaquetas;<\/li>\n\n\n\n<li>Eletrocardiograma (ECG) com laudo;<\/li>\n\n\n\n<li>Laudo da Radiografia de t\u00f3rax (incid\u00eancia PA Padr\u00e3o OIT);<\/li>\n\n\n\n<li>Avalia\u00e7\u00e3o de sa\u00fade mental com laudo emitido por especialista (psiquiatra);<\/li>\n\n\n\n<li>Acuidade visual com laudo;<\/li>\n\n\n\n<li>Teste ergom\u00e9trico;<\/li>\n\n\n\n<li>Audiometria Tonal;<\/li>\n\n\n\n<li>Exame Toxicol\u00f3gico.<\/li>\n<\/ul><h2 class=\"wp-block-heading\" id=\"ltimo-concurso\">\u00daltimo Concurso<\/h2>\n\n\n\n<p>O \u00faltimo concurso da Prefeitura de Santa B\u00e1rbara\/MG, aconteceu em <strong>2018<\/strong> e contou com 136 vagas, sendo:<\/p>\n\n\n\n<ul class=\"wp-block-list\"><li><strong>N\u00edvel Fundamental<\/strong>\n<ul class=\"wp-block-list\"><li>Auxiliar de Servi\u00e7os;<\/li>\n\n\n\n<li>Vigilante;<\/li>\n\n\n\n<li>Agente Social;<\/li>\n\n\n\n<li>Motorista; e<\/li>\n\n\n\n<li>Operador de M\u00e1quinas.<\/li>\n<\/ul><\/li>\n<\/ul><ul class=\"wp-block-list\"><li><strong>N\u00edvel M\u00e9dio e T\u00e9cnico<\/strong>\n<ul class=\"wp-block-list\"><li>Escritur\u00e1rio;<\/li>\n\n\n\n<li>Fiscal Municipal;<\/li>\n\n\n\n<li>Monitor de Turismo;<\/li>\n\n\n\n<li>Regente de Esportes;<\/li>\n\n\n\n<li>Secret\u00e1rio Escolar;<\/li>\n\n\n\n<li>T\u00e9cnico em:\n<ul class=\"wp-block-list\"><li>Edifica\u00e7\u00f5es;<\/li>\n\n\n\n<li>Enfermagem; e<\/li>\n\n\n\n<li>Sa\u00fade Bucal.<\/li>\n<\/ul><\/li>\n<\/ul><\/li>\n<\/ul><ul class=\"wp-block-list\"><li><strong>N\u00edvel Superior<\/strong>\n<ul class=\"wp-block-list\"><li>Assistente Social;<\/li>\n\n\n\n<li>Auditor;<\/li>\n\n\n\n<li>Bibliotec\u00e1rio;<\/li>\n\n\n\n<li>Contador;<\/li>\n\n\n\n<li>Dentista PSF;<\/li>\n\n\n\n<li>Educador F\u00edsico;<\/li>\n\n\n\n<li>Enfermeiro;<\/li>\n\n\n\n<li>Engenheiro Ambiental;<\/li>\n\n\n\n<li>Engenheiro Civil;<\/li>\n\n\n\n<li>Fisioterapeuta;<\/li>\n\n\n\n<li>Fonoaudi\u00f3logo;<\/li>\n\n\n\n<li>M\u00e9dico:\n<ul class=\"wp-block-list\"><li>Cardiologista;<\/li>\n\n\n\n<li>Cl\u00ednico Geral\/PSF;<\/li>\n\n\n\n<li>Ginecologista\/Obstetra;<\/li>\n\n\n\n<li>Psiquiatra;<\/li>\n<\/ul><\/li>\n\n\n\n<li>M\u00e9dico Veterin\u00e1rio;<\/li>\n\n\n\n<li>Nutricionista;<\/li>\n\n\n\n<li>Professor de Educa\u00e7\u00e3o B\u00e1sica II nas disciplinas de:\n<ul class=\"wp-block-list\"><li>Artes;<\/li>\n\n\n\n<li>Ensino Religioso;<\/li>\n\n\n\n<li>Hist\u00f3ria;<\/li>\n\n\n\n<li>Matem\u00e1tica;<\/li>\n<\/ul><\/li>\n\n\n\n<li>Psic\u00f3logo;<\/li>\n\n\n\n<li>Terapeuta Ocupacional; e<\/li>\n\n\n\n<li>Turism\u00f3logo.<\/li>\n<\/ul><\/li>\n<\/ul><p>A remunera\u00e7\u00e3o dos aprovados variou de <strong>R$ 954,00 a R$ 15.430,50<\/strong>, para jornadas de trabalho de at\u00e9\u00a040 horas\u00a0semanais.<\/p>\n\n\n\n<p><span style=\"color: #000000;\"><strong>Etapas de Sele\u00e7\u00e3o<\/strong><\/span><\/p>\n\n\n\n<p>Todos os candidatos foram <strong>avaliados<\/strong> por meio de prova objetiva.<\/p>\n\n\n\n<p>Para os cargos de n\u00edvel superior houve ainda<strong> prova de t\u00edtulos<\/strong>, de car\u00e1ter classificat\u00f3rio.<\/p>","protected":false},"excerpt":{"rendered":"<p>\u00d3timas not\u00edcias, concurseiros! Saiu o edital do novo concurso p\u00fablico da Prefeitura Municipal de Santa B\u00e1rbara, no Estado de Minas Gerais!<\/p>\n<p>A oferta \u00e9 de\u00a010 vagas para cargo de Guarda Municipal, de n\u00edvel m\u00e9dio com sal\u00e1rios de R$ 1.827,29!<\/p>\n","protected":false},"author":16,"featured_media":191047,"comment_status":"closed","ping_status":"closed","sticky":false,"template":"","format":"standard","meta":{"_acf_changed":false,"footnotes":"","_wp_rev_ctl_limit":""},"categories":[44999],"tags":[],"class_list":["post-66385","post","type-post","status-publish","format-standard","has-post-thumbnail","hentry","category-concursos"],"acf":[],"_links":{"self":[{"href":"https:\/\/www.novaconcursos.com.br\/portal\/wp-json\/wp\/v2\/posts\/66385","targetHints":{"allow":["GET"]}}],"collection":[{"href":"https:\/\/www.novaconcursos.com.br\/portal\/wp-json\/wp\/v2\/posts"}],"about":[{"href":"https:\/\/www.novaconcursos.com.br\/portal\/wp-json\/wp\/v2\/types\/post"}],"author":[{"embeddable":true,"href":"https:\/\/www.novaconcursos.com.br\/portal\/wp-json\/wp\/v2\/users\/16"}],"replies":[{"embeddable":true,"href":"https:\/\/www.novaconcursos.com.br\/portal\/wp-json\/wp\/v2\/comments?post=66385"}],"version-history":[{"count":30,"href":"https:\/\/www.novaconcursos.com.br\/portal\/wp-json\/wp\/v2\/posts\/66385\/revisions"}],"predecessor-version":[{"id":264515,"href":"https:\/\/www.novaconcursos.com.br\/portal\/wp-json\/wp\/v2\/posts\/66385\/revisions\/264515"}],"wp:featuredmedia":[{"embeddable":true,"href":"https:\/\/www.novaconcursos.com.br\/portal\/wp-json\/wp\/v2\/media\/191047"}],"wp:attachment":[{"href":"https:\/\/www.novaconcursos.com.br\/portal\/wp-json\/wp\/v2\/media?parent=66385"}],"wp:term":[{"taxonomy":"category","embeddable":true,"href":"https:\/\/www.novaconcursos.com.br\/portal\/wp-json\/wp\/v2\/categories?post=66385"},{"taxonomy":"post_tag","embeddable":true,"href":"https:\/\/www.novaconcursos.com.br\/portal\/wp-json\/wp\/v2\/tags?post=66385"}],"curies":[{"name":"wp","href":"https:\/\/api.w.org\/{rel}","templated":true}]}}