{"id":67417,"date":"2026-03-19T07:22:26","date_gmt":"2026-03-19T10:22:26","guid":{"rendered":"http:\/\/www.novaconcursos.com.br\/portal\/?post_type=nc-public-tender&#038;p=67417"},"modified":"2026-03-19T07:22:31","modified_gmt":"2026-03-19T10:22:31","slug":"concurso-assembleia-ro-ale-ro","status":"publish","type":"post","link":"https:\/\/www.novaconcursos.com.br\/portal\/concursos\/concurso-assembleia-ro-ale-ro\/","title":{"rendered":"Concurso Alero: Resultados divulgados! Iniciais de R$38 mil!"},"content":{"rendered":"<p>Aten\u00e7\u00e3o, concurseiro! O concurso Alero 2026 (Assembleia Legislativa do Estado de Rond\u00f4nia) teve os <strong>resultados preliminares da prova objetiva divulgados<\/strong>! As chances s\u00e3o para cargos de <strong>n\u00edvel m\u00e9dio (Assistente Legislativo) <\/strong>e<strong> superior<\/strong> <strong>(Consultor e Analista)<\/strong>. A sele\u00e7\u00e3o oferece sal\u00e1rios iniciais de at\u00e9<strong> R$ 24 mil<\/strong>, al\u00e9m de benef\u00edcios!<\/p>\n\n\n\n    <div class=\"nova-resumo-edital\">\n        <h2 class=\"nova-resumo-edital-title\" id=\"resumo-edital\">Resumo Edital<\/h2>\n        <ul class=\"nova-resumo-edital-list nova-menu\"><li>\n                <img decoding=\"async\" width=\"24\" height=\"24\" loading=\"lazy\" src=\"https:\/\/www.novaconcursos.com.br\/portal\/wp-content\/themes\/nova-theme\/includes\/assets\/img\/person.svg\" aria-hidden=\"true\" alt=\"\u00edcone pessoa\" title=\"\"><span>\n                    <b>Vagas: <\/b> 425\n                <\/span>\n            <\/li>\n            <li>\n                <img decoding=\"async\" width=\"24\" height=\"24\" loading=\"lazy\" src=\"https:\/\/www.novaconcursos.com.br\/portal\/wp-content\/themes\/nova-theme\/includes\/assets\/img\/inscricoes.svg\" aria-hidden=\"true\" alt=\"\u00edcone pessoa\" title=\"\"><span>\n                    <b>Per\u00edodo de inscri\u00e7\u00f5es: <\/b> 03\/11\/2025 a 04\/12\/2025\n                <\/span>\n            <\/li>\n            <li>\n                <img decoding=\"async\" width=\"24\" height=\"24\" loading=\"lazy\" src=\"https:\/\/www.novaconcursos.com.br\/portal\/wp-content\/themes\/nova-theme\/includes\/assets\/img\/taxa-inscricao.svg\" aria-hidden=\"true\" alt=\"\u00edcone pessoa\" title=\"\"><span>\n                    <b>Taxa de inscri\u00e7\u00e3o: <\/b> R$100,00 a R$180,00\n                <\/span>\n            <\/li>\n            <li>\n                <img decoding=\"async\" width=\"24\" height=\"24\" loading=\"lazy\" src=\"https:\/\/www.novaconcursos.com.br\/portal\/wp-content\/themes\/nova-theme\/includes\/assets\/img\/prova.svg\" aria-hidden=\"true\" alt=\"\u00edcone pessoa\" title=\"\"><span>\n                    <b>Prova: <\/b> 08\/02\/2026\n                <\/span>\n            <\/li>\n            <li>\n                <img decoding=\"async\" width=\"24\" height=\"24\" loading=\"lazy\" src=\"https:\/\/www.novaconcursos.com.br\/portal\/wp-content\/themes\/nova-theme\/includes\/assets\/img\/banca.svg\" aria-hidden=\"true\" alt=\"\u00edcone pessoa\" title=\"\"><span>\n                    <b>Banca: <\/b> fgv\n                <\/span>\n            <\/li>\n        <\/ul><div class=\"nova-resumo-edital-baixar\">\n            <a href=\"https:\/\/www.novaconcursos.com.br\/portal\/wp-content\/uploads\/2025\/10\/edital-concurso-ALERO.pdf\" rel=\"noopener\">\n                Baixe aqui o edital\n            <\/a>\n        <\/div>\n    <\/div>\n\n\n\n<p>O per\u00edodo para se candidatar se encerrou no dia<strong> 4 de dezembro<\/strong> e foram registradas mais de <strong>35 mil inscri\u00e7\u00f5es<\/strong>! A <strong>prova objetiva foi realizada no dia 8 de fevereiro<\/strong>. Essa \u00e9 uma excelente oportunidade para quem deseja estabilidade e boa remunera\u00e7\u00e3o no servi\u00e7o p\u00fablico. Se voc\u00ea ficou interessado(a), continue a leitura e confira todos os detalhes sobre o concurso Alero 2026.<\/p>\n\n\n\n<h2 class=\"wp-block-heading\" id=\"principais-datas-do-concurso-alero-2026\">Principais datas do concurso Alero 2026<\/h2>\n\n\n\n<p>Confira o cronograma do concurso Alero 2026 com as principais datas:<\/p>\n\n\n\n<ul class=\"wp-block-list\"><li><strong>Per\u00edodo de inscri\u00e7\u00f5es:<\/strong> 3 de novembro a 4 de dezembro de 2025<\/li>\n\n\n\n<li><strong>Solicita\u00e7\u00e3o de isen\u00e7\u00e3o da taxa de inscri\u00e7\u00e3o:<\/strong> 3 a 5 de novembro de 2025<\/li>\n\n\n\n<li><strong>\u00daltimo dia para pagamento da taxa de inscri\u00e7\u00e3o:<\/strong> 5 de dezembro de 2025<\/li>\n\n\n\n<li><strong>Aplica\u00e7\u00e3o da prova objetiva:<\/strong> 8 de fevereiro de 2026<\/li>\n\n\n\n<li><strong>Divulga\u00e7\u00e3o do Resultado Preliminar da Prova Escrita Discursiva: <\/strong>16 de abril de 2026<\/li>\n\n\n\n<li><strong>Envio dos T\u00edtulos pelos candidatos:<\/strong> 1 a 8 de abril de 2026<\/li>\n\n\n\n<li><strong>Divulga\u00e7\u00e3o do Resultado final com classifica\u00e7\u00e3o definitiva:<\/strong> 12 de junho de 2026<\/li>\n<\/ul><p>J\u00e1 foram divulgados os\u00a0<strong>resultados preliminares da prova objetiva<\/strong>. Os documentos foram disponibilizados pela FGV, banca organizadora do certame. O per\u00edodo para interposi\u00e7\u00e3o de recursos est\u00e1 marcado para\u00a0<strong>os dias 18 e 19 de mar\u00e7o\u00a0<\/strong>pelo portal da FGV.<\/p>\n\n\n\n<p>Confira o resultado final\u00a0<a href=\"https:\/\/www.novaconcursos.com.br\/portal\/wp-content\/uploads\/2026\/03\/442_alero-resultado-preliminar-prova-objetiva-2026-03-13.pdf\">aqui<\/a>!<\/p>\n\n\n\n<h3 class=\"wp-block-heading\">Retifica\u00e7\u00e3o divulgada<\/h3>\n\n\n\n<ul class=\"wp-block-list\"><li><a href=\"https:\/\/conhecimento.fgv.br\/sites\/default\/files\/concursos\/edital-alero2025-1a-retificacao.pdf\" data-type=\"link\" data-id=\"https:\/\/conhecimento.fgv.br\/sites\/default\/files\/concursos\/edital-alero2025-1a-retificacao.pdf\" target=\"_blank\" rel=\"noopener\">1\u00aa retifica\u00e7\u00e3o do edital<\/a>\u00a0com mudan\u00e7as nas inscri\u00e7\u00f5es, etapas, conte\u00fado program\u00e1tico e outras.<\/li>\n<\/ul><figure class=\"wp-block-embed is-type-video is-provider-youtube wp-block-embed-youtube wp-embed-aspect-16-9 wp-has-aspect-ratio\"><div class=\"wp-block-embed__wrapper\">\n<iframe loading=\"lazy\" title=\"Concurso ALE RO 2025: An\u00e1lise do Edital + Como Estudar \ud83d\udd14\" width=\"500\" height=\"281\" src=\"https:\/\/www.youtube.com\/embed\/5v_3D7A3QCM?feature=oembed\" frameborder=\"0\" allow=\"accelerometer; autoplay; clipboard-write; encrypted-media; gyroscope; picture-in-picture; web-share\" referrerpolicy=\"strict-origin-when-cross-origin\" allowfullscreen><\/iframe>\n<\/div><\/figure><h2 class=\"wp-block-heading\" id=\"como-foram-as-inscries-do-concurso-alero-2026\">Como foram as inscri\u00e7\u00f5es do concurso Alero 2026?<\/h2>\n\n\n\n<p>Os interessados em participar do concurso Alero 2026 puderam se inscrever at\u00e9 o dia<strong> 4 de dezembro de 2025<\/strong>, exclusivamente pelo site da <a href=\"https:\/\/conhecimento.fgv.br\/concursos\/alero25\" data-type=\"link\" data-id=\"https:\/\/conhecimento.fgv.br\/concursos\/alero25\" target=\"_blank\" rel=\"noreferrer noopener\">Funda\u00e7\u00e3o Getulio Vargas (FGV)<\/a>, banca organizadora respons\u00e1vel pelo certame.<\/p>\n\n\n\n<p>Para efetivar a inscri\u00e7\u00e3o, o candidato deveria preencher o formul\u00e1rio eletr\u00f4nico, indicar o munic\u00edpio de provas desejado e realizar o <strong>pagamento da taxa de inscri\u00e7\u00e3o<\/strong>, de acordo com o cargo pretendido:<\/p>\n\n\n\n<ul class=\"wp-block-list\"><li><strong>R$ 180,00<\/strong> para o cargo de <strong>Consultor Legislativo<\/strong>;<\/li>\n\n\n\n<li><strong>R$ 130,00<\/strong> para o cargo de <strong>Analista<\/strong>;<\/li>\n\n\n\n<li><strong>R$ 100,00<\/strong> para o cargo de <strong>Assistente<\/strong>.<\/li>\n<\/ul><p>O boleto banc\u00e1rio deveria ser pago at\u00e9 o dia <strong>5 de dezembro de 2025<\/strong>.<\/p>\n\n\n\n<h3 class=\"wp-block-heading\">Isen\u00e7\u00e3o da taxa de inscri\u00e7\u00e3o<\/h3>\n\n\n\n<p>O edital do concurso Alero 2026 tamb\u00e9m previu isen\u00e7\u00e3o total da taxa de inscri\u00e7\u00e3o, conforme a legisla\u00e7\u00e3o estadual, para candidatos que se enquadrassem em uma das seguintes situa\u00e7\u00f5es:<\/p>\n\n\n\n<ul class=\"wp-block-list\"><li>Doadores de sangue;<\/li>\n\n\n\n<li>Doadores de medula \u00f3ssea, \u00f3rg\u00e3os e\/ou tecidos;<\/li>\n\n\n\n<li>Eleitores convocados para prestar servi\u00e7o \u00e0 Justi\u00e7a Eleitoral;<\/li>\n\n\n\n<li>Inscritos no Cadastro \u00danico para Programas Sociais (Cad\u00danico) e membros de fam\u00edlia de baixa renda.<\/li>\n<\/ul><p>Os pedidos de isen\u00e7\u00e3o da taxa puderam ser realizados entre os dias <strong>3 e 5 de novembro de 2025<\/strong>.<\/p>\n\n\n\n<p>As solicita\u00e7\u00f5es s\u00e3o feitas exclusivamente pelo site da FGV, mediante o envio da documenta\u00e7\u00e3o comprobat\u00f3ria exigida.<\/p>\n\n\n\n<h2 class=\"wp-block-heading\" id=\"concorrncia-do-concurso-alero-2026\">Concorr\u00eancia do concurso Alero 2026<\/h2>\n\n\n\n<p>A FGV divulgou os dados oficiais de concorr\u00eancia do concurso Alero 2026. Ao todo, o certame registrou <strong>35.820 inscri\u00e7\u00f5es<\/strong>.<\/p>\n\n\n\n<p>Confira, a seguir, a demanda por vaga, conforme cargo e especialidade:<\/p>\n\n\n\n<p id=\"h-analista-legislativo\"><strong>Analista Legislativo<\/strong><\/p>\n\n\n\n<ul class=\"wp-block-list\"><li>Administra\u00e7\u00e3o: 1 vaga, 725 candidatos (725,00 por vaga)<\/li>\n\n\n\n<li>Apoio \u00e0 Advocacia: 7 vagas, 1.921 candidatos (274,43 por vaga)<\/li>\n\n\n\n<li>\u00c1rea Administrativa: 21 vagas, 3.340 candidatos (159,05 por vaga)<\/li>\n\n\n\n<li>Arquitetura: Cadastro Reserva (CR), 222 candidatos<\/li>\n\n\n\n<li>Arquivologia: 2 vagas, 43 candidatos (21,50 por vaga)<\/li>\n\n\n\n<li>Assist\u00eancia Social: Cadastro Reserva (CR), 264 candidatos<\/li>\n\n\n\n<li>Biblioteconomia: 1 vaga, 79 candidatos (79,00 por vaga)<\/li>\n\n\n\n<li>Comunica\u00e7\u00e3o Social \u2013 Jornalismo: 2 vagas, 123 candidatos (61,50 por vaga)<\/li>\n\n\n\n<li>Comunica\u00e7\u00e3o Social \u2013 Publicidade e Propaganda: 1 vaga, 54 candidatos (54,00 por vaga)<\/li>\n\n\n\n<li>Comunica\u00e7\u00e3o Social \u2013 Rela\u00e7\u00f5es P\u00fablicas: 1 vaga, 10 candidatos (10,00 por vaga)<\/li>\n\n\n\n<li>Contabilidade: 4 vagas, 566 candidatos (141,50 por vaga)<\/li>\n\n\n\n<li>Engenharia Civil: 1 vaga, 329 candidatos (329,00 por vaga)<\/li>\n\n\n\n<li>Engenharia de Computa\u00e7\u00e3o: 1 vaga, 39 candidatos (39,00 por vaga)<\/li>\n\n\n\n<li>Engenharia de Seguran\u00e7a do Trabalho: Cadastro Reserva (CR), 85 candidatos<\/li>\n\n\n\n<li>Engenharia El\u00e9trica: 1 vaga, 118 candidatos (118,00 por vaga)<\/li>\n\n\n\n<li>Engenharia Eletr\u00f4nica e Telecomunica\u00e7\u00e3o: 1 vaga, 13 candidatos (13,00 por vaga)<\/li>\n\n\n\n<li>Engenharia Mec\u00e2nica: 1 vaga, 39 candidatos (39,00 por vaga)<\/li>\n\n\n\n<li>Estat\u00edstica: 2 vagas, 17 candidatos (8,50 por vaga)<\/li>\n\n\n\n<li>Matem\u00e1tica: 1 vaga, 118 candidatos (118,00 por vaga)<\/li>\n\n\n\n<li>Pedagogia: 3 vagas, 1.059 candidatos (353,00 por vaga)<\/li>\n\n\n\n<li>Processo Legislativo: 4 vagas, 237 candidatos (59,25 por vaga)<\/li>\n\n\n\n<li>Psicologia: Cadastro Reserva (CR), 282 candidatos<\/li>\n\n\n\n<li>Reda\u00e7\u00e3o e Revis\u00e3o: 6 vagas, 320 candidatos (53,33 por vaga)<\/li>\n\n\n\n<li>Taquigrafia: 6 vagas, 146 candidatos (24,33 por vaga)<\/li>\n\n\n\n<li>TI \u2013 An\u00e1lise e Desenvolvimento de Sistemas: 2 vagas, 344 candidatos (172,00 por vaga)<\/li>\n\n\n\n<li>TI \u2013 Banco de Dados: 1 vaga, 99 candidatos (99,00 por vaga)<\/li>\n\n\n\n<li>TI \u2013 Infraestrutura de Redes e Comunica\u00e7\u00e3o: 4 vagas, 309 candidatos (77,25 por vaga)<\/li>\n<\/ul><p id=\"h-assistente-legislativo\"><strong>Assistente Legislativo<\/strong><\/p>\n\n\n\n<ul class=\"wp-block-list\"><li>Sem especialidade: 74 vagas, 20.779 candidatos (280,80 por vaga)<\/li>\n\n\n\n<li>T\u00e9cnico em Arquivo: 6 vagas, 115 candidatos (19,17 por vaga)<\/li>\n\n\n\n<li>T\u00e9cnico em Comunica\u00e7\u00e3o Visual: 2 vagas, 40 candidatos (20,00 por vaga)<\/li>\n\n\n\n<li>T\u00e9cnico em Contabilidade: 10 vagas, 455 candidatos (45,50 por vaga)<\/li>\n\n\n\n<li>T\u00e9cnico em Desenho de Constru\u00e7\u00e3o Civil: 3 vagas, 54 candidatos (18,00 por vaga)<\/li>\n\n\n\n<li>T\u00e9cnico em Edifica\u00e7\u00f5es: 2 vagas, 181 candidatos (90,50 por vaga)<\/li>\n\n\n\n<li>T\u00e9cnico em Eletroeletr\u00f4nica: 1 vaga, 35 candidatos (35,00 por vaga)<\/li>\n\n\n\n<li>T\u00e9cnico em Eletromec\u00e2nica\/Eletrot\u00e9cnica: 1 vaga, 226 candidatos (226,00 por vaga)<\/li>\n\n\n\n<li>T\u00e9cnico em Inform\u00e1tica: 8 vagas, 933 candidatos (116,63 por vaga)<\/li>\n\n\n\n<li>T\u00e9cnico em Log\u00edstica: 4 vagas, 190 candidatos (47,50 por vaga)<\/li>\n\n\n\n<li>T\u00e9cnico em Produ\u00e7\u00e3o de \u00c1udio e V\u00eddeo: 9 vagas, 119 candidatos (13,22 por vaga)<\/li>\n\n\n\n<li>T\u00e9cnico em Seguran\u00e7a do Trabalho: Cadastro Reserva (CR), 116 candidatos<\/li>\n\n\n\n<li>T\u00e9cnico em Tradu\u00e7\u00e3o e Interpreta\u00e7\u00e3o de Libras: 4 vagas, 104 candidatos (26,00 por vaga)<\/li>\n<\/ul><p id=\"h-consultor-legislativo\"><strong>Consultor Legislativo<\/strong><\/p>\n\n\n\n<ul class=\"wp-block-list\"><li>Assessoramento em Or\u00e7amento: 1 vaga, 465 candidatos (465,00 por vaga)<\/li>\n\n\n\n<li>Assessoramento Legislativo: 1 vaga, 1.107 candidatos (1.107,00 por vaga)<\/li>\n<\/ul><h2 class=\"wp-block-heading\" id=\"cargos-e-vagas\">Cargos e vagas<\/h2>\n\n\n\n<p>O concurso Alero 2026 oferece <strong>425 vagas<\/strong>, sendo <strong>200 imediatas<\/strong> e 225 destinadas \u00e0 forma\u00e7\u00e3o de cadastro de reserva, distribu\u00eddas entre cargos de <strong>n\u00edvel m\u00e9dio<\/strong> e <strong>n\u00edvel superior<\/strong>.<\/p>\n\n\n\n<p>Confira a rela\u00e7\u00e3o completa:<\/p>\n\n\n\n<p><strong>N\u00edvel m\u00e9dio <\/strong><\/p>\n\n\n\n<p>Assistente Legislativo<\/p>\n\n\n\n<ul class=\"wp-block-list\"><li>Sem especialidade: 74 vagas imediatas e 30 de cadastro de reserva<\/li>\n\n\n\n<li>T\u00e9cnico em Arquivo: 6 vagas imediatas e 3 de cadastro de reserva<\/li>\n\n\n\n<li>T\u00e9cnico em Contabilidade: 10 vagas imediatas e 10 de cadastro de reserva<\/li>\n\n\n\n<li>T\u00e9cnico em Desenho de Constru\u00e7\u00e3o Civil: 3 vagas imediatas e 3 de cadastro de reserva<\/li>\n\n\n\n<li>T\u00e9cnico em Edifica\u00e7\u00f5es: 2 vagas imediatas e 3 de cadastro de reserva<\/li>\n\n\n\n<li>T\u00e9cnico em Eletromec\u00e2nica\/Eletrot\u00e9cnica: 1 vaga imediata e 3 de cadastro de reserva<\/li>\n\n\n\n<li>T\u00e9cnico em Inform\u00e1tica: 8 vagas imediatas e 12 de cadastro de reserva<\/li>\n\n\n\n<li>T\u00e9cnico em Log\u00edstica: 4 vagas imediatas e 2 de cadastro de reserva<\/li>\n\n\n\n<li>T\u00e9cnico em Produ\u00e7\u00e3o de \u00c1udio e V\u00eddeo: 9 vagas imediatas e 3 de cadastro de reserva<\/li>\n\n\n\n<li>T\u00e9cnico em Comunica\u00e7\u00e3o Visual: 2 vagas imediatas e 2 de cadastro de reserva<\/li>\n\n\n\n<li>T\u00e9cnico em Seguran\u00e7a do Trabalho: 1 vaga imediata e 1 de cadastro de reserva<\/li>\n\n\n\n<li>T\u00e9cnico em Tradu\u00e7\u00e3o e Interpreta\u00e7\u00e3o de Libras: 4 vagas imediatas e 4 de cadastro de reserva<\/li>\n<\/ul><p><strong>N\u00edvel superior<\/strong><\/p>\n\n\n\n<p>Consultor Legislativo<\/p>\n\n\n\n<ul class=\"wp-block-list\"><li>Assessoramento em Or\u00e7amento: 1 vaga imediata e 6 de cadastro de reserva<\/li>\n\n\n\n<li>Assessoramento Legislativo: 1 vaga imediata e 4 de cadastro de reserva<\/li>\n<\/ul><p>Analista Legislativo<\/p>\n\n\n\n<ul class=\"wp-block-list\"><li>\u00c1rea Administrativa: 21 vagas imediatas e 40 de cadastro de reserva<\/li>\n\n\n\n<li>Administra\u00e7\u00e3o: 1 vaga imediata e 3 de cadastro de reserva<\/li>\n\n\n\n<li>Arquitetura: 3 vagas de cadastro de reserva<\/li>\n\n\n\n<li>Arquivologia: 2 vagas imediatas e 3 de cadastro de reserva<\/li>\n\n\n\n<li>Assist\u00eancia Social: 3 vagas de cadastro de reserva<\/li>\n\n\n\n<li>Biblioteconomia: 1 vaga imediata e 3 vagas de cadastro de reserva<\/li>\n\n\n\n<li>Comunica\u00e7\u00e3o Social \u2013 Jornalismo: 2 vagas imediatas<\/li>\n\n\n\n<li>Comunica\u00e7\u00e3o Social \u2013 Rela\u00e7\u00f5es P\u00fablicas: 1 vaga imediata<\/li>\n\n\n\n<li>Comunica\u00e7\u00e3o Social \u2013 Publicidade e Propaganda: 1 vaga imediata<\/li>\n\n\n\n<li>Contabilidade: 4 vagas imediatas e 10 de cadastro de reserva<\/li>\n\n\n\n<li>Engenharia Civil: 1 vaga imediata e 3 de cadastro de reserva<\/li>\n\n\n\n<li>Engenharia de Seguran\u00e7a do Trabalho: 1 vaga de cadastro de reserva<\/li>\n\n\n\n<li>Engenharia de Computa\u00e7\u00e3o: 1 vaga imediata e 3 de cadastro de reserva<\/li>\n\n\n\n<li>Engenharia El\u00e9trica: 1 vaga imediata e 3 de cadastro de reserva<\/li>\n\n\n\n<li>Engenharia Eletr\u00f4nica e Telecomunica\u00e7\u00e3o: 1 vaga imediata e 3 de cadastro de reserva<\/li>\n\n\n\n<li>Engenharia Mec\u00e2nica: 1 vaga imediata e 3 de cadastro de reserva<\/li>\n\n\n\n<li>Estat\u00edstica: 2 vagas imediatas e 4 de cadastro de reserva<\/li>\n\n\n\n<li>Matem\u00e1tica: 1 vaga imediata e 2 de cadastro de reserva<\/li>\n\n\n\n<li>Pedagogia: 3 vagas imediatas e 2 de cadastro de reserva<\/li>\n\n\n\n<li>Processo Legislativo: 4 vagas imediatas e 8 de cadastro de reserva<\/li>\n\n\n\n<li>Apoio \u00e0 Advocacia-Geral: 7 vagas imediatas e 12 de cadastro de reserva<\/li>\n\n\n\n<li>Psicologia: 1 vaga de cadastro de reserva<\/li>\n\n\n\n<li>Reda\u00e7\u00e3o e Revis\u00e3o: 6 vagas imediatas e 4 de cadastro de reserva<\/li>\n\n\n\n<li>Taquigrafia: 6 vagas imediatas e 4 de cadastro de reserva<\/li>\n\n\n\n<li>Tecnologia da Informa\u00e7\u00e3o \u2013 An\u00e1lise e Desenvolvimento de Sistemas: 2 vagas imediatas e 3 de cadastro de reserva<\/li>\n\n\n\n<li>Tecnologia da Informa\u00e7\u00e3o \u2013 Banco de Dados: 1 vaga imediata e 3 de cadastro de reserva<\/li>\n\n\n\n<li>Tecnologia da Informa\u00e7\u00e3o \u2013 Infraestrutura de Redes e Comunica\u00e7\u00e3o: 4 vagas imediatas e 4 de cadastro de reserva<\/li>\n<\/ul><h2 class=\"wp-block-heading\" id=\"salrios-da-alero\">Sal\u00e1rios da Alero<\/h2>\n\n\n\n<p>Os sal\u00e1rios do concurso Alero 2026 s\u00e3o bastante atrativos e variam conforme o cargo e o n\u00edvel de escolaridade exigido, com remunera\u00e7\u00f5es iniciais que v\u00e3o de <strong>R$ 6.503,55<\/strong> a <strong>R$ 38.041,36<\/strong>.<\/p>\n\n\n\n<p>Para os cargos de <strong>n\u00edvel m\u00e9dio<\/strong>, o sal\u00e1rio inicial \u00e9 de <strong>R$ 6.503,55<\/strong>. Nessa faixa est\u00e3o inclu\u00eddos os cargos de Assistente Legislativo \u2013 Sem Especialidade e as especialidades de T\u00e9cnico em Desenho de Constru\u00e7\u00e3o Civil, Edifica\u00e7\u00f5es, Eletroeletr\u00f4nica, Log\u00edstica, Inform\u00e1tica, Produ\u00e7\u00e3o de \u00c1udio e V\u00eddeo, Seguran\u00e7a do Trabalho e Tradu\u00e7\u00e3o e Interpreta\u00e7\u00e3o de Libras.<\/p>\n\n\n\n<p>Os cargos de <strong>n\u00edvel superior<\/strong> t\u00eam remunera\u00e7\u00e3o inicial de <strong>R$ 9.575,93<\/strong>. Entre as especialidades est\u00e3o Administra\u00e7\u00e3o, Arquitetura, Arquivologia, Assist\u00eancia Social, Biblioteconomia, Comunica\u00e7\u00e3o Social (Jornalismo e Rela\u00e7\u00f5es P\u00fablicas), Contabilidade, Economia, diversas Engenharias, Estat\u00edstica, Matem\u00e1tica, Pedagogia, Processo Legislativo, Psicologia, Reda\u00e7\u00e3o e Revis\u00e3o, Taquigrafia e Tecnologia da Informa\u00e7\u00e3o (nas \u00e1reas de An\u00e1lise e Desenvolvimento de Sistemas, Banco de Dados e Infraestrutura de Redes).<\/p>\n\n\n\n<p>Para o cargo de Consultor Legislativo, que exige <strong>n\u00edvel superior<\/strong> com registro profissional, o sal\u00e1rio inicial \u00e9 de <strong>R$ 24.078,42<\/strong>. J\u00e1 para o cargo de Advogado, a remunera\u00e7\u00e3o \u00e9 a mais alta do quadro, alcan\u00e7ando R$ 38.041,36.<\/p>\n\n\n\n<p>Al\u00e9m dos sal\u00e1rios, os servidores da ALERO recebem benef\u00edcios adicionais, entre eles: aux\u00edlio-transporte no valor de <strong>R$ 200,00<\/strong>, aux\u00edlio-alimenta\u00e7\u00e3o de <strong>R$ 200,00<\/strong> e aux\u00edlio-sa\u00fade de <strong>R$ 600,00<\/strong>.<\/p>\n\n\n\n<h2 class=\"wp-block-heading\" id=\"requisitos-do-concurso-alero-2026\">Requisitos do concurso Alero 2026<\/h2>\n\n\n\n<p>Para ser aprovado no concurso Alero 2026, s\u00e3o exigidos os seguintes requisitos b\u00e1sicos:<\/p>\n\n\n\n<ul class=\"wp-block-list\"><li>Ter sido classificado no concurso p\u00fablico;<\/li>\n\n\n\n<li>Ter idade m\u00ednima de 18 anos completos;<\/li>\n\n\n\n<li>Ter nacionalidade brasileira ou portuguesa, desde que, no caso de nacionalidade portuguesa, haja o reconhecimento do gozo dos direitos pol\u00edticos;<\/li>\n\n\n\n<li>Estar em pleno gozo dos direitos pol\u00edticos e quite com as obriga\u00e7\u00f5es eleitorais e, se do sexo masculino, com as obriga\u00e7\u00f5es militares;<\/li>\n\n\n\n<li>Apresentar diploma ou certificado registrado do curso exigido para o cargo (n\u00edvel m\u00e9dio ou superior), emitido por institui\u00e7\u00e3o reconhecida pelo Minist\u00e9rio da Educa\u00e7\u00e3o (MEC);<\/li>\n\n\n\n<li>Ser considerado apto no exame admissional;<\/li>\n\n\n\n<li>Estar registrado e com a situa\u00e7\u00e3o regularizada junto ao respectivo conselho de classe, quando o cargo exigir;<\/li>\n\n\n\n<li>N\u00e3o estar cumprindo nem ter sofrido penalidade por pr\u00e1tica de improbidade administrativa ou san\u00e7\u00e3o por inidoneidade;<\/li>\n\n\n\n<li>N\u00e3o ter sido condenado a pena privativa de liberdade transitada em julgado.<\/li>\n<\/ul><p>Al\u00e9m disso, os cargos do concurso Alero 2026 possuem algumas exig\u00eancias em rela\u00e7\u00e3o a forma\u00e7\u00e3o. Confira:<\/p>\n\n\n\n<p><strong>Consultor Legislativo \u2013 Assessoramento Legislativo<\/strong><\/p>\n\n\n\n<ul class=\"wp-block-list\"><li>Diploma de conclus\u00e3o de curso de n\u00edvel superior em qualquer \u00e1rea do conhecimento.<\/li>\n<\/ul><p><strong>Analista Legislativo \u2013 Administra\u00e7\u00e3o<\/strong><\/p>\n\n\n\n<ul class=\"wp-block-list\"><li>Diploma de n\u00edvel superior em Administra\u00e7\u00e3o, com registro no \u00f3rg\u00e3o de fiscaliza\u00e7\u00e3o profissional.<\/li>\n<\/ul><p><strong>Assistente Legislativo \u2013 Sem Especialidade<\/strong><\/p>\n\n\n\n<ul class=\"wp-block-list\"><li>Certificado de conclus\u00e3o de Ensino M\u00e9dio.<\/li>\n<\/ul><p><strong>Assistente Legislativo \u2013 T\u00e9cnico em Contabilidade<\/strong><\/p>\n\n\n\n<ul class=\"wp-block-list\"><li>Certificado de conclus\u00e3o de educa\u00e7\u00e3o profissional t\u00e9cnica de n\u00edvel m\u00e9dio no curso de T\u00e9cnico em Contabilidade ou correlatos.<\/li>\n<\/ul><h2 class=\"wp-block-heading\" id=\"atribuies-dos-cargos\">Atribui\u00e7\u00f5es dos cargos<\/h2>\n\n\n\n<p>Confira a seguir as atividades previstas para os cargos do concurso Alero 2026:<\/p>\n\n\n\n<h3 class=\"wp-block-heading\">Assistente Legislativo \u2013 Sem Especialidade<\/h3>\n\n\n\n<p>Esse cargo executa tarefas de apoio \u00e0s atividades legislativas e administrativas, como arquivamento, movimenta\u00e7\u00e3o de processos, atendimento ao p\u00fablico, elabora\u00e7\u00e3o de documentos, pesquisa de legisla\u00e7\u00e3o e suporte \u00e0 Advocacia-Geral.<\/p>\n\n\n\n<h3 class=\"wp-block-heading\">Assistente Legislativo \u2013 T\u00e9cnico em Arquivo<\/h3>\n\n\n\n<p>O servidor atua no recebimento, registro e distribui\u00e7\u00e3o de documentos, controle de movimenta\u00e7\u00e3o, conserva\u00e7\u00e3o e digitaliza\u00e7\u00e3o de acervo, atualiza\u00e7\u00e3o de bases de dados e elabora\u00e7\u00e3o de relat\u00f3rios sobre o acervo documental.<\/p>\n\n\n\n<h3 class=\"wp-block-heading\">Assistente Legislativo \u2013 T\u00e9cnico em Contabilidade<\/h3>\n\n\n\n<p>Executa atividades cont\u00e1beis como an\u00e1lise e concilia\u00e7\u00e3o de documentos, elabora\u00e7\u00e3o de relat\u00f3rios, quadros demonstrativos e instru\u00e7\u00e3o de processos financeiros e or\u00e7ament\u00e1rios da Assembleia.<\/p>\n\n\n\n<h3 class=\"wp-block-heading\">Assistente Legislativo \u2013 T\u00e9cnico em Desenho de Constru\u00e7\u00e3o Civil<\/h3>\n\n\n\n<p>Auxilia arquitetos e engenheiros na elabora\u00e7\u00e3o de desenhos e projetos t\u00e9cnicos, coleta de dados, c\u00e1lculos de custos e normas de constru\u00e7\u00e3o, al\u00e9m de atuar em vistorias e or\u00e7amentos de obras p\u00fablicas.<\/p>\n\n\n\n<h3 class=\"wp-block-heading\">Assistente Legislativo \u2013 T\u00e9cnico em Edifica\u00e7\u00f5es<\/h3>\n\n\n\n<p>Executa servi\u00e7os t\u00e9cnicos sob supervis\u00e3o de engenheiros e arquitetos, aplicando normas, realizando levantamentos, acompanhando obras e apoiando a fiscaliza\u00e7\u00e3o e elabora\u00e7\u00e3o de or\u00e7amentos.<\/p>\n\n\n\n<h3 class=\"wp-block-heading\">Assistente Legislativo \u2013 T\u00e9cnico em Eletromec\u00e2nica\/Eletrot\u00e9cnica<\/h3>\n\n\n\n<p>Zela pela seguran\u00e7a e efici\u00eancia em instala\u00e7\u00f5es el\u00e9tricas e mec\u00e2nicas, realiza medi\u00e7\u00f5es, manuten\u00e7\u00f5es, inspe\u00e7\u00f5es e contribui em projetos e a\u00e7\u00f5es de efici\u00eancia energ\u00e9tica e manuten\u00e7\u00e3o predial.<\/p>\n\n\n\n<h3 class=\"wp-block-heading\">Assistente Legislativo \u2013 T\u00e9cnico em Eletroeletr\u00f4nica<\/h3>\n\n\n\n<p>Planeja e executa instala\u00e7\u00f5es e manuten\u00e7\u00f5es eletroeletr\u00f4nicas, desenvolve projetos e controla qualidade e gest\u00e3o de equipamentos e servi\u00e7os.<\/p>\n\n\n\n<h3 class=\"wp-block-heading\">Assistente Legislativo \u2013 T\u00e9cnico em Inform\u00e1tica<\/h3>\n\n\n\n<p>Presta suporte t\u00e9cnico em hardware e software, realiza manuten\u00e7\u00e3o de sistemas e redes, auxilia auditorias, desenvolve relat\u00f3rios t\u00e9cnicos e apoia usu\u00e1rios e equipes de desenvolvimento.<\/p>\n\n\n\n<h3 class=\"wp-block-heading\">Assistente Legislativo \u2013 T\u00e9cnico em Log\u00edstica<\/h3>\n\n\n\n<p>Planeja e executa atividades log\u00edsticas, controla estoques, movimenta materiais, coordena transporte e implementa pr\u00e1ticas de seguran\u00e7a e qualidade em processos log\u00edsticos.<\/p>\n\n\n\n<h3 class=\"wp-block-heading\">Assistente Legislativo \u2013 T\u00e9cnico em Produ\u00e7\u00e3o de \u00c1udio e V\u00eddeo<\/h3>\n\n\n\n<p>Opera equipamentos de capta\u00e7\u00e3o e transmiss\u00e3o de imagem e som, realiza grava\u00e7\u00f5es, edi\u00e7\u00f5es e montagens audiovisuais, sonoriza\u00e7\u00e3o de eventos e manuten\u00e7\u00e3o de equipamentos t\u00e9cnicos.<\/p>\n\n\n\n<h3 class=\"wp-block-heading\">Assistente Legislativo \u2013 T\u00e9cnico em Comunica\u00e7\u00e3o Visual<\/h3>\n\n\n\n<p>Cria e executa projetos gr\u00e1ficos e visuais para campanhas e sinaliza\u00e7\u00e3o institucional, desenvolve pe\u00e7as impressas e digitais, anima\u00e7\u00f5es, ilustra\u00e7\u00f5es e design editorial.<\/p>\n\n\n\n<h3 class=\"wp-block-heading\">Assistente Legislativo \u2013 T\u00e9cnico em Seguran\u00e7a do Trabalho<\/h3>\n\n\n\n<p>Orienta e coordena a\u00e7\u00f5es de seguran\u00e7a ocupacional, investiga acidentes, prop\u00f5e medidas de preven\u00e7\u00e3o e promove campanhas de sa\u00fade e seguran\u00e7a entre servidores.<\/p>\n\n\n\n<h3 class=\"wp-block-heading\">Assistente Legislativo \u2013 T\u00e9cnico em Tradu\u00e7\u00e3o e Interpreta\u00e7\u00e3o de Libras<\/h3>\n\n\n\n<p>Atua como int\u00e9rprete entre pessoas surdas e ouvintes nas sess\u00f5es legislativas, traduzindo conte\u00fados entre Libras e L\u00edngua Portuguesa, respeitando aspectos culturais e lingu\u00edsticos da comunidade surda.<\/p>\n\n\n\n<h3 class=\"wp-block-heading\">Consultor Legislativo \u2013 Assessoramento Legislativo<\/h3>\n\n\n\n<p>O Consultor Legislativo da \u00e1rea de Assessoramento Legislativo tem como fun\u00e7\u00e3o prestar consultoria e assessoramento, de n\u00edvel superior especializado, nas diversas \u00e1reas do conhecimento, \u00e0 Mesa Diretora, \u00e0s Comiss\u00f5es, aos parlamentares e aos demais \u00f3rg\u00e3os institucionais da Assembleia Legislativa. Entre suas atribui\u00e7\u00f5es, est\u00e3o a elabora\u00e7\u00e3o de minutas de proposi\u00e7\u00f5es, pronunciamentos e relat\u00f3rios, bem como o esclarecimento t\u00e9cnico sobre constitucionalidade, juridicidade e t\u00e9cnica legislativa. Tamb\u00e9m elabora estudos t\u00e9cnicos e notas sobre a aplica\u00e7\u00e3o da Constitui\u00e7\u00e3o Federal, Constitui\u00e7\u00e3o Estadual e Regimento Interno, al\u00e9m de desempenhar outras atividades correlatas \u00e0 \u00e1rea.<\/p>\n\n\n\n<h3 class=\"wp-block-heading\">Consultor Legislativo \u2013 Assessoramento em Or\u00e7amento<\/h3>\n\n\n\n<p>Esse cargo consiste em prestar consultoria e assessoramento t\u00e9cnico em direito financeiro, planos e or\u00e7amentos p\u00fablicos, fiscaliza\u00e7\u00e3o e controle, atendendo \u00e0 Comiss\u00e3o Permanente prevista na Constitui\u00e7\u00e3o Estadual, \u00e0 Mesa, \u00e0s demais Comiss\u00f5es e aos parlamentares. O servidor coordena atividades e elabora estudos t\u00e9cnicos sobre elabora\u00e7\u00e3o e execu\u00e7\u00e3o or\u00e7ament\u00e1ria, presta esclarecimentos sobre planos e fiscaliza\u00e7\u00f5es, prop\u00f5e medidas para integra\u00e7\u00e3o de informa\u00e7\u00f5es e executa outras fun\u00e7\u00f5es relacionadas \u00e0 \u00e1rea.<\/p>\n\n\n\n<h3 class=\"wp-block-heading\">Analista Legislativo \u2013 \u00c1rea Administrativa<\/h3>\n\n\n\n<p>O Analista da \u00e1rea administrativa executa e assessora atividades de n\u00edvel superior relacionadas \u00e0 gest\u00e3o e planejamento. Suas fun\u00e7\u00f5es envolvem formular e avaliar sistemas, processos e m\u00e9todos administrativos, especialmente nas \u00e1reas de compras, gest\u00e3o de pessoas, or\u00e7amento, patrim\u00f4nio, tecnologia da informa\u00e7\u00e3o e comunica\u00e7\u00e3o. Tamb\u00e9m atua em planejamento estrat\u00e9gico, elabora\u00e7\u00e3o de relat\u00f3rios, fiscaliza\u00e7\u00e3o de contratos e processos licitat\u00f3rios, al\u00e9m de executar outras atividades de mesma natureza e complexidade.<\/p>\n\n\n\n<h3 class=\"wp-block-heading\">Analista Legislativo \u2013 Administra\u00e7\u00e3o<\/h3>\n\n\n\n<p>Esse profissional desempenha atividades de n\u00edvel superior e especializado em administra\u00e7\u00e3o, abrangendo planejamento, coordena\u00e7\u00e3o, controle e avalia\u00e7\u00e3o em \u00e1reas como desenvolvimento organizacional, recursos humanos, licita\u00e7\u00e3o, finan\u00e7as p\u00fablicas e controle interno. Entre suas fun\u00e7\u00f5es, est\u00e3o a auditoria, fiscaliza\u00e7\u00e3o t\u00e9cnica de contratos e a emiss\u00e3o de relat\u00f3rios e pareceres, al\u00e9m de outras atividades correlatas \u00e0 \u00e1rea.<\/p>\n\n\n\n<h3 class=\"wp-block-heading\">Analista Legislativo \u2013 Arquitetura<\/h3>\n\n\n\n<p>O Analista de Arquitetura realiza atividades de n\u00edvel superior em processos legislativos e administrativos. \u00c9 respons\u00e1vel por emitir laudos e pareceres t\u00e9cnicos sobre projetos arquitet\u00f4nicos e de patrim\u00f4nio hist\u00f3rico, fiscalizar e gerenciar obras da Assembleia Legislativa, elaborar projetos e or\u00e7amentos, compatibilizar plantas e instala\u00e7\u00f5es, al\u00e9m de administrar trabalhos contratados. Tamb\u00e9m utiliza softwares de desenho e acompanha per\u00edcias e vistorias.<\/p>\n\n\n\n<h3 class=\"wp-block-heading\">Analista Legislativo \u2013 Arquivologia<\/h3>\n\n\n\n<p>O cargo envolve o planejamento, organiza\u00e7\u00e3o e execu\u00e7\u00e3o de servi\u00e7os de arquivo e documenta\u00e7\u00e3o. O servidor orienta sobre classifica\u00e7\u00e3o, conserva\u00e7\u00e3o e sele\u00e7\u00e3o de documentos, elabora pareceres t\u00e9cnicos e desenvolve estudos sobre documentos de relev\u00e2ncia hist\u00f3rica ou cultural. Atua tamb\u00e9m na automa\u00e7\u00e3o e gest\u00e3o de arquivos institucionais.<\/p>\n\n\n\n<h3 class=\"wp-block-heading\">Analista Legislativo \u2013 Assist\u00eancia Social<\/h3>\n\n\n\n<p>O Analista de Assist\u00eancia Social realiza atividades de supervis\u00e3o, coordena\u00e7\u00e3o e execu\u00e7\u00e3o especializada voltadas ao atendimento social dos servidores. Entre suas atribui\u00e7\u00f5es est\u00e3o a orienta\u00e7\u00e3o individual e em grupo, desenvolvimento de programas de car\u00e1ter social, elabora\u00e7\u00e3o de diagn\u00f3sticos e relat\u00f3rios t\u00e9cnicos, execu\u00e7\u00e3o de projetos socioeducativos e promo\u00e7\u00e3o da conviv\u00eancia familiar e comunit\u00e1ria.<\/p>\n\n\n\n<h3 class=\"wp-block-heading\">Analista Legislativo \u2013 Biblioteconomia<\/h3>\n\n\n\n<p>O Analista de Biblioteconomia atua no planejamento e execu\u00e7\u00e3o de servi\u00e7os t\u00e9cnicos de biblioteca, envolvendo classifica\u00e7\u00e3o e cataloga\u00e7\u00e3o de obras, padroniza\u00e7\u00e3o de processos, planejamento de difus\u00e3o cultural e promo\u00e7\u00e3o de acervo bibliogr\u00e1fico. Tamb\u00e9m realiza assessoramento t\u00e9cnico e promove o acesso \u00e0 informa\u00e7\u00e3o institucional.<\/p>\n\n\n\n<h3 class=\"wp-block-heading\">Analista Legislativo \u2013 Comunica\u00e7\u00e3o Social \u2013 Jornalismo<\/h3>\n\n\n\n<p>Esse cargo envolve atividades de planejamento e execu\u00e7\u00e3o de assessoria de imprensa e produ\u00e7\u00e3o jornal\u00edstica. O profissional elabora releases, realiza contatos de m\u00eddia, redige mat\u00e9rias e not\u00edcias, acompanha eventos, produz reportagens de r\u00e1dio e TV e gerencia conte\u00fado para internet e redes institucionais.<\/p>\n\n\n\n<h3 class=\"wp-block-heading\">Analista Legislativo \u2013 Comunica\u00e7\u00e3o Social \u2013 Rela\u00e7\u00f5es P\u00fablicas<\/h3>\n\n\n\n<p>O servidor dessa especialidade planeja, executa e avalia as atividades de rela\u00e7\u00f5es p\u00fablicas e cerimonial da Assembleia Legislativa. Entre as atribui\u00e7\u00f5es est\u00e3o o atendimento a parlamentares, o assessoramento em eventos oficiais, a atualiza\u00e7\u00e3o de bancos de dados e o desenvolvimento de programas de comunica\u00e7\u00e3o interna.<\/p>\n\n\n\n<h3 class=\"wp-block-heading\">Analista Legislativo \u2013 Comunica\u00e7\u00e3o Social \u2013 Publicidade e Propaganda<\/h3>\n\n\n\n<p>O profissional atua na cria\u00e7\u00e3o e execu\u00e7\u00e3o de projetos de comunica\u00e7\u00e3o visual e publicit\u00e1ria da Assembleia Legislativa. Cria pe\u00e7as gr\u00e1ficas e audiovisuais, desenvolve campanhas institucionais, elabora relat\u00f3rios e fiscaliza contratos de publicidade, assegurando a coer\u00eancia da imagem institucional.<\/p>\n\n\n\n<h3 class=\"wp-block-heading\">Analista Legislativo \u2013 Contabilidade<\/h3>\n\n\n\n<p>O Analista de Contabilidade executa atividades de n\u00edvel superior em contabilidade p\u00fablica. Realiza escritura\u00e7\u00e3o cont\u00e1bil, revis\u00f5es de balan\u00e7os e auditorias, organiza controles internos, emite pareceres sobre demonstra\u00e7\u00f5es financeiras e assegura a correta aplica\u00e7\u00e3o das normas cont\u00e1beis.<\/p>\n\n\n\n<h3 class=\"wp-block-heading\">Analista Legislativo \u2013 Engenharia Civil<\/h3>\n\n\n\n<p>O Analista de Engenharia Civil desempenha fun\u00e7\u00f5es de supervis\u00e3o, formula\u00e7\u00e3o e fiscaliza\u00e7\u00e3o de obras e servi\u00e7os t\u00e9cnicos de engenharia. Elabora projetos, an\u00e1lises e pareceres, realiza auditorias e per\u00edcias, e fiscaliza contratos e obras executadas sob responsabilidade da Assembleia Legislativa.<\/p>\n\n\n\n<h3 class=\"wp-block-heading\">Analista Legislativo \u2013 Engenharia de Seguran\u00e7a do Trabalho<\/h3>\n\n\n\n<p>Esse cargo exige atua\u00e7\u00e3o especializada na preven\u00e7\u00e3o de riscos ocupacionais e ambientais. O profissional realiza per\u00edcias, emite laudos t\u00e9cnicos, executa avalia\u00e7\u00f5es de riscos, elabora programas de preven\u00e7\u00e3o, prop\u00f5e medidas de prote\u00e7\u00e3o e orienta sobre seguran\u00e7a e ergonomia.<\/p>\n\n\n\n<h3 class=\"wp-block-heading\">Analista Legislativo \u2013 Engenharia da Computa\u00e7\u00e3o<\/h3>\n\n\n\n<p>O servidor realiza atividades t\u00e9cnicas relacionadas \u00e0 an\u00e1lise e desenvolvimento de sistemas computacionais. Planeja, projeta e supervisiona obras e servi\u00e7os t\u00e9cnicos de TI, elabora or\u00e7amentos, executa desenhos e realiza manuten\u00e7\u00e3o de equipamentos e redes.<\/p>\n\n\n\n<h3 class=\"wp-block-heading\">Analista Legislativo \u2013 Engenharia El\u00e9trica<\/h3>\n\n\n\n<p>O Analista dessa \u00e1rea supervisiona e coordena atividades t\u00e9cnicas referentes a gera\u00e7\u00e3o, transmiss\u00e3o e distribui\u00e7\u00e3o de energia el\u00e9trica. Elabora estudos, pareceres e projetos, fiscaliza obras e servi\u00e7os e garante padr\u00f5es de qualidade e seguran\u00e7a el\u00e9trica.<\/p>\n\n\n\n<h3 class=\"wp-block-heading\">Analista Legislativo \u2013 Engenharia Eletr\u00f4nica e Telecomunica\u00e7\u00e3o<\/h3>\n\n\n\n<p>Esse profissional atua na supervis\u00e3o e execu\u00e7\u00e3o de projetos e servi\u00e7os t\u00e9cnicos envolvendo sistemas de comunica\u00e7\u00e3o e telecomunica\u00e7\u00f5es. Planeja e elabora or\u00e7amentos, realiza per\u00edcias e auditorias e supervisiona a instala\u00e7\u00e3o e manuten\u00e7\u00e3o de equipamentos eletr\u00f4nicos.<\/p>\n\n\n\n<h3 class=\"wp-block-heading\">Analista Legislativo \u2013 Engenharia Mec\u00e2nica<\/h3>\n\n\n\n<p>O Analista de Engenharia Mec\u00e2nica executa estudos, projetos e vistorias t\u00e9cnicas, supervisiona e coordena obras mec\u00e2nicas, elabora or\u00e7amentos e relat\u00f3rios e acompanha a manuten\u00e7\u00e3o e inspe\u00e7\u00e3o de equipamentos, garantindo conformidade t\u00e9cnica e de seguran\u00e7a.<\/p>\n\n\n\n<h3 class=\"wp-block-heading\">Analista Legislativo \u2013 Estat\u00edstica<\/h3>\n\n\n\n<p>O Analista de Estat\u00edstica elabora m\u00e9todos de coleta e an\u00e1lise de dados, planeja investiga\u00e7\u00f5es estat\u00edsticas, constr\u00f3i indicadores e elabora relat\u00f3rios t\u00e9cnicos. Tamb\u00e9m emite pareceres sobre receitas e execu\u00e7\u00e3o or\u00e7ament\u00e1ria e realiza an\u00e1lises socioecon\u00f4micas e de s\u00e9ries temporais.<\/p>\n\n\n\n<h3 class=\"wp-block-heading\">Analista Legislativo \u2013 Matem\u00e1tica<\/h3>\n\n\n\n<p>O Analista de Matem\u00e1tica aplica modelos matem\u00e1ticos e estat\u00edsticos para an\u00e1lise de problemas e apoio \u00e0 tomada de decis\u00e3o. Elabora c\u00e1lculos e pareceres t\u00e9cnicos, executa auditorias atuariais e emite relat\u00f3rios sobre solu\u00e7\u00f5es e custos operacionais.<\/p>\n\n\n\n<h3 class=\"wp-block-heading\">Analista Legislativo \u2013 Pedagogia<\/h3>\n\n\n\n<p>O Analista de Pedagogia realiza atividades de pesquisa, planejamento e avalia\u00e7\u00e3o de programas de ensino e treinamento de pessoal. Atua em desenvolvimento de recursos humanos, assist\u00eancia pedag\u00f3gica e assessoria em programas educacionais internos.<\/p>\n\n\n\n<h3 class=\"wp-block-heading\">Analista Legislativo \u2013 Processo Legislativo<\/h3>\n\n\n\n<p>O servidor presta apoio t\u00e9cnico \u00e0 Mesa Diretora, Comiss\u00f5es e parlamentares em processos legislativos. Elabora estudos e notas t\u00e9cnicas, instrui mat\u00e9rias e proposi\u00e7\u00f5es, redige reda\u00e7\u00f5es finais, coordena tramita\u00e7\u00f5es e auxilia a Advocacia Geral em an\u00e1lises jur\u00eddicas e administrativas.<\/p>\n\n\n\n<h3 class=\"wp-block-heading\">Analista Legislativo \u2013 Apoio \u00e0 Advocacia-Geral<\/h3>\n\n\n\n<p>Esse cargo presta apoio t\u00e9cnico direto \u00e0s atividades dos Advogados da Assembleia Legislativa, incluindo an\u00e1lise de processos, elabora\u00e7\u00e3o de minutas e pareceres, pesquisas jur\u00eddicas, fiscaliza\u00e7\u00e3o de contratos e reda\u00e7\u00e3o de documentos oficiais.<\/p>\n\n\n\n<h3 class=\"wp-block-heading\">Analista Legislativo \u2013 Psicologia<\/h3>\n\n\n\n<p>O Analista de Psicologia desenvolve programas de integra\u00e7\u00e3o e treinamento de servidores, aplica testes e din\u00e2micas, elabora diagn\u00f3sticos e relat\u00f3rios, realiza per\u00edcias psicol\u00f3gicas e prop\u00f5e melhorias em processos de gest\u00e3o de pessoas.<\/p>\n\n\n\n<h3 class=\"wp-block-heading\">Analista Legislativo \u2013 Reda\u00e7\u00e3o e Revis\u00e3o<\/h3>\n\n\n\n<p>O servidor \u00e9 respons\u00e1vel por revisar e corrigir textos legislativos e administrativos, conferindo ortografia, tipografia e formata\u00e7\u00e3o. Tamb\u00e9m redige informa\u00e7\u00f5es, avisos, of\u00edcios e relat\u00f3rios, garantindo clareza e corre\u00e7\u00e3o textual.<\/p>\n\n\n\n<h3 class=\"wp-block-heading\">Analista Legislativo \u2013 Taquigrafia<\/h3>\n\n\n\n<p>O Analista Taqu\u00edgrafo registra e transcreve sess\u00f5es plen\u00e1rias, audi\u00eancias e reuni\u00f5es. Faz grava\u00e7\u00f5es, revisa e redige atas, organiza arquivos taquigr\u00e1ficos, realiza tradu\u00e7\u00e3o de apanhamentos e cumpre escalas e convoca\u00e7\u00f5es durante o recesso parlamentar.<\/p>\n\n\n\n<h3 class=\"wp-block-heading\">Analista Legislativo \u2013 TI (An\u00e1lise e Desenvolvimento de Sistemas)<\/h3>\n\n\n\n<p>O Analista de TI planeja, desenvolve e implanta sistemas e bancos de dados institucionais. Acompanha projetos de tecnologia, prop\u00f5e solu\u00e7\u00f5es t\u00e9cnicas, coordena contratos de TI e fornece suporte e treinamento a usu\u00e1rios.<\/p>\n\n\n\n<h3 class=\"wp-block-heading\">Analista Legislativo \u2013 TI (Banco de Dados)<\/h3>\n\n\n\n<p>O profissional elabora projetos e implanta bancos de dados, monitora servidores, realiza c\u00f3pias de seguran\u00e7a, migra\u00e7\u00f5es e replica\u00e7\u00f5es, al\u00e9m de elaborar documenta\u00e7\u00e3o t\u00e9cnica e prestar suporte a usu\u00e1rios e desenvolvedores.<\/p>\n\n\n\n<h3 class=\"wp-block-heading\">Analista Legislativo \u2013 TI (Infraestrutura de Redes e Comunica\u00e7\u00e3o)<\/h3>\n\n\n\n<p>O Analista de Infraestrutura de Redes planeja e mant\u00e9m sistemas de comunica\u00e7\u00e3o e seguran\u00e7a de dados. Instala e configura redes, administra servidores, realiza auditorias e implementa pol\u00edticas de seguran\u00e7a da informa\u00e7\u00e3o, al\u00e9m de orientar usu\u00e1rios e gerenciar licen\u00e7as de software.<\/p>\n\n\n\n<h2 class=\"wp-block-heading\" id=\"etapas-e-provas\">Etapas e provas<\/h2>\n\n\n\n<p>O concurso Alero 2026 \u00e9 composto por etapas que variam conforme o cargo e a especialidade. As avalia\u00e7\u00f5es foram realizadas no dia<strong> 8 de fevereiro de 2026<\/strong>, nas cidades de <strong>Porto Velho, Ariquemes, Ji-Paran\u00e1, Cacoal, Vilhena<\/strong> e <strong>Guajar\u00e1-Mirim<\/strong>.<\/p>\n\n\n\n<p>Os candidatos do concurso Alero 2026 est\u00e3o sendo avaliados nas seguintes fases:<\/p>\n\n\n\n<ul class=\"wp-block-list\"><li><strong>Prova Escrita Objetiva<\/strong> \u2013 para todos os cargos, de car\u00e1ter eliminat\u00f3rio e classificat\u00f3rio;<\/li>\n\n\n\n<li><strong>Prova Escrita Discursiva<\/strong> \u2013 para cargos de <strong>n\u00edvel superior<\/strong>, de car\u00e1ter eliminat\u00f3rio e classificat\u00f3rio;<\/li>\n\n\n\n<li><strong>Prova Pr\u00e1tica<\/strong> \u2013 exclusiva para Analista Legislativo (Taquigrafia) e Assistente Legislativo (T\u00e9cnico em Tradu\u00e7\u00e3o e Interpreta\u00e7\u00e3o de Libras), de car\u00e1ter eliminat\u00f3rio e classificat\u00f3rio;<\/li>\n\n\n\n<li><strong>Avalia\u00e7\u00e3o de T\u00edtulos<\/strong> \u2013 apenas para cargos de <strong>n\u00edvel superior<\/strong>, de car\u00e1ter classificat\u00f3rio.<\/li>\n<\/ul><p>As provas pr\u00e1ticas foram aplicadas <strong>somente na cidade de Porto Velho (RO)<\/strong>.<\/p>\n\n\n\n<h3 class=\"wp-block-heading\">Prova objetiva<\/h3>\n\n\n\n<p>A <strong>prova escrita objetiva<\/strong> ser\u00e1 composta por <strong>70 a 80 quest\u00f5es de m\u00faltipla escolha<\/strong>, com cinco alternativas e apenas uma correta. A estrutura varia de acordo com o cargo.<\/p>\n\n\n\n<p><strong>Assistente Legislativo (exceto T\u00e9cnico em Inform\u00e1tica)<\/strong><\/p>\n\n\n\n<ul class=\"wp-block-list\"><li>L\u00edngua Portuguesa: 12 quest\u00f5es<\/li>\n\n\n\n<li>Racioc\u00ednio L\u00f3gico-Matem\u00e1tico: 6<\/li>\n\n\n\n<li>No\u00e7\u00f5es de Inform\u00e1tica: 6<\/li>\n\n\n\n<li>Legisla\u00e7\u00e3o Espec\u00edfica: 8<\/li>\n\n\n\n<li>Hist\u00f3ria e Geografia de Rond\u00f4nia: 8<\/li>\n\n\n\n<li>Conhecimentos Espec\u00edficos: 40<\/li>\n<\/ul><p><strong>Assistente Legislativo \u2013 T\u00e9cnico em Inform\u00e1tica<\/strong><\/p>\n\n\n\n<ul class=\"wp-block-list\"><li>L\u00edngua Portuguesa: 12<\/li>\n\n\n\n<li>Racioc\u00ednio L\u00f3gico-Matem\u00e1tico: 12<\/li>\n\n\n\n<li>Legisla\u00e7\u00e3o Espec\u00edfica: 8<\/li>\n\n\n\n<li>Hist\u00f3ria e Geografia de Rond\u00f4nia: 8<\/li>\n\n\n\n<li>Conhecimentos Espec\u00edficos: 40<\/li>\n<\/ul><p><strong>Analista Legislativo \u2013 \u00c1reas Administrativa, Comunica\u00e7\u00e3o Social (Jornalismo e Rela\u00e7\u00f5es P\u00fablicas), Processo Legislativo, Apoio \u00e0 Advocacia-Geral, Reda\u00e7\u00e3o e Revis\u00e3o<\/strong><\/p>\n\n\n\n<ul class=\"wp-block-list\"><li>L\u00edngua Portuguesa: 10<\/li>\n\n\n\n<li>Racioc\u00ednio L\u00f3gico-Matem\u00e1tico: 5<\/li>\n\n\n\n<li>No\u00e7\u00f5es de Inform\u00e1tica: 5<\/li>\n\n\n\n<li>Legisla\u00e7\u00e3o Espec\u00edfica: 8<\/li>\n\n\n\n<li>Hist\u00f3ria e Geografia de Rond\u00f4nia: 7<\/li>\n\n\n\n<li>Conhecimentos Espec\u00edficos: 35<\/li>\n<\/ul><p><strong>Analista Legislativo \u2013 \u00c1reas de Tecnologia da Informa\u00e7\u00e3o (An\u00e1lise e Desenvolvimento de Sistemas, Banco de Dados, Infraestrutura de Redes e Comunica\u00e7\u00e3o)<\/strong><\/p>\n\n\n\n<ul class=\"wp-block-list\"><li>L\u00edngua Portuguesa: 12<\/li>\n\n\n\n<li>Racioc\u00ednio L\u00f3gico-Matem\u00e1tico: 12<\/li>\n\n\n\n<li>Legisla\u00e7\u00e3o Espec\u00edfica: 8<\/li>\n\n\n\n<li>Hist\u00f3ria e Geografia de Rond\u00f4nia: 8<\/li>\n\n\n\n<li>Conhecimentos Espec\u00edficos: 40<\/li>\n<\/ul><p><strong>Consultor Legislativo \u2013 Assessoramento Legislativo<\/strong><\/p>\n\n\n\n<ul class=\"wp-block-list\"><li>L\u00edngua Portuguesa: 18<\/li>\n\n\n\n<li>Racioc\u00ednio L\u00f3gico-Matem\u00e1tico: 6<\/li>\n\n\n\n<li>Legisla\u00e7\u00e3o Espec\u00edfica: 8<\/li>\n\n\n\n<li>Hist\u00f3ria e Geografia de Rond\u00f4nia: 8<\/li>\n\n\n\n<li>Direito Administrativo: 6<\/li>\n\n\n\n<li>Direito Civil e Direito Processual Civil: 6<\/li>\n\n\n\n<li>Direito Constitucional: 6<\/li>\n\n\n\n<li>Direito Penal e Processual Penal: 4<\/li>\n\n\n\n<li>Direito Tribut\u00e1rio e Financeiro: 6<\/li>\n\n\n\n<li>Direito Ambiental e Agr\u00e1rio: 4<\/li>\n\n\n\n<li>Direito do Consumidor: 3<\/li>\n\n\n\n<li>Direito Eleitoral: 5<\/li>\n<\/ul><p><strong>Consultor Legislativo \u2013 Assessoramento em Or\u00e7amentos<\/strong><\/p>\n\n\n\n<ul class=\"wp-block-list\"><li>L\u00edngua Portuguesa: 18<\/li>\n\n\n\n<li>Racioc\u00ednio L\u00f3gico-Matem\u00e1tico: 6<\/li>\n\n\n\n<li>Legisla\u00e7\u00e3o Espec\u00edfica: 8<\/li>\n\n\n\n<li>Hist\u00f3ria e Geografia de Rond\u00f4nia: 8<\/li>\n\n\n\n<li>Direito Constitucional e Administrativo: 4<\/li>\n\n\n\n<li>Direito Tribut\u00e1rio: 3<\/li>\n\n\n\n<li>Direito Financeiro: 4<\/li>\n\n\n\n<li>Contabilidade Geral e P\u00fablica: 8<\/li>\n\n\n\n<li>Auditoria: 3<\/li>\n\n\n\n<li>Matem\u00e1tica Financeira e Estat\u00edstica: 4<\/li>\n\n\n\n<li>Economia: 3<\/li>\n\n\n\n<li>Administra\u00e7\u00e3o Financeira e Or\u00e7ament\u00e1ria: 11<\/li>\n<\/ul><p>Ser\u00e1 considerado <strong>aprovado<\/strong> o candidato que alcan\u00e7ar, <strong>cumulativamente<\/strong>, as seguintes pontua\u00e7\u00f5es m\u00ednimas:<\/p>\n\n\n\n<p><strong>Assistente Legislativo<\/strong><\/p>\n\n\n\n<ul class=\"wp-block-list\"><li>30% no M\u00f3dulo I (m\u00ednimo de 12 acertos);<\/li>\n\n\n\n<li>40% no M\u00f3dulo II (m\u00ednimo de 16 acertos);<\/li>\n\n\n\n<li>40% do total da prova (m\u00ednimo de 32 acertos).<\/li>\n<\/ul><p><strong>Analista Legislativo \u2013 \u00c1reas Administrativa, Comunica\u00e7\u00e3o Social, Processo Legislativo, Apoio \u00e0 Advocacia-Geral, Reda\u00e7\u00e3o e Revis\u00e3o<\/strong><\/p>\n\n\n\n<ul class=\"wp-block-list\"><li>40% no M\u00f3dulo I (m\u00ednimo de 14 acertos);<\/li>\n\n\n\n<li>50% no M\u00f3dulo II (m\u00ednimo de 18 acertos);<\/li>\n\n\n\n<li>50% do total da prova (m\u00ednimo de 35 acertos).<\/li>\n<\/ul><p><strong>Analista Legislativo \u2013 Demais Especialidades<\/strong><\/p>\n\n\n\n<ul class=\"wp-block-list\"><li>40% no M\u00f3dulo I (m\u00ednimo de 16 acertos);<\/li>\n\n\n\n<li>50% no M\u00f3dulo II (m\u00ednimo de 20 acertos);<\/li>\n\n\n\n<li>50% do total da prova (m\u00ednimo de 40 acertos).<\/li>\n<\/ul><p><strong>Consultor Legislativo<\/strong><\/p>\n\n\n\n<ul class=\"wp-block-list\"><li>40% no M\u00f3dulo I (m\u00ednimo de 16 acertos);<\/li>\n\n\n\n<li>50% no M\u00f3dulo II (m\u00ednimo de 20 acertos);<\/li>\n\n\n\n<li>50% do total da prova (m\u00ednimo de 40 acertos).<\/li>\n<\/ul><h3 class=\"wp-block-heading\">Prova discursiva<\/h3>\n\n\n\n<p>A prova discursiva ser\u00e1 aplicada apenas para os cargos de <strong>n\u00edvel superior<\/strong>, consistindo em:<\/p>\n\n\n\n<ul class=\"wp-block-list\"><li><strong>Analista Legislativo:<\/strong> uma quest\u00e3o dissertativa, valendo <strong>20 pontos<\/strong>;<\/li>\n\n\n\n<li><strong>Consultor Legislativo:<\/strong> duas quest\u00f5es dissertativas, valendo <strong>10 pontos cada<\/strong>.<\/li>\n<\/ul><p>Ser\u00e1 considerado aprovado o candidato que obtiver <strong>nota igual ou superior a 10 pontos<\/strong> no total e <strong>nota diferente de zero em cada quest\u00e3o<\/strong>.<\/p>\n\n\n\n<h3 class=\"wp-block-heading\">Prova pr\u00e1tica<\/h3>\n\n\n\n<p>A prova pr\u00e1tica ser\u00e1 aplicada exclusivamente para:<\/p>\n\n\n\n<ul class=\"wp-block-list\"><li>Assistente Legislativo \u2013 T\u00e9cnico em Tradu\u00e7\u00e3o e Interpreta\u00e7\u00e3o de Libras;<\/li>\n\n\n\n<li>Analista Legislativo \u2013 Taquigrafia.<\/li>\n<\/ul><p>A etapa tem car\u00e1ter <strong>eliminat\u00f3rio e classificat\u00f3rio<\/strong>, ser\u00e1 realizada em <strong>Porto Velho (RO)<\/strong> e valer\u00e1 <strong>100 pontos<\/strong>.<\/p>\n\n\n\n<h3 class=\"wp-block-heading\">Avalia\u00e7\u00e3o de t\u00edtulos<\/h3>\n\n\n\n<p>A avalia\u00e7\u00e3o de t\u00edtulos, de car\u00e1ter <strong>classificat\u00f3rio<\/strong>, ser\u00e1 aplicada aos cargos de <strong>Analista Legislativo <\/strong>(todas as especialidades) e <strong>Consultor Legislativo<\/strong>. Confira os detalhes da avalia\u00e7\u00e3o a seguir:<\/p>\n\n\n\n<figure class=\"wp-block-image size-large\"><img decoding=\"async\" width=\"1024\" height=\"266\" src=\"https:\/\/www.novaconcursos.com.br\/portal\/wp-content\/uploads\/2025\/10\/concurso-alero-titulos-1024x266.webp\" alt=\"Concurso ALERO T\u00edtulos\" class=\"wp-image-296394\" loading=\"lazy\" title=\"\" srcset=\"https:\/\/www.novaconcursos.com.br\/portal\/wp-content\/uploads\/2025\/10\/concurso-alero-titulos-300x78.webp 300w, https:\/\/www.novaconcursos.com.br\/portal\/wp-content\/uploads\/2025\/10\/concurso-alero-titulos-480x125.webp 480w, https:\/\/www.novaconcursos.com.br\/portal\/wp-content\/uploads\/2025\/10\/concurso-alero-titulos-768x200.webp 768w, https:\/\/www.novaconcursos.com.br\/portal\/wp-content\/uploads\/2025\/10\/concurso-alero-titulos-1024x266.webp 1024w, https:\/\/www.novaconcursos.com.br\/portal\/wp-content\/uploads\/2025\/10\/concurso-alero-titulos-1536x399.webp 1536w, https:\/\/www.novaconcursos.com.br\/portal\/wp-content\/uploads\/2025\/10\/concurso-alero-titulos.webp 1651w\" sizes=\"auto, (max-width: 480px) 100vw, (max-width: 768px) 100vw, (max-width: 1200px) 70vw, 768px\"><figcaption class=\"wp-element-caption\">Confira os crit\u00e9rios de avalia\u00e7\u00e3o de t\u00edtulos do concurso ALERO!<\/figcaption><\/figure><p>O candidato poder\u00e1 obter <strong>at\u00e9 12 pontos<\/strong>, ainda que a soma dos t\u00edtulos apresentados ultrapasse esse limite.<\/p>\n\n\n\n<p>O concurso Alero 2026 ter\u00e1 validade de <strong>dois anos<\/strong>, contados a partir da data de homologa\u00e7\u00e3o do resultado final, podendo ser prorrogado uma vez por igual per\u00edodo, a crit\u00e9rio da Assembleia Legislativa do Estado de Rond\u00f4nia.<\/p>\n\n\n\n<h2 class=\"wp-block-heading\" id=\"o-que-cai-no-concurso-alero-2026\">O que cai no concurso Alero 2026?<\/h2>\n\n\n\n<p>Confira os prinicipais conte\u00fados b\u00e1sicos que foram cobrados na prova do concurso Alero 2026:<\/p>\n\n\n\n<h3 class=\"wp-block-heading\">L\u00edngua Portuguesa<\/h3>\n\n\n\n<ul class=\"wp-block-list\"><li>Interpreta\u00e7\u00e3o e compreens\u00e3o de textos e sua organiza\u00e7\u00e3o estrutural.<\/li>\n\n\n\n<li>Marcas de textualidade: coes\u00e3o, coer\u00eancia e intertextualidade.<\/li>\n\n\n\n<li>Modos de organiza\u00e7\u00e3o discursiva: descri\u00e7\u00e3o, narra\u00e7\u00e3o, exposi\u00e7\u00e3o, argumenta\u00e7\u00e3o e injun\u00e7\u00e3o, com suas caracter\u00edsticas espec\u00edficas.<\/li>\n\n\n\n<li>Tipos textuais: informativo, publicit\u00e1rio, propagand\u00edstico, normativo, did\u00e1tico e divinat\u00f3rio; caracter\u00edsticas de textos liter\u00e1rios e n\u00e3o liter\u00e1rios.<\/li>\n\n\n\n<li>Tipologia da frase portuguesa.<\/li>\n\n\n\n<li>Estrutura da frase portuguesa: deslocamento, substitui\u00e7\u00e3o, modifica\u00e7\u00e3o e corre\u00e7\u00e3o; problemas estruturais das frases.<\/li>\n\n\n\n<li>Norma culta, pontua\u00e7\u00e3o e sinais gr\u00e1ficos.<\/li>\n\n\n\n<li>Organiza\u00e7\u00e3o sint\u00e1tica das frases: termos e ora\u00e7\u00f5es; ordem direta e inversa.<\/li>\n\n\n\n<li>Tipos de discurso.<\/li>\n\n\n\n<li>Registros de linguagem e fun\u00e7\u00f5es da linguagem.<\/li>\n\n\n\n<li>Elementos dos atos de comunica\u00e7\u00e3o.<\/li>\n\n\n\n<li>Estrutura e forma\u00e7\u00e3o de palavras; formas de abrevia\u00e7\u00e3o.<\/li>\n\n\n\n<li>Classes de palavras e seus aspectos morfol\u00f3gicos, sint\u00e1ticos, sem\u00e2nticos e textuais (substantivos, adjetivos, artigos, numerais, pronomes, verbos, adv\u00e9rbios, conjun\u00e7\u00f5es e interjei\u00e7\u00f5es; modalizadores).<\/li>\n\n\n\n<li>Sem\u00e2ntica: sentido pr\u00f3prio e figurado; ant\u00f4nimos, sin\u00f4nimos, par\u00f4nimos e hiper\u00f4nimos; polissemia e ambiguidade.<\/li>\n\n\n\n<li>Dicion\u00e1rios: tipos e organiza\u00e7\u00e3o de verbetes.<\/li>\n\n\n\n<li>Vocabul\u00e1rio: neologismos, arca\u00edsmos, estrangeirismos e latinismos.<\/li>\n\n\n\n<li>Ortografia, acentua\u00e7\u00e3o gr\u00e1fica e uso da crase.<\/li>\n<\/ul><h3 class=\"wp-block-heading\">Racioc\u00ednio L\u00f3gico Matem\u00e1tico<\/h3>\n\n\n\n<ul class=\"wp-block-list\"><li>L\u00f3gica: proposi\u00e7\u00f5es, valor-verdade, nega\u00e7\u00e3o, conjun\u00e7\u00e3o, disjun\u00e7\u00e3o, implica\u00e7\u00e3o, equival\u00eancia e proposi\u00e7\u00f5es compostas.<\/li>\n\n\n\n<li>Equival\u00eancias l\u00f3gicas.<\/li>\n\n\n\n<li>Problemas de racioc\u00ednio dedutivo com rela\u00e7\u00f5es entre objetos, pessoas ou eventos.<\/li>\n\n\n\n<li>Diagramas l\u00f3gicos, tabelas e gr\u00e1ficos.<\/li>\n\n\n\n<li>Conjuntos e suas opera\u00e7\u00f5es.<\/li>\n\n\n\n<li>N\u00fameros naturais, inteiros, racionais e reais: opera\u00e7\u00f5es e representa\u00e7\u00e3o na reta.<\/li>\n\n\n\n<li>Unidades de medida: dist\u00e2ncia, massa e tempo.<\/li>\n\n\n\n<li>Representa\u00e7\u00e3o de pontos no plano cartesiano.<\/li>\n\n\n\n<li>\u00c1lgebra b\u00e1sica: equa\u00e7\u00f5es e sistemas do 1\u00ba grau.<\/li>\n\n\n\n<li>Porcentagem e proporcionalidade direta e inversa.<\/li>\n\n\n\n<li>Sequ\u00eancias, padr\u00f5es, progress\u00f5es aritm\u00e9ticas e geom\u00e9tricas.<\/li>\n\n\n\n<li>Juros simples e compostos.<\/li>\n\n\n\n<li>Geometria b\u00e1sica: dist\u00e2ncias, \u00e2ngulos, pol\u00edgonos, circunfer\u00eancia, per\u00edmetro e \u00e1rea.<\/li>\n\n\n\n<li>Medidas de comprimento, \u00e1rea e volume.<\/li>\n\n\n\n<li>Princ\u00edpios de contagem e no\u00e7\u00f5es de probabilidade.<\/li>\n<\/ul><h3 class=\"wp-block-heading\">No\u00e7\u00f5es de Inform\u00e1tica<\/h3>\n\n\n\n<ul class=\"wp-block-list\"><li>Arquitetura b\u00e1sica de computadores: hardware, componentes e fun\u00e7\u00f5es.<\/li>\n\n\n\n<li>Unidade central de processamento, mem\u00f3rias (RAM e cache) e dispositivos de armazenamento (HD, SSD, pendrive, disco \u00f3ptico, nuvem).<\/li>\n\n\n\n<li>Dispositivos de entrada e sa\u00edda (teclado, mouse, monitor, impressora, scanner).<\/li>\n\n\n\n<li>Conectores e portas de comunica\u00e7\u00e3o.<\/li>\n\n\n\n<li>Windows 10 e 11: conceitos b\u00e1sicos de software e sistema operacional; ambiente gr\u00e1fico, \u00e1rea de trabalho, \u00edcones, janelas e atalhos.<\/li>\n\n\n\n<li>Manipula\u00e7\u00e3o de arquivos: cria\u00e7\u00e3o, c\u00f3pia, exclus\u00e3o e restaura\u00e7\u00e3o.<\/li>\n\n\n\n<li>Pacote MS Office 2021 e Microsoft 365 (Word, Excel, PowerPoint, OneDrive e Teams): conceitos, caracter\u00edsticas, funcionalidades, cria\u00e7\u00e3o e edi\u00e7\u00e3o de documentos, planilhas e apresenta\u00e7\u00f5es; gr\u00e1ficos, tabelas e uso em nuvem.<\/li>\n\n\n\n<li>Google Workspace (Gmail, Documentos, Planilhas, Apresenta\u00e7\u00f5es, Drive, Meet e Agenda): conceitos, funcionalidades e colabora\u00e7\u00e3o em tempo real.<\/li>\n\n\n\n<li>Internet: conceitos e caracter\u00edsticas; navegadores (Edge, Chrome, Firefox); mecanismos de busca; formatos e uso de figuras e imagens; downloads e uploads.<\/li>\n\n\n\n<li>Correio eletr\u00f4nico: conceitos, caracter\u00edsticas e boas pr\u00e1ticas de seguran\u00e7a.<\/li>\n\n\n\n<li>Seguran\u00e7a digital: antiv\u00edrus, autentica\u00e7\u00e3o, senhas seguras e preven\u00e7\u00e3o contra golpes virtuais (phishing).<\/li>\n<\/ul><h3 class=\"wp-block-heading\">Legisla\u00e7\u00e3o Espec\u00edfica<\/h3>\n\n\n\n<ul class=\"wp-block-list\"><li>Constitui\u00e7\u00e3o Estadual:\n<ul class=\"wp-block-list\"><li>T\u00edtulo I \u2013 Da Organiza\u00e7\u00e3o do Estado (Disposi\u00e7\u00f5es Preliminares, Compet\u00eancia do Estado e Administra\u00e7\u00e3o P\u00fablica).<\/li>\n\n\n\n<li>T\u00edtulo II \u2013 Da Organiza\u00e7\u00e3o dos Poderes (Do Poder Legislativo).<\/li>\n<\/ul><\/li>\n\n\n\n<li>Regimento Interno da Assembleia Legislativa do Estado de Rond\u00f4nia (Resolu\u00e7\u00e3o n\u00ba 32\/1990 e altera\u00e7\u00f5es).<\/li>\n\n\n\n<li>C\u00f3digo de \u00c9tica e Decoro Parlamentar da Assembleia Legislativa do Estado de Rond\u00f4nia.<\/li>\n\n\n\n<li>Estatuto dos Servidores P\u00fablicos da Administra\u00e7\u00e3o Direta, Aut\u00e1rquica e Fundacional do Estado de Rond\u00f4nia (Lei Complementar n\u00ba 68\/1992 e altera\u00e7\u00f5es).<\/li>\n\n\n\n<li>Plano de Carreira, Cargos e Remunera\u00e7\u00e3o da Assembleia Legislativa (Lei Complementar n\u00ba 731\/2013 e altera\u00e7\u00f5es).<\/li>\n\n\n\n<li>Estrutura Organizacional Administrativa e Quadro Gerencial e de Assessoramento da ALE\/RO.<\/li>\n\n\n\n<li>Lei do Processo Administrativo Estadual (Lei n\u00ba 3.830\/2016 e altera\u00e7\u00f5es).<\/li>\n\n\n\n<li>Lei de Licita\u00e7\u00f5es e Contratos Administrativos (Lei n\u00ba 14.133\/2021 e altera\u00e7\u00f5es): princ\u00edpios, defini\u00e7\u00f5es e agentes p\u00fablicos.<\/li>\n\n\n\n<li>Resolu\u00e7\u00e3o ALE\/RO n\u00ba 593\/2024: procedimentos de licita\u00e7\u00f5es e contratos administrativos.<\/li>\n\n\n\n<li>Lei de Improbidade Administrativa (Lei n\u00ba 8.429\/1992 e altera\u00e7\u00f5es).<\/li>\n\n\n\n<li>Lei de Acesso \u00e0 Informa\u00e7\u00e3o (Lei n\u00ba 12.527\/2011 e altera\u00e7\u00f5es).<\/li>\n<\/ul><h3 class=\"wp-block-heading\">Hist\u00f3ria e Geografia de Rond\u00f4nia<\/h3>\n\n\n\n<h4 class=\"wp-block-heading\">Hist\u00f3ria de Rond\u00f4nia<\/h4>\n\n\n\n<ul class=\"wp-block-list\"><li>Ocupa\u00e7\u00e3o colonial da Amaz\u00f4nia e pol\u00edticas portuguesas para os vales do Guapor\u00e9 e Madeira.<\/li>\n\n\n\n<li>Fronteiras entre Am\u00e9rica Portuguesa e imp\u00e9rio hisp\u00e2nico e cria\u00e7\u00e3o da Capitania de Mato Grosso.<\/li>\n\n\n\n<li>Economia colonial: minera\u00e7\u00e3o, drogas do sert\u00e3o, escravismo, contrabando e rotas fluviais.<\/li>\n\n\n\n<li>Coloniza\u00e7\u00e3o e povoamento nos vales do Madeira e Guapor\u00e9 (s\u00e9culos XIX e XX).<\/li>\n\n\n\n<li>Explora\u00e7\u00e3o da borracha e as quest\u00f5es de fronteira.<\/li>\n\n\n\n<li>Constru\u00e7\u00e3o da Ferrovia Madeira-Mamor\u00e9.<\/li>\n\n\n\n<li>Comiss\u00e3o Rondon e instala\u00e7\u00e3o das linhas telegr\u00e1ficas.<\/li>\n\n\n\n<li>Cria\u00e7\u00e3o dos Territ\u00f3rios Federais do Guapor\u00e9 e de Rond\u00f4nia.<\/li>\n\n\n\n<li>Projetos de coloniza\u00e7\u00e3o estatais e privados; amplia\u00e7\u00e3o do extrativismo mineral.<\/li>\n\n\n\n<li>Implanta\u00e7\u00e3o do Estado de Rond\u00f4nia e constru\u00e7\u00e3o da rodovia BR-364.<\/li>\n<\/ul><h4 class=\"wp-block-heading\">Geografia de Rond\u00f4nia<\/h4>\n\n\n\n<ul class=\"wp-block-list\"><li>Povoamento e ocupa\u00e7\u00e3o dos vales do Madeira, Mamor\u00e9 e Guapor\u00e9.<\/li>\n\n\n\n<li>Coloniza\u00e7\u00e3o ib\u00e9rica e portuguesa na regi\u00e3o.<\/li>\n\n\n\n<li>Ciclo da borracha, poia e castanha (s\u00e9culos XIX e XX).<\/li>\n\n\n\n<li>Constru\u00e7\u00e3o da Estrada de Ferro Madeira-Mamor\u00e9 e da Linha Telegr\u00e1fica.<\/li>\n\n\n\n<li>Territ\u00f3rio Federal do Guapor\u00e9\/Rond\u00f4nia e posterior transforma\u00e7\u00e3o em Estado.<\/li>\n\n\n\n<li>Ocupa\u00e7\u00e3o recente da Amaz\u00f4nia e coloniza\u00e7\u00e3o agropastoril.<\/li>\n\n\n\n<li>Estruturas f\u00edsicas e ambientais da regi\u00e3o amaz\u00f4nica.<\/li>\n\n\n\n<li>Popula\u00e7\u00e3o e ocupa\u00e7\u00e3o do espa\u00e7o: migra\u00e7\u00f5es, distribui\u00e7\u00e3o de renda, qualidade de vida e popula\u00e7\u00f5es tradicionais.<\/li>\n\n\n\n<li>Divis\u00f5es regionais e produ\u00e7\u00e3o econ\u00f4mica.<\/li>\n\n\n\n<li>Quest\u00f5es socioambientais e hist\u00f3ria do Poder Legislativo de Rond\u00f4nia.<\/li>\n<\/ul><h3 class=\"wp-block-heading\">Perfil da banca FGV<\/h3>\n\n\n\n<p>A Funda\u00e7\u00e3o Get\u00falio Vargas (FGV) \u00e9 uma das bancas mais renomadas e tradicionais do pa\u00eds na organiza\u00e7\u00e3o de concursos p\u00fablicos. <\/p>\n\n\n\n<p>Reconhecida pelo alto n\u00edvel t\u00e9cnico de suas avalia\u00e7\u00f5es, a institui\u00e7\u00e3o costuma elaborar provas com quest\u00f5es de m\u00faltipla escolha e, em alguns casos, discursivas. O formato das quest\u00f5es geralmente apresenta enunciados longos, exigindo do candidato aten\u00e7\u00e3o redobrada e boa capacidade de interpreta\u00e7\u00e3o.<\/p>\n\n\n\n<p>No concurso Alero 2026, a expectativa \u00e9 que a FGV mantenha seu padr\u00e3o caracter\u00edstico, priorizando quest\u00f5es que exploram n\u00e3o apenas o conhecimento te\u00f3rico, mas tamb\u00e9m a aplica\u00e7\u00e3o pr\u00e1tica do conte\u00fado. Em disciplinas como L\u00edngua Portuguesa, por exemplo, \u00e9 comum a cobran\u00e7a de interpreta\u00e7\u00e3o de textos extensos e an\u00e1lise gramatical detalhada.<\/p>\n\n\n\n<p>J\u00e1 em \u00e1reas espec\u00edficas, a banca tende a elaborar perguntas contextualizadas, que exigem dom\u00ednio da legisla\u00e7\u00e3o e racioc\u00ednio l\u00f3gico-matem\u00e1tico. Essa abordagem refor\u00e7a a import\u00e2ncia de uma prepara\u00e7\u00e3o consistente, com foco tanto na revis\u00e3o te\u00f3rica quanto na resolu\u00e7\u00e3o de quest\u00f5es anteriores da pr\u00f3pria FGV.<\/p>\n\n\n\n<h2 class=\"wp-block-heading\" id=\"materiais-preparatrios-para-o-concurso-alero-2026\">Materiais preparat\u00f3rios para o concurso Alero 2026<\/h2>\n\n\n\n<p>Alcance o seu sonho de ingressar no concurso Alero 2026 com materiais de estudo de qualidade e uma rotina bem estruturada!<\/p>\n\n\n\n<p>A Nova Concursos desenvolveu um m\u00e9todo de estudo que promete impulsionar sua prepara\u00e7\u00e3o! Reconhecidos por oferecer materiais pr\u00e1ticos e eficazes, j\u00e1 auxiliamos na\u00a0<strong>aprova\u00e7\u00e3o<\/strong>\u00a0de mais de\u00a0<strong>70 mil candidatos<\/strong>\u00a0a conquistarem suas vagas em concursos p\u00fablicos por todo o pa\u00eds.<\/p>\n\n\n\n<p>N\u00e3o perca a oportunidade! Inicie seus estudos com os<a href=\"https:\/\/www.novaconcursos.com.br\/concurso\/assembleia-legislativa-ro\/\"> materiais<\/a> da\u00a0<a href=\"https:\/\/www.novaconcursos.com.br\/?promo_creative=Nova+Concursos&amp;promo_name=concurso&amp;promo_id=%2Fportal%2Fconcursos%2Fconcurso-bombeiros-ce&amp;promo_position=corpo-texto\">Nova Concursos<\/a>\u00a0e esteja mais pr\u00f3ximo de conquistar sua vaga. O pr\u00f3ximo aprovado pode ser voc\u00ea!<\/p>\n\n\n\n<h3 class=\"wp-block-heading\">Curso Online<\/h3>\n\n\n\n<p>Os <a href=\"https:\/\/www.novaconcursos.com.br\/concurso\/assembleia-legislativa-ro\/cursos-online\">cursos online<\/a> para o concurso Alero 2026 s\u00e3o estruturados de acordo com o conte\u00fado program\u00e1tico do edital, com videoaulas ministradas por professores especialistas e foco nos assuntos mais recorrentes da FGV. O material oferece organiza\u00e7\u00e3o estrat\u00e9gica por disciplina, permitindo acompanhar as aulas no pr\u00f3prio ritmo e revisar os conte\u00fados com efici\u00eancia.<\/p>\n\n\n\n<h3 class=\"wp-block-heading\">Apostila<\/h3>\n\n\n\n<p>As <a href=\"https:\/\/www.novaconcursos.com.br\/concurso\/assembleia-legislativa-ro\/apostilas\">apostilas <\/a>para o concurso Alero 2026 re\u00fanem todo o conte\u00fado te\u00f3rico essencial, com linguagem did\u00e1tica e organiza\u00e7\u00e3o por mat\u00e9rias. Elaboradas por especialistas, elas seguem o padr\u00e3o das provas anteriores e facilitam a fixa\u00e7\u00e3o dos temas mais importantes cobrados no certame.<\/p>\n\n\n\n<h3 class=\"wp-block-heading\">Mapa de Quest\u00f5es<\/h3>\n\n\n\n<p>O<a href=\"https:\/\/www.novaconcursos.com.br\/concurso\/assembleia-legislativa-ro\/questoes\"> mapa de quest\u00f5es<\/a> \u00e9 uma ferramenta estrat\u00e9gica que re\u00fane exerc\u00edcios organizados por assunto e n\u00edvel de dificuldade, com base em provas anteriores da banca. Esse material permite identificar padr\u00f5es de cobran\u00e7a, treinar com foco e direcionar os estudos para os pontos mais relevantes do edital.<\/p>\n\n\n\n<h2 class=\"wp-block-heading\" id=\"como-foi-o-ltimo-concurso-alero\">Como foi o \u00faltimo concurso ALERO?<\/h2>\n\n\n\n<p>O \u00faltimo concurso ALERO foi realizado em 2018\u00a0e ficou sob organiza\u00e7\u00e3o da\u00a0FGV\u00a0(Funda\u00e7\u00e3o Getulio Vargas).<\/p>\n\n\n\n<p>\u00c0 \u00e9poca, foram oferecidas\u00a0<strong>106 vagas\u00a0<\/strong>de n\u00edveis m\u00e9dio\/t\u00e9cnico e superior. Confira as oportunidades:<\/p>\n\n\n\n<p><em>N\u00edvel M\u00e9dio\/T\u00e9cnico<\/em><\/p>\n\n\n\n<ul class=\"wp-block-list\"><li>Assistente Legislativo\n<ul class=\"wp-block-list\"><li>T\u00e9cnico em\n<ul class=\"wp-block-list\"><li>Contabilidade<\/li>\n\n\n\n<li>Desenho de Constru\u00e7\u00e3o Civil<\/li>\n\n\n\n<li>Edifica\u00e7\u00f5es<\/li>\n\n\n\n<li>Eletroeletr\u00f4nica<\/li>\n\n\n\n<li>Log\u00edstica<\/li>\n\n\n\n<li>Inform\u00e1tica<\/li>\n\n\n\n<li>Produ\u00e7\u00e3o de \u00c1udio e V\u00eddeo<\/li>\n\n\n\n<li>Seguran\u00e7a do Trabalho<\/li>\n\n\n\n<li>Tradu\u00e7\u00e3o e Interpreta\u00e7\u00e3o de Libras<\/li>\n<\/ul><\/li>\n<\/ul><\/li>\n<\/ul><p><em>N\u00edvel Superior<\/em><\/p>\n\n\n\n<ul class=\"wp-block-list\"><li>Consultor Legislativo\n<ul class=\"wp-block-list\"><li>Assessoramento em Or\u00e7amentos<\/li>\n\n\n\n<li>Assessoramento Legislativo<\/li>\n<\/ul><\/li>\n<\/ul><ul class=\"wp-block-list\"><li>Analista Legislativo\n<ul class=\"wp-block-list\"><li>Administra\u00e7\u00e3o<\/li>\n\n\n\n<li>Arquitetura<\/li>\n\n\n\n<li>Assist\u00eancia Social<\/li>\n\n\n\n<li>Biblioteconomia<\/li>\n\n\n\n<li>Comunica\u00e7\u00e3o Social \u2013 Jornalismo<\/li>\n\n\n\n<li>Comunica\u00e7\u00e3o Social \u2013 Rela\u00e7\u00f5es P\u00fablicas<\/li>\n\n\n\n<li>Contabilidade<\/li>\n\n\n\n<li>Economia<\/li>\n\n\n\n<li>Engenharia (diversas especialidades)<\/li>\n\n\n\n<li>Estat\u00edstica<\/li>\n\n\n\n<li>Matem\u00e1tica<\/li>\n\n\n\n<li>Pedagogia<\/li>\n\n\n\n<li>Processo Legislativo<\/li>\n\n\n\n<li>Psicologia<\/li>\n\n\n\n<li>Reda\u00e7\u00e3o e Revis\u00e3o<\/li>\n\n\n\n<li>Taquigrafia<\/li>\n\n\n\n<li>Tecnologia da Informa\u00e7\u00e3o (diversas especialidades)<\/li>\n<\/ul><\/li>\n<\/ul><p>Os\u00a0sal\u00e1rios b\u00e1sicos dos aprovados da \u00e9poca, para jornadas de trabalho de 40 horas semanais, eram de R$3.898,11 para Assistente Legislativa, R$5.238,08 para Analista Legoislativo e de R$11.380,45 para Consultor. <\/p>\n\n\n\n<p>Cabe destacar, ainda, que um <strong>segundo edital<\/strong> foi publicado em 2018 com a oferta de 4 vagas imediatas para o cargo de Advogado, com sal\u00e1rio de R$18.713,03.<\/p>\n\n\n\n<h3 class=\"wp-block-heading\">Etapas e Provas<\/h3>\n\n\n\n<p>O \u00faltimo concurso ALERO contou com as seguintes\u00a0etapas avaliativas:<\/p>\n\n\n\n<ul class=\"wp-block-list\"><li>Prova Objetiva (eliminat\u00f3ria e classificat\u00f3ria)<\/li>\n\n\n\n<li>Prova Discursiva (eliminat\u00f3ria e classificat\u00f3ria, apenas para n\u00edvel superior)<\/li>\n\n\n\n<li>Avalia\u00e7\u00e3o Pr\u00e1tica (eliminat\u00f3ria e classificat\u00f3ria, apenas para Assistente \u2013 T\u00e9cnico em Tradu\u00e7\u00e3o e Interpreta\u00e7\u00e3o em Libras e Analista \u2013 Taquigrafia)<\/li>\n\n\n\n<li>Avalia\u00e7\u00e3o de T\u00edtulos (classificat\u00f3ria, apenas para n\u00edvel superior)<\/li>\n<\/ul><p>As provas objetivas foram compostas por quest\u00f5es de conhecimentos gerais e espec\u00edficos.<\/p>\n\n\n\n<p>As provas para Assistente foram compostas por 70 quest\u00f5es de m\u00faltipla escolha, enquanto para os demais cargos foram aplicadas 80 quest\u00f5es.<\/p>\n\n\n\n<p>As quest\u00f5es foram distribu\u00eddas da seguinte forma:<\/p>\n\n\n\n<p><em>Assistente Legislativo <\/em><\/p>\n\n\n\n<ul class=\"wp-block-list\"><li>L\u00edngua Portuguesa<\/li>\n\n\n\n<li>Racioc\u00ednio L\u00f3gico<\/li>\n\n\n\n<li>No\u00e7\u00f5es de Inform\u00e1tica (exceto a Especialidade T\u00e9cnico em Inform\u00e1tica)<\/li>\n\n\n\n<li>Legisla\u00e7\u00e3o Espec\u00edfica<\/li>\n\n\n\n<li>Hist\u00f3ria e Geografia de Rond\u00f4nia<\/li>\n\n\n\n<li>Conhecimentos Espec\u00edficos<\/li>\n<\/ul><p><em>Analista Legislativo<\/em><\/p>\n\n\n\n<ul class=\"wp-block-list\"><li>L\u00edngua Portuguesa<\/li>\n\n\n\n<li>Racioc\u00ednio L\u00f3gico<\/li>\n\n\n\n<li>Legisla\u00e7\u00e3o Espec\u00edfica<\/li>\n\n\n\n<li>Hist\u00f3ria e Geografia de Rond\u00f4nia<\/li>\n\n\n\n<li>Conhecimentos Espec\u00edficos<\/li>\n<\/ul><p><em>Consultor Legislativo \u2013 Especialidade Assessoramento Legislativo:<\/em><\/p>\n\n\n\n<ul class=\"wp-block-list\"><li>L\u00edngua Portuguesa<\/li>\n\n\n\n<li>Racioc\u00ednio L\u00f3gico<\/li>\n\n\n\n<li>Legisla\u00e7\u00e3o Espec\u00edfica<\/li>\n\n\n\n<li>Hist\u00f3ria e Geografia de Rond\u00f4nia<\/li>\n\n\n\n<li>Direito Administrativo<\/li>\n\n\n\n<li>Direito Civil e Direito Processual Civil<\/li>\n\n\n\n<li>Direito Constitucional<\/li>\n\n\n\n<li>Direito Penal e Direito Processual Penal<\/li>\n\n\n\n<li>Direito Tribut\u00e1rio<\/li>\n\n\n\n<li>Direito Ambiental e Direito Agr\u00e1rio<\/li>\n\n\n\n<li>Direito do Consumidor<\/li>\n\n\n\n<li>Direito Eleitoral<\/li>\n<\/ul><p><em>Consultor Legislativo \u2013 Especialidade Assessoramento em Or\u00e7amentos:<\/em><\/p>\n\n\n\n<ul class=\"wp-block-list\"><li>L\u00edngua Portuguesa<\/li>\n\n\n\n<li>Racioc\u00ednio L\u00f3gico<\/li>\n\n\n\n<li>Legisla\u00e7\u00e3o Espec\u00edfica<\/li>\n\n\n\n<li>Hist\u00f3ria e Geografia de Rond\u00f4nia<\/li>\n\n\n\n<li>Direito Constitucional e Direito Administrativo<\/li>\n\n\n\n<li>Direito Tribut\u00e1rio<\/li>\n\n\n\n<li>Contabilidade Geral e P\u00fablica<\/li>\n\n\n\n<li>Auditoria<\/li>\n\n\n\n<li>Matem\u00e1tica Financeira e Estat\u00edstica<\/li>\n\n\n\n<li>Economia<\/li>\n\n\n\n<li>Administra\u00e7\u00e3o Financeira e Or\u00e7ament\u00e1ria<\/li>\n<\/ul><p>Os candidatos de n\u00edvel superior tamb\u00e9m tiveram que se submeter \u00e0\u00a0prova discursiva. <\/p>\n\n\n\n<p>Aos concorrentes ao cargo de\u00a0Analista foi aplicada uma quest\u00e3o dissertativa com valor de 20 pontos.<\/p>\n\n\n\n<p>J\u00e1 para a carreira de\u00a0Consultor, foi necess\u00e1rio responder a duas quest\u00f5es dissertativas com valor de 10 pontos cada.<\/p>","protected":false},"excerpt":{"rendered":"<p>O concurso Alero tem oportunidades para n\u00edveis m\u00e9dio e superior, com sal\u00e1rios de at\u00e9 R$24 mil!<\/p>\n","protected":false},"author":54701,"featured_media":306050,"comment_status":"closed","ping_status":"closed","sticky":false,"template":"","format":"standard","meta":{"_acf_changed":false,"footnotes":"","_wp_rev_ctl_limit":""},"categories":[44999,44996,44970],"tags":[45508,45034],"class_list":["post-67417","post","type-post","status-publish","format-standard","has-post-thumbnail","hentry","category-concursos","category-carreira-legislativa","category-ro","tag-concurso-alero","tag-concursos-abertos-ro"],"acf":[],"_links":{"self":[{"href":"https:\/\/www.novaconcursos.com.br\/portal\/wp-json\/wp\/v2\/posts\/67417","targetHints":{"allow":["GET"]}}],"collection":[{"href":"https:\/\/www.novaconcursos.com.br\/portal\/wp-json\/wp\/v2\/posts"}],"about":[{"href":"https:\/\/www.novaconcursos.com.br\/portal\/wp-json\/wp\/v2\/types\/post"}],"author":[{"embeddable":true,"href":"https:\/\/www.novaconcursos.com.br\/portal\/wp-json\/wp\/v2\/users\/54701"}],"replies":[{"embeddable":true,"href":"https:\/\/www.novaconcursos.com.br\/portal\/wp-json\/wp\/v2\/comments?post=67417"}],"version-history":[{"count":53,"href":"https:\/\/www.novaconcursos.com.br\/portal\/wp-json\/wp\/v2\/posts\/67417\/revisions"}],"predecessor-version":[{"id":306938,"href":"https:\/\/www.novaconcursos.com.br\/portal\/wp-json\/wp\/v2\/posts\/67417\/revisions\/306938"}],"wp:featuredmedia":[{"embeddable":true,"href":"https:\/\/www.novaconcursos.com.br\/portal\/wp-json\/wp\/v2\/media\/306050"}],"wp:attachment":[{"href":"https:\/\/www.novaconcursos.com.br\/portal\/wp-json\/wp\/v2\/media?parent=67417"}],"wp:term":[{"taxonomy":"category","embeddable":true,"href":"https:\/\/www.novaconcursos.com.br\/portal\/wp-json\/wp\/v2\/categories?post=67417"},{"taxonomy":"post_tag","embeddable":true,"href":"https:\/\/www.novaconcursos.com.br\/portal\/wp-json\/wp\/v2\/tags?post=67417"}],"curies":[{"name":"wp","href":"https:\/\/api.w.org\/{rel}","templated":true}]}}