{"id":68267,"date":"2026-08-17T15:41:09","date_gmt":"2026-08-17T18:41:09","guid":{"rendered":"http:\/\/www.novaconcursos.com.br\/portal\/?post_type=nc-public-tender&#038;p=68267"},"modified":"2026-08-17T15:41:15","modified_gmt":"2026-08-17T18:41:15","slug":"concurso-prefeitura-de-sao-joao-del-rei-mg","status":"publish","type":"post","link":"https:\/\/www.novaconcursos.com.br\/portal\/concursos\/concurso-prefeitura-de-sao-joao-del-rei-mg\/","title":{"rendered":"Concurso Prefeitura de S\u00e3o Jo\u00e3o Del-Rei MG: Publica edital; at\u00e9 R$ 15mil!"},"content":{"rendered":"<p class=\"wp-block-paragraph\">O <strong>concurso Prefeitura de S\u00e3o Jo\u00e3o del-Rei MG<\/strong> \u00e9 a sele\u00e7\u00e3o realizada pelo munic\u00edpio de S\u00e3o Jo\u00e3o del-Rei, em Minas Gerais, para o provimento de cargos em seu quadro de pessoal. O edital oferece <strong>54 vagas<\/strong> para candidatos de <strong>n\u00edveis m\u00e9dio, t\u00e9cnico e superior<\/strong>, com <strong>remunera\u00e7\u00f5es que podem chegar a R$ 15.164,56<\/strong>, conforme o cargo.<\/p>\n\n\n\n    <div class=\"nova-resumo-edital\">\n        <h2 class=\"nova-resumo-edital-title\" id=\"resumo-edital\">Resumo Edital<\/h2>\n        <ul class=\"nova-resumo-edital-list nova-menu\"><li>\n                <img decoding=\"async\" width=\"24\" height=\"24\" loading=\"lazy\" src=\"https:\/\/www.novaconcursos.com.br\/portal\/wp-content\/themes\/nova-theme\/includes\/assets\/img\/person.svg\" aria-hidden=\"true\" alt=\"\u00edcone pessoa\" title=\"\"><span>\n                    <b>Vagas: <\/b> 54\n                <\/span>\n            <\/li>\n            \n            <li>\n                <img decoding=\"async\" width=\"24\" height=\"24\" loading=\"lazy\" src=\"https:\/\/www.novaconcursos.com.br\/portal\/wp-content\/themes\/nova-theme\/includes\/assets\/img\/inscricoes.svg\" aria-hidden=\"true\" alt=\"\u00edcone pessoa\" title=\"\"><span>\n                    <b>Per\u00edodo de inscri\u00e7\u00f5es: <\/b> 13\/10\/2026 a 12\/11\/2026\n                <\/span>\n            <\/li>\n            <li>\n                <img decoding=\"async\" width=\"24\" height=\"24\" loading=\"lazy\" src=\"https:\/\/www.novaconcursos.com.br\/portal\/wp-content\/themes\/nova-theme\/includes\/assets\/img\/taxa-inscricao.svg\" aria-hidden=\"true\" alt=\"\u00edcone pessoa\" title=\"\"><span>\n                    <b>Taxa de inscri\u00e7\u00e3o: <\/b> R$ 80,00 a R$ 100,00\n                <\/span>\n            <\/li>\n            <li>\n                <img decoding=\"async\" width=\"24\" height=\"24\" loading=\"lazy\" src=\"https:\/\/www.novaconcursos.com.br\/portal\/wp-content\/themes\/nova-theme\/includes\/assets\/img\/prova.svg\" aria-hidden=\"true\" alt=\"\u00edcone pessoa\" title=\"\"><span>\n                    <b>Prova: <\/b> 13\/12\/2026\n                <\/span>\n            <\/li>\n            <li>\n                <img decoding=\"async\" width=\"24\" height=\"24\" loading=\"lazy\" src=\"https:\/\/www.novaconcursos.com.br\/portal\/wp-content\/themes\/nova-theme\/includes\/assets\/img\/banca.svg\" aria-hidden=\"true\" alt=\"\u00edcone pessoa\" title=\"\"><span>\n                    <b>Banca: <\/b> IBGP Concursos\n                <\/span>\n            <\/li>\n        <\/ul><div class=\"nova-resumo-edital-baixar\">\n            <a href=\"https:\/\/www.novaconcursos.com.br\/portal\/wp-content\/uploads\/2026\/08\/Edital-Concurso-Prefeitura-de-Sao-Joao-Del-Rei-MG.pdf\" target=\"_blank\" rel=\"noopener\">\n                Baixe aqui o edital\n            <\/a>\n        <\/div>\n    <\/div>\n\n\n\n<p class=\"wp-block-paragraph\">As <strong>inscri\u00e7\u00f5es<\/strong> ficar\u00e3o abertas entre os dias <strong>13 de outubro e 12 de novembro de 2026<\/strong>, enquanto as <strong>provas<\/strong> est\u00e3o previstas para o dia <strong>13 de dezembro<\/strong>. Se voc\u00ea ficou interessado(a), continue a leitura e confira todos os detalhes sobre vagas, cargos, requisitos, etapas e cronograma do concurso Prefeitura de S\u00e3o Jo\u00e3o del-Rei MG.<\/p>\n\n\n\n<h2 class=\"wp-block-heading\" id=\"cronograma-do-concurso-prefeitura-de-so-joo-delrei-mg\">Cronograma do concurso Prefeitura de S\u00e3o Jo\u00e3o Del-Rei MG<\/h2>\n\n\n\n<p class=\"wp-block-paragraph\">Confira o cronograma do concurso Prefeitura de S\u00e3o Jo\u00e3o Del-Rei MG com as principais datas:<\/p>\n\n\n\n<ul class=\"wp-block-list\"><li><strong>Per\u00edodo de inscri\u00e7\u00f5es:<\/strong> 13 de outubro a 12 de novembro de 2026<\/li>\n\n\n\n<li><strong>Solicita\u00e7\u00e3o de isen\u00e7\u00e3o da taxa de inscri\u00e7\u00e3o:<\/strong> 13 a 15 de outubro de 2026<\/li>\n\n\n\n<li><strong>\u00daltimo dia para pagamento da taxa de inscri\u00e7\u00e3o:<\/strong> conforme data impressa no boleto<\/li>\n\n\n\n<li><strong>Aplica\u00e7\u00e3o da prova objetiva:<\/strong> 13 de dezembro de 2026<\/li>\n<\/ul><h2 class=\"wp-block-heading\" id=\"como-fazer-a-inscrio-no-concurso-prefeitura-de-so-joo-delrei\">Como fazer a inscri\u00e7\u00e3o no concurso Prefeitura de S\u00e3o Jo\u00e3o Del-Rei MG?<\/h2>\n\n\n\n<p class=\"wp-block-paragraph\">As inscri\u00e7\u00f5es para o concurso Prefeitura de S\u00e3o Jo\u00e3o Del-Rei MG dever\u00e3o ser realizadas exclusivamente pela internet, por meio do site do <a href=\"https:\/\/novo.ibgpconcursos.com.br\/concurso.jsp?cod=733\" target=\"_blank\" rel=\"noreferrer noopener\">IBGP<\/a>, banca organizadora respons\u00e1vel pelo certame.<\/p>\n\n\n\n<p class=\"wp-block-paragraph\">O per\u00edodo de inscri\u00e7\u00e3o estar\u00e1 aberto entre as <strong>9 horas do dia 13 de outubro e as 16 horas do dia 12 de novembro de 2026<\/strong>. Para participar, o candidato dever\u00e1 acessar o portal da banca, preencher o formul\u00e1rio eletr\u00f4nico com os dados solicitados, transmitir as informa\u00e7\u00f5es e gerar o Comprovante de Inscri\u00e7\u00e3o e o boleto banc\u00e1rio.<\/p>\n\n\n\n<p class=\"wp-block-paragraph\">Ap\u00f3s essa etapa, ser\u00e1 necess\u00e1rio efetuar o pagamento da taxa de inscri\u00e7\u00e3o at\u00e9 o dia <strong>13 de novembro de 2026<\/strong>.<\/p>\n\n\n\n<h3 class=\"wp-block-heading\">Valor da taxa de inscri\u00e7\u00e3o<\/h3>\n\n\n\n<p class=\"wp-block-paragraph\">Os valores variam conforme o n\u00edvel de escolaridade do cargo:<\/p>\n\n\n\n<ul class=\"wp-block-list\"><li><strong>R$ 80,00<\/strong> para cargos de n\u00edvel m\u00e9dio e t\u00e9cnico;<\/li>\n\n\n\n<li><strong>R$ 100,00<\/strong> para cargos de n\u00edvel superior.<\/li>\n<\/ul><p class=\"wp-block-paragraph\">A inscri\u00e7\u00e3o somente ser\u00e1 validada ap\u00f3s a confirma\u00e7\u00e3o do pagamento. Os pagamentos realizados ap\u00f3s o prazo estabelecido resultar\u00e3o na anula\u00e7\u00e3o da inscri\u00e7\u00e3o. Por isso, \u00e9 recomendado guardar o boleto quitado, o comprovante de pagamento e o Comprovante de Inscri\u00e7\u00e3o.<\/p>\n\n\n\n<h3 class=\"wp-block-heading\">Isen\u00e7\u00e3o da taxa de inscri\u00e7\u00e3o<\/h3>\n\n\n\n<p class=\"wp-block-paragraph\">Os pedidos de isen\u00e7\u00e3o da taxa poder\u00e3o ser realizados entre as <strong>9 horas do dia 13 de outubro e as 16 horas do dia 15 de outubro de 2026<\/strong>, mediante envio da documenta\u00e7\u00e3o exigida pelo edital.<\/p>\n\n\n\n<p class=\"wp-block-paragraph\">De acordo com o edital, poder\u00e3o solicitar o benef\u00edcio os candidatos que se enquadrarem, conforme as condi\u00e7\u00f5es e comprova\u00e7\u00f5es exigidas, em uma das seguintes situa\u00e7\u00f5es:<\/p>\n\n\n\n<ul class=\"wp-block-list\"><li><strong>Candidatos desempregados<\/strong>;<\/li>\n\n\n\n<li><strong>Inscritos no Cadastro \u00danico para Programas Sociais do Governo Federal (Cad\u00danico) ou membros de fam\u00edlia de baixa renda<\/strong>;<\/li>\n\n\n\n<li><strong>Candidatos em situa\u00e7\u00e3o de insufici\u00eancia econ\u00f4mico-financeira<\/strong>.<\/li>\n<\/ul><p class=\"wp-block-paragraph\">Para solicitar a isen\u00e7\u00e3o, ser\u00e1 necess\u00e1rio acessar a <strong>\u00c1rea do Candidato<\/strong> e enviar a documenta\u00e7\u00e3o comprobat\u00f3ria em <strong>um \u00fanico arquivo PDF, com tamanho m\u00e1ximo de 5 MB<\/strong>, dentro do prazo estabelecido. N\u00e3o ser\u00e1 permitida a complementa\u00e7\u00e3o posterior dos documentos.<\/p>\n\n\n\n<h2 class=\"wp-block-heading\" id=\"cargos-vagas-e-salrios\">Cargos, vagas e sal\u00e1rios<\/h2>\n\n\n\n<p class=\"wp-block-paragraph\">O concurso Prefeitura de S\u00e3o Jo\u00e3o Del-Rei MG oferta <strong>54 vagas imediatas<\/strong>, para cargos de n\u00edveis m\u00e9dio, t\u00e9cnico e superior. O certame tamb\u00e9m prev\u00ea <strong>reserva de vagas para Pessoas com Defici\u00eancia (PcD)<\/strong>.<\/p>\n\n\n\n<h3 class=\"wp-block-heading\">N\u00edvel m\u00e9dio<\/h3>\n\n\n\n<ul class=\"wp-block-list\"><li>Agente de Fiscaliza\u00e7\u00e3o: <strong>2 vagas<\/strong><\/li>\n\n\n\n<li>Agente de Prote\u00e7\u00e3o Social: <strong>1 vaga<\/strong><\/li>\n\n\n\n<li>Agente Fiscal de Tributos: <strong>3 vagas<\/strong><\/li>\n\n\n\n<li>Tradutor e Int\u00e9rprete de Libras: <strong>1 vaga<\/strong><\/li>\n<\/ul><h3 class=\"wp-block-heading\">N\u00edvel t\u00e9cnico<\/h3>\n\n\n\n<ul class=\"wp-block-list\"><li>T\u00e9cnico em Enfermagem: <strong>5 vagas<\/strong><\/li>\n\n\n\n<li>T\u00e9cnico em Enfermagem 12\/36 \u2013 Sa\u00fade Mental: <strong>1 vaga<\/strong><\/li>\n\n\n\n<li>T\u00e9cnico em Radiologia: <strong>1 vaga<\/strong><\/li>\n<\/ul><h3 class=\"wp-block-heading\">N\u00edvel superior<\/h3>\n\n\n\n<ul class=\"wp-block-list\"><li>Educador F\u00edsico: <strong>1 vaga<\/strong><\/li>\n\n\n\n<li>Enfermeiro: <strong>10 vagas<\/strong><\/li>\n\n\n\n<li>Enfermeiro 12\/36 \u2013 Sa\u00fade Mental: <strong>1 vaga<\/strong><\/li>\n\n\n\n<li>Fiscal Tribut\u00e1rio: <strong>4 vagas<\/strong><\/li>\n\n\n\n<li>Fisioterapeuta: <strong>1 vaga<\/strong><\/li>\n\n\n\n<li>Fonoaudi\u00f3logo: <strong>1 vaga<\/strong><\/li>\n\n\n\n<li>Historiador: <strong>1 vaga<\/strong><\/li>\n\n\n\n<li>M\u00e9dico Cl\u00ednico: <strong>1 vaga<\/strong><\/li>\n\n\n\n<li>M\u00e9dico ESF: <strong>10 vagas<\/strong><\/li>\n\n\n\n<li>M\u00e9dico Plantonista UPA: <strong>1 vaga<\/strong><\/li>\n\n\n\n<li>M\u00e9dico Veterin\u00e1rio: <strong>1 vaga<\/strong><\/li>\n\n\n\n<li>Muse\u00f3logo: <strong>1 vaga<\/strong><\/li>\n\n\n\n<li>Odont\u00f3logo \u2013 Cl\u00ednico: <strong>4 vagas<\/strong><\/li>\n\n\n\n<li>Turism\u00f3logo: <strong>1 vaga<\/strong><\/li>\n\n\n\n<li>M\u00e9dico Alergista: <strong>1 vaga<\/strong><\/li>\n\n\n\n<li>M\u00e9dico Cardiologista: <strong>1 vaga<\/strong><\/li>\n\n\n\n<li>M\u00e9dico Dermatologista: <strong>1 vaga<\/strong><\/li>\n\n\n\n<li>M\u00e9dico Ginecologista-Obstetra: <strong>1 vaga<\/strong><\/li>\n\n\n\n<li>M\u00e9dico Infectologista: <strong>1 vaga<\/strong><\/li>\n\n\n\n<li>M\u00e9dico Mastologista: <strong>1 vaga<\/strong><\/li>\n\n\n\n<li>M\u00e9dico Ortopedista: <strong>1 vaga<\/strong><\/li>\n\n\n\n<li>M\u00e9dico Otorrinolaringologista: <strong>1 vaga<\/strong><\/li>\n\n\n\n<li>M\u00e9dico Pediatra: <strong>1 vaga<\/strong><\/li>\n\n\n\n<li>M\u00e9dico Pediatra Plantonista UPA: <strong>1 vaga<\/strong><\/li>\n\n\n\n<li>M\u00e9dico Pneumologista: <strong>1 vaga<\/strong><\/li>\n\n\n\n<li>M\u00e9dico Proctologista: <strong>1 vaga<\/strong><\/li>\n\n\n\n<li>M\u00e9dico Psiquiatra: <strong>1 vaga<\/strong><\/li>\n\n\n\n<li>M\u00e9dico Psiquiatra Plantonista: <strong>1 vaga<\/strong><\/li>\n\n\n\n<li>M\u00e9dico Reumatologista: <strong>1 vaga<\/strong><\/li>\n\n\n\n<li>M\u00e9dico Urologista: <strong>1 vaga<\/strong><\/li>\n\n\n\n<li>Odont\u00f3logo \u2013 Cirurgi\u00e3o Bucomaxilofacial: <strong>1 vaga<\/strong><\/li>\n\n\n\n<li>Odont\u00f3logo \u2013 Endodontista: <strong>1 vaga<\/strong><\/li>\n\n\n\n<li>Odont\u00f3logo \u2013 Especialista em Pacientes com Necessidades Especiais: <strong>1 vaga<\/strong><\/li>\n\n\n\n<li>Odont\u00f3logo \u2013 Odontopediatra: <strong>1 vaga<\/strong><\/li>\n\n\n\n<li>Odont\u00f3logo \u2013 Periodontista: <strong>1 vaga<\/strong><\/li>\n\n\n\n<li>Odont\u00f3logo \u2013 Radiologista Odontol\u00f3gico: <strong>1 vaga<\/strong><\/li>\n<\/ul><p class=\"wp-block-paragraph\">O vencimento inicial vai de R$ <strong>1.683,35<\/strong> a <strong>R$ 15.164,56.<\/strong> Para os profissionais da Enfermagem, \u00e9 garantido o recebimento do piso estipulado pela Lei Federal n\u00ba 14.434\/2022.<\/p>\n\n\n\n<h2 class=\"wp-block-heading\" id=\"requisitos\">Requisitos<\/h2>\n\n\n\n<p class=\"wp-block-paragraph\">Veja os principais requisitos do concurso Prefeitura de S\u00e3o Jo\u00e3o Del-Rei MG:<\/p>\n\n\n\n<h3 class=\"wp-block-heading\">Requisitos gerais<\/h3>\n\n\n\n<ul class=\"wp-block-list\"><li>Ser brasileiro nato ou naturalizado ou, no caso de nacionalidade portuguesa, estar amparado pelo Estatuto de Igualdade entre Brasileiros e Portugueses, com reconhecimento do gozo dos direitos pol\u00edticos;<\/li>\n\n\n\n<li>Estar em pleno gozo dos direitos pol\u00edticos;<\/li>\n\n\n\n<li>Estar quite com as obriga\u00e7\u00f5es eleitorais;<\/li>\n\n\n\n<li>Estar quite com as obriga\u00e7\u00f5es militares, para candidatos do sexo masculino;<\/li>\n\n\n\n<li>Ter idade m\u00ednima de 18 anos completos no ato da posse;<\/li>\n\n\n\n<li>Possuir aptid\u00e3o f\u00edsica e mental para o exerc\u00edcio do cargo, comprovada por inspe\u00e7\u00e3o m\u00e9dica oficial e, no caso de Pessoas com Defici\u00eancia (PcD), pela avalia\u00e7\u00e3o da equipe multiprofissional;<\/li>\n\n\n\n<li>Comprovar a escolaridade m\u00ednima e os demais requisitos exigidos para o cargo;<\/li>\n\n\n\n<li>N\u00e3o ser aposentado por invalidez nem ter atingido a idade de aposentadoria compuls\u00f3ria de 75 anos;<\/li>\n\n\n\n<li>N\u00e3o receber proventos de aposentadoria juntamente com remunera\u00e7\u00e3o de cargo, emprego ou fun\u00e7\u00e3o p\u00fablica, ressalvadas as hip\u00f3teses permitidas pela Constitui\u00e7\u00e3o Federal;<\/li>\n\n\n\n<li>N\u00e3o acumular remunera\u00e7\u00e3o de cargos p\u00fablicos, salvo nos casos permitidos pela Constitui\u00e7\u00e3o Federal.<\/li>\n<\/ul><h2 class=\"wp-block-heading\" id=\"etapas-e-provas\">Etapas e provas<\/h2>\n\n\n\n<p class=\"wp-block-paragraph\">O concurso Prefeitura de S\u00e3o Jo\u00e3o Del-Rei MG ser\u00e1 composto por etapas distintas, conforme o cargo e o n\u00edvel de escolaridade.<\/p>\n\n\n\n<p class=\"wp-block-paragraph\">Para todos os cargos, ser\u00e1 aplicada prova objetiva, de car\u00e1ter eliminat\u00f3rio e classificat\u00f3rio.<\/p>\n\n\n\n<p class=\"wp-block-paragraph\">Para os cargos de <strong>n\u00edvel superior<\/strong>, haver\u00e1 tamb\u00e9m prova de t\u00edtulos. Para alguns cargos, ser\u00e1 realizada tamb\u00e9m prova pr\u00e1tica.<\/p>\n\n\n\n<h3 class=\"wp-block-heading\">Prova objetiva<\/h3>\n\n\n\n<p class=\"wp-block-paragraph\">A prova objetiva est\u00e1 prevista para o dia <strong>13 de dezembro de 2026<\/strong>.<\/p>\n\n\n\n<p class=\"wp-block-paragraph\">Para os cargos de <strong>Agente de Fiscaliza\u00e7\u00e3o, Agente de Prote\u00e7\u00e3o Social, Agente Fiscal de Tributos, Tradutor e Int\u00e9rprete de Libras e cargos de n\u00edvel t\u00e9cnico<\/strong>, a avalia\u00e7\u00e3o ser\u00e1 composta por <strong>30 quest\u00f5es<\/strong>, totalizando <strong>100 pontos<\/strong>.<\/p>\n\n\n\n<h3 class=\"wp-block-heading\">Disciplinas<\/h3>\n\n\n\n<p class=\"wp-block-paragraph\"><strong>N\u00edvel m\u00e9dio e t\u00e9cnico<\/strong><\/p>\n\n\n\n<ul class=\"wp-block-list\"><li>L\u00edngua Portuguesa: 5 quest\u00f5es, com peso 4;<\/li>\n\n\n\n<li>Racioc\u00ednio L\u00f3gico: 5 quest\u00f5es, com peso 3;<\/li>\n\n\n\n<li>No\u00e7\u00f5es de Inform\u00e1tica: 5 quest\u00f5es, com peso 3;<\/li>\n\n\n\n<li>Conhecimentos Gerais: 5 quest\u00f5es, com peso 3;<\/li>\n\n\n\n<li>Legisla\u00e7\u00e3o: 5 quest\u00f5es, com peso 3;<\/li>\n\n\n\n<li>Conhecimentos Espec\u00edficos: 5 quest\u00f5es, com peso 4.<\/li>\n<\/ul><p class=\"wp-block-paragraph\">Para os cargos de <strong>n\u00edvel superior<\/strong>, a prova contar\u00e1 com <strong>40 quest\u00f5es<\/strong> e valer\u00e1 <strong>100 pontos<\/strong>.<\/p>\n\n\n\n<p class=\"wp-block-paragraph\">A distribui\u00e7\u00e3o ser\u00e1 a seguinte:<\/p>\n\n\n\n<ul class=\"wp-block-list\"><li>L\u00edngua Portuguesa: 12 quest\u00f5es, com peso 3;<\/li>\n\n\n\n<li>Racioc\u00ednio L\u00f3gico: 10 quest\u00f5es, com peso 2;<\/li>\n\n\n\n<li>No\u00e7\u00f5es de Inform\u00e1tica: 5 quest\u00f5es, com peso 2;<\/li>\n\n\n\n<li>Legisla\u00e7\u00e3o: 5 quest\u00f5es, com peso 2;<\/li>\n\n\n\n<li>Conhecimentos Espec\u00edficos: 8 quest\u00f5es, com peso 3.<\/li>\n<\/ul><h3 class=\"wp-block-heading\">Prova de t\u00edtulos<\/h3>\n\n\n\n<p class=\"wp-block-paragraph\">A prova de t\u00edtulos ser\u00e1 destinada aos candidatos aos <strong>cargos de n\u00edvel superior<\/strong>.<\/p>\n\n\n\n<p class=\"wp-block-paragraph\">A etapa ter\u00e1 pontua\u00e7\u00e3o m\u00e1xima de <strong>10 pontos<\/strong>, que ser\u00e1 acrescentada \u00e0 pontua\u00e7\u00e3o obtida nas demais fases, conforme as regras previstas no edital.<\/p>\n\n\n\n<p class=\"wp-block-paragraph\">Confira os crit\u00e9rios:<\/p>\n\n\n\n<figure class=\"wp-block-image size-full\"><img decoding=\"async\" width=\"656\" height=\"849\" src=\"https:\/\/www.novaconcursos.com.br\/portal\/wp-content\/uploads\/2026\/08\/Concurso-Prefeitura-de-Sao-Joao-Del-Rei-MG-Titulos.webp\" alt=\"Concurso Prefeitura de S\u00e3o Jo\u00e3o Del-Rei MG\" class=\"wp-image-312953\" loading=\"lazy\" title=\"\" srcset=\"https:\/\/www.novaconcursos.com.br\/portal\/wp-content\/uploads\/2026\/08\/Concurso-Prefeitura-de-Sao-Joao-Del-Rei-MG-Titulos-232x300.webp 232w, https:\/\/www.novaconcursos.com.br\/portal\/wp-content\/uploads\/2026\/08\/Concurso-Prefeitura-de-Sao-Joao-Del-Rei-MG-Titulos-480x621.webp 480w, https:\/\/www.novaconcursos.com.br\/portal\/wp-content\/uploads\/2026\/08\/Concurso-Prefeitura-de-Sao-Joao-Del-Rei-MG-Titulos.webp 656w\" sizes=\"auto, (max-width: 480px) 100vw, (max-width: 768px) 100vw, (max-width: 1200px) 70vw, 768px\"><figcaption><\/figcaption><\/figure><p class=\"wp-block-paragraph\">O concurso Prefeitura de S\u00e3o Jo\u00e3o Del-Rei MG ter\u00e1 validade de <strong>dois anos<\/strong>, contados a partir da homologa\u00e7\u00e3o do resultado final.<\/p>\n\n\n\n<p class=\"wp-block-paragraph\">O prazo poder\u00e1 ser prorrogado <strong>uma \u00fanica vez, por igual per\u00edodo<\/strong>.<\/p>\n\n\n\n<h2 class=\"wp-block-heading\" id=\"materiais-preparatrios-para-o-concurso-prefeitura-de-so-joo-\">Materiais preparat\u00f3rios para o concurso Prefeitura de S\u00e3o Jo\u00e3o Del-Rei MG<\/h2>\n\n\n\n<p class=\"wp-block-paragraph\">A prepara\u00e7\u00e3o para o <strong>concurso Prefeitura de S\u00e3o Jo\u00e3o Del-Rei MG<\/strong> exige organiza\u00e7\u00e3o e const\u00e2ncia para assimilar os conte\u00fados e chegar \u00e0 prova com mais seguran\u00e7a. Ter materiais de apoio adequados pode facilitar os estudos e tornar as revis\u00f5es mais eficientes.<\/p>\n\n\n\n<p class=\"wp-block-paragraph\">A <strong>Nova Concursos<\/strong> oferece recursos que ajudam a fortalecer conhecimentos importantes para diferentes sele\u00e7\u00f5es p\u00fablicas, permitindo complementar a prepara\u00e7\u00e3o de acordo com as disciplinas cobradas.<\/p>\n\n\n\n<h3 class=\"wp-block-heading\">Apostila L\u00edngua Portuguesa para Concursos<\/h3>\n\n\n\n<p class=\"wp-block-paragraph\">A <strong>Apostila L\u00edngua Portuguesa para Concursos<\/strong> \u00e9 uma op\u00e7\u00e3o para revisar e aprofundar conhecimentos da disciplina, refor\u00e7ando uma mat\u00e9ria recorrente em provas de concursos p\u00fablicos.<\/p>\n\n\n\n<p class=\"wp-block-paragraph\"><\/p><div class=\"nova-continue-reading\">Estude com os materiais da <a href=\"https:\/\/www.novaconcursos.com.br\/\">Nova Concursos<\/a>!<\/div>","protected":false},"excerpt":{"rendered":"<p>Concurso Prefeitura de S\u00e3o Jo\u00e3o Del-Rei MG oferta oportunidades para todos os n\u00edveis de escolaridade! Saiba mais.<\/p>\n","protected":false},"author":54693,"featured_media":312951,"comment_status":"closed","ping_status":"closed","sticky":false,"template":"","format":"standard","meta":{"_acf_changed":false,"footnotes":"","_wp_rev_ctl_limit":""},"categories":[44999,44948,44939],"tags":[45969,45001],"class_list":["post-68267","post","type-post","status-publish","format-standard","has-post-thumbnail","hentry","category-concursos","category-mg","category-carreira-administrativa","tag-concurso-prefeitura-de-sao-joao-del-rei-mg-2","tag-concursos-abertos-mg"],"acf":[],"_links":{"self":[{"href":"https:\/\/www.novaconcursos.com.br\/portal\/wp-json\/wp\/v2\/posts\/68267","targetHints":{"allow":["GET"]}}],"collection":[{"href":"https:\/\/www.novaconcursos.com.br\/portal\/wp-json\/wp\/v2\/posts"}],"about":[{"href":"https:\/\/www.novaconcursos.com.br\/portal\/wp-json\/wp\/v2\/types\/post"}],"author":[{"embeddable":true,"href":"https:\/\/www.novaconcursos.com.br\/portal\/wp-json\/wp\/v2\/users\/54693"}],"replies":[{"embeddable":true,"href":"https:\/\/www.novaconcursos.com.br\/portal\/wp-json\/wp\/v2\/comments?post=68267"}],"version-history":[{"count":9,"href":"https:\/\/www.novaconcursos.com.br\/portal\/wp-json\/wp\/v2\/posts\/68267\/revisions"}],"predecessor-version":[{"id":313044,"href":"https:\/\/www.novaconcursos.com.br\/portal\/wp-json\/wp\/v2\/posts\/68267\/revisions\/313044"}],"wp:featuredmedia":[{"embeddable":true,"href":"https:\/\/www.novaconcursos.com.br\/portal\/wp-json\/wp\/v2\/media\/312951"}],"wp:attachment":[{"href":"https:\/\/www.novaconcursos.com.br\/portal\/wp-json\/wp\/v2\/media?parent=68267"}],"wp:term":[{"taxonomy":"category","embeddable":true,"href":"https:\/\/www.novaconcursos.com.br\/portal\/wp-json\/wp\/v2\/categories?post=68267"},{"taxonomy":"post_tag","embeddable":true,"href":"https:\/\/www.novaconcursos.com.br\/portal\/wp-json\/wp\/v2\/tags?post=68267"}],"curies":[{"name":"wp","href":"https:\/\/api.w.org\/{rel}","templated":true}]}}