{"id":68429,"date":"2018-05-29T12:05:21","date_gmt":"2018-05-29T15:05:21","guid":{"rendered":"http:\/\/www.novaconcursos.com.br\/portal\/?p=68429"},"modified":"2018-05-29T12:05:21","modified_gmt":"2018-05-29T15:05:21","slug":"concurso-seed-rr-2018-novo-edital-para-professores-deve-sair-em-60-dias-2018-05","status":"publish","type":"post","link":"https:\/\/www.novaconcursos.com.br\/portal\/noticias\/concurso-seed-rr-2018-novo-edital-para-professores-deve-sair-em-60-dias-2018-05\/","title":{"rendered":"Concurso SEED-RR 2018: Novo edital para Professores deve sair em 60 dias!"},"content":{"rendered":"<p>Aten\u00e7\u00e3o <strong>concurseiros de Roraima<\/strong>! O novo concurso p\u00fablico da <strong>Secretaria de Educa\u00e7\u00e3o e Desporto (SEED-RR)<\/strong> dever\u00e1 ter <strong>edital<\/strong> publicado em at\u00e9 <strong>60 dias<\/strong>, por determina\u00e7\u00e3o do Tribunal de Contas de Roraima (TCE-RR)!<\/p>\n<p>A determina\u00e7\u00e3o partiu dos conselheiros do Tribunal de Contas do Estado, reunidos em sess\u00e3o ordin\u00e1ria da 1\u00aa C\u00e2mara no dia <strong>22 de maio de 2018.<\/strong><\/p>\n<p>Segundo a decis\u00e3o do Tribunal, o novo certame dever\u00e1 oferecer oportunidades para o cargo de <strong>Professor<\/strong>, para atua\u00e7\u00e3o nas s\u00e9ries finais do <strong>ensino m\u00e9dio e fundamental<\/strong> nas escolas da zona urbana e rural da capital e do interior do Estado. O <strong>n\u00famero de vagas<\/strong> ainda n\u00e3o foi divulgado.<\/p>\n<p>O Tribunal determinou ainda, que fica estipulado a aplica\u00e7\u00e3o de multa ao ex-secret\u00e1rio da SEED, Jules Rimet de Souza Crus Soares, no valor equivalente a <strong>R$ 13.499,20<\/strong> em raz\u00e3o das irregularidades apontadas.<\/p>\n<p><span style=\"color: #000000;\"><strong>Motivo do processo<\/strong><\/span><\/p>\n<p>Segundo a relatora do processo, a conselheira Cilene Lago Salom\u00e3o, foi realizado um levantamento nos di\u00e1rios oficiais do estado onde foi poss\u00edvel constatar a edi\u00e7\u00e3o de <strong>15 editais<\/strong> para <strong>contrata\u00e7\u00e3o tempor\u00e1ria de Professor<\/strong>, com a alega\u00e7\u00e3o de atender uma necessidade tempor\u00e1ria.<\/p>\n<p>\u201cO que podemos concluir \u00e9 que na verdade o Governo do Estado vem promovendo sucessivas contrata\u00e7\u00f5es tempor\u00e1rias para atender servi\u00e7o de car\u00e1ter essencial e permanente. A SEED n\u00e3o apresentou documenta\u00e7\u00e3o e argumentos capazes de sanar as pend\u00eancias que justificassem a n\u00e3o realiza\u00e7\u00e3o de concurso p\u00fablico\u201d, afirmou Cilene Lago Salom\u00e3o.<\/p>\n<p><span style=\"color: #000000;\"><strong>Previs\u00e3o do edital<\/strong><\/span><\/p>\n<p>Com a determina\u00e7\u00e3o TCE-RR, o governo do estado dever\u00e1 apresentar, nos <strong>pr\u00f3ximos dois meses<\/strong>, um anteprojeto de lei e o<strong> edital do concurso p\u00fablico<\/strong>, sob pena de multa di\u00e1ria em caso de descumprimento. Portanto o novo edital dever\u00e1 ser divulgado at\u00e9 o final do m\u00eas de <strong>julho de 2018.<\/strong><\/p>\n<p><span style=\"color: #000000;\"><strong>Comiss\u00e3o formada<\/strong><\/span><\/p>\n<p>No dia <strong>29 de novembro de 2017<\/strong>, foi publicada no Di\u00e1rio Oficial do Estado, a forma\u00e7\u00e3o da comiss\u00e3o de um concurso p\u00fablico para contrata\u00e7\u00e3o de <strong>Professor ind\u00edgena e n\u00e3o ind\u00edgena<\/strong>. Contudo, ainda n\u00e3o se sabe se o governo ir\u00e1 formar uma nova comiss\u00e3o ou se trata da mesma sele\u00e7\u00e3o.<\/p>\n<p>A\u00a0<span style=\"text-decoration: underline; color: #0000ff;\"><a style=\"color: #0000ff;\" href=\"https:\/\/www.novaconcursos.com.br\/\" target=\"_blank\" rel=\"noopener noreferrer\"><strong>Nova\u00a0Concursos<\/strong><\/a><\/span>\u00a0tem ajudado h\u00e1 mais de 10 anos quem quer vencer a batalha do concurso p\u00fablico. Se voc\u00ea quer aumentar as suas chances de passar, conhe\u00e7a os nossos materiais, acessando o nosso site!<\/p>","protected":false},"excerpt":{"rendered":"<p>Aten\u00e7\u00e3o concurseiros de Roraima! O novo concurso p\u00fablico da Secretaria de Educa\u00e7\u00e3o e Desporto (SEED-RR) dever\u00e1 ter edital publicado em at\u00e9 60 dias, por determina\u00e7\u00e3o do Tribunal de Contas de Roraima (TCE-RR)! A determina\u00e7\u00e3o partiu dos conselheiros do Tribunal de Contas do Estado, reunidos em sess\u00e3o ordin\u00e1ria da 1\u00aa C\u00e2mara no dia 22 de maio [&hellip;]<\/p>\n","protected":false},"author":16,"featured_media":0,"comment_status":"closed","ping_status":"closed","sticky":false,"template":"","format":"standard","meta":{"_acf_changed":false,"footnotes":"","_wp_rev_ctl_limit":""},"categories":[228],"tags":[27796,27797,27799,27798,27800,27801],"class_list":["post-68429","post","type-post","status-publish","format-standard","hentry","category-noticias","tag-concurso-secretaria-de-educacao-e-desporto-de-roraima","tag-concurso-secretaria-de-educacao-e-desporto-de-roraima-2018","tag-concurso-seed-rr-2018","tag-concurso-seed-rr","tag-concurso-seed-rr-professor","tag-edital-concurso-seed-rr"],"acf":[],"_links":{"self":[{"href":"https:\/\/www.novaconcursos.com.br\/portal\/wp-json\/wp\/v2\/posts\/68429","targetHints":{"allow":["GET"]}}],"collection":[{"href":"https:\/\/www.novaconcursos.com.br\/portal\/wp-json\/wp\/v2\/posts"}],"about":[{"href":"https:\/\/www.novaconcursos.com.br\/portal\/wp-json\/wp\/v2\/types\/post"}],"author":[{"embeddable":true,"href":"https:\/\/www.novaconcursos.com.br\/portal\/wp-json\/wp\/v2\/users\/16"}],"replies":[{"embeddable":true,"href":"https:\/\/www.novaconcursos.com.br\/portal\/wp-json\/wp\/v2\/comments?post=68429"}],"version-history":[{"count":1,"href":"https:\/\/www.novaconcursos.com.br\/portal\/wp-json\/wp\/v2\/posts\/68429\/revisions"}],"predecessor-version":[{"id":68433,"href":"https:\/\/www.novaconcursos.com.br\/portal\/wp-json\/wp\/v2\/posts\/68429\/revisions\/68433"}],"wp:attachment":[{"href":"https:\/\/www.novaconcursos.com.br\/portal\/wp-json\/wp\/v2\/media?parent=68429"}],"wp:term":[{"taxonomy":"category","embeddable":true,"href":"https:\/\/www.novaconcursos.com.br\/portal\/wp-json\/wp\/v2\/categories?post=68429"},{"taxonomy":"post_tag","embeddable":true,"href":"https:\/\/www.novaconcursos.com.br\/portal\/wp-json\/wp\/v2\/tags?post=68429"}],"curies":[{"name":"wp","href":"https:\/\/api.w.org\/{rel}","templated":true}]}}