{"id":69243,"date":"2018-05-15T16:55:52","date_gmt":"2018-05-15T19:55:52","guid":{"rendered":"http:\/\/www.novaconcursos.com.br\/portal\/?p=69243"},"modified":"2021-02-19T12:34:59","modified_gmt":"2021-02-19T15:34:59","slug":"o-que-cai-na-prova-de-perito-concurso-pf","status":"publish","type":"post","link":"https:\/\/www.novaconcursos.com.br\/portal\/artigos\/o-que-cai-na-prova-de-perito-concurso-pf\/","title":{"rendered":"O que cai na prova de Perito Concurso PF?"},"content":{"rendered":"<p><\/p><p>Sa\u00edram os editais do novo certame da <strong>Pol\u00edcia Federal<\/strong>, incluindo o do <strong>concurso PF Perito<\/strong>!<\/p>\n[btnnova href=\u201dhttps:\/\/www.novaconcursos.com.br\/concurso\/pf-policia-federal\/curso-online\u201d class=\u201dyellow\u201d target=\u201dtrue\u201d content=\u201dCurso Online Completo Pol\u00edcia Federal\u201d position=\u201dcenter\u201d promo-name=\u201dlink-produto\u201d]\n\n\n\n<p>As provas acontecem j\u00e1 no dia <strong>19 de agosto<\/strong>, ent\u00e3o n\u00e3o vamos perder tempo e aprofundar nosso foco nos estudos.<\/p>\n\n\n\n<p><span style=\"color: #0000ff;\"><strong><a style=\"color: #0000ff;\" href=\"https:\/\/www.novaconcursos.com.br\/concurso\/pf-policia-federal\/apostila?promo_name=pf-blog&amp;promo_id=1&amp;promo_creative=link-prova-delegado-pf&amp;promo_position=pf\"><u>\u00bb Prepare-se com a Apostila\u2002PF + Curso Completo de Inform\u00e1tica (GR\u00c1TIS)\u2002\u00ab<\/u><\/a><\/strong><\/span><\/p>\n\n\n\n<p>S\u00e3o <strong>60 vagas<\/strong> de contrata\u00e7\u00e3o imediata para o cargo de <strong>Perito<\/strong>.<\/p>\n\n\n\n<p>As inscri\u00e7\u00f5es ficar\u00e3o abertas das <strong>10 horas do dia 19 de junho at\u00e9 o dia 7 de julho 2018.<\/strong><\/p>\n\n\n<p>[mauticform id=\u201d300\u2033 chamada=\u201dReceba em seu e-mail todas as movimenta\u00e7\u00f5es do Concurso da PF\u201d titulo=\u201dQuer Receber Todas as Novidades da PF?\u201d track=\u201dCaptura \u2013 Blog Not\u00edcia PF\u201d]<\/p>\n\n\n\n<p>Para se inscrever, \u00e9 preciso acessar o site do <span style=\"text-decoration: underline; color: #0000ff;\"><a style=\"color: #0000ff; text-decoration: underline;\" href=\"http:\/\/www.cespe.unb.br\/concursos\/pf_18\/\" target=\"_blank\" rel=\"noopener noreferrer\">Cebraspe<\/a><\/span> e pagar uma taxa que tem o valor de <strong>R$ 250,00<\/strong>.<\/p>\n\n\n\n<p>\u00c9 requisitado o <strong>n\u00edvel superior<\/strong> para participar do certame, que varia de acordo com a \u00e1rea desejada, sendo elas:<\/p>\n\n\n\n<p>\u2013 <strong>\u00c1rea 2<\/strong>: Ci\u00eancias Cont\u00e1beis ou Econ\u00f4micas (10 vagas);<br>\u2013 <strong>\u00c1rea 3<\/strong>: Engenharia El\u00e9trica, Eletr\u00f4nica, de Telecomunica\u00e7\u00f5es ou Redes de Comunica\u00e7\u00e3o (5 vagas);<br>\u2013 <strong>\u00c1rea 4<\/strong>: An\u00e1lise de Sistemas, Ci\u00eancias da Computa\u00e7\u00e3o, Engenharia da Computa\u00e7\u00e3o, de Redes de Comunica\u00e7\u00e3o, ou em Inform\u00e1tica (20 vagas);<br>\u2013 <strong>\u00c1rea 5<\/strong>: Engenharia Agron\u00f4mica (2 vagas);<br>\u2013 <strong>\u00c1rea 6<\/strong>: Geologia (2 vagas);<br>\u2013 <strong>\u00c1rea 7<\/strong>: Engenharia Qu\u00edmica, Qu\u00edmica Industrial, ou Qu\u00edmica (4 vagas);<br>\u2013 <strong>\u00c1rea 8<\/strong>: Engenharia Civil (8 vagas);<br>\u2013 <strong>\u00c1rea 9<\/strong>: Engenharia Florestal (4 vagas);<br>\u2013 <strong>\u00c1rea 10<\/strong>: Medicina (2 vagas);<br>\u2013 <strong>\u00c1rea 11<\/strong>: Farm\u00e1cia (3 vagas).<\/p>\n\n\n\n<p>Os ganhos iniciais s\u00e3o de <strong>R$ 22.672,48<\/strong> em uma jornada de trabalho de 40 horas semanais. Na classe Especial, a remunera\u00e7\u00e3o chega a R$ 31.394,91.<\/p>\n\n\n\n<p><strong>O que cai na prova?<\/strong><\/p>\n\n\n\n<p>Os candidatos para o cargo ser\u00e3o avaliados nas seguintes etapas:<\/p>\n\n\n\n<p>\u2013 Prova objetiva;<br>\u2013 Prova discursiva;<br>\u2013 Exame de Aptid\u00e3o F\u00edsica (EAF);<br>\u2013 Avalia\u00e7\u00e3o m\u00e9dica;<br>\u2013 Avalia\u00e7\u00e3o psicol\u00f3gica;<br>\u2013 Avalia\u00e7\u00e3o de t\u00edtulos.<\/p>\n\n\n\n<p>A prova <strong>objetiva e a discursiva<\/strong> ser\u00e3o realizadas no dia <strong>19 de agosto<\/strong>, no per\u00edodo da tarde e ter\u00e3o a dura\u00e7\u00e3o de cinco horas.<\/p>\n\n\n\n<p><span style=\"text-decoration: underline;\"><strong>Prova objetiva<\/strong><\/span><\/p>\n\n\n\n<p>O teste ter\u00e1 <strong>120 quest\u00f5es<\/strong>, sendo 50 de <strong>Conhecimentos B\u00e1sicos<\/strong> e 70 de <strong>Conhecimentos Espec\u00edficos<\/strong>.<\/p>\n\n\n\n<p>A <strong>frente de Conhecimentos B\u00e1sicos<\/strong> do cargo consiste de L\u00edngua Portuguesa, Inform\u00e1tica, No\u00e7\u00f5es de Direito Administrativo, No\u00e7\u00f5es de Direito Constitucional, No\u00e7\u00f5es de Direito Penal e Direito Processual Penal, Legisla\u00e7\u00e3o Especial, Racioc\u00ednio L\u00f3gico.<\/p>\n\n\n\n<p>A parte relacionada aos <strong>Conhecimentos Espec\u00edficos variam conforme a \u00c1rea escolhida pelo candidato.<\/strong><\/p>\n\n\n\n<p>O modelo de resposta ser\u00e1 a marca\u00e7\u00e3o das letras \u2018C\u2019 e \u2018E\u2019, sendo a primeira para o enunciado que o candidato considera correta, e a segunda para o enunciado que o candidato considera como um equ\u00edvoco.<\/p>\n\n\n\n<p>A <strong>pontua\u00e7\u00e3o<\/strong> ser\u00e1 da seguinte forma:<\/p>\n\n\n\n<p>\u2013 Quest\u00e3o correta: 1 ponto positivo;<br>\u2013 Quest\u00e3o incorreta: 1 ponto negativo;<br>\u2013 Quest\u00e3o sem marca\u00e7\u00e3o\/com marca\u00e7\u00e3o dupla: 0 pontos.<\/p>\n\n\n\n<p>Para se classificarem, os candidatos precisam atingir pelo menos 10 pontos na prova de Conhecimentos Gerais, 21 pontos na prova de Conhecimentos Espec\u00edficos, e 48 pontos no conjunto das duas provas.<\/p>\n\n\n\n<p>Uma boa ideia para aproveitar o tempo dispon\u00edvel para estudos \u00e9 organizar um <strong>cronograma<\/strong>, otimizando o processo.<\/p>\n\n\n\n<p>Outra dica \u00e9 utilizar o per\u00edodo da tarde no s\u00e1bado para focar ainda mais nas mat\u00e9rias que o candidato n\u00e3o domina em sua totalidade.<\/p>\n\n\n\n<p><span style=\"text-decoration: underline;\"><strong>Prova discursiva<\/strong><\/span><\/p>\n\n\n\n<p>A <strong>prova discursiva<\/strong> ser\u00e1 composta da elabora\u00e7\u00e3o de um <strong>texto dissertativo<\/strong>, que versar\u00e3o sobre os conte\u00fados relacionados aos conhecimentos espec\u00edficos de cada cargo.<\/p>\n\n\n\n<p><span style=\"text-decoration: underline;\"><strong>Exame de Aptid\u00e3o F\u00edsica<\/strong><\/span><\/p>\n\n\n\n<p>Ser\u00e3o convocados para essa etapa, que acontece nos dias <strong>13 e 14 de outubro de 2018<\/strong>, os aprovados nas provas objetivas e discursivas.<\/p>\n\n\n\n<p>O exame conta com os exerc\u00edcios de Barra Fixa, Impuls\u00e3o Horizontal, Nata\u00e7\u00e3o (50 metros) e Corrida (12 minutos).<\/p>\n\n\n\n<p>As provas objetivas, discursivas, o exame de aptid\u00e3o f\u00edsica, a avalia\u00e7\u00e3o m\u00e9dica, psicol\u00f3gica e de t\u00edtulos ser\u00e3o realizadas em todas as capitais dos estados brasileiros e em Bras\u00edlia (DF).<\/p>\n\n\n\n<p><a href=\"https:\/\/www.novaconcursos.com.br\/portal\/concursos\/concurso-policia-federal\/\" target=\"_blank\" rel=\"noopener noreferrer\">Confira todas as informa\u00e7\u00f5es na\u2002<span style=\"text-decoration: underline;\"><span style=\"color: #0000ff; text-decoration: underline;\">\u00bb p\u00e1gina do concurso!\u2002\u00ab<\/span><\/span><\/a><\/p>\n\n\n\n<p><span style=\"color: #0000ff;\"><strong><a style=\"color: #0000ff;\" href=\"https:\/\/www.novaconcursos.com.br\/concurso\/pf-policia-federal\/apostila?promo_name=pf-blog&amp;promo_id=1&amp;promo_creative=link-prova-delegado-pf&amp;promo_position=pf\"><u>\u00bb Prepare-se com a Apostila\u2002PF + Curso Completo de Inform\u00e1tica (GR\u00c1TIS)\u2002\u00ab<\/u><\/a><\/strong><\/span><\/p>\n\n\n\n<p>A <a href=\"https:\/\/www.novaconcursos.com.br\/?utm_source=blog&amp;utm_medium=smm&amp;utm_content=link-texto&amp;utm_campaign=home\" target=\"_blank\" rel=\"noopener noreferrer\"><span style=\"text-decoration: underline; color: #0000ff;\"><strong>Nova\u2002Concursos<\/strong><\/span><\/a> tem ajudado h\u00e1 mais de 10 anos quem quer vencer a batalha do concurso p\u00fablico. Se voc\u00ea quer aumentar as suas chances de passar, conhe\u00e7a os nossos materiais, acessando o nosso site!<\/p>","protected":false},"excerpt":{"rendered":"<p>Sa\u00edram os editais do novo certame da Pol\u00edcia Federal, incluindo o do concurso PF Perito! [btnnova href=\u201dhttps:\/\/www.novaconcursos.com.br\/concurso\/pf-policia-federal\/curso-online\u201d class=\u201dyellow\u201d target=\u201dtrue\u201d content=\u201dCurso Online Completo Pol\u00edcia Federal\u201d position=\u201dcenter\u201d promo-name=\u201dlink-produto\u201d] As provas acontecem j\u00e1 no dia 19 de agosto, ent\u00e3o n\u00e3o vamos perder tempo e aprofundar nosso foco nos estudos. \u00bb Prepare-se com a Apostila\u2002PF + Curso Completo de [&hellip;]<\/p>\n","protected":false},"author":28995,"featured_media":0,"comment_status":"closed","ping_status":"closed","sticky":false,"template":"","format":"standard","meta":{"_acf_changed":false,"footnotes":"","_wp_rev_ctl_limit":""},"categories":[33508],"tags":[280,25767,197,22928,288,24118,28345,28344,28342],"class_list":["post-69243","post","type-post","status-publish","format-standard","hentry","category-artigos","tag-concurso-pf","tag-concurso-pf-2018","tag-concurso-policia-federal","tag-concurso-policia-federal-2018","tag-pf","tag-policia-federal-2018","tag-policia-federal-perito-prova","tag-prova-perito","tag-prova-perito-pf"],"acf":[],"_links":{"self":[{"href":"https:\/\/www.novaconcursos.com.br\/portal\/wp-json\/wp\/v2\/posts\/69243","targetHints":{"allow":["GET"]}}],"collection":[{"href":"https:\/\/www.novaconcursos.com.br\/portal\/wp-json\/wp\/v2\/posts"}],"about":[{"href":"https:\/\/www.novaconcursos.com.br\/portal\/wp-json\/wp\/v2\/types\/post"}],"author":[{"embeddable":true,"href":"https:\/\/www.novaconcursos.com.br\/portal\/wp-json\/wp\/v2\/users\/28995"}],"replies":[{"embeddable":true,"href":"https:\/\/www.novaconcursos.com.br\/portal\/wp-json\/wp\/v2\/comments?post=69243"}],"version-history":[{"count":7,"href":"https:\/\/www.novaconcursos.com.br\/portal\/wp-json\/wp\/v2\/posts\/69243\/revisions"}],"predecessor-version":[{"id":123726,"href":"https:\/\/www.novaconcursos.com.br\/portal\/wp-json\/wp\/v2\/posts\/69243\/revisions\/123726"}],"wp:attachment":[{"href":"https:\/\/www.novaconcursos.com.br\/portal\/wp-json\/wp\/v2\/media?parent=69243"}],"wp:term":[{"taxonomy":"category","embeddable":true,"href":"https:\/\/www.novaconcursos.com.br\/portal\/wp-json\/wp\/v2\/categories?post=69243"},{"taxonomy":"post_tag","embeddable":true,"href":"https:\/\/www.novaconcursos.com.br\/portal\/wp-json\/wp\/v2\/tags?post=69243"}],"curies":[{"name":"wp","href":"https:\/\/api.w.org\/{rel}","templated":true}]}}