{"id":69246,"date":"2021-02-12T00:00:09","date_gmt":"2021-02-12T03:00:09","guid":{"rendered":"http:\/\/www.novaconcursos.com.br\/portal\/?p=69246"},"modified":"2025-12-29T11:46:26","modified_gmt":"2025-12-29T14:46:26","slug":"o-que-cai-na-prova-concurso-pf-2018","status":"publish","type":"post","link":"https:\/\/www.novaconcursos.com.br\/portal\/artigos\/o-que-cai-na-prova-concurso-pf-2018\/","title":{"rendered":"O que cai na prova Concurso PF 2021?"},"content":{"rendered":"<p><\/p><p>Finalmente concurseiros! Sa\u00edram os editais do novo <strong>concurso PF 2018 (Pol\u00edcia Federal)<\/strong>!<\/p>\n[btnnova href=\u201dhttps:\/\/www.novaconcursos.com.br\/concurso\/pf-policia-federal\/curso-online\u201d class=\u201dyellow\u201d target=\u201dtrue\u201d content=\u201dCurso Online Completo Pol\u00edcia Federal\u201d position=\u201dcenter\u201d promo-name=\u201dlink-produto\u201d]\n\n\n\n<p>O <strong>tempo de prepara\u00e7\u00e3o n\u00e3o \u00e9 longo<\/strong>: as provas acontecem no dia <strong>21 de mar\u00e7o<\/strong>. Vamos focar na prepara\u00e7\u00e3o no <a href=\"https:\/\/www.novaconcursos.com.br\/portal\/concursos\/concurso-policia-federal\/\">concurso PF<\/a> para garantir uma das vagas que tem os sal\u00e1rios iniciais de <strong>R$ 23 mil<\/strong>!<\/p>\n\n\n\n<p><\/p><p>Os interessados precisam acessar o site do <span style=\"text-decoration: underline;\"><span style=\"color: #0000ff;\"><a style=\"color: #0000ff; text-decoration: underline;\" rel=\"noopener noreferrer\" href=\"http:\/\/www.cespe.unb.br\/concursos\/pf_18\/\" target=\"_blank\">Cebraspe<\/a><\/span><\/span>, organizador do certame, e pagar uma taxa que tem o valor de<strong> R$ 180,00<\/strong>.<\/p>\n\n\n\n\n\n<p>O cadastro ficar\u00e1 dispon\u00edvel das <strong>10 horas do dia 22 de janeiro at\u00e9 o dia 09 de fevereiro de 2021<\/strong>.<\/p>\n\n\n\n<p>Os ganhos iniciais s\u00e3o de at\u00e9 <strong>R$ 23.692,74<\/strong> em uma jornada de trabalho de 40 horas semanais..<\/p>\n\n\n\n<p><strong>O que cai na prova?<\/strong><\/p>\n\n\n\n<p>Os candidatos para o cargo ser\u00e3o avaliados nas seguintes etapas:<\/p>\n\n\n\n<p>\u2013 Prova objetiva;<br>\u2013 Prova discursiva;<br>\u2013 Exame de Aptid\u00e3o F\u00edsica (EAF);<br>\u2013 Exame M\u00e9dico;<br>\u2013 Prova Oral (somente Delegado);<br>\u2013 Prova Pr\u00e1tica de Digita\u00e7\u00e3o (somente Escriv\u00e3o);<br>\u2013 Avalia\u00e7\u00e3o de T\u00edtulos;<br>\u2013 Avalia\u00e7\u00e3o psicol\u00f3gica.<\/p>\n\n\n\n<p>A <strong>prova objetiva e a discursiva<\/strong> ser\u00e3o realizadas no dia <strong>21 de mar\u00e7o<\/strong>, no per\u00edodo da tarde.<\/p>\n\n\n\n<p><span style=\"text-decoration: underline;\"><strong>Prova objetiva<\/strong><\/span><\/p>\n\n\n\n<p>O teste ter\u00e1 <strong>120 quest\u00f5es<\/strong>, sendo 60 do Bloco I, 36 do Bloco II e 24 do Bloco III.<\/p>\n\n\n\n<p>S\u00e3o eles:<\/p>\n\n\n\n<p><strong>Bloco I<\/strong>: L\u00edngua Portuguesa, Direito Administrativo, Direito Constitucional, Direito Penal e Direito Processual Penal, Legisla\u00e7\u00e3o Especial, Estat\u00edstica, Racioc\u00ednio L\u00f3gico.<\/p>\n\n\n\n<p><strong>Bloco II<\/strong>: Inform\u00e1tica.<\/p>\n\n\n\n<p><strong>Bloco III<\/strong>:<br>\u2013 Agente Policial: Contabilidade Geral;<br>\u2013 Escriv\u00e3o: Arquivologia, Contabilidade Geral;<br>\u2013 Papiloscopista: Biologia, F\u00edsica, Qu\u00edmica.<\/p>\n\n\n\n<p><strong>Delegado (120 quest\u00f5es)<\/strong><\/p>\n\n\n\n<p>\u2013 Direito Administrativo, Direito Constitucional, Direito Civil, Direito Processual Civil, Direito Empresarial, Direito Internacional P\u00fablico e Coopera\u00e7\u00e3o Internacional, Direito Penal, Direito Processual Penal, Criminologia, Direito Previdenci\u00e1rio, Direito Financeiro Tribut\u00e1rio.<\/p>\n\n\n\n<p>O <strong>modelo de resposta<\/strong> ser\u00e1 a marca\u00e7\u00e3o das letras \u2018C\u2019 e \u2018E\u2019, sendo a primeira para o enunciado que o candidato considera correta, e a segunda para o enunciado que o candidato considera como um equ\u00edvoco.<\/p>\n\n\n\n<p>O crit\u00e9rio da pontua\u00e7\u00e3o ser\u00e1 da seguinte forma:<\/p>\n\n\n\n<p>\u2013 Quest\u00e3o correta: 1 ponto positivo;<br>\u2013 Quest\u00e3o incorreta: 1 ponto negativo;<br>\u2013 Quest\u00e3o sem marca\u00e7\u00e3o\/com marca\u00e7\u00e3o dupla: 0 pontos.<\/p>\n\n\n\n<p>Para se classificarem, os candidatos precisam atingir pelo menos 6 pontos no Bloco I, 3 pontos no Bloco II, 2 pontos no Bloco III e 48 pontos no conjunto dos tr\u00eas blocos da prova.<\/p>\n\n\n\n<p>Uma boa ideia para aproveitar o tempo dispon\u00edvel para estudos \u00e9 organizar um cronograma, otimizando o processo.<\/p>\n\n\n<div class=\"wp-block-image\">\n<figure class=\"aligncenter\"><a href=\"https:\/\/www.novaconcursos.com.br\/portal\/wp-content\/uploads\/2018\/05\/comum-pf.jpg\"><img decoding=\"async\" width=\"775\" height=\"243\" src=\"https:\/\/www.novaconcursos.com.br\/portal\/wp-content\/uploads\/2018\/05\/comum-pf.jpg\" alt=\"comum pf\" class=\"wp-image-69321\" loading=\"lazy\" title=\"\" srcset=\"https:\/\/www.novaconcursos.com.br\/portal\/wp-content\/uploads\/2018\/05\/comum-pf-300x94.jpg 300w, https:\/\/www.novaconcursos.com.br\/portal\/wp-content\/uploads\/2018\/05\/comum-pf.jpg 775w\" sizes=\"auto, (max-width: 480px) 100vw, (max-width: 768px) 100vw, (max-width: 1200px) 70vw, 768px\"><\/a><\/figure><\/div>\n\n\n<p>Outra dica \u00e9 utilizar o per\u00edodo da tarde no s\u00e1bado para focar ainda mais nas mat\u00e9rias que o candidato n\u00e3o domina em sua totalidade.<\/p>\n\n\n\n<p><span style=\"text-decoration: underline;\"><strong>Prova discursiva<\/strong><\/span><\/p>\n\n\n\n<p>A prova discursiva ser\u00e1 composta da elabora\u00e7\u00e3o de uma reda\u00e7\u00e3o, que versar\u00e1 sobre o tema de escolha da banca organizadora.<\/p>\n\n\n\n<p><span style=\"text-decoration: underline;\"><strong>Exame de Aptid\u00e3o F\u00edsica<\/strong><\/span><\/p>\n\n\n\n<p>Ser\u00e3o convocados para essa etapa os aprovados nas provas objetivas e discursivas.<\/p>\n\n\n\n<p>O exame conta com os exerc\u00edcios de <strong>Barra Fixa, Impuls\u00e3o Horizontal, Nata\u00e7\u00e3o (50 metros) e Corrida (12 minutos)<\/strong>.<\/p>\n\n\n\n<p><span style=\"text-decoration: underline;\"><strong>Prova Pr\u00e1tica de de Digita\u00e7\u00e3o (Somente Escriv\u00e3o)<\/strong><\/span><\/p>\n\n\n\n<p>O candidato precisa de pelo menos 5 pontos para se classificar nesta etapa.<\/p>\n\n\n\n<p>As provas objetivas, discursivas, o exame de aptid\u00e3o f\u00edsica, a avalia\u00e7\u00e3o m\u00e9dica, psicol\u00f3gica e de t\u00edtulos ser\u00e3o realizadas em todas as capitais dos estados brasileiros e em Bras\u00edlia (DF).<\/p>","protected":false},"excerpt":{"rendered":"<p>Finalmente concurseiros! Sa\u00edram os editais do novo concurso PF 2018 (Pol\u00edcia Federal)! [btnnova href=\u201dhttps:\/\/www.novaconcursos.com.br\/concurso\/pf-policia-federal\/curso-online\u201d class=\u201dyellow\u201d target=\u201dtrue\u201d content=\u201dCurso Online Completo Pol\u00edcia Federal\u201d position=\u201dcenter\u201d promo-name=\u201dlink-produto\u201d] O tempo de prepara\u00e7\u00e3o n\u00e3o \u00e9 longo: as provas acontecem no dia 21 de mar\u00e7o. Vamos focar na prepara\u00e7\u00e3o no concurso PF para garantir uma das vagas que tem os sal\u00e1rios iniciais [&hellip;]<\/p>\n","protected":false},"author":28995,"featured_media":0,"comment_status":"closed","ping_status":"closed","sticky":false,"template":"","format":"standard","meta":{"_acf_changed":false,"footnotes":"","_wp_rev_ctl_limit":""},"categories":[33508],"tags":[197,288,202,24118,11719,28374,28355,28354,28351,28352],"class_list":["post-69246","post","type-post","status-publish","format-standard","hentry","category-artigos","tag-concurso-policia-federal","tag-pf","tag-policia-federal","tag-policia-federal-2018","tag-prova","tag-prova-agente-policial","tag-prova-escrivao","tag-prova-papiloscopista","tag-prova-pf","tag-prova-policia-federal"],"acf":[],"_links":{"self":[{"href":"https:\/\/www.novaconcursos.com.br\/portal\/wp-json\/wp\/v2\/posts\/69246","targetHints":{"allow":["GET"]}}],"collection":[{"href":"https:\/\/www.novaconcursos.com.br\/portal\/wp-json\/wp\/v2\/posts"}],"about":[{"href":"https:\/\/www.novaconcursos.com.br\/portal\/wp-json\/wp\/v2\/types\/post"}],"author":[{"embeddable":true,"href":"https:\/\/www.novaconcursos.com.br\/portal\/wp-json\/wp\/v2\/users\/28995"}],"replies":[{"embeddable":true,"href":"https:\/\/www.novaconcursos.com.br\/portal\/wp-json\/wp\/v2\/comments?post=69246"}],"version-history":[{"count":17,"href":"https:\/\/www.novaconcursos.com.br\/portal\/wp-json\/wp\/v2\/posts\/69246\/revisions"}],"predecessor-version":[{"id":301530,"href":"https:\/\/www.novaconcursos.com.br\/portal\/wp-json\/wp\/v2\/posts\/69246\/revisions\/301530"}],"wp:attachment":[{"href":"https:\/\/www.novaconcursos.com.br\/portal\/wp-json\/wp\/v2\/media?parent=69246"}],"wp:term":[{"taxonomy":"category","embeddable":true,"href":"https:\/\/www.novaconcursos.com.br\/portal\/wp-json\/wp\/v2\/categories?post=69246"},{"taxonomy":"post_tag","embeddable":true,"href":"https:\/\/www.novaconcursos.com.br\/portal\/wp-json\/wp\/v2\/tags?post=69246"}],"curies":[{"name":"wp","href":"https:\/\/api.w.org\/{rel}","templated":true}]}}