{"id":69630,"date":"2023-03-23T13:00:00","date_gmt":"2023-03-23T16:00:00","guid":{"rendered":"http:\/\/www.novaconcursos.com.br\/portal\/?post_type=nc-public-tender&#038;p=69630"},"modified":"2024-12-16T09:43:30","modified_gmt":"2024-12-16T12:43:30","slug":"concurso-seed-pr","status":"publish","type":"post","link":"https:\/\/www.novaconcursos.com.br\/portal\/concursos\/concurso-seed-pr\/","title":{"rendered":"Concurso SEED PR: Edital publicado. Mais de mil vagas para professor!"},"content":{"rendered":"<p>Excelente not\u00edcia para os concurseiros paranaenses: o edital do concurso <strong>SEED PR\u00a0<\/strong>foi publicado e as inscri\u00e7\u00f5es come\u00e7am em abril.<\/p>\n\n\n\n<p>A sele\u00e7\u00e3o est\u00e1 ofertando <strong>1.256\u00a0vagas<\/strong> para a carreira de Professor.<\/p>\n\n\n\n<p>Se voc\u00ea se interessa pelo certame, confira todos os detalhes a seguir!<\/p>\n\n\n\n<h2 class=\"wp-block-heading\" id=\"como-fazer-as-inscries-no-seed-pr\">Como fazer as inscri\u00e7\u00f5es no Seed PR?<\/h2>\n\n\n\n<p>Os interessados no concurso da Secretaria de Educa\u00e7\u00e3o do <a href=\"https:\/\/www.novaconcursos.com.br\/portal\/concursos-abertos\/pr\/\">Paran\u00e1<\/a> poder\u00e3o se candidatar a partir das <strong>10h do dia 10 de abril at\u00e9 \u00e0s 23h de 9 de maio de 2023,\u00a0<\/strong>por meio da p\u00e1gina do IBFC, banca organizadora do certame.<\/p>\n\n\n\n<p>Conforme descrito no edital, a taxa de inscri\u00e7\u00e3o ter\u00e1 o valor de <strong>R$ 100,00<\/strong> para quem se candidatar para apenas 1 cargo e <strong>R$ 160,00<\/strong> para quem se candidatar para 2 cargos ofertados, ganhando, assim, um desconto de R$ 40,00.<\/p>\n\n\n\n<p>Haver\u00e1 possibilidade de\u00a0<strong>isen\u00e7\u00e3o\u00a0<\/strong>da taxa para os candidatos que se encaixam nos seguintes requisitos:<\/p>\n\n\n\n<ul class=\"wp-block-list\"><li>inscritos no Cad\u00danico (Cadastro \u00danico para Programas Sociais do Governo Federal);<\/li>\n\n\n\n<li>membros de fam\u00edlia de baixa renda;<\/li>\n\n\n\n<li>eleitor convocado e nomeado pela Justi\u00e7a Eleitoral do Paran\u00e1;<\/li>\n\n\n\n<li>doadores de sangue e medula \u00f3ssea.<\/li>\n<\/ul><p>O per\u00edodo para\u00a0<strong>solicitar\u00a0<\/strong>o benef\u00edcio ser\u00e1 das 10h do dia 10 de abril at\u00e9 \u00e0s 23h do dia 13 de abril de 2023.<\/p>\n\n\n\n<p>Estude para o concurso dos seus sonhos com o\u00a0<strong>M\u00e9todo<\/strong>\u00a0que j\u00e1 ajudou na\u00a0<strong>aprova\u00e7\u00e3o de mais de 70 mil alunos<\/strong>.\u00a0<a class=\"c-link\" href=\"https:\/\/www.novaconcursos.com.br\/eventos\/assinatura?promo_creative=Clique+aqui&amp;promo_name=concurso&amp;promo_id=%2Fportal%2Fconcursos%2Fconcurso-aeronautica-afa&amp;promo_position=corpo-texto\" target=\"_blank\" rel=\"noopener noreferrer\" data-stringify-link=\"https:\/\/www.novaconcursos.com.br\/eventos\/assinatura?promo_creative=Clique+aqui&amp;promo_name=concurso&amp;promo_id=%2Fportal%2Fconcursos%2Fconcurso-uespi-edital-autorizado-160-vagas&amp;promo_position=corpo-texto\" data-sk=\"tooltip_parent\">Clique aqui<\/a>\u00a0e saiba mais!<\/p>\n\n\n\n<h2 class=\"wp-block-heading\" id=\"vagas-cargos-e-salrios\">Vagas, cargos e sal\u00e1rios<\/h2>\n\n\n\n<p>Confira como ser\u00e1 a distribui\u00e7\u00e3o das 1.256 vagas, entre <strong>professores e pedagogos.\u00a0<\/strong><\/p>\n\n\n\n<p>Conforme descrito no edital, a remunera\u00e7\u00e3o inicial dos aprovados \u00e9 de R$ 1.951,66 + R$ 421,27 referente ao aux\u00edlio transporte, para uma jornada de 20 horas semanais. Totalizando assim, um sal\u00e1rio de<strong> R$ 2.372,93.\u00a0<\/strong><\/p>\n\n\n\n<ul class=\"wp-block-list\"><li><strong>Professor<\/strong>\n<ul class=\"wp-block-list\"><li>Arte \u2013 94 vagas<\/li>\n\n\n\n<li>Biologia \u2013 66 vagas<\/li>\n\n\n\n<li>Ci\u00eancias \u2013 64 vagas<\/li>\n\n\n\n<li>Educa\u00e7\u00e3o F\u00edsica \u2013 67 vagas<\/li>\n\n\n\n<li>Filosofia \u2013 35 vagas<\/li>\n\n\n\n<li>F\u00edsica \u2013 41 vagas<\/li>\n\n\n\n<li>Geografia \u2013 68 vagas<\/li>\n\n\n\n<li>Hist\u00f3ria \u2013 97 vagas<\/li>\n\n\n\n<li>L\u00edngua estrangeira\/ingl\u00eas \u2013 65 vagas<\/li>\n\n\n\n<li>L\u00edngua portuguesa \u2013 207 vagas<\/li>\n\n\n\n<li>Matem\u00e1tica \u2013 227 vagas<\/li>\n\n\n\n<li>Qu\u00edmica \u2013 49 vagas<\/li>\n\n\n\n<li>Sociologia \u2013 32 vagas<\/li>\n<\/ul><\/li>\n<\/ul><ul class=\"wp-block-list\"><li><strong>Pedagogo \u2013 147 vagas<\/strong><\/li>\n<\/ul><h2 class=\"wp-block-heading\" id=\"requisitos\">Requisitos<\/h2>\n\n\n\n<p>Para investidura e posse nos cargos do concurso SEED PR, o candidato deve:<\/p>\n\n\n\n<ul class=\"wp-block-list\"><li>ter no m\u00ednimo 18 anos;<\/li>\n\n\n\n<li>ter nacionalidade brasileira ou ser naturalizado e, ainda, em caso de nacionalidade portuguesa, estar amparado pelo estatuto de igualdade entre brasileiros e portugueses, com reconhecimento de direitos e obriga\u00e7\u00f5es civis e de gozo de direitos pol\u00edticos, nos termos do par\u00e1grafo 1\u00ba, artigo 12, da Constitui\u00e7\u00e3o Federal e do Tratado de Amizade, Coopera\u00e7\u00e3o e Consulta, promulgado no Brasil por meio do Decreto n\u00ba 3.927, de 19 de setembro de 2001;<\/li>\n\n\n\n<li>estar em dia com as obriga\u00e7\u00f5es eleitorais;<\/li>\n\n\n\n<li>possuir Certificado de Reservista ou de dispensa de incorpora\u00e7\u00e3o, se do sexo masculino;<\/li>\n\n\n\n<li>comprovar o n\u00edvel de escolaridade exigido para o exerc\u00edcio do cargo, na data da posse;<\/li>\n\n\n\n<li>apresentar boa sa\u00fade;<\/li>\n\n\n\n<li>ter boa conduta;<\/li>\n\n\n\n<li>n\u00e3o possuir ac\u00famulo de cargos na forma prevista na legisla\u00e7\u00e3o.<\/li>\n<\/ul><p>S\u00e3o cobrados, tamb\u00e9m, requisitos espec\u00edficos:<\/p>\n\n\n\n<p><strong>Professor<\/strong><\/p>\n\n\n\n<ul class=\"wp-block-list\"><li>Licenciatura Plena no componente de inscri\u00e7\u00e3o; e<\/li>\n\n\n\n<li>Para o Componente Curricular da Matriz Educa\u00e7\u00e3o F\u00edsica, registro no Conselho Regional de Educa\u00e7\u00e3o F\u00edsica \u2013 CREF.<\/li>\n<\/ul><p><strong>Pedagogo<\/strong><\/p>\n\n\n\n<ul class=\"wp-block-list\"><li>Licenciatura em Pedagogia.<\/li>\n<\/ul><h2 class=\"wp-block-heading\" id=\"atribuies\">Atribui\u00e7\u00f5es<\/h2>\n\n\n\n<p>Confira, conforme o edital, algumas das <strong>atribui\u00e7\u00f5es\u00a0<\/strong>do Professor e do Pedagogo contratados pela Secretaria:<\/p>\n\n\n\n<p><strong>Professor<\/strong><\/p>\n\n\n\n<ul class=\"wp-block-list\"><li>Participar na elabora\u00e7\u00e3o da proposta pedag\u00f3gica da escola;<\/li>\n\n\n\n<li>Elaborar e cumprir plano de trabalho segundo a proposta pedag\u00f3gica da escola;<\/li>\n\n\n\n<li>Zelar pela aprendizagem dos alunos;<\/li>\n\n\n\n<li>Estabelecer e implementar estrat\u00e9gias de recupera\u00e7\u00e3o para os alunos de menor rendimento;<\/li>\n\n\n\n<li>Ministrar os dias letivos e as horas-aula estabelecidas;<\/li>\n\n\n\n<li>Participar integralmente dos per\u00edodos dedicados ao planejamento, \u00e0 avalia\u00e7\u00e3o e ao desenvolvimento profissional.<\/li>\n<\/ul><p><strong>Pedagogo<\/strong><\/p>\n\n\n\n<ul class=\"wp-block-list\"><li>Coordenar a elabora\u00e7\u00e3o e execu\u00e7\u00e3o da proposta pedag\u00f3gica da escola;<\/li>\n\n\n\n<li>Administrar o pessoal e os recursos materiais e financeiros da escola, tendo em vista o atingimento de seus objetivos pedag\u00f3gicos;<\/li>\n\n\n\n<li>Assegurar o cumprimento dos dias letivos e horas-aula estabelecidas;<\/li>\n\n\n\n<li>Zelar pelo cumprimento do plano de trabalho dos docentes;<\/li>\n\n\n\n<li>Prover meios para a recupera\u00e7\u00e3o dos alunos de menor rendimento.<\/li>\n<\/ul><h2 class=\"wp-block-heading\" id=\"etapas-de-seleo\">Etapas de sele\u00e7\u00e3o<\/h2>\n\n\n\n<p>Os candidatos que se inscreverem no certame da Secretaria de Educa\u00e7\u00e3o do Paran\u00e1,\u00a0 ser\u00e3o avaliados por meio de <strong>5 etapas<\/strong>:<\/p>\n\n\n\n<ul class=\"wp-block-list\"><li>Prova Objetiva;<\/li>\n\n\n\n<li>Prova Discursiva;<\/li>\n\n\n\n<li>Prova pr\u00e1tica;<\/li>\n\n\n\n<li>Prova de t\u00edtulos;<\/li>\n\n\n\n<li>Avalia\u00e7\u00e3o m\u00e9dica.<\/li>\n<\/ul><p>Entenda como ser\u00e1 realizado cada etapa:<\/p>\n\n\n\n<h3 class=\"wp-block-heading\">Prova objetiva<\/h3>\n\n\n\n<p>Esta fase, juntamente com a prova discursiva, de car\u00e1ter eliminat\u00f3rio e classificat\u00f3rio, ser\u00e1 aplicada no dia <strong>18 de junho, <\/strong>em hor\u00e1rio a ser divulgado, nos seguintes munic\u00edpios, localizados no estado do Paran\u00e1:<\/p>\n\n\n\n<ul class=\"wp-block-list\"><li>Apucarana;<\/li>\n\n\n\n<li>Assis Chateaubriand;<\/li>\n\n\n\n<li>Campo Mour\u00e3o;<\/li>\n\n\n\n<li>Corn\u00e9lio Proc\u00f3pio;<\/li>\n\n\n\n<li>Cascavel;<\/li>\n\n\n\n<li>Cianorte;<\/li>\n\n\n\n<li>Curitiba;<\/li>\n\n\n\n<li>Dois Vizinhos;<\/li>\n\n\n\n<li>Foz do Igua\u00e7u;<\/li>\n\n\n\n<li>Francisco Beltr\u00e3o;<\/li>\n\n\n\n<li>Goioer\u00ea;<\/li>\n\n\n\n<li>Guarapuava;<\/li>\n\n\n\n<li>Ibaiti;<\/li>\n\n\n\n<li>Irati;<\/li>\n\n\n\n<li>Ivaipor\u00e3;<\/li>\n\n\n\n<li>Jacarezinho;<\/li>\n\n\n\n<li>Laranjeiras do Sul;<\/li>\n\n\n\n<li>Londrina;<\/li>\n\n\n\n<li>Maring\u00e1;<\/li>\n\n\n\n<li>Loanda;<\/li>\n\n\n\n<li>Paranagu\u00e1;<\/li>\n\n\n\n<li>Paranava\u00ed;<\/li>\n\n\n\n<li>Pato Branco;<\/li>\n\n\n\n<li>Pitanga;<\/li>\n\n\n\n<li>Ponta Grossa;<\/li>\n\n\n\n<li>Tel\u00eamaco Borba;<\/li>\n\n\n\n<li>Toledo;<\/li>\n\n\n\n<li>Umuarama;<\/li>\n\n\n\n<li>Uni\u00e3o da Vit\u00f3ria; e<\/li>\n\n\n\n<li>Wenceslau Braz.<\/li>\n<\/ul><p>Os candidatos ser\u00e3o avaliados por <strong>30 quest\u00f5es<\/strong>, sendo:<\/p>\n\n\n\n<ul class=\"wp-block-list\"><li>10 quest\u00f5es sobre Conhecimentos Did\u00e1ticos (1,5 por quest\u00e3o)\n<ul class=\"wp-block-list\"><li>Estatuto da Crian\u00e7a e do Adolescente ECA;<\/li>\n<\/ul><\/li>\n\n\n\n<li>20 quest\u00f5es de Conhecimentos Espec\u00edficos (1,5 por quest\u00e3o)<\/li>\n<\/ul><p>A prova objetiva ser\u00e1 avaliada na escala de 0 a 45 pontos, considerando-se<strong> aprovado,<\/strong>\u00a0o candidato que, cumulativamente:<\/p>\n\n\n\n<ul class=\"wp-block-list\"><li>tenha acertado, no m\u00ednimo, 18 pontos na prova de Conhecimentos Espec\u00edficos , ou seja, no m\u00ednimo 12 quest\u00f5es;<\/li>\n\n\n\n<li>tenha acertado, no m\u00ednimo, 4,5 pontos na prova de Conhecimentos Did\u00e1ticos e ECA , ou seja, no m\u00ednimo 3 quest\u00f5es;<\/li>\n\n\n\n<li>tenha acertado, no m\u00ednimo, 22,5 pontos do total da prova objetiva.<\/li>\n<\/ul><h3 class=\"wp-block-heading\">Prova discursiva<\/h3>\n\n\n\n<p>Conforme destacado, esta etapa ser\u00e1 realizado no<strong> mesmo dia e hor\u00e1rio<\/strong> da prova objetiva.<\/p>\n\n\n\n<p>Os candidatos dever\u00e3o responder a <strong>1 (uma) quest\u00e3o<\/strong> relacionada ao conte\u00fado de conhecimento espec\u00edfico, de acordo com a especialidade escolhida.<\/p>\n\n\n\n<p>A quest\u00e3o deve ser respondida entre <strong>10 e 15 linhas<\/strong>, com clareza, concis\u00e3o, precis\u00e3o, coer\u00eancia e objetividade, para preencher os seguintes crit\u00e9rios de pontua\u00e7\u00e3o:<\/p>\n\n\n\n<figure class=\"wp-block-image\"><a href=\"https:\/\/www.novaconcursos.com.br\/portal\/wp-content\/uploads\/2023\/03\/Prova-discursiva-SEED-PR.png\"><img decoding=\"async\" width=\"872\" height=\"108\" src=\"https:\/\/www.novaconcursos.com.br\/portal\/wp-content\/uploads\/2023\/03\/Prova-discursiva-SEED-PR.png\" alt=\"Prova discursiva SEED PR\" class=\"wp-image-189367\" loading=\"lazy\" title=\"\" srcset=\"https:\/\/www.novaconcursos.com.br\/portal\/wp-content\/uploads\/2023\/03\/Prova-discursiva-SEED-PR-300x37.png 300w, https:\/\/www.novaconcursos.com.br\/portal\/wp-content\/uploads\/2023\/03\/Prova-discursiva-SEED-PR.png 872w\" sizes=\"auto, (max-width: 480px) 100vw, (max-width: 768px) 100vw, (max-width: 1200px) 70vw, 768px\"><\/a><\/figure><p>A prova discursiva ser\u00e1 avaliada na escala de 0 a 5 pontos, considerando-se <strong>aprovado, <\/strong>o candidato que, cumulativamente:<\/p>\n\n\n\n<ul class=\"wp-block-list\"><li>tenha acertado, no m\u00ednimo, 1,5 pontos no crit\u00e9rio dom\u00ednio do tema abordado;<\/li>\n\n\n\n<li>tenha acertado, no m\u00ednimo, 1,0 ponto no crit\u00e9rio dom\u00ednio da modalidade escrita da l\u00edngua portuguesa;<\/li>\n\n\n\n<li>tenha acertado, no m\u00ednimo, 2,5 pontos do total da prova discursiva.<\/li>\n<\/ul><p>Essa etapa ser\u00e1 de car\u00e1ter <strong>eliminat\u00f3rio<\/strong> e <strong>classificat\u00f3rio<\/strong>.<\/p>\n\n\n\n<h3 class=\"wp-block-heading\">Prova pr\u00e1tica<\/h3>\n\n\n\n<p>Nesta etapa de car\u00e1ter <strong>eliminat\u00f3rio e classificat\u00f3rio<\/strong>, o candidato dever\u00e1 elaborar as seguintes atividades, de acordo com o cargo:<\/p>\n\n\n\n<ul class=\"wp-block-list\"><li><strong>Professor:<\/strong> plano de aula de sua autoria, relacionado ao componente curricular de inscri\u00e7\u00e3o, considerando os anos finais do Ensino Fundamental e\/ou Ensino M\u00e9dio e uma v\u00eddeo aula previamente gravada pelo candidato, com dura\u00e7\u00e3o de no m\u00ednimo 10 min e m\u00e1ximo 12 min, referente a itens do conhecimento espec\u00edfico.<\/li>\n\n\n\n<li><strong>Pedagogo:<\/strong> plano de a\u00e7\u00e3o de sua autoria e uma exposi\u00e7\u00e3o do seu plano de a\u00e7\u00e3o em v\u00eddeo, gravado pelo candidato, com dura\u00e7\u00e3o de 10 min a 12min, sobre um dos cinco temas do anexo IV do edital.<\/li>\n<\/ul><p>Os candidatos ser\u00e3o qualificados por 3 (tr\u00eas) avaliadores.<\/p>\n\n\n\n<p>A prova pr\u00e1tica ser\u00e1 avaliada em uma\u00a0escala de 0 a 30 pontos, considerando-se <strong>aprovado, <\/strong>o\u00a0candidato que nela obtiver nota igual ou superior a <strong>18 pontos<\/strong>.<\/p>\n\n\n\n<p>O candidato que n\u00e3o for aprovado na Prova Pr\u00e1tica, estar\u00e1 automaticamente <strong>eliminado<\/strong> do certame.<\/p>\n\n\n\n<p>Ser\u00e1 atribu\u00edda <strong>nota zero<\/strong> \u00e0 Prova Pr\u00e1tica quando:<\/p>\n\n\n\n<ul class=\"wp-block-list\"><li>o candidato n\u00e3o enviar o Plano de Aula\/Plano de A\u00e7\u00e3o ou V\u00eddeo;<\/li>\n\n\n\n<li>o conte\u00fado do Plano de Aula\/Plano de A\u00e7\u00e3o for diverso do apresentado no V\u00eddeo;<\/li>\n\n\n\n<li>o v\u00eddeo apresentar baixa qualidade, estiver incompleto ou com imagem ou \u00e1udio danificados;<\/li>\n\n\n\n<li>o conte\u00fado do v\u00eddeo que n\u00e3o corresponder ao Cargo\/Componente Curricular da Matriz\/Pedagogo para a qual o candidato se inscreveu;<\/li>\n\n\n\n<li>os documentos e v\u00eddeos estiverem ileg\u00edveis e\/ou com rasuras ou proveniente de arquivo corrompido;<\/li>\n\n\n\n<li>a dura\u00e7\u00e3o dos v\u00eddeos for inferior ao m\u00ednimo de 10 minutos;<\/li>\n\n\n\n<li>o Plano de Aula\/Plano de A\u00e7\u00e3o ou V\u00eddeo n\u00e3o atender ao formato e\/ou especifica\u00e7\u00f5es determinadas neste Edital ou<\/li>\n\n\n\n<li>em edital espec\u00edfico.<\/li>\n<\/ul><h3 class=\"wp-block-heading\">Prova de t\u00edtulos<\/h3>\n\n\n\n<p>Ser\u00e3o convocados para a prova de t\u00edtulos, os candidatos aprovados nas etapas anteriores.<\/p>\n\n\n\n<p>Essa fase ser\u00e1 de car\u00e1ter classificat\u00f3rio e pontuada na escala de <strong>0 a 20\u00a0 pontos,<\/strong> de acordo com os seguintes crit\u00e9rios:<\/p>\n\n\n\n<figure class=\"wp-block-image\"><a href=\"https:\/\/www.novaconcursos.com.br\/portal\/wp-content\/uploads\/2023\/03\/Prova-de-t%C3%ADtulos-SEED-PR.png\"><img decoding=\"async\" width=\"861\" height=\"471\" src=\"https:\/\/www.novaconcursos.com.br\/portal\/wp-content\/uploads\/2023\/03\/Prova-de-t%C3%ADtulos-SEED-PR.png\" alt=\"Prova de t\u00edtulos SEED PR\" class=\"wp-image-189373\" loading=\"lazy\" title=\"\" srcset=\"https:\/\/www.novaconcursos.com.br\/portal\/wp-content\/uploads\/2023\/03\/Prova-de-t\u00edtulos-SEED-PR-300x164.png 300w, https:\/\/www.novaconcursos.com.br\/portal\/wp-content\/uploads\/2023\/03\/Prova-de-t\u00edtulos-SEED-PR.png 861w\" sizes=\"auto, (max-width: 480px) 100vw, (max-width: 768px) 100vw, (max-width: 1200px) 70vw, 768px\"><\/a><\/figure><p><strong>Aten\u00e7\u00e3o!<\/strong> O candidato que possuir duas inscri\u00e7\u00f5es, dever\u00e1 enviar a <strong>documenta\u00e7\u00e3o<\/strong> para a prova de t\u00edtulos, apenas de uma das inscri\u00e7\u00f5es de sua escolha.<\/p>\n\n\n\n<h3 class=\"wp-block-heading\">Avalia\u00e7\u00e3o m\u00e9dica<\/h3>\n\n\n\n<p>Os candidatos aprovados e classificados no n\u00famero de vagas ofertadas ser\u00e3o convocados para a Avalia\u00e7\u00e3o M\u00e9dica, cuja etapa abranger\u00e1 exames de aux\u00edlio, diagn\u00f3stico e cl\u00ednicos, e poder\u00e1 <strong>elimin\u00e1-los.<\/strong><\/p>\n\n\n\n<p>Vale ressaltar que os exames de aux\u00edlio diagn\u00f3stico <strong>ficar\u00e3o por conta do candidato<\/strong>, exceto a avalia\u00e7\u00e3o cl\u00ednica, que ser\u00e1 realizada mediante o encaminhamento do candidato, por meio eletr\u00f4nico, de toda documenta\u00e7\u00e3o solicitada.<\/p>\n\n\n\n<p>Ser\u00e1 considerado <strong>apto<\/strong> na avali\u00e7\u00e3o m\u00e9dica, o candidato que n\u00e3o apresentar quaisquer algtera\u00e7\u00f5es patol\u00f3gicas que o contraindiquem ao desempenho das atribui\u00e7\u00f5es do cargo.<\/p>\n\n\n\n<h2 class=\"wp-block-heading\" id=\"ltimo-processo-seletivo-simplificado-seed-pr\">\u00daltimo processo seletivo simplificado SEED PR<\/h2>\n\n\n\n<p>O \u00faltimo concurso SEED PR para <strong>tempor\u00e1rios<\/strong> aconteceu em<strong> 2020<\/strong>.<\/p>\n\n\n\n<p>\u00c0 \u00e9poca, o certame ficou sob organiza\u00e7\u00e3o do\u00a0<strong>Cebraspe <\/strong>(Centro Brasileiro de Pesquisa em Avalia\u00e7\u00e3o e Sele\u00e7\u00e3o e de Promo\u00e7\u00e3o de Eventos) e ofertou 4 mil vagas de n\u00edvel superior, tanto para Pedagogos quanto para diversas especialidades da carreira de Professor.<\/p>\n\n\n\n<p>As\u00a0<strong>remunera\u00e7\u00f5es<\/strong> dos aprovados variaram conforme a jornada de trabalho e a forma\u00e7\u00e3o profissional. Confira o equivalente a jornada semanal de 40 horas:<\/p>\n\n\n\n<ul class=\"wp-block-list\"><li>N\u00edvel Superior: R$ 2.566,40<\/li>\n\n\n\n<li>Licenciatura: R$ 1.924,80<\/li>\n\n\n\n<li>Acad\u00eamicos: R$ 1.796,80<\/li>\n<\/ul><p>Durante a sele\u00e7\u00e3o, os inscritos passaram por <strong>Provas Objetivas e Avalia\u00e7\u00e3o de T\u00edtulos<\/strong>.<\/p>\n\n\n\n<p>Na avalia\u00e7\u00e3o objetiva, os candidatos responderam a <strong>40, 56 ou 72 quest\u00f5es<\/strong> de m\u00faltipla escolha, a depender do cargo escolhido, sobre:<\/p>\n\n\n\n<ul class=\"wp-block-list\"><li>Conhecimentos\n<ul class=\"wp-block-list\"><li>B\u00e1sicos;<\/li>\n\n\n\n<li>Espec\u00edficos; e<\/li>\n\n\n\n<li>Comuns a todas as \u00e1reas de Educa\u00e7\u00e3o Profissional.<\/li>\n<\/ul><\/li>\n<\/ul><h2 class=\"wp-block-heading\" id=\"ltimo-concurso-seed-pr-2013\">\u00daltimo concurso SEED PR: 2013<\/h2>\n\n\n\n<p>Por outro lado, o \u00faltimo concurso SEED PR para <strong>efetivos <\/strong>foi realizado em <strong>2013<\/strong>.<\/p>\n\n\n\n<p>Sob organiza\u00e7\u00e3o da\u00a0<strong>PUCPR\u00a0<\/strong>(Pontif\u00edcia Universidade Cat\u00f3lica do Paran\u00e1), a sele\u00e7\u00e3o teve o objetivo de preencher mais de<strong> 13.771 vagas<\/strong> de Pedagogo e Professor distribu\u00eddas em 32 N\u00facleos Regionais de Educa\u00e7\u00e3o (NREs).<\/p>\n\n\n\n<p>Confira as <strong>especialidades <\/strong>contempladas pelo certame:<\/p>\n\n\n\n<ul class=\"wp-block-list\"><li>Arte<\/li>\n\n\n\n<li>Biologia<\/li>\n\n\n\n<li>Ci\u00eancias<\/li>\n\n\n\n<li>Educa\u00e7\u00e3o F\u00edsica<\/li>\n\n\n\n<li>Filosofia<\/li>\n\n\n\n<li>F\u00edsica<\/li>\n\n\n\n<li>Geografia<\/li>\n\n\n\n<li>Hist\u00f3ria<\/li>\n\n\n\n<li>Espanhol<\/li>\n\n\n\n<li>Ingl\u00eas<\/li>\n\n\n\n<li>Matem\u00e1tica<\/li>\n\n\n\n<li>Portugu\u00eas<\/li>\n\n\n\n<li>Qu\u00edmica<\/li>\n\n\n\n<li>Sociologia<\/li>\n<\/ul><p>\u00c9 importante frisar, ainda, que o concurso <strong>exigiu<\/strong> licenciatura plena na respectiva \u00e1rea de atua\u00e7\u00e3o ou em Pedagogia (para o cargo de Pedagogo).<\/p>\n\n\n\n<p>Os <strong>proventos<\/strong> da \u00e9poca eram de R$ 1.044,94 mais aux\u00edlio-transporte de R$ 304 para jornada de trabalho de 20 horas semanais.<\/p>\n\n\n\n<p>No entanto, vale ressaltar que a <strong>sele\u00e7\u00e3o<\/strong> ocorreu h\u00e1 quase uma d\u00e9cada.<\/p>\n\n\n\n<h3 class=\"wp-block-heading\" id=\"etapas-ultimo\">Etapas e Provas<\/h3>\n\n\n\n<p>A sele\u00e7\u00e3o de 2013 foi composta das seguintes <strong>etapas<\/strong>:<\/p>\n\n\n\n<ul class=\"wp-block-list\"><li><strong>Prova Objetiva<\/strong> (car\u00e1ter eliminat\u00f3rio e classificat\u00f3rio);<\/li>\n\n\n\n<li><strong>Reda\u00e7\u00e3o <\/strong>(car\u00e1ter eliminat\u00f3rio e classificat\u00f3rio);<\/li>\n\n\n\n<li><strong>Prova Did\u00e1tica <\/strong>(car\u00e1ter eliminat\u00f3rio e classificat\u00f3rio);<\/li>\n\n\n\n<li><strong>Avalia\u00e7\u00e3o de T\u00edtulos <\/strong>(car\u00e1ter classificat\u00f3rio);<\/li>\n\n\n\n<li><strong>Avalia\u00e7\u00e3o M\u00e9dica<\/strong> (car\u00e1ter eliminat\u00f3rio).<\/li>\n<\/ul><h4 class=\"wp-block-heading\">Prova Objetiva e Reda\u00e7\u00e3o<\/h4>\n\n\n\n<p>A prova objetiva contou com<strong>\u00a040 quest\u00f5es<\/strong> de m\u00faltipla escolha divididas da seguinte forma:<\/p>\n\n\n\n<ul class=\"wp-block-list\"><li>Conhecimento Comum \u2013 10 quest\u00f5es<\/li>\n\n\n\n<li>Conhecimento Espec\u00edfico \u2013 20 quest\u00f5es<\/li>\n\n\n\n<li>Fundamentos da Educa\u00e7\u00e3o \u2013 10 quest\u00f5es<\/li>\n<\/ul><p>Por fim, confira <a href=\"https:\/\/static.pucpr.br\/2018\/02\/edital-017-2013-seed-magisterio.pdf\" target=\"_blank\" rel=\"noopener noreferrer\">aqui<\/a> o edital do \u00faltimo concurso da Secretaria.<\/p>\n\n\n\n<h2 class=\"wp-block-heading\" id=\"sobre-a-seed-pr\">Sobre a SEED PR<\/h2>\n\n\n\n<p>\u00c0 Secretaria de Estado da Educa\u00e7\u00e3o e do Esporte do Paran\u00e1 compete:<\/p>\n\n\n\n<ul class=\"wp-block-list\"><li>I \u2013 a promo\u00e7\u00e3o das condi\u00e7\u00f5es necess\u00e1rias \u00e0 universaliza\u00e7\u00e3o das oportunidades de acesso \u00e0 escolaridade, garantindo ao aluno, tamb\u00e9m, a perman\u00eancia com sucesso na escola;<\/li>\n\n\n\n<li>II \u2013 o levantamento do universo da popula\u00e7\u00e3o a ser atendida pelas Redes Estadual e Municipal de Ensino, em todos os segmentos da educa\u00e7\u00e3o b\u00e1sica e devidas modalidades: regular, profissional, especial e de jovens e adultos;<\/li>\n\n\n\n<li>III \u2013 a coleta, a an\u00e1lise e a divulga\u00e7\u00e3o de dados e informa\u00e7\u00f5es educacionais;<\/li>\n\n\n\n<li>IV \u2013 a implanta\u00e7\u00e3o de projetos que propiciem a melhoria da qualidade de ensino, com enfoque em resultados mensur\u00e1veis em termos de aprendizagem;<\/li>\n\n\n\n<li>V \u2013 o acesso de educadores e educandos \u00e0 tecnologia aplicada \u00e0 melhoria do ensino e da aprendizagem;<\/li>\n\n\n\n<li>VI \u2013 a elabora\u00e7\u00e3o e a difus\u00e3o de diretrizes, regulamentos, regimentos e instru\u00e7\u00f5es requeridas para o funcionamento da Rede de Institui\u00e7\u00f5es de Ensino de Educa\u00e7\u00e3o B\u00e1sica;<\/li>\n\n\n\n<li>VII \u2013 o credenciamento das institui\u00e7\u00f5es de ensino e a autoriza\u00e7\u00e3o de funcionamento de educa\u00e7\u00e3o infantil, ensino fundamental, ensino m\u00e9dio, educa\u00e7\u00e3o de jovens e adultos, educa\u00e7\u00e3o especial e educa\u00e7\u00e3o profissional, das redes p\u00fablica e particular;<\/li>\n\n\n\n<li>VIII \u2013 a assist\u00eancia t\u00e9cnica aos docentes e gestores lotados nas institui\u00e7\u00f5es de ensino da rede estadual;<\/li>\n\n\n\n<li>IX \u2013 o planejamento na utiliza\u00e7\u00e3o, na constru\u00e7\u00e3o, na melhoria, na amplia\u00e7\u00e3o, na adapta\u00e7\u00e3o, na conserva\u00e7\u00e3o e na reorganiza\u00e7\u00e3o da rede f\u00edsica, composta por pr\u00e9dios, equipamentos e mobili\u00e1rio;<\/li>\n\n\n\n<li>X \u2013 a oferta de servi\u00e7os de apoio devidamente adequados aos alunos com necessidades educacionais especiais;<\/li>\n\n\n\n<li>XI \u2013 o planejamento, a organiza\u00e7\u00e3o, o acompanhamento e a manuten\u00e7\u00e3o das pol\u00edticas e diretrizes do Governo do Estado para o esporte, lazer e qualidade de vida.<\/li>\n<\/ul>","protected":false},"excerpt":{"rendered":"<p>Excelente not\u00edcia para os concurseiros paranaenses: o edital do pr\u00f3ximo concurso SEED PR\u00a0foi publicado e inscri\u00e7\u00f5es come\u00e7am em breve!<br \/>\nA sele\u00e7\u00e3o est\u00e1 ofertando 1.256\u00a0vagas para a carreira de Professor.<\/p>\n","protected":false},"author":16,"featured_media":156229,"comment_status":"closed","ping_status":"closed","sticky":false,"template":"","format":"standard","meta":{"_acf_changed":false,"footnotes":"","_wp_rev_ctl_limit":""},"categories":[44999],"tags":[],"class_list":["post-69630","post","type-post","status-publish","format-standard","has-post-thumbnail","hentry","category-concursos"],"acf":[],"_links":{"self":[{"href":"https:\/\/www.novaconcursos.com.br\/portal\/wp-json\/wp\/v2\/posts\/69630","targetHints":{"allow":["GET"]}}],"collection":[{"href":"https:\/\/www.novaconcursos.com.br\/portal\/wp-json\/wp\/v2\/posts"}],"about":[{"href":"https:\/\/www.novaconcursos.com.br\/portal\/wp-json\/wp\/v2\/types\/post"}],"author":[{"embeddable":true,"href":"https:\/\/www.novaconcursos.com.br\/portal\/wp-json\/wp\/v2\/users\/16"}],"replies":[{"embeddable":true,"href":"https:\/\/www.novaconcursos.com.br\/portal\/wp-json\/wp\/v2\/comments?post=69630"}],"version-history":[{"count":54,"href":"https:\/\/www.novaconcursos.com.br\/portal\/wp-json\/wp\/v2\/posts\/69630\/revisions"}],"predecessor-version":[{"id":264532,"href":"https:\/\/www.novaconcursos.com.br\/portal\/wp-json\/wp\/v2\/posts\/69630\/revisions\/264532"}],"wp:featuredmedia":[{"embeddable":true,"href":"https:\/\/www.novaconcursos.com.br\/portal\/wp-json\/wp\/v2\/media\/156229"}],"wp:attachment":[{"href":"https:\/\/www.novaconcursos.com.br\/portal\/wp-json\/wp\/v2\/media?parent=69630"}],"wp:term":[{"taxonomy":"category","embeddable":true,"href":"https:\/\/www.novaconcursos.com.br\/portal\/wp-json\/wp\/v2\/categories?post=69630"},{"taxonomy":"post_tag","embeddable":true,"href":"https:\/\/www.novaconcursos.com.br\/portal\/wp-json\/wp\/v2\/tags?post=69630"}],"curies":[{"name":"wp","href":"https:\/\/api.w.org\/{rel}","templated":true}]}}