{"id":70492,"date":"2018-07-09T08:04:53","date_gmt":"2018-07-09T11:04:53","guid":{"rendered":"http:\/\/www.novaconcursos.com.br\/portal\/?p=70492"},"modified":"2018-07-09T08:06:38","modified_gmt":"2018-07-09T11:06:38","slug":"concurso-prefeitura-rio-das-ostras-rj-mp-pede-novo-certame-para-mais-de-2-mil-vagas","status":"publish","type":"post","link":"https:\/\/www.novaconcursos.com.br\/portal\/noticias\/concurso-prefeitura-rio-das-ostras-rj-mp-pede-novo-certame-para-mais-de-2-mil-vagas\/","title":{"rendered":"Concurso Prefeitura Rio das Ostras &#8211; RJ: MP pede novo certame para mais de 2 mil vagas!"},"content":{"rendered":"<p><strong>O MPRJ (Minist\u00e9rio P\u00fablico do Estado do Rio de Janeiro)<\/strong>, comunicou a Prefeitura de Rio das Ostras para que realizasse um novo concurso em at\u00e9 <strong>180 dias<\/strong>.<\/p>\n<p><strong>Determina\u00e7\u00e3o do Minist\u00e9rio P\u00fablico!<\/strong><\/p>\n<p>A <strong>determina\u00e7\u00e3o<\/strong> foi dada em <strong>09 de junho de 2017<\/strong>, por meio da 2\u00aa Promotoria de Justi\u00e7a de Tutela Coletiva \u2013 N\u00facleo Maca\u00e9.<\/p>\n<p>Segundo dados do Minist\u00e9rio P\u00fablico, o munic\u00edpio de Rio das Ostras tinha em outubro de 2016, <strong>2.150 vagas tempor\u00e1rias<\/strong> em seu quadro funcional.<\/p>\n<p>Distribu\u00eddos em <strong>80 cargos<\/strong>, como Cozinheiro, Professor, M\u00e9dico, Engenheiro Civil, entre outros, estes contratos tempor\u00e1rios n\u00e3o teriam car\u00e1ter provis\u00f3rio.<\/p>\n<p><strong>\u00daltimo concurso Rio das Ostras!<\/strong><\/p>\n<p>O <strong>\u00faltimo edital<\/strong> do concurso Rio das Ostras, realizado em <strong>2012<\/strong>, na \u00e9poca o certame contava com <strong>3.482 vagas<\/strong> em diversos cargos.<\/p>\n<p>Por\u00e9m por meio de uma a\u00e7\u00e3o cautelar, o MPRJ conseguiu uma liminar na Justi\u00e7a suspendo o concurso da Prefeitura de Rio das Ostras.<\/p>\n<p>No in\u00edcio de <strong>2018<\/strong>, a Procuradoria Geral do Munic\u00edpio teve uma reuni\u00e3o com membros da comiss\u00e3o e do Sindicato dos Servidores de Rio das Ostras, com o intuito de dar um rumo para a sele\u00e7\u00e3o.<\/p>\n<p>A estimativa \u00e9 que ainda <strong>esse ano<\/strong> a Prefeitura consiga revalidar o concurso.<\/p>\n<p>A atual gest\u00e3o est\u00e1 tentando conseguir um aval da Justi\u00e7a para chamar os aprovados e suprir a necessidade da Prefeitura, a sele\u00e7\u00e3o foi homologada em <strong>dezembro de 2012<\/strong>.<\/p>\n<p>A <strong>retomada<\/strong> do concurso depende da concilia\u00e7\u00e3o com o Minist\u00e9rio P\u00fablico.<\/p>\n<p>A <strong><span style=\"text-decoration: underline;\"><span style=\"color: #0000ff;\"><a style=\"color: #0000ff; text-decoration: underline;\" href=\"https:\/\/www.novaconcursos.com.br\" target=\"_blank\" rel=\"noopener noreferrer\">Nova\u2002Concursos<\/a><\/span><\/span><\/strong> tem ajudado h\u00e1 mais de 10 anos quem quer vencer a batalha do concurso p\u00fablico. Se voc\u00ea quer aumentar as suas chances de passar, conhe\u00e7a os nossos materiais, acessando o nosso site!<\/p>","protected":false},"excerpt":{"rendered":"<p>O MPRJ (Minist\u00e9rio P\u00fablico do Estado do Rio de Janeiro), comunicou a Prefeitura de Rio das Ostras para que realizasse um novo concurso em at\u00e9 180 dias. Determina\u00e7\u00e3o do Minist\u00e9rio P\u00fablico! A determina\u00e7\u00e3o foi dada em 09 de junho de 2017, por meio da 2\u00aa Promotoria de Justi\u00e7a de Tutela Coletiva \u2013 N\u00facleo Maca\u00e9. Segundo [&hellip;]<\/p>\n","protected":false},"author":16,"featured_media":0,"comment_status":"closed","ping_status":"closed","sticky":false,"template":"","format":"standard","meta":{"_acf_changed":false,"footnotes":"","_wp_rev_ctl_limit":""},"categories":[228],"tags":[29149,29144,29146,29148,29145,29147],"class_list":["post-70492","post","type-post","status-publish","format-standard","hentry","category-noticias","tag-certame-prefeitura-de-rio-das-ostras-rj","tag-concurso-prefeitura-de-rio-das-ostras","tag-edital-concurso-prefeitura-de-rio-das-ostras","tag-prefeitura-de-rio-das-ostras-rj","tag-retomada-concurso-prefeitura-de-rio-das-ostras","tag-vagas-concurso-prefeitura-de-rio-das-ostras"],"acf":[],"_links":{"self":[{"href":"https:\/\/www.novaconcursos.com.br\/portal\/wp-json\/wp\/v2\/posts\/70492","targetHints":{"allow":["GET"]}}],"collection":[{"href":"https:\/\/www.novaconcursos.com.br\/portal\/wp-json\/wp\/v2\/posts"}],"about":[{"href":"https:\/\/www.novaconcursos.com.br\/portal\/wp-json\/wp\/v2\/types\/post"}],"author":[{"embeddable":true,"href":"https:\/\/www.novaconcursos.com.br\/portal\/wp-json\/wp\/v2\/users\/16"}],"replies":[{"embeddable":true,"href":"https:\/\/www.novaconcursos.com.br\/portal\/wp-json\/wp\/v2\/comments?post=70492"}],"version-history":[{"count":1,"href":"https:\/\/www.novaconcursos.com.br\/portal\/wp-json\/wp\/v2\/posts\/70492\/revisions"}],"predecessor-version":[{"id":70493,"href":"https:\/\/www.novaconcursos.com.br\/portal\/wp-json\/wp\/v2\/posts\/70492\/revisions\/70493"}],"wp:attachment":[{"href":"https:\/\/www.novaconcursos.com.br\/portal\/wp-json\/wp\/v2\/media?parent=70492"}],"wp:term":[{"taxonomy":"category","embeddable":true,"href":"https:\/\/www.novaconcursos.com.br\/portal\/wp-json\/wp\/v2\/categories?post=70492"},{"taxonomy":"post_tag","embeddable":true,"href":"https:\/\/www.novaconcursos.com.br\/portal\/wp-json\/wp\/v2\/tags?post=70492"}],"curies":[{"name":"wp","href":"https:\/\/api.w.org\/{rel}","templated":true}]}}