{"id":70832,"date":"2023-02-08T08:00:43","date_gmt":"2023-02-08T11:00:43","guid":{"rendered":"http:\/\/www.novaconcursos.com.br\/portal\/?post_type=nc-public-tender&#038;p=70832"},"modified":"2024-12-16T09:44:42","modified_gmt":"2024-12-16T12:44:42","slug":"concurso-fcria-ap","status":"publish","type":"post","link":"https:\/\/www.novaconcursos.com.br\/portal\/concursos\/concurso-fcria-ap\/","title":{"rendered":"Concurso FCRIA AP: Comiss\u00e3o formada. Novo edital em breve!"},"content":{"rendered":"<p>O novo concurso\u00a0<strong>FCRIA AP\u00a0<\/strong>(Funda\u00e7\u00e3o da Crian\u00e7a e do Adolescente do Estado do Amap\u00e1) pode acontecer em breve!<\/p>\n<p>A\u00a0<strong>comiss\u00e3o organizadora\u00a0<\/strong>da sele\u00e7\u00e3o j\u00e1 est\u00e1 formada. O pr\u00f3ximo passo dever\u00e1 ser a defini\u00e7\u00e3o e contrata\u00e7\u00e3o da banca que ficar\u00e1 respons\u00e1vel por viabilizar e aplicar as etapas da sele\u00e7\u00e3o.<\/p>\n<p>Para n\u00e3o perder nenhum detalhe acerca do certame e j\u00e1 dar in\u00edcio \u00e0 sua prepara\u00e7\u00e3o, navegue pelo \u00edndice abaixo!<\/p>\n<ul><li><a class=\"_ps2id\" href=\"#situacao\" data-ps2id-offset=\"\">Situa\u00e7\u00e3o atual<\/a><\/li>\n<li><a class=\"_ps2id\" href=\"#ultimo\" data-ps2id-offset=\"\">\u00daltimo concurso<\/a>\n<ul><li><a class=\"_ps2id\" href=\"#requisitos\" data-ps2id-offset=\"\">Requisitos<\/a><\/li>\n<li><a class=\"_ps2id\" href=\"#etapas\" data-ps2id-offset=\"\">Etapas e provas<\/a><\/li>\n<li><a class=\"_ps2id\" href=\"#atribuicoes\" data-ps2id-offset=\"\">Atribui\u00e7\u00f5es<\/a><\/li>\n<\/ul><\/li>\n<li><a class=\"_ps2id\" href=\"#sobre\" data-ps2id-offset=\"\">Sobre a FCRIA AP<\/a><\/li>\n<\/ul><h2 id=\"\"><\/h2>\n<h2 id=\"ps2id-idsituacao-targetconcurso-fcria-amap-situao-atual\">[ps2id id=\u2019situacao\u2019 target=\u201d\/]Concurso FCRIA Amap\u00e1: Situa\u00e7\u00e3o atual<\/h2>\n<p>A Funda\u00e7\u00e3o da Crian\u00e7a e do Adolescente do Estado do <a href=\"https:\/\/www.novaconcursos.com.br\/portal\/concursos-abertos\/ap\/\">Amap\u00e1<\/a> pode ter um novo edital para efetivos publicado em breve!<\/p>\n<p>A\u00a0<strong>comiss\u00e3o organizadora\u00a0<\/strong>da sele\u00e7\u00e3o j\u00e1 est\u00e1 definida. Este \u00e9 um passo importante rumo \u00e0 publica\u00e7\u00e3o do certame.<\/p>\n<p>Confira o conte\u00fado da <strong>publica\u00e7\u00e3o<\/strong>, feita no Di\u00e1rio Oficial Eletr\u00f4nico do Estado do dia 02 de fevereiro de 2023, que institui o grupo de trabalhos:<\/p>\n<p><em>PORTARIA N\u00ba 014\/2023-GAB\/FCRIA<\/em><br><em>O PRESIDENTE DA FUNDA\u00c7\u00c3O DA CRIAN\u00c7A E DO ADOLESCENTE DO ESTADO DO AMAP\u00c1, no uso de suas atribui\u00e7\u00f5es legais que lhe s\u00e3o conferidas pelo Decreto Estadual n\u00ba 0033\/2023, Lei n\u00ba 1.230\/2008, nos termos do Art. 51 da Lei n\u00ba 8.666, de 21 de junho de 1993; e tendo em vista a Solicita\u00e7\u00e3o n\u00b0 001\/2023-COMISS\u00c3O NORMATIVA; <\/em><em>RESOLVE:<\/em><\/p>\n<p><em>Art. 1\u00ba- Designar os servidores abaixo relacionados para comporem a Comiss\u00e3o Normativa com intuito de dar prosseguimento ao Estatuto da Funda\u00e7\u00e3o da Crian\u00e7a <\/em><em>e do Adolescente-FCRIA; Plano de Cargos, Carreiras, e Remunera\u00e7\u00e3o-PCCR; Carteira Funcional; C\u00f3digo de Conduta e de \u00c9tica dos Servidores; e Planejamento Estrat\u00e9gico e Proposta de um <strong>novo Concurso P\u00fablico<\/strong>:<\/em><\/p>\n<p><em>\u2013 Ant\u00f4nio Igor de Matos Pereira (Educador Social);<\/em><br><em>\u2013 Cristiane de Sousa Brito (Arte-Educadora);<\/em><br><em>\u2013 Ivonete Ferreira da Silva (Monitora Socioeducativa);<\/em><br><em>\u2013 Jackson Rubens de Oliveira (Monitor Socioeducativo);<\/em><br><em>\u2013 Keyla Aparecida dos Santos Silva (Educadora Social);<\/em><br><em>\u2013 Kelly Cristina Pereira Pacheco (Monitora Socioeducativa);<\/em><br><em>\u2013 Luiz Carlos Cardoso Ferreira (Monitor Socioeducativo);<\/em><br><em>\u2013 Marcos Viana dos Santos (Educador Social);<\/em><br><em>\u2013 Maria Clarisse Braga de Moraes (Pedagoga);<\/em><br><em>\u2013 Maria L\u00facia Coelho (Assistente Social);<\/em><br><em>\u2013 N\u00e1dia do Nascimento Lima dos Reis (Pedagoga);<\/em><br><em>\u2013 Roberto Silva de Souza (Educador Social);<\/em><br><em>\u2013 Fabricio Nery Furtado (Educador Social).<\/em><\/p>\n<p><em>Art. 2\u00ba \u2013 Revogar a Portaria n\u00b0 005\/2023-GAB\/FCRIA, de 19 de janeiro de 2023;<\/em><\/p>\n<p><em>Art. 3\u00ba \u2013 Esta Portaria entrar\u00e1 em vigor na data de sua publica\u00e7\u00e3o.<\/em><\/p>\n<p><em>Registre-se, publique-se e cumpra-se.<\/em><br><em>Macap\u00e1-AP, 01 de fevereiro de 2023.<\/em><br><em>LUIS EDUARDO GARCEZ DE OLIVEIRA<\/em><br><em>Diretor-Presidente da FCRIA<\/em><br><em>Decreto n\u00ba 0033\/2023-GEA<\/em><\/p>\n<p>O quantitativo de <strong>vagas e os cargos<\/strong> a serem contemplados pelo concurso ainda n\u00e3o foram revelados.<\/p>\n<p>Vale destacar que a elabora\u00e7\u00e3o do <strong>edital<\/strong> ter\u00e1 in\u00edcio quando o \u00f3rg\u00e3o identificar e definir suas necessidades.<\/p>\n<p>No entanto, a publica\u00e7\u00e3o do documento somente ser\u00e1 feita ap\u00f3s o contrato com a <strong>banca organizadora<\/strong>, processo que dever\u00e1 ser levado adiante pela comiss\u00e3o.<\/p>\n<p>Estude para o concurso dos seus sonhos com o\u00a0<strong>M\u00e9todo<\/strong>\u00a0que j\u00e1 ajudou na\u00a0<strong>aprova\u00e7\u00e3o de mais de 70 mil alunos<\/strong>.\u00a0<a class=\"c-link\" href=\"https:\/\/www.novaconcursos.com.br\/eventos\/assinatura?promo_creative=Clique+aqui&amp;promo_name=concurso&amp;promo_id=%2Fportal%2Fconcursos%2Fconcurso-uespi-edital-autorizado-160-vagas&amp;promo_position=corpo-texto\" target=\"_blank\" rel=\"noopener noreferrer\" data-stringify-link=\"https:\/\/www.novaconcursos.com.br\/eventos\/assinatura?promo_creative=Clique+aqui&amp;promo_name=concurso&amp;promo_id=%2Fportal%2Fconcursos%2Fconcurso-uespi-edital-autorizado-160-vagas&amp;promo_position=corpo-texto\" data-sk=\"tooltip_parent\">Clique aqui<\/a>e saiba mais!<\/p>\n<h2 id=\"ps2id-idultimo-targetltimo-concurso-fcria-ap\">[ps2id id=\u2019ultimo\u2019 target=\u201d\/]\u00daltimo concurso FCRIA AP<\/h2>\n<p>A \u00faltima sele\u00e7\u00e3o da FCRIA AP aconteceu em\u00a0<strong>2018\u00a0<\/strong>e contou com organiza\u00e7\u00e3o da\u00a0<strong>FCC\u00a0<\/strong>(Funda\u00e7\u00e3o Carlos Chagas).<\/p>\n<p>\u00c0 \u00e9poca, foram ofertadas\u00a0<strong>204 vagas<\/strong>, sendo 64 imediatas e 140 para forma\u00e7\u00e3o de cadastro-reserva.<\/p>\n<p>Foram contemplados os seguintes\u00a0<strong>cargos e especialidades<\/strong>:<\/p>\n<p><strong>N\u00edvel M\u00e9dio<\/strong><\/p>\n<ul><li>Educador Social \u2013 N\u00edvel M\u00e9dio (10 + CR)<\/li>\n<li>Monitor Socioeducativo (40 + CR)<\/li>\n<\/ul><p>\u00a0<\/p>\n<p><strong>N\u00edvel Superior<\/strong><\/p>\n<ul><li>Educador Social \u2013 N\u00edvel Superior\n<ul><li>Arte-Educador (5 + CR)<\/li>\n<li>Pedagogo (4 + CR)<\/li>\n<li>Psic\u00f3logo (5 + CR)<\/li>\n<\/ul><\/li>\n<\/ul><p>\u00a0<\/p>\n<p>Os\u00a0<strong>sal\u00e1rios\u00a0<\/strong>dos aprovados variaram entre R$ 2.856,04 e R$ 4.080,15.<\/p>\n<p>J\u00e1 as\u00a0<strong>taxas de inscri\u00e7\u00e3o<\/strong>, necess\u00e1rias para que a candidatura fosse homologada, corresponderam a valores entre R$ 85,00 e R$ 100,00, a depender da carreira pretendida.<\/p>\n<h3>[ps2id id=\u2019requisitos\u2019 target=\u201d\/]Requisitos<\/h3>\n<p>Al\u00e9m de possuir o n\u00edvel de escolaridade exigido para cada cargo e especialidade, os interessados tamb\u00e9m deveriam preencher os seguintes <strong>requisitos<\/strong>:<\/p>\n<ul><li>Ser brasileiro nato ou naturalizado ou portugu\u00eas em condi\u00e7\u00e3o de igualdade de direitos com os brasileiros, na forma do art.12, \u00a7 1\u00ba, da Constitui\u00e7\u00e3o Federal;<\/li>\n<li>Ter idade m\u00ednima de 18 anos completos at\u00e9 a data de admiss\u00e3o;<\/li>\n<li>Estar em dia com as obriga\u00e7\u00f5es eleitorais;<\/li>\n<li>Estar em dia com os deveres do Servi\u00e7o Militar, para os candidatos do sexo masculino;<\/li>\n<li>Encontrar-se no pleno exerc\u00edcio de seus direitos civis e pol\u00edticos.<\/li>\n<\/ul><p>\u00a0<\/p>\n<h3>[ps2id id=\u2019etapas\u2019 target=\u201d\/]Etapas e provas<\/h3>\n<p>A \u00faltima <a href=\"https:\/\/www.novaconcursos.com.br\/portal\/concursos-previstos\/ap\/\">sele\u00e7\u00e3o<\/a> contou com aplica\u00e7\u00e3o de provas objetiva e discursiva, ambas de car\u00e1ter eliminat\u00f3rio e classificat\u00f3rio.<\/p>\n<p>Os candidatos a\u00a0<strong>Monitor Socioeducativo\u00a0<\/strong>ainda tiveram que realizar um Teste de Aptid\u00e3o F\u00edsica (TAF) de car\u00e1ter eliminat\u00f3rio.<\/p>\n<p>As provas de conhecimentos foram aplicadas juntas em Macap\u00e1- AP e tiveram dura\u00e7\u00e3o de <strong>tr\u00eas horas e meia<\/strong>.<\/p>\n<p>Em s\u00edntese, o\u00a0<strong>exame objetivo\u00a0<\/strong>abordou quest\u00f5es acerca de Conhecimentos Gerais e Espec\u00edficos. Com um total de 50 quest\u00f5es, as avalia\u00e7\u00f5es exigiram dom\u00ednio das seguintes disciplinas:<\/p>\n<ul><li>Conhecimentos Gerais (20)\n<ul><li>L\u00edngua Portuguesa<\/li>\n<li>Racioc\u00ednio L\u00f3gico-Matem\u00e1tico<\/li>\n<li>Hist\u00f3ria e Geografia do Amap\u00e1<\/li>\n<\/ul><\/li>\n<li>Conhecimentos Espec\u00edficos \u2013 Variantes conforme o cargo\/especialidade (30)<\/li>\n<\/ul><p>\u00a0<\/p>\n<h3>[ps2id id=\u2019atribuicoes\u2019 target=\u201d\/]Atribui\u00e7\u00f5es dos cargos<\/h3>\n<p>Confira as\u00a0<strong>fun\u00e7\u00f5es\u00a0<\/strong>atribu\u00eddas a cada um dos cargos contemplados pelo \u00faltimo concurso da Funda\u00e7\u00e3o::<\/p>\n<p><strong>Educador Social \u2013 N\u00edvel M\u00e9dio<\/strong><\/p>\n<ul><li>Estabelecer relacionamento interpessoal com o socioeducando, servidores e a comunidade geral;<\/li>\n<li>Resguardar o car\u00e1ter confidencial das informa\u00e7\u00f5es pertinentes ao atendimento ao socioeducando;<\/li>\n<li>Coordenar e executar, sob orienta\u00e7\u00e3o da equipe t\u00e9cnica e coordena\u00e7\u00e3o, as atividades ocupacionais, pedag\u00f3gicas e de lazer, cultura e esporte, objetivando a socializa\u00e7\u00e3o dos adolescentes de acordo com o planejamento participativo da unidade;<\/li>\n<li>Supervisionar e orientar os monitores no controle da entrada e sa\u00edda dos educandos na unidade, bem como a perman\u00eancia dos mesmos na \u00e1rea interna da unidade;<\/li>\n<li>Preencher o relat\u00f3rio di\u00e1rio de ocorr\u00eancia;<\/li>\n<li>Participar de reuni\u00f5es com a equipe t\u00e9cnica, coordena\u00e7\u00e3o e educandos;<\/li>\n<li>Atuar no planejamento participativo da unidade;<\/li>\n<li>Comunicar imediatamente \u00e0 chefia da unidade toda e qualquer anormalidade observada na rotina da unidade;<\/li>\n<li>Acompanhar e permanecer junto aos adolescentes nas atividades externas definidas pela equipe t\u00e9cnica e coordena\u00e7\u00e3o;<\/li>\n<li>Ministrar aos adolescentes a medica\u00e7\u00e3o nos hor\u00e1rios pr\u00e9-estabelecidos pelo m\u00e9dico;<\/li>\n<li>Orientar os adolescentes na higiene pessoal, limpeza dos alojamentos e conserva\u00e7\u00e3o das demais \u00e1reas da unidade;<\/li>\n<li>Tomar conhecimento e dar cumprimento aos procedimentos repassados pela equipe t\u00e9cnica e coordena\u00e7\u00e3o;<\/li>\n<li>Auxiliar a equipe t\u00e9cnica na execu\u00e7\u00e3o do Programa Individualizado de Atendimento \u2013 PIA;<\/li>\n<li>Permanecer sempre na \u00e1rea a fim de observar qualquer altera\u00e7\u00e3o e garantir a execu\u00e7\u00e3o das atividades planejadas e a integra\u00e7\u00e3o dos adolescentes;<\/li>\n<li>Supervisionar e orientar os monitores a fim de garantir as necessidades di\u00e1rias do adolescente no que refere a servir \u00e1gua, alimenta\u00e7\u00e3o e material de higiene;<\/li>\n<li>Garantir a disciplina e seguran\u00e7a dos socioeducandos pautadas na Pol\u00edtica de Promo\u00e7\u00e3o, Garantia e Defesa dos Direitos da Crian\u00e7a e do Adolescente da FCRIA.<\/li>\n<\/ul><p>\u00a0<\/p>\n<p><strong>Monitor Socioeducativo<\/strong><\/p>\n<ul><li>Estabelecer relacionamento interpessoal com o socioeducando, servidores e a comunidade em geral;<\/li>\n<li>Resguardar o car\u00e1ter confidencial das informa\u00e7\u00f5es pertinentes ao atendimento ao socioeducando;<\/li>\n<li>Controlar a entrada e sa\u00edda dos educandos na unidade, bem como a perman\u00eancia dos mesmos na \u00e1rea interna da unidade;<\/li>\n<li>Participar de reuni\u00f5es com a equipe t\u00e9cnica, coordena\u00e7\u00e3o e educandos;<\/li>\n<li>Atuar no planejamento participativo da unidade;<\/li>\n<li>Responsabilizar-se por todo o material repassado pela chefia da unidade, inclusive manuseio das chaves;<\/li>\n<li>Comunicar imediatamente \u00e0 chefia toda e qualquer anormalidade observada na rotina da unidade;<\/li>\n<li>Acompanhar os policiais militares nas revistas efetuadas nos alojamentos, na sa\u00edda e no retorno dos adolescentes para atividades externas, bem como de visitantes;<\/li>\n<li>Auxiliar os adolescentes na higiene pessoal, limpeza dos alojamentos e conserva\u00e7\u00e3o das demais depend\u00eancias da unidade;<\/li>\n<li>Tomar conhecimento e dar cumprimento aos procedimentos repassados pela equipe t\u00e9cnica e coordena\u00e7\u00e3o;<\/li>\n<li>Auxiliar a equipe t\u00e9cnica na execu\u00e7\u00e3o do Programa Individualizado de Atendimento \u2013 PIA;<\/li>\n<li>Atender \u00e0s necessidades di\u00e1rias do adolescente no que refere a servir \u00e1gua, alimenta\u00e7\u00e3o e material de higiene;<\/li>\n<li>Garantir a disciplina e seguran\u00e7a dos socioeducandos pautadas na Pol\u00edtica de Promo\u00e7\u00e3o, Garantia e Defesa dos Direitos da Crian\u00e7a e do Adolescente da FCRIA.<\/li>\n<\/ul><p>\u00a0<\/p>\n<p><strong>Educador Social \u2013 Arte-Educador <\/strong><\/p>\n<ul><li>Promover, em conjunto com a equipe multidisciplinar e profissional, a\u00e7\u00f5es psico-s\u00f3cio-pedag\u00f3gicas e profissionalizantes pautadas na Pol\u00edtica de Promo\u00e7\u00e3o, Garantia e Defesa dos Direitos da Crian\u00e7a e do Adolescente da FCRIA;<\/li>\n<li>Planejar, promover e garantir eventos e atividades culturais peri\u00f3dicos nas Unidades Operacionais.<\/li>\n<\/ul><p>\u00a0<\/p>\n<p><strong>Educador Social \u2013 Pedagogo<\/strong><\/p>\n<ul><li>Promover, em conjunto com a equipe multidisciplinar e profissional, a\u00e7\u00f5es psico-s\u00f3cio-pedag\u00f3gicas e profissionalizantes pautadas na Pol\u00edtica de Promo\u00e7\u00e3o, Garantia e Defesa dos Direitos da Crian\u00e7a e do Adolescente da FCRIA;<\/li>\n<li>Planejar e promover a\u00e7\u00f5es t\u00e9cnicas, administrativas e pedag\u00f3gicas no sentido de aperfei\u00e7oar o processo ensino-aprendizagem dos socioseducandos.<\/li>\n<\/ul><p>\u00a0<\/p>\n<p><strong>Educador Social \u2013 Psic\u00f3logo<\/strong><\/p>\n<ul><li>Promover, em conjunto com a equipe multidisciplinar e profissional, a\u00e7\u00f5es psico-s\u00f3cio-pedag\u00f3gicas e profissionalizantes pautadas na Pol\u00edtica de Promo\u00e7\u00e3o, Garantia e Defesa dos Direitos da Crian\u00e7a e do Adolescente da FCRIA;<\/li>\n<li>Atender aos socioeducandos e a seus familiares no aspecto psicol\u00f3gico, atrav\u00e9s de acompanhamentos individuais, grupais, visitas domiciliares e parecer t\u00e9cnico, objetivando a supera\u00e7\u00e3o de dificuldades pessoais e sociais, colaborando na cria\u00e7\u00e3o de condi\u00e7\u00f5es que visem eliminar a opress\u00e3o e a marginaliza\u00e7\u00e3o e coibindo pr\u00e1ticas regressivas que prejudiquem o desenvolvimento pessoal, emocional e social.<\/li>\n<\/ul><p>\u00a0<\/p>\n<p><a href=\"https:\/\/www.novaconcursos.com.br\/portal\/wp-content\/uploads\/2018\/07\/edital-fcria-ap.pdf\" target=\"_blank\" rel=\"noopener noreferrer\">Clique aqui<\/a> e confira o edital da \u00faltima sele\u00e7\u00e3o da FCRIA AP.<\/p>\n<h2 id=\"ps2id-idsobre-targetsobre-a-fcria-ap\">[ps2id id=\u2019sobre\u2019 target=\u201d\/]Sobre a FCRIA AP<\/h2>\n<p>A <a href=\"https:\/\/fcria.portal.ap.gov.br\" target=\"_blank\" rel=\"noopener noreferrer\">Funda\u00e7\u00e3o da Crian\u00e7a e do Adolescente do Estado do Amap\u00e1<\/a>, criada pelo Decreto n.\u00ba 0309 de 18 de dezembro de 1991, \u00e9 uma entidade sem fins lucrativos, com personalidade jur\u00eddica de direito p\u00fablico, vinculada \u00e0 Secretaria de Estado de Inclus\u00e3o e Mobiliza\u00e7\u00e3o Social, com patrim\u00f4nio pr\u00f3prio e autonomia t\u00e9cnica, administrativa e financeira e com sede e foro em Macap\u00e1, capital do Estado.<\/p>\n<p>A FCRIA AP tem por <strong>finalidade<\/strong> coordenar e executar a pol\u00edtica de promo\u00e7\u00e3o, garantia e defesa dos direitos das crian\u00e7as e adolescentes em situa\u00e7\u00e3o de risco pessoal e social, e de adolescentes autores de ato infracional no cumprimento de medidas cautelar e socioeducativas, e ainda:<\/p>\n<ul><li>executar a pol\u00edtica estadual de atendimento socioeducativo, destinado aos adolescentes sentenciados com medidas socioeducativas ou regime cautelar;<\/li>\n<li>promover o atendimento e realizar a\u00e7\u00f5es socioeducativas que atendam aos adolescentes demandat\u00e1rios da Pol\u00edtica Estadual de Atendimento Socioeducativo, garantindo os direitos fundamentais inerentes \u00e0 pessoa humana, a fim de facilitar o desenvolvimento f\u00edsico, mental, moral, espiritual e social;<\/li>\n<li>garantir ao adolescente forma\u00e7\u00e3o profissional, tendo como base a compreens\u00e3o do trabalho, aliada \u00e0 dimens\u00e3o educativa;<\/li>\n<li>planejar e executar programas socioeducativos destinados aos adolescentes em regime de orienta\u00e7\u00e3o e apoio sociofamiliar, apoio socioeducativo em meio aberto \u2013 presta\u00e7\u00e3o de servi\u00e7os \u00e0 comunidade e liberdade assistida \u2013 semiliberdade e interna\u00e7\u00e3o.<\/li>\n<\/ul><p>\u00a0<\/p>","protected":false},"excerpt":{"rendered":"<p>O novo concurso FCRIA AP (Funda\u00e7\u00e3o da Crian\u00e7a e do Adolescente do Estado do Amap\u00e1) pode acontecer em breve!<br \/>\nA comiss\u00e3o organizadora da sele\u00e7\u00e3o j\u00e1 est\u00e1 formada. O pr\u00f3ximo passo dever\u00e1 ser a defini\u00e7\u00e3o e contrata\u00e7\u00e3o da banca que ficar\u00e1 respons\u00e1vel por viabilizar e aplicar as etapas da sele\u00e7\u00e3o. <\/p>\n","protected":false},"author":16,"featured_media":185546,"comment_status":"closed","ping_status":"closed","sticky":false,"template":"","format":"standard","meta":{"_acf_changed":false,"footnotes":"","_wp_rev_ctl_limit":""},"categories":[44999],"tags":[],"class_list":["post-70832","post","type-post","status-publish","format-standard","has-post-thumbnail","hentry","category-concursos"],"acf":[],"_links":{"self":[{"href":"https:\/\/www.novaconcursos.com.br\/portal\/wp-json\/wp\/v2\/posts\/70832","targetHints":{"allow":["GET"]}}],"collection":[{"href":"https:\/\/www.novaconcursos.com.br\/portal\/wp-json\/wp\/v2\/posts"}],"about":[{"href":"https:\/\/www.novaconcursos.com.br\/portal\/wp-json\/wp\/v2\/types\/post"}],"author":[{"embeddable":true,"href":"https:\/\/www.novaconcursos.com.br\/portal\/wp-json\/wp\/v2\/users\/16"}],"replies":[{"embeddable":true,"href":"https:\/\/www.novaconcursos.com.br\/portal\/wp-json\/wp\/v2\/comments?post=70832"}],"version-history":[{"count":7,"href":"https:\/\/www.novaconcursos.com.br\/portal\/wp-json\/wp\/v2\/posts\/70832\/revisions"}],"predecessor-version":[{"id":185809,"href":"https:\/\/www.novaconcursos.com.br\/portal\/wp-json\/wp\/v2\/posts\/70832\/revisions\/185809"}],"wp:featuredmedia":[{"embeddable":true,"href":"https:\/\/www.novaconcursos.com.br\/portal\/wp-json\/wp\/v2\/media\/185546"}],"wp:attachment":[{"href":"https:\/\/www.novaconcursos.com.br\/portal\/wp-json\/wp\/v2\/media?parent=70832"}],"wp:term":[{"taxonomy":"category","embeddable":true,"href":"https:\/\/www.novaconcursos.com.br\/portal\/wp-json\/wp\/v2\/categories?post=70832"},{"taxonomy":"post_tag","embeddable":true,"href":"https:\/\/www.novaconcursos.com.br\/portal\/wp-json\/wp\/v2\/tags?post=70832"}],"curies":[{"name":"wp","href":"https:\/\/api.w.org\/{rel}","templated":true}]}}