{"id":72373,"date":"2023-10-09T08:00:07","date_gmt":"2023-10-09T11:00:07","guid":{"rendered":"http:\/\/www.novaconcursos.com.br\/portal\/?post_type=nc-public-tender&#038;p=72373"},"modified":"2024-12-16T09:39:47","modified_gmt":"2024-12-16T12:39:47","slug":"concurso-uerj","status":"publish","type":"post","link":"https:\/\/www.novaconcursos.com.br\/portal\/concursos\/concurso-uerj\/","title":{"rendered":"Concurso UERJ: Universidade forma comiss\u00e3o para novo edital!"},"content":{"rendered":"<p>\u00d3timas not\u00edcias, concurseiros! Est\u00e1 formada a comiss\u00e3o do pr\u00f3ximo concurso <a href=\"https:\/\/www.novaconcursos.com.br\/portal\/concursos-abertos\/rj\/\">UERJ (Universidade Estadual do Rio de Janeiro)<\/a>! Ser\u00e3o ofertadas vagas para<strong> Procurador<\/strong>!<\/p>\n<p>Saiba todos os detalhes e j\u00e1 comece a se preparar!<\/p>\n<ul><li><a class=\"_ps2id\" href=\"#situa%C3%A7%C3%A3o\" data-ps2id-offset=\"\">Situa\u00e7\u00e3o atual<\/a><\/li>\n<li><a class=\"_ps2id\" href=\"#carreira\" data-ps2id-offset=\"\">Carreira UERJ: Procurador<\/a><\/li>\n<li><a class=\"_ps2id\" href=\"#%C3%BAltimo\" data-ps2id-offset=\"\">\u00daltimo concurso<\/a><\/li>\n<li><a class=\"_ps2id\" href=\"#sobre\" data-ps2id-offset=\"\">Sobre a UERJ<\/a><\/li>\n<\/ul><h2 id=\"ps2id-idsituao-targetconcurso-uerj-situao-atual\">[ps2id id=\u2019situa\u00e7\u00e3o\u2019 target=\u201d\/]Concurso UERJ: Situa\u00e7\u00e3o atual<\/h2>\n<p>Foi publicado, no dia 14 de setembro, a Portaria PGUERJ n\u00b0 014, que instituiu a comiss\u00e3o organizadora do pr\u00f3ximo concurso UERJ!<\/p>\n<p>De acordo com o documento, ser\u00e3o ofertadas vagas para o cargo de <strong>Procurador<\/strong>! No entanto, o quantitativo de vagas ainda n\u00e3o foi divulgado.<\/p>\n<p>Foram <strong>nomeados<\/strong> os seguintes procuradores:<\/p>\n<ul><li>Henrique Couto da N\u00f3brega;<\/li>\n<li>Renata Barros Le\u00e3o Silva;<\/li>\n<li>Leonardo Rocha de Almeida;<\/li>\n<li>Gabriel Moraes de Oliveira; e<\/li>\n<li>Jairo Henrique de Oliveira S. Fernandes Pereira.<\/li>\n<\/ul><p>\u00a0<\/p>\n<p>A comiss\u00e3o ser\u00e1 respons\u00e1vel por estabelecer o quantitativo de vagas a serem ofertadas, al\u00e9m de realizar os estudos preliminares para a realiza\u00e7\u00e3o do certame.<\/p>\n<p>O\u00a0<strong>pr\u00f3ximo passo<\/strong>, ent\u00e3o, para a publica\u00e7\u00e3o do novo edital ser\u00e1 a defini\u00e7\u00e3o e contrata\u00e7\u00e3o da banca examinadora, que dever\u00e1 elaborar, aplicar e corrigir as etapas de sele\u00e7\u00e3o.<\/p>\n<p>Estude para o concurso dos seus sonhos com o\u00a0<strong>M\u00e9todo<\/strong>\u00a0que j\u00e1 ajudou na\u00a0<strong>aprova\u00e7\u00e3o de mais de 70 mil alunos<\/strong>.\u00a0<a class=\"c-link\" href=\"https:\/\/www.novaconcursos.com.br\/eventos\/assinatura?promo_creative=Clique+aqui&amp;promo_name=concurso&amp;promo_id=%2Fportal%2Fconcursos%2Fconcurso-uespi-edital-autorizado-160-vagas&amp;promo_position=corpo-texto\" target=\"_blank\" rel=\"noopener noreferrer\" data-stringify-link=\"https:\/\/www.novaconcursos.com.br\/eventos\/assinatura?promo_creative=Clique+aqui&amp;promo_name=concurso&amp;promo_id=%2Fportal%2Fconcursos%2Fconcurso-uespi-edital-autorizado-160-vagas&amp;promo_position=corpo-texto\" data-sk=\"tooltip_parent\">Clique aqui<\/a> e saiba mais!<\/p>\n<h2 id=\"ps2id-idcarreira-targetcarreira-uerj-procurador\">[ps2id id=\u2019carreira\u2019 target=\u201d\/]Carreira UERJ: Procurador<\/h2>\n<p>A carreira para Procurador na UERJ exige <strong>n\u00edvel superior em Direito<\/strong> e registro na <a href=\"https:\/\/www.novaconcursos.com.br\/portal\/concursos-previstos\/rj\/\">Ordem dos Advogados do Brasil (OAB)<\/a>.<\/p>\n<p>Dentre as\u00a0<strong>atribui\u00e7\u00f5es\u00a0<\/strong>do cargo, est\u00e3o as seguintes fun\u00e7\u00f5es:<\/p>\n<ul><li>a defesa das prerrogativas do Reitor e demais autoridades da UERJ em processos judiciais e administrativos;<\/li>\n<li>a defesa da autonomia universit\u00e1ria constitucionalmente assegurada pelas Constitui\u00e7\u00f5es da Rep\u00fablica e do Estado do Rio de Janeiro;<\/li>\n<li>desempenhar, com exclusividade, a consultoria e assessoria jur\u00eddica da UERJ e dos seus \u00f3rg\u00e3os diretivos;<\/li>\n<li>assessorar juridicamente o Reitor na promo\u00e7\u00e3o do desenvolvimento econ\u00f4mico e cient\u00edfico do Estado do Rio de Janeiro;<\/li>\n<li>elaborar minutas de informa\u00e7\u00f5es a serem prestadas ao Judici\u00e1rio em mandados de seguran\u00e7a impetrados contra ato do Reitor e de outras autoridades, conforme indica\u00e7\u00e3o em norma regulamentar;<\/li>\n<li>analisar as minutas de Resolu\u00e7\u00e3o dos Conselhos Superiores e dos Atos Executivos do Reitor, bem como analisar e emitir parecer consultivo \u00e0s minutas de editais de licita\u00e7\u00e3o, contratos e conv\u00eanios, com os seus respectivos processos administrativos;<\/li>\n<li>promover o desenvolvimento da ci\u00eancia jur\u00eddica e social, em coopera\u00e7\u00e3o com a Faculdade de Direito;<\/li>\n<li>zelar pelo cumprimento, na Universidade, das normas jur\u00eddicas, das decis\u00f5es judiciais e dos pareceres jur\u00eddicos da PGUERJ;<\/li>\n<li>elaborar ou examinar anteprojetos de atos normativos da Universidade do Estado do Rio de Janeiro, entre eles os projetos de lei que digam respeito \u00e0 estrutura administrativa, or\u00e7ament\u00e1ria e financeira da Universidade do Estado do Rio de Janeiro, observando as compet\u00eancias do conselho universit\u00e1rio.<\/li>\n<\/ul><h3><\/h3>\n<p>Os\u00a0<strong>sal\u00e1rios<\/strong> para o cargo de Procurador ainda n\u00e3o foram divulgados.<\/p>\n<h2 id=\"\"><\/h2>\n<h2 id=\"ps2id-idltimo-targetltimo-concurso-uerj\">[ps2id id=\u2019\u00faltimo\u2019 target=\u201d\/]\u00daltimo concurso UERJ<\/h2>\n<p>O \u00faltimo concurso da Universidade Estadual do Rio de Janeiro foi realizado no in\u00edcio de 2023, sob organiza\u00e7\u00e3o da <a href=\"https:\/\/www.cepuerj.uerj.br\/\" target=\"_blank\" rel=\"noopener\">CEPUERJ<\/a>.<\/p>\n<p>Foram ofertadas <strong>07 vagas<\/strong> para completar o quadro de T\u00e9cnicos Universit\u00e1rios Superiores (TUS).<\/p>\n<p>As especialidades ofertadas foram:<\/p>\n<ul><li>Qu\u00edmico (04)<\/li>\n<li>Tradutor e Int\u00e9rprete de Libras (03)<\/li>\n<\/ul><p>\u00a0<\/p>\n<p>O cargo que possui jornada de trabalho de 40 horas semanais, contou com remunera\u00e7\u00e3o inicial de R$ 6.026,40, al\u00e9m de benef\u00edcios.<\/p>\n<h3>Requisitos<\/h3>\n<p>As exig\u00eancias gerais para investidura nos cargos foram:<\/p>\n<ul><li>Ter idade m\u00ednima de 18 anos completos, na data de efetivo in\u00edcio do exerc\u00edcio no cargo;<\/li>\n<li>Estar em dia com as obriga\u00e7\u00f5es eleitorais;<\/li>\n<li>Gozar de direitos pol\u00edticos;<\/li>\n<li>Estar em dia com as obriga\u00e7\u00f5es militares (para os candidatos do sexo masculino);<\/li>\n<li>Estar inscrito regularmente no Cadastro de Pessoas F\u00edsicas;<\/li>\n<li>Ter nacionalidade brasileira. No caso de nacionalidade portuguesa, estar amparado pelo Estatuto de Igualdade entre Brasileiros e Portugueses. No caso de estrangeiros, possuir visto permanente;<\/li>\n<li>Ser considerado apto f\u00edsica e mentalmente para o exerc\u00edcio das atribui\u00e7\u00f5es do cargo no exame m\u00e9dico de avalia\u00e7\u00e3o admissional, pelo Departamento de Seguran\u00e7a e Sa\u00fade no Trabalho (DES-SAUDE\/SGP).<\/li>\n<\/ul><p>\u00a0<\/p>\n<p>Ademais, para concorrer a cada uma das especialidades, foi necess\u00e1rio a seguinte forma\u00e7\u00e3o de <strong>n\u00edvel superior<\/strong>:<\/p>\n<p><strong>Qu\u00edmico<\/strong><\/p>\n<ul><li>Gradua\u00e7\u00e3o de n\u00edvel superior em:\n<ul><li>Qu\u00edmica;<\/li>\n<li>Bioqu\u00edmica;<\/li>\n<li>Engenharia Qu\u00edmica;<\/li>\n<li>Tecn\u00f3logo em Qu\u00edmica;<\/li>\n<li>Tecn\u00f3logo em Processos Qu\u00edmicos;<\/li>\n<li>Engenharia Qu\u00edmica Industrial;<\/li>\n<li>Engenharia Bioqu\u00edmica;<\/li>\n<\/ul><\/li>\n<li>Registro no Conselho Regional de Qu\u00edmica (CRQ).<\/li>\n<\/ul><p>\u00a0<\/p>\n<p><strong>Tradutor e Int\u00e9rprete de Libras<\/strong><\/p>\n<ul><li>Gradua\u00e7\u00e3o de n\u00edvel superior em:\n<ul><li>Tradu\u00e7\u00e3o e Interpreta\u00e7\u00e3o em Libras \u2013 L\u00edngua Portuguesa;<\/li>\n<li>Letras \u2013 Tradu\u00e7\u00e3o e Interpreta\u00e7\u00e3o em Libras;<\/li>\n<li>Letras \u2013 Libras;<\/li>\n<li>Qualquer \u00e1rea do conhecimento desde que possua diploma de cursos de extens\u00e3o, de forma\u00e7\u00e3o continuada ou de especializa\u00e7\u00e3o em Libras, com carga hor\u00e1ria m\u00ednima de 360 horas;<\/li>\n<li>Qualquer \u00e1rea do conhecimento desde que tenha sido aprovado em exame de profici\u00eancia em tradu\u00e7\u00e3o e interpreta\u00e7\u00e3o em Libras (Prolibras).<\/li>\n<\/ul><\/li>\n<\/ul><p>\u00a0<\/p>\n<h3>Atribui\u00e7\u00f5es<\/h3>\n<p>Veja, em s\u00edntese,\u00a0<strong>o que fazem\u00a0<\/strong>os servidores em cada uma das especialidades ofertadas pelo concurso da UERJ:<\/p>\n<ul><li>Qu\u00edmico\n<ul><li>Realiza an\u00e1lises qu\u00edmicas e f\u00edsico-qu\u00edmicas atrav\u00e9s dos m\u00e9todos adequados de prepara\u00e7\u00e3o das amostras e subst\u00e2ncias.<\/li>\n<\/ul><\/li>\n<\/ul><p>\u00a0<\/p>\n<ul><li>Tradutor e Int\u00e9rprete de Libras\n<ul><li>Realiza a interpreta\u00e7\u00e3o e a tradu\u00e7\u00e3o da L\u00edngua Portuguesa para a L\u00edngua Brasileira de Sinais \u2013 Libras e vice-versa, com flu\u00eancia e coer\u00eancia na comunica\u00e7\u00e3o em qualquer atividade, situa\u00e7\u00e3o ou contexto nos quais pessoas surdas ou surdocegas precisem estabelecer comunica\u00e7\u00e3o.<\/li>\n<\/ul><\/li>\n<\/ul><h3><\/h3>\n<h3>Etapas e provas<\/h3>\n<p>O concurso contou com as seguintes<strong> etapas avaliativas<\/strong>:<\/p>\n<ul><li>Prova Objetiva \u2013 Eliminat\u00f3ria e classificat\u00f3ria;<\/li>\n<li>Prova Discursiva \u2013 Eliminat\u00f3ria e classificat\u00f3ria (apenas para Qu\u00edmico);<\/li>\n<li>Prova Pr\u00e1tica \u2013 Eliminat\u00f3ria e classificat\u00f3ria (apenas para Tradutor e Int\u00e9rprete de Libras).<\/li>\n<\/ul><p>\u00a0<\/p>\n<p>Os\u00a0<strong>exames objetivos<\/strong>, foram aplicados no Campus Maracan\u00e3, e tiveram dura\u00e7\u00e3o de quatro horas.<\/p>\n<p>Os concorrentes a Qu\u00edmico realizaram o exame discursivo junto \u00e0 avalia\u00e7\u00e3o objetiva.<\/p>\n<p>Constantes de\u00a0<strong>60 quest\u00f5es\u00a0<\/strong>de m\u00faltipla escolha com quatro alternativas cada (dentre as quais apenas uma estar\u00e1 correta), as avalia\u00e7\u00f5es exigiram conhecimentos acerca das seguintes disciplinas:<\/p>\n<ul><li>L\u00edngua Portuguesa (10);<\/li>\n<li>Legisla\u00e7\u00e3o (10);<\/li>\n<li>Conhecimentos Espec\u00edficos (40).<\/li>\n<\/ul><p>\u00a0<\/p>\n<p>Foi considerado <strong>aprovado\u00a0<\/strong>nesta etapa o candidato que obteve o m\u00ednimo de 50% de acertos em Conhecimentos Espec\u00edficos e 50% de acertos do total da prova. Al\u00e9m disso, o concorrente n\u00e3o poderia zerar nenhum dos conte\u00fados.<\/p>\n<p>As<strong> provas discursivas<\/strong>, aplicadas somente aos candidatos a Qu\u00edmico foi composta por tr\u00eas quest\u00f5es dissertativas.<\/p>\n<p>J\u00e1 a<strong> prova pr\u00e1tica<\/strong>, realizada pelos candidatos ao cargo de Tradutor e Int\u00e9rprete de Libras, contou\u00a0com duas atividades, sendo elas:<\/p>\n<ul><li>Atividade 1:\u00a0Traduzir L\u00edngua Portuguesa para Libras;<\/li>\n<li>Atividade 2:\u00a0Traduzir Libras para L\u00edngua Portuguesa.<\/li>\n<\/ul><p>\u00a0<\/p>\n<p>A\u00a0<strong>validade\u00a0<\/strong>do concurso ser\u00e1 de dois anos, prazo que poder\u00e1 ser prorrogado uma vez por igual per\u00edodo.<\/p>\n<h2 id=\"ps2id-idsobre-targetsobre-a-uerj\">[ps2id id=\u2019sobre\u2019 target=\u201d\/]Sobre a UERJ<\/h2>\n<p>A hist\u00f3ria da\u00a0<a href=\"https:\/\/www.uerj.br\/\" target=\"_blank\" rel=\"noopener noreferrer\">Universidade do Estado do Rio de Janeiro<\/a>\u00a0come\u00e7a em 4 de dezembro de 1950, pela promulga\u00e7\u00e3o da lei municipal n.\u00ba 547.<\/p>\n<p>Ao longo dessas d\u00e9cadas, a UERJ cresceu e firmou-se como\u00a0<strong>uma das principais universidades do Pa\u00eds<\/strong>.<\/p>\n<p>Sua\u00a0<strong>import\u00e2ncia no espa\u00e7o acad\u00eamico brasileiro<\/strong>\u00a0pode ser atestada pela qualidade da forma\u00e7\u00e3o superior que oferece, pelo valor da sua produ\u00e7\u00e3o cient\u00edfica, pelas centenas de projetos de extens\u00e3o em desenvolvimento, pela promo\u00e7\u00e3o da cultura e pelos in\u00fameros servi\u00e7os prestados \u00e0 popula\u00e7\u00e3o.<\/p>\n<p>Institui\u00e7\u00e3o p\u00fablica, sua\u00a0<strong>miss\u00e3o<\/strong>\u00a0se baseia em princ\u00edpios de igualdade e pluralidade.<\/p>\n<p>O nome inicial era\u00a0Universidade do Distrito Federal (UDF). Mas, diferente da institui\u00e7\u00e3o hom\u00f4nima, fundada em 1935 e extinta em 1939, a nova Universidade ganhou for\u00e7a e tornou-se uma\u00a0<strong>refer\u00eancia em ensino superior<\/strong>, pesquisa e extens\u00e3o na Regi\u00e3o Sudeste.<\/p>\n<p>Em 1958, a UDF foi rebatizada como Universidade do Rio de Janeiro (URJ). Em 1961, ap\u00f3s a transfer\u00eancia do Distrito Federal para a rec\u00e9m-inaugurada Bras\u00edlia, passou a se chamar Universidade do Estado da Guanabara (UEG). Finalmente, em 1975, ganhou o\u00a0<strong>nome definitivo<\/strong>\u00a0de Universidade do Estado do Rio de Janeiro.<\/p>\n<p>O atual\u00a0<strong>reitor\u00a0<\/strong>da UERJ \u00e9 Mario Sergio Alves Carneiro.<\/p>\n<p>\u00a0<\/p>\n<p>\u00a0<\/p>","protected":false},"excerpt":{"rendered":"<p>\u00d3timas not\u00edcias, concurseiros! Est\u00e1 formada a comiss\u00e3o do pr\u00f3ximo concurso UERJ (Universidade Estadual do Rio de Janeiro)! Ser\u00e3o ofertadas vagas para Procurador!<\/p>\n<p>Saiba todos os detalhes e j\u00e1 comece a se preparar!<\/p>\n","protected":false},"author":16,"featured_media":160028,"comment_status":"closed","ping_status":"closed","sticky":false,"template":"","format":"standard","meta":{"_acf_changed":false,"footnotes":"","_wp_rev_ctl_limit":""},"categories":[44999],"tags":[],"class_list":["post-72373","post","type-post","status-publish","format-standard","has-post-thumbnail","hentry","category-concursos"],"acf":[],"_links":{"self":[{"href":"https:\/\/www.novaconcursos.com.br\/portal\/wp-json\/wp\/v2\/posts\/72373","targetHints":{"allow":["GET"]}}],"collection":[{"href":"https:\/\/www.novaconcursos.com.br\/portal\/wp-json\/wp\/v2\/posts"}],"about":[{"href":"https:\/\/www.novaconcursos.com.br\/portal\/wp-json\/wp\/v2\/types\/post"}],"author":[{"embeddable":true,"href":"https:\/\/www.novaconcursos.com.br\/portal\/wp-json\/wp\/v2\/users\/16"}],"replies":[{"embeddable":true,"href":"https:\/\/www.novaconcursos.com.br\/portal\/wp-json\/wp\/v2\/comments?post=72373"}],"version-history":[{"count":22,"href":"https:\/\/www.novaconcursos.com.br\/portal\/wp-json\/wp\/v2\/posts\/72373\/revisions"}],"predecessor-version":[{"id":207499,"href":"https:\/\/www.novaconcursos.com.br\/portal\/wp-json\/wp\/v2\/posts\/72373\/revisions\/207499"}],"wp:featuredmedia":[{"embeddable":true,"href":"https:\/\/www.novaconcursos.com.br\/portal\/wp-json\/wp\/v2\/media\/160028"}],"wp:attachment":[{"href":"https:\/\/www.novaconcursos.com.br\/portal\/wp-json\/wp\/v2\/media?parent=72373"}],"wp:term":[{"taxonomy":"category","embeddable":true,"href":"https:\/\/www.novaconcursos.com.br\/portal\/wp-json\/wp\/v2\/categories?post=72373"},{"taxonomy":"post_tag","embeddable":true,"href":"https:\/\/www.novaconcursos.com.br\/portal\/wp-json\/wp\/v2\/tags?post=72373"}],"curies":[{"name":"wp","href":"https:\/\/api.w.org\/{rel}","templated":true}]}}