{"id":72599,"date":"2018-10-03T17:22:55","date_gmt":"2018-10-03T20:22:55","guid":{"rendered":"http:\/\/www.novaconcursos.com.br\/portal\/?p=72599"},"modified":"2024-11-18T10:36:14","modified_gmt":"2024-11-18T13:36:14","slug":"concurso-prefeitura-de-capanema-pa-mais-de-570-vagas-ofertadas-para-todos-os-niveis","status":"publish","type":"post","link":"https:\/\/www.novaconcursos.com.br\/portal\/noticias\/concurso-prefeitura-de-capanema-pa-mais-de-570-vagas-ofertadas-para-todos-os-niveis\/","title":{"rendered":"Concurso Prefeitura de Capanema &#8211; PA: Nova data de prova \u00e9 inclu\u00edda!"},"content":{"rendered":"<p>Foi divulgado o <strong>edital<\/strong> do novo concurso <strong>Prefeitura de Capanema \u2013 PA<\/strong>. Oportunidades para <strong>n\u00edveis fundamental<\/strong>, <strong>m\u00e9dio e superior<\/strong>, com sal\u00e1rios de at\u00e9 <strong>R$ 6,1 mil!<\/strong><\/p>\n<p style=\"text-align: center;\"><span style=\"color: #0000ff;\"><strong><span style=\"text-decoration: underline;\"><a style=\"color: #0000ff; text-decoration: underline;\" href=\"https:\/\/www.novaconcursos.com.br\/concurso\/prefeitura-de-capanema-pa\/apostila?promo_name=pref-capanema-pa-blog&amp;promo_id=1&amp;promo_creative=link-saiu-edital-pref-capanema-pa&amp;promo_position=pref-capanema-pa\" target=\"_blank\" rel=\"noopener\">\u00bb Prepare-se com a Apostila\u00a0Prefeitura de Capanema \u2013 PA + Curso\u00a0Portugu\u00eas (GR\u00c1TIS)\u00a0\u00ab<\/a><\/span><\/strong><\/span><\/p>\n<p><strong>Como fazer a inscri\u00e7\u00e3o do concurso?<\/strong><\/p>\n<p>As<strong> inscri\u00e7\u00f5es<\/strong> estar\u00e3o abertas a partir das <strong>10h do dia 10 de agosto at\u00e9 \u00e0s 23h59min do dia 05 de setembro de 2018<\/strong>.<\/p>\n<p>Para se <strong>inscrever<\/strong> o candidato dever\u00e1 acessar o site da banca organizadora, <span style=\"text-decoration: underline;\"><span style=\"color: #0000ff;\"><a style=\"color: #0000ff; text-decoration: underline;\" href=\"http:\/\/www.portalfadesp.org.br\" target=\"_blank\" rel=\"noopener\">FADESP<\/a><\/span><\/span>.<\/p>\n<p>A <strong>taxa de inscri\u00e7\u00e3o<\/strong> varia de <strong>R$ 50,00 a R$ 70,00<\/strong>.<\/p>\n<p><strong>Quais as vagas e os sal\u00e1rios?<\/strong><\/p>\n<p>Ao todo ser\u00e3o preenchidas <strong>577 vagas<\/strong>, para n\u00edveis fundamental, m\u00e9dio e superior.<\/p>\n<p>As <strong>oportunidades<\/strong> s\u00e3o para os seguintes cargos:<\/p>\n<p>\u2666 <strong>N\u00edvel Fundamental:<\/strong> Auxiliar de Servi\u00e7os Gerais (140), Auxiliar de Servi\u00e7os Urbanos (30), Coveiro (12), Vigia (20), Mec\u00e2nico de M\u00e1quinas e Ve\u00edculos (2), Operador de M\u00e1quinas (5), Motorista (12), Motorista de Caminh\u00e3o (2);<\/p>\n<p>\u2666 <strong>N\u00edvel M\u00e9dio:<\/strong> Assistente Administrativo (67), Secret\u00e1rio Escolar (8), Agente de Fiscaliza\u00e7\u00e3o de Obras (4), Fiscal de Receitas Municipais (6), Agente de Fiscaliza\u00e7\u00e3o de Tr\u00e2nsito (15), Fiscal Ambiental (3), T\u00e9cnico em Radiologia M\u00e9dica (3), T\u00e9cnico em Computa\u00e7\u00e3o (3), T\u00e9cnico Agr\u00edcola (1), T\u00e9cnico em Laborat\u00f3rio M\u00e9dico (1), T\u00e9cnico de Enfermagem (10), T\u00e9cnico em Edifica\u00e7\u00f5es (2), Cuidador Educacional (20), Cuidador Social (8), Top\u00f3grafo (1);<\/p>\n<p>\u2666 <strong>N\u00edvel Superior:<\/strong> Assistente Social (7), Nutricionista (2), Contador (2), Engenheiro Civil (2), Engenheiro Agr\u00f4nomo (1), Enfermeiro (10), M\u00e9dico Veterin\u00e1rio (1), Fisioterapeuta (2), Odont\u00f3logo (4), Psic\u00f3logo (1), Administrador (1), Fonoaudi\u00f3logo (2), Auditor Fiscal (1), Analista de Sistemas (3), Engenheiro Ambiental (1), Engenheiro Florestal (1), Ge\u00f3logo (1), Bibliotec\u00e1rio (1), Engenheiro de Pesca (1), M\u00e9dico Cl\u00ednico Geral (5), Professor de Educa\u00e7\u00e3o F\u00edsica (10), Professor de Educa\u00e7\u00e3o B\u00e1sica ll (130), T\u00e9cnico Pedag\u00f3gico (13).<\/p>\n<p>Os <strong>sal\u00e1rios<\/strong> variam de <strong>R$ 954,00 a R$ 6.150,00<\/strong>.<\/p>\n<p><strong>Como ser\u00e1 a prova do concurso?<\/strong><\/p>\n<p>A <strong>avalia\u00e7\u00e3o<\/strong> dos candidatos ser\u00e1 mediante <strong>prova objetiva<\/strong> (para todos os cargos), realizada\u00a0nos dias <strong>20 e<\/strong>\u00a0<strong>21 de outubro de 2018<\/strong>, nos seguintes per\u00edodos:<\/p>\n<p>\u2013 <strong>Per\u00edodo da Manh\u00e3 (08h \u00e0s 12h):<\/strong> N\u00edvel Fundamental e N\u00edvel Superior;<br>\n\u2013 <strong>Per\u00edodo da Tarde (14h30min \u00e0s 18h30min):<\/strong> N\u00edvel M\u00e9dio.<\/p>\n<p>Ocorrer\u00e1 ainda <strong>prova de t\u00edtulos<\/strong> para os cargos de n\u00edvel superior e <strong>prova de aptid\u00e3o f\u00edsica<\/strong> para o cargo de Agente de Fiscaliza\u00e7\u00e3o de Tr\u00e2nsito.<\/p>\n<p>O <strong>conte\u00fado program\u00e1tico<\/strong> da prova consistir\u00e1 nas seguintes disciplinas: L\u00edngua Portuguesa, Matem\u00e1tica e Racioc\u00ednio L\u00f3gico, Legisla\u00e7\u00e3o, Meio Ambiente, No\u00e7\u00f5es de Inform\u00e1tica e Conhecimentos Espec\u00edficos.<\/p>\n<p>A <strong>validade<\/strong> do certame ser\u00e1 de <strong>02 (dois) anos<\/strong> a partir da data da homologa\u00e7\u00e3o, podendo ser prorrogado uma \u00fanica vez por igual per\u00edodo.<\/p>\n<p style=\"text-align: center;\"><span style=\"text-decoration: underline;\"><span style=\"color: #0000ff;\"><strong><a style=\"color: #0000ff; text-decoration: underline;\" href=\"https:\/\/www.novaconcursos.com.br\/concurso\/prefeitura-de-capanema-pa\/apostila?promo_name=pref-capanema-pa-blog&amp;promo_id=1&amp;promo_creative=link-saiu-edital-pref-capanema-pa&amp;promo_position=pref-capanema-pa\" target=\"_blank\" rel=\"noopener\">\u00bb Prepare-se com a Apostila\u00a0Prefeitura de Capanema \u2013 PA + Curso\u00a0Portugu\u00eas (GR\u00c1TIS)\u00a0\u00ab<\/a><\/strong><\/span><\/span><\/p>\n<p>A <strong><span style=\"text-decoration: underline;\"><span style=\"color: #0000ff;\"><a style=\"color: #0000ff; text-decoration: underline;\" href=\"https:\/\/www.novaconcursos.com.br\" target=\"_blank\" rel=\"noopener\">Nova\u2002Concursos<\/a><\/span><\/span><\/strong> tem ajudado h\u00e1 mais de 10 anos quem quer vencer a batalha do concurso p\u00fablico. Se voc\u00ea quer aumentar as suas chances de passar, conhe\u00e7a os nossos materiais, acessando o nosso site!<\/p>","protected":false},"excerpt":{"rendered":"<p>Foi divulgado o edital do novo concurso Prefeitura de Capanema \u2013 PA. Oportunidades para n\u00edveis fundamental, m\u00e9dio e superior, com sal\u00e1rios de at\u00e9 R$ 6,1 mil! \u00bb Prepare-se com a Apostila\u00a0Prefeitura de Capanema \u2013 PA + Curso\u00a0Portugu\u00eas (GR\u00c1TIS)\u00a0\u00ab Como fazer a inscri\u00e7\u00e3o do concurso? As inscri\u00e7\u00f5es estar\u00e3o abertas a partir das 10h do dia 10 [&hellip;]<\/p>\n","protected":false},"author":16,"featured_media":0,"comment_status":"closed","ping_status":"closed","sticky":false,"template":"","format":"standard","meta":{"_acf_changed":false,"footnotes":"","_wp_rev_ctl_limit":""},"categories":[228],"tags":[30265,30268,30262,30264,29944,15148,30267,30266,30263,30269],"class_list":["post-72599","post","type-post","status-publish","format-standard","hentry","category-noticias","tag-capanema-pa","tag-cargos-do-concurso-da-prefeitura-de-capanema-pa","tag-certame-prefeitura-de-capanema-pa","tag-concurso-capanema-pa","tag-concurso-estado-do-para","tag-concurso-prefeitura-de-capanema-pa","tag-edital-do-concurso-da-prefeitura-de-capanema-pa","tag-inscricoes-do-concurso-da-prefeitura-de-capanema-pa","tag-prefeitura-de-capanema","tag-vagas-do-concurso-da-prefeitura-de-capanema-pa"],"acf":[],"_links":{"self":[{"href":"https:\/\/www.novaconcursos.com.br\/portal\/wp-json\/wp\/v2\/posts\/72599","targetHints":{"allow":["GET"]}}],"collection":[{"href":"https:\/\/www.novaconcursos.com.br\/portal\/wp-json\/wp\/v2\/posts"}],"about":[{"href":"https:\/\/www.novaconcursos.com.br\/portal\/wp-json\/wp\/v2\/types\/post"}],"author":[{"embeddable":true,"href":"https:\/\/www.novaconcursos.com.br\/portal\/wp-json\/wp\/v2\/users\/16"}],"replies":[{"embeddable":true,"href":"https:\/\/www.novaconcursos.com.br\/portal\/wp-json\/wp\/v2\/comments?post=72599"}],"version-history":[{"count":8,"href":"https:\/\/www.novaconcursos.com.br\/portal\/wp-json\/wp\/v2\/posts\/72599\/revisions"}],"predecessor-version":[{"id":261414,"href":"https:\/\/www.novaconcursos.com.br\/portal\/wp-json\/wp\/v2\/posts\/72599\/revisions\/261414"}],"wp:attachment":[{"href":"https:\/\/www.novaconcursos.com.br\/portal\/wp-json\/wp\/v2\/media?parent=72599"}],"wp:term":[{"taxonomy":"category","embeddable":true,"href":"https:\/\/www.novaconcursos.com.br\/portal\/wp-json\/wp\/v2\/categories?post=72599"},{"taxonomy":"post_tag","embeddable":true,"href":"https:\/\/www.novaconcursos.com.br\/portal\/wp-json\/wp\/v2\/tags?post=72599"}],"curies":[{"name":"wp","href":"https:\/\/api.w.org\/{rel}","templated":true}]}}