{"id":72772,"date":"2019-07-25T10:15:09","date_gmt":"2019-07-25T13:15:09","guid":{"rendered":"http:\/\/www.novaconcursos.com.br\/portal\/?post_type=nc-public-tender&#038;p=72772"},"modified":"2025-03-07T14:30:42","modified_gmt":"2025-03-07T17:30:42","slug":"vestibulinho-ifba","status":"publish","type":"post","link":"https:\/\/www.novaconcursos.com.br\/portal\/concursos\/vestibulinho-ifba\/","title":{"rendered":"Vestibulinho IFBA &#8211; Instituto Federal de Educa\u00e7\u00e3o, Ci\u00eancia e Tecnologia da Bahia"},"content":{"rendered":"<p>Foram publicados os editais do novo <strong>vestibulinho IFBA (Instituto Federal de Educa\u00e7\u00e3o, Ci\u00eancia e Tecnologia da Bahia)<\/strong>. Ao todo, ser\u00e3o mais de<strong> 5,5 mil novos alunos<\/strong> nos cursos t\u00e9cnicos, que tem requisito de <strong>n\u00edvel fundamental ou m\u00e9dio<\/strong>, a depender da modalidade escolhida.<\/p>\n<p style=\"text-align: center;\"><strong><span style=\"color: #0000ff;\"><a style=\"color: #0000ff;\" href=\"https:\/\/www.novaconcursos.com.br\/concurso\/ifba-instituto-federal-de-educacao-ciencia-e-tecnologia-da-bahia?promo_name=blog&amp;promo_id=link&amp;promo_position=topo&amp;promo_creative=conc-ifba\" target=\"_blank\" rel=\"noopener noreferrer\">\u00bb Prepare-se para o Vestibulinho IFBA + B\u00d4NUS (GR\u00c1TIS) \u00ab<\/a><\/span><\/strong><\/p>\n<h2 id=\"como-fazer-a-inscrio-no-concurso-ifba\">Como fazer a inscri\u00e7\u00e3o no concurso IFBA?<\/h2>\n<p>Os interessados poder\u00e3o se inscrever a partir do dia <strong>16 de julho at\u00e9 o dia 20 de setembro<\/strong>, exclusivamente por meio do site do pr\u00f3prio IFBA. A taxa de inscri\u00e7\u00e3o tem o valor de <strong>R$ 35,00<\/strong>.<\/p>\n<p>A<strong> isen\u00e7\u00e3o parcial da taxa de inscri\u00e7\u00e3o<\/strong>, no valor de R$ 3,50, equivalente a 10% do valor integral, ser\u00e1 concedida para o candidato que:<\/p>\n<p>\u2022 Categoria Subsequente:<\/p>\n<p>Tenha cursado todas as s\u00e9ries do Ensino M\u00e9dio em escola p\u00fablica sediado no pa\u00eds;<\/p>\n<p>Tenha cursado todo o Ensino M\u00e9dio em estabelecimento da rede p\u00fablica de ensino sediado no pa\u00eds e seja concluinte do Ensino M\u00e9dio, atrav\u00e9s de exames supletivos ou curso equivalente, em estabelecimento da rede p\u00fablica de ensino sediado no pa\u00eds.<\/p>\n<p>\u2022 Categoria Integrada:<\/p>\n<p>Tenha cursado todas as s\u00e9ries do Ensino Fundamental II (6\u00ba ao 9\u00ba ano) em estabelecimento da rede p\u00fablica de ensino sediado no pa\u00eds;<\/p>\n<p>Tenha cursado todo o Ensino Fundamental II em estabelecimento da rede p\u00fablica de ensino sediado no pa\u00eds e seja concluinte do supletivo do Ensino Fundamental ou curso equivalente, em estabelecimento da rede p\u00fablica de ensino sediado no pa\u00eds;<\/p>\n<p>Tenha cursado todo o Ensino Fundamental II na condi\u00e7\u00e3o de bolsista integral em estabelecimento da rede privada de ensino sediado no pa\u00eds.<\/p>\n<h2 id=\"quem-pode-participar-do-vestibulinho-ifba\">Quem pode participar do vestibulinho IFBA?<\/h2>\n<p>S\u00e3o duas modalidade de Curso T\u00e9cnico: o Subsequente, onde \u00e9 necess\u00e1rio ter conclu\u00eddo o n\u00edvel m\u00e9dio, e o Integrada, para alunos que conclu\u00edram ou est\u00e3o concluindo o Ensino Fundamental II. Confira as vagas:<\/p>\n<p><strong>Barreiras<\/strong>: T\u00e9cnico em Eletromec\u00e2nica, T\u00e9cnico em Eletrot\u00e9cnica, T\u00e9cnico em Enfermagem;<\/p>\n<p><strong>Brumado<\/strong>: T\u00e9cnico em Minera\u00e7\u00e3o, T\u00e9cnico em Edifica\u00e7\u00f5es;<\/p>\n<p><strong>Cama\u00e7ari<\/strong>: T\u00e9cnico em Eletrot\u00e9cnica;<\/p>\n<p><strong>Euclides da Cunha<\/strong>: T\u00e9cnico em Inform\u00e1tica, T\u00e9cnico em Edifica\u00e7\u00f5es;<\/p>\n<p><strong>Eun\u00e1polis<\/strong>: T\u00e9cnico em Enfermagem, T\u00e9cnico em Meio Ambiente, T\u00e9cnico em Seguran\u00e7a do Trabalho;<\/p>\n<p><strong>Feira de Santana<\/strong>: T\u00e9cnico em Eletrot\u00e9cnica, T\u00e9cnico em Rede de Computadores;<\/p>\n<p><strong>Ilh\u00e9us<\/strong>: T\u00e9cnico em Edifica\u00e7\u00f5es, T\u00e9cnico em Inform\u00e1tica, T\u00e9cnico em Seguran\u00e7a do Trabalho;<\/p>\n<p><strong>Jacobina<\/strong>: T\u00e9cnico em Eletromec\u00e2nica, T\u00e9cnico em Minera\u00e7\u00e3o, T\u00e9cnico em Inform\u00e1tica, T\u00e9cnico em Meio Ambiente;<\/p>\n<p><strong>Jequi\u00e9<\/strong>: T\u00e9cnico em Eletromec\u00e2nica, T\u00e9cnico em Inform\u00e1tica;<\/p>\n<p><strong>Juazeiro<\/strong>: T\u00e9cnico em Administra\u00e7\u00e3o, T\u00e9cnico em Seguran\u00e7a do Trabalho;<\/p>\n<p><strong>Paulo Afonso<\/strong>: T\u00e9cnico em Eletromec\u00e2nica, T\u00e9cnico em Inform\u00e1tica;<\/p>\n<p><strong>Salvador<\/strong>: T\u00e9cnico em Automa\u00e7\u00e3o Industrial, T\u00e9cnico em Eletrot\u00e9cnica, T\u00e9cnico em Hospedagem, T\u00e9cnico em Manuten\u00e7\u00e3o Mec\u00e2nica Industrial, T\u00e9cnico em Instala\u00e7\u00e3o e Manuten\u00e7\u00e3o Eletr\u00f4nica, T\u00e9cnico em Saneamento;<\/p>\n<p><strong>Santo Amaro<\/strong>: T\u00e9cnico em Eletromec\u00e2nica;<\/p>\n<p><strong>Sim\u00f5es Filho<\/strong>: T\u00e9cnico em Eletromec\u00e2nica, T\u00e9cnico em Mec\u00e2nica, T\u00e9cnico em Petr\u00f3leo e G\u00e1s Natural;<\/p>\n<p><strong>Ubaitaba<\/strong>: T\u00e9cnico em Inform\u00e1tica;<\/p>\n<p><strong>Vit\u00f3ria da Conquista<\/strong>: T\u00e9cnico em Eletromec\u00e2nica, T\u00e9cnico em Inform\u00e1tica, T\u00e9cnico em Seguran\u00e7a do Trabalho.<\/p>\n<p><strong>Brumado<\/strong>: T\u00e9cnico em Inform\u00e1tica, T\u00e9cnico em Edifica\u00e7\u00f5es;<\/p>\n<p><strong>Cama\u00e7ari<\/strong>: T\u00e9cnico em Inform\u00e1tica, T\u00e9cnico em Eletrot\u00e9cnica;<\/p>\n<p><strong>Euclides da Cunha<\/strong>: T\u00e9cnico em Inform\u00e1tica;<\/p>\n<p><strong>Eun\u00e1polis<\/strong>: T\u00e9cnico em Edifica\u00e7\u00f5es, T\u00e9cnico em Inform\u00e1tica, T\u00e9cnico em Meio Ambiente;<\/p>\n<p><strong>Feira de Santana<\/strong>: T\u00e9cnico em Edifica\u00e7\u00f5es, T\u00e9cnico em Eletrot\u00e9cnica;<\/p>\n<p><strong>Ilh\u00e9us<\/strong>: T\u00e9cnico em Edifica\u00e7\u00f5es, T\u00e9cnico em Inform\u00e1tica, T\u00e9cnico em Seguran\u00e7a do Trabalho;<\/p>\n<p><strong>Irec\u00ea<\/strong>: T\u00e9cnico em Eletromec\u00e2nica, T\u00e9cnico em Inform\u00e1tica, T\u00e9cnico em Biocombust\u00edveis;<\/p>\n<p><strong>Jacobina<\/strong>: T\u00e9cnico em Eletromec\u00e2nica, T\u00e9cnico em Minera\u00e7\u00e3o, T\u00e9cnico em Inform\u00e1tica;<\/p>\n<p><strong>Jequi\u00e9<\/strong>: T\u00e9cnico em Eletromec\u00e2nica, T\u00e9cnico em Inform\u00e1tica;<\/p>\n<p><strong>Juazeiro<\/strong>: T\u00e9cnico em Administra\u00e7\u00e3o, T\u00e9cnico em Seguran\u00e7a do Trabalho;<\/p>\n<p><strong>Paulo Afonso<\/strong>: T\u00e9cnico em Biocombust\u00edveis, T\u00e9cnico em Eletromec\u00e2nica, T\u00e9cnico em Inform\u00e1tica;<\/p>\n<p><strong>Porto Seguro<\/strong>: T\u00e9cnico em Alimentos, T\u00e9cnico em Biocombust\u00edveis, T\u00e9cnico em Inform\u00e1tica;<\/p>\n<p><strong>Salvador<\/strong>: T\u00e9cnico em Automa\u00e7\u00e3o Industrial, T\u00e9cnico em Eletrot\u00e9cnica, T\u00e9cnico em Geologia, T\u00e9cnico em Qu\u00edmica, T\u00e9cnico em Refrigera\u00e7\u00e3o e Climatiza\u00e7\u00e3o, T\u00e9cnico em Edifica\u00e7\u00f5es, T\u00e9cnico em Mec\u00e2nica, T\u00e9cnico em Eletr\u00f4nica;<\/p>\n<p><strong>Santo Amaro<\/strong>: T\u00e9cnico em Inform\u00e1tica, T\u00e9cnico em Eletromec\u00e2nica;<\/p>\n<p><strong>Seabra<\/strong>: T\u00e9cnico em Inform\u00e1tica, T\u00e9cnico em Meio Ambiente;<\/p>\n<p><strong>Sim\u00f5es Filho<\/strong>: T\u00e9cnico em Eletromec\u00e2nica, T\u00e9cnico em Mec\u00e2nica, T\u00e9cnico em Metalurgia, T\u00e9cnico em Petr\u00f3leo e G\u00e1s Natural;<\/p>\n<p><strong>Valen\u00e7a<\/strong>: T\u00e9cnico em Aquicultura, T\u00e9cnico em Inform\u00e1tica, T\u00e9cnico em Guia de Turismo;<\/p>\n<p><strong>Vit\u00f3ria da Conquista<\/strong>: T\u00e9cnico em Eletromec\u00e2nica, T\u00e9cnico em Eletr\u00f4nica, T\u00e9cnico em Meio Ambiente, T\u00e9cnico em Inform\u00e1tica.<\/p>\n<h2 id=\"qual-o-objetivo-do-vestibulinho-ifba\">Qual o objetivo do vestibulinho IFBA?<\/h2>\n<p>\u2022 Possibilitar a aquisi\u00e7\u00e3o dos conhecimentos e habilidade previstas nos curr\u00edculos;<\/p>\n<p>\u2022 Aprofundar os conhecimentos, possibilitando o aperfei\u00e7oamento profissional;<\/p>\n<p>\u2022 Fornecer prepara\u00e7\u00e3o b\u00e1sica para o trabalho e para a cidadania;<\/p>\n<p>\u2022 Desenvolver a autonomia intelectual e o pensamento cr\u00edtico;<\/p>\n<p>\u2022 Aprofundar a compreens\u00e3o dos fundamentos cient\u00edficos e tecnol\u00f3gicos dos processos produtivos.<\/p>\n<h2 id=\"como-ser-a-prova-do-concurso-vestibulinho-ifba\">Como ser\u00e1 a prova do concurso vestibulinho IFBA?<\/h2>\n<p>Os candidatos ser\u00e3o avaliados mediante <strong>provas objetivas<\/strong>, previstas para o dia <strong>24 de novembro de 2019<\/strong>.<\/p>\n<p>A prova de forma subsequente ser\u00e1 composta de 30 quest\u00f5es, sendo 15 de L\u00edngua Portuguesa, 10 de Matem\u00e1tica e 5 de Atualidades. J\u00e1 a de forma integral constar\u00e1 de 36 quest\u00f5es divididas igualmente entre as disciplinas de L\u00edngua Portuguesa, Matem\u00e1tica, Hist\u00f3ria e Geografia.<\/p>\n<h3>Conte\u00fado program\u00e1tico do vestibulinho IFBA<\/h3>\n<p><strong>\u2022 Forma Subsequente<\/strong><\/p>\n<p><strong>L\u00edngua Portuguesa<\/strong>: Interpreta\u00e7\u00e3o e compreens\u00e3o de textos. Conceito de literatura. G\u00eaneros textuais: textos liter\u00e1rios (cr\u00f4nica, conto, poema e romance) e n\u00e3o-liter\u00e1rios (not\u00edcia, reportagem e artigo de opini\u00e3o. Tipologia textual: elementos da narrativa, estrutura do texto argumentativo; aspectos do texto descritivo. Literatura no Brasil colonial: textos do s\u00e9culo XVI ao s\u00e9culo XVIII. Literatura brasileira: textos do s\u00e9culo XIX aos dias atuais. A literatura baiana no cen\u00e1rio nacional. Morfologia: classes de palavras, estrutura e forma\u00e7\u00e3o das palavras. Morfossintaxe: concord\u00e2ncia verbo-nominal, reg\u00eancia verbo-nominal. Sintaxe: tipos de sujeito, tipos de predicado, transitividade verbal, elementos essenciais e acess\u00f3rios da ora\u00e7\u00e3o. Estil\u00edstica: fun\u00e7\u00f5es da linguagem, conota\u00e7\u00e3o e denota\u00e7\u00e3o, figuras de linguagem. Sem\u00e2ntica: hom\u00f4nimos e par\u00f4nimos, sin\u00f4nimos e ant\u00f4nimos. Fonologia: acentua\u00e7\u00e3o e ortografia<\/p>\n<p><strong>Matem\u00e1tica<\/strong>: Raz\u00e3o, propor\u00e7\u00e3o e porcentagem. Conjuntos: opera\u00e7\u00f5es com conjuntos. Conjuntos num\u00e9ricos (naturais, inteiros, racionais, irracionais, reais e complexos) e opera\u00e7\u00f5es. Polin\u00f4mios: valor num\u00e9rico, polin\u00f4mios id\u00eanticos, polin\u00f4mios identicamente nulos, opera\u00e7\u00f5es com polin\u00f4mios. Fun\u00e7\u00f5es: conceito, dom\u00ednio e imagem. Fun\u00e7\u00e3o do 1\u00ba grau: equa\u00e7\u00e3o do 1\u00ba grau, inequa\u00e7\u00e3o do 1\u00ba grau, gr\u00e1ficos. Fun\u00e7\u00e3o do 2\u00ba grau: equa\u00e7\u00e3o do 2\u00ba grau, inequa\u00e7\u00e3o do 2\u00ba grau, gr\u00e1ficos. Fun\u00e7\u00e3o exponencial: potencia\u00e7\u00e3o, radicia\u00e7\u00e3o, equa\u00e7\u00e3o exponencial e inequa\u00e7\u00e3o exponencial. Fun\u00e7\u00e3o logar\u00edtmica: logaritmos, equa\u00e7\u00e3o logar\u00edtmica, inequa\u00e7\u00e3o logar\u00edtmica, gr\u00e1ficos. Interpreta\u00e7\u00e3o de gr\u00e1ficos em geral. Sequ\u00eancias: progress\u00e3o aritm\u00e9tica, progress\u00e3o geom\u00e9trica. An\u00e1lise combinat\u00f3ria: princ\u00edpio fundamental da contagem, arranjos, combina\u00e7\u00f5es, permuta\u00e7\u00f5es. Bin\u00f4mio de Newton. Matrizes. Determinantes. Sistemas Lineares. Trigonometria no Ciclo: arcos, \u00e2ngulos, fun\u00e7\u00f5es circulares, rela\u00e7\u00f5es trigonom\u00e9tricas, redu\u00e7\u00e3o ao 1\u00ba quadrante. Geometria plana: \u00e2ngulos, paralelismo, tri\u00e2ngulos, lei dos senos, lei dos cossenos, quadril\u00e1teros, pol\u00edgonos regulares (soma dos \u00e2ngulos internos, \u00e2ngulo interno, \u00e2ngulo central, \u00e2ngulo externo, n\u00famero de diagonais), c\u00edrculo e circunfer\u00eancia. \u00c1rea de Figuras Planas. Geometria Espacial: prisma, paralelep\u00edpedo, cubo, cilindro, pir\u00e2mide, cone e esfera. Geometria Anal\u00edtica: dist\u00e2ncia entre dois pontos, ponto m\u00e9dio de um segmento de reta, equa\u00e7\u00e3o da reta, \u00e2ngulo entre retas, dist\u00e2ncia entre um ponto e uma reta, dist\u00e2ncia entre retas, equa\u00e7\u00e3o da circunfer\u00eancia.<\/p>\n<p><strong>Atualidades<\/strong>: T\u00f3picos relevantes e atuais das \u00e1reas de ci\u00eancia, tecnologia e sociedade, nos contextos nacionais e internacionais, divulgados pelas m\u00eddias digitais, televisiva e impressa ocorridas entre o ano de 2018 e 2019.<\/p>\n<p><strong>\u2022 Forma Integrada<\/strong><\/p>\n<p><strong>L\u00edngua Portuguesa<\/strong>: Compreens\u00e3o e An\u00e1lise: compreens\u00e3o e an\u00e1lise de textos liter\u00e1rios e de textos informativos de publica\u00e7\u00f5es atuais em prosa e em verso de autores brasileiros (romances, cr\u00f4nicas, contos, poemas, letras de m\u00fasica, editorial, nota, reportagem, propaganda, tiras, quadrinhos, textos figurativos e tem\u00e1ticos). Conhecimentos Lingu\u00edsticos: linguagem \u2013 sinon\u00edmia e anton\u00edmia; denota\u00e7\u00e3o e conota\u00e7\u00e3o; polissemia par\u00e1frase; Impl\u00edcitos (pressuposto, subentendido); diferentes formas de citar o discurso alheio (discurso direto, indireto e indireto livre); mecanismos de coes\u00e3o textual (articuladores l\u00f3gicos e continuadores); figuras de linguagem; som, fonema e letras; s\u00edlaba: divis\u00e3o e classifica\u00e7\u00e3o; acentua\u00e7\u00e3o e crase; estrutura e forma\u00e7\u00e3o das palavras; morfossintaxe: classes de palavras e suas respectivas fun\u00e7\u00f5es sint\u00e1ticas na ora\u00e7\u00e3o; frase, ora\u00e7\u00e3o, per\u00edodo, tipos de per\u00edodos; par\u00e1grafos e tipos de par\u00e1grafos; estrutura dos tipos textuais narrativos, descritivos, perform\u00e1ticos, expositivos e argumentativos, encadeamento de temas e encadeamento de figuras, os termos da ora\u00e7\u00e3o; tipos de sujeito e de predicado; predica\u00e7\u00e3o verbal; per\u00edodo composto por coordena\u00e7\u00e3o; per\u00edodo composto por subordina\u00e7\u00e3o; coloca\u00e7\u00e3o de pronomes obl\u00edquos; concord\u00e2ncia nominal e verbal; pontua\u00e7\u00e3o; ortografia.<\/p>\n<p><strong>Matem\u00e1tica<\/strong>: Conjuntos Num\u00e9ricos: conjunto dos n\u00fameros reais \u2013 reta real, subconjuntos, opera\u00e7\u00f5es, propriedades, express\u00f5es num\u00e9ricas, radicais (propriedades, opera\u00e7\u00f5es e racionaliza\u00e7\u00e3o de denominadores). Divisores e M\u00faltiplos: divisibilidade; n\u00fameros primos; decomposi\u00e7\u00e3o em fatores primos; divisores de um n\u00famero; m\u00e1ximo divisor comum; m\u00faltiplos de um n\u00famero; m\u00ednimo m\u00faltiplo comum. Sistemas de Medida: sistema m\u00e9trico decimal: comprimento, \u00e1rea, volume, massa, capacidade; sistema n\u00e3o decimal: tempo e \u00e2ngulos. Raz\u00e3o e Propor\u00e7\u00e3o: raz\u00e3o entre duas grandezas; raz\u00f5es inversas; propor\u00e7\u00e3o: propriedades. Grandezas Proporcionais: grandezas diretamente e inversamente proporcionais; regra de tr\u00eas simples e composta; porcentagem. Equa\u00e7\u00f5es e Inequa\u00e7\u00f5es do 1\u00b0 Grau: equa\u00e7\u00e3o do 1\u00b0 grau; inequa\u00e7\u00e3o do 1\u00b0 grau; sistema de equa\u00e7\u00f5es do 1\u00b0 grau; problemas do 1\u00b0 grau. C\u00e1lculo Alg\u00e9brico: valor num\u00e9rico de uma express\u00e3o alg\u00e9brica; polin\u00f4mios: opera\u00e7\u00f5es, m.m.c. e m.d.c.; produtos not\u00e1veis; fatora\u00e7\u00e3o e simplifica\u00e7\u00e3o de express\u00f5es alg\u00e9bricas; fra\u00e7\u00f5es alg\u00e9bricas: opera\u00e7\u00f5es. Equa\u00e7\u00e3o do 2\u00b0 Grau: equa\u00e7\u00e3o do 2\u00b0 grau; rela\u00e7\u00e3o entre os coeficientes e as ra\u00edzes da equa\u00e7\u00e3o do 2\u00b0 grau; equa\u00e7\u00f5es fracion\u00e1rias redut\u00edveis ao 2\u00b0 grau; equa\u00e7\u00f5es biquadradas; equa\u00e7\u00f5es irracionais. Fun\u00e7\u00f5es: fun\u00e7\u00e3o \u2013 conceito, conjunto dom\u00ednio, conjunto imagem e representa\u00e7\u00e3o gr\u00e1fica; fun\u00e7\u00e3o do 1\u00ba grau: conceito, representa\u00e7\u00e3o gr\u00e1fica e raiz; fun\u00e7\u00e3o do 2\u00ba grau: conceito, representa\u00e7\u00e3o gr\u00e1fica e ra\u00edzes. Estat\u00edstica: m\u00e9dias aritm\u00e9tica e ponderada; gr\u00e1ficos: barras, segmentos e setores. Geometria: elementos fundamentais \u2013 ponto, reta e plano; retas paralelas e concorrentes: \u00e2ngulos \u2013 medidas, classifica\u00e7\u00e3o, complemento, suplemento e replemento. Paralelismo: paralelas interceptadas por uma transversal; \u00e2ngulos formados por retas paralelas interceptadas por uma transversal; propriedades. Pol\u00edgonos: conceito, elementos, classifica\u00e7\u00e3o, convexidade, \u00e2ngulos de um pol\u00edgono e nomenclatura; n\u00famero de diagonais; soma dos \u00e2ngulos internos e externos de um pol\u00edgono regular. Tri\u00e2ngulo: defini\u00e7\u00e3o, elementos, classifica\u00e7\u00e3o e congru\u00eancia; rela\u00e7\u00e3o entre lados e \u00e2ngulos; teorema de Thales e suas consequ\u00eancias; semelhan\u00e7a de tri\u00e2ngulos; rela\u00e7\u00f5es m\u00e9tricas no tri\u00e2ngulo ret\u00e2ngulo. Quadril\u00e1teros: defini\u00e7\u00e3o, classifica\u00e7\u00e3o e propriedades. Circunfer\u00eancia e C\u00edrculo: conceito e elementos; medida de arcos e \u00e2ngulos; rela\u00e7\u00f5es m\u00e9tricas na circunfer\u00eancia; pol\u00edgonos inscritos e circunscritos na circunfer\u00eancia (lados e ap\u00f3temas de pol\u00edgonos regulares). \u00c1rea e Per\u00edmetro de Figuras Planas: tri\u00e2ngulos, quadril\u00e1teros, pol\u00edgonos regulares e c\u00edrculos.<\/p>\n<p><strong>Hist\u00f3ria<\/strong>: A Ci\u00eancia da Hist\u00f3ria: objeto e m\u00e9todo. Tempo, dura\u00e7\u00e3o e as temporalidades. O historiador como elaborador da ci\u00eancia da Hist\u00f3ria \u2013 fontes e as teorias historiogr\u00e1ficas. A antiguidade oriental \u2013 economia, sociedade e o poder pol\u00edtico. A antiguidade cl\u00e1ssica: Atenas e a Democracia. Roma: a Rep\u00fablica e o Imp\u00e9rio. O escravismo antigo e o expansionismo romano. A alta Idade M\u00e9dia \u2013 s\u00e9culos V ao X \u2013 Os godos, os francos e os mu\u00e7ulmanos. A antiguidade tardia. A baixa Idade M\u00e9dia- s\u00e9culos X ao XIV \u2013 o feudalismo cl\u00e1ssico, a din\u00e2mica feudal, a cidade e o mercado, o grande dom\u00ednio feudal e a servid\u00e3o. A crise do s\u00e9culo XIV. A Idade Moderna s\u00e9culos XV ao XVIII- A economia mercantilista e a expans\u00e3o mar\u00edtima e comercial. O povoamento da Am\u00e9rica pelos europeus e o escravismo moderno. As lutas religiosas na Idade Moderna- catolicismo x luteranismos, calvinismo, anabatismo e a santidade dos \u00edndios na Am\u00e9rica. A cultura renascentista e a intelectualidade. A sociedade estamental e o absolutismo. A escravid\u00e3o e a \u00c1frica. O Brasil e a economia do a\u00e7\u00facar e as economias perif\u00e9ricas ou secund\u00e1rias. As disputas comerciais: Portugal, Espanha, Prov\u00edncias Unidas, Inglaterra e Fran\u00e7a. A sociedade de Antigo Regime no Brasil. O Governo geral e a funda\u00e7\u00e3o da Cidade do Salvador em 1549. A Igreja cat\u00f3lica e a Inquisi\u00e7\u00e3o: judeus, mulheres e homossexuais. A economia do ouro no s\u00e9culo XVIII e a interioriza\u00e7\u00e3o da escravid\u00e3o no Brasil. A economia do ouro e as mudan\u00e7as pol\u00edticas e administrativas no Brasil. A Revolu\u00e7\u00e3o Industrial na Inglaterra no s\u00e9culo XVIII e a crise do Antigo Regime. O ciclo revolucion\u00e1rio burgu\u00eas- da Revolu\u00e7\u00e3o Francesa de 1789 a Primavera dos Povos em 1848. As institui\u00e7\u00f5es burguesas e o capitalismo triunfante e o s\u00e9culo XIX. O processo de emancipa\u00e7\u00e3o pol\u00edtica da Am\u00e9rica. A forma\u00e7\u00e3o dos Estados Nacionais na Am\u00e9rica. O Congresso de Viena de 1815 e as nacionalidades. O manifesto Comunista de 1848 e o proletariado. Os trabalhadores e as lutas contra o capitalismo e suas institui\u00e7\u00f5es. O Brasil e o Imp\u00e9rio: economia, poder pol\u00edtico e sociedade. O Brasil: abolicionismo e republicanismo. O capitalismo monopolista e a \u00c1frica no s\u00e9culo XIX. A mulher e a bela \u00e9poque: domina\u00e7\u00e3o masculina. A crise do Liberalismo e o Imperialismo: a grande Guerra de 1914-1918. A Revolu\u00e7\u00e3o Socialista de 1917 e os trabalhadores. A crise do Liberalismo e os fascismos. O Brasil e a Rep\u00fablica Olig\u00e1rquica (1889-1930). Get\u00falio Vargas e o intervencionismo econ\u00f4mico, pol\u00edtico e cultural. Get\u00falio Vargas e a ditadura do Estado Novo (1937-1945). A expans\u00e3o capitalista p\u00f3s-Segunda Guerra e a Rep\u00fablica Populista no Brasil (1945-1964). A crise do populismo e o golpe militar de 1964. A ditadura militar de 1964: o milagre econ\u00f4mico e a repress\u00e3o a sociedade. 1968 e o AI-5. A crise do petr\u00f3leo de 1973\\1979 e a luta social pelo fim da ditadura. As \u201cDiretas J\u00e1\u201d e a constru\u00e7\u00e3o da democracia. Os movimentos sociais e a luta dos direitos humanos. O movimento negro e o feminismo.<\/p>\n<p><strong>Geografia<\/strong>: Regionaliza\u00e7\u00e3o Mundial: pa\u00edses centrais e perif\u00e9ricos; geopol\u00edtica da Am\u00e9rica Latina. Com\u00e9rcio multilateral e a l\u00f3gica dos blocos econ\u00f4micos. O meio t\u00e9cnico-cient\u00edfico e informacional: fen\u00f4meno da globaliza\u00e7\u00e3o e Desenvolvimento; desenvolvimento tecnol\u00f3gico, transforma\u00e7\u00f5es econ\u00f4micas e culturais; qualidade de vida e consumo; desigualdades internacionais e sociais. Com\u00e9rcio, Transporte e Comunica\u00e7\u00f5es: ind\u00fastria moderna e desenvolvimento do setor terci\u00e1rio; rela\u00e7\u00f5es comerciais internacionais; evolu\u00e7\u00e3o dos transportes; evolu\u00e7\u00e3o da comunica\u00e7\u00e3o. A \u00c1frica e sua inser\u00e7\u00e3o no capitalismo mundial. Processo de Industrializa\u00e7\u00e3o Brasileira: fases, caracter\u00edsticas, distribui\u00e7\u00e3o espacial e contexto contempor\u00e2neo. Espa\u00e7o Urbano: A divis\u00e3o do trabalho na cidade e no campo; rela\u00e7\u00f5es urbaniza\u00e7\u00e3o e industrializa\u00e7\u00e3o; processo de urbaniza\u00e7\u00e3o brasileira; segrega\u00e7\u00e3o socioespacial urbana; fen\u00f4menos urbanos: metropoliza\u00e7\u00e3o, megal\u00f3poles, conurba\u00e7\u00e3o, megacidades, rede urbana e hierarquia urbana. Geografia Agr\u00e1ria: As novas rela\u00e7\u00f5es cidade e campo; moderniza\u00e7\u00e3o do setor agr\u00edcola; estrutura fundi\u00e1ria brasileira e a reforma agr\u00e1ria; caracter\u00edsticas e import\u00e2ncia da agricultura brasileira no mundo; sistemas agr\u00e1rios brasileiros; Agroecologia e a Seguran\u00e7a alimentar. Evolu\u00e7\u00e3o Demogr\u00e1fica Brasileira: Forma\u00e7\u00e3o da popula\u00e7\u00e3o brasileira; Estrutura da popula\u00e7\u00e3o e pir\u00e2mides et\u00e1rias; tend\u00eancias demogr\u00e1ficas no Brasil movimentos migrat\u00f3rios internos; a Popula\u00e7\u00e3o Economicamente Ativa (PEA) e distribui\u00e7\u00e3o de renda no pa\u00eds. Dom\u00ednios Morfoclim\u00e1ticos do Brasil: caracter\u00edsticas f\u00edsicas e processos de apropria\u00e7\u00e3o social. Elementos da Natureza e sua apropria\u00e7\u00e3o social: elementos e fatores do clima; hidrografia; estrutura geol\u00f3gica e apropria\u00e7\u00e3o do relevo; solos e sua conserva\u00e7\u00e3o. Mudan\u00e7as Clim\u00e1ticas e fen\u00f4menos ambientais no mundo: efeitos estufa e o aquecimento global, ilhas de calor, invers\u00e3o t\u00e9rmica, chuvas \u00e1cidas, El Ni\u00f1o e La Ni\u00f1a. No\u00e7\u00f5es de Cartografia tem\u00e1tica: Leitura e interpreta\u00e7\u00e3o de mapas; coordenadas geogr\u00e1ficas. Geografia da Bahia: aspectos f\u00edsicos e socioecon\u00f4micos.<\/p>","protected":false},"excerpt":{"rendered":"<p>Foram publicados os editais do novo vestibulinho IFBA. S\u00e3o mais de 5,5 mil vagass nos cursos t\u00e9cnicos para n\u00edveis fundamental ou m\u00e9dio.<\/p>\n","protected":false},"author":16,"featured_media":0,"comment_status":"closed","ping_status":"closed","sticky":false,"template":"","format":"standard","meta":{"_acf_changed":false,"footnotes":"","_wp_rev_ctl_limit":""},"categories":[44999],"tags":[],"class_list":["post-72772","post","type-post","status-publish","format-standard","hentry","category-concursos"],"acf":[],"_links":{"self":[{"href":"https:\/\/www.novaconcursos.com.br\/portal\/wp-json\/wp\/v2\/posts\/72772","targetHints":{"allow":["GET"]}}],"collection":[{"href":"https:\/\/www.novaconcursos.com.br\/portal\/wp-json\/wp\/v2\/posts"}],"about":[{"href":"https:\/\/www.novaconcursos.com.br\/portal\/wp-json\/wp\/v2\/types\/post"}],"author":[{"embeddable":true,"href":"https:\/\/www.novaconcursos.com.br\/portal\/wp-json\/wp\/v2\/users\/16"}],"replies":[{"embeddable":true,"href":"https:\/\/www.novaconcursos.com.br\/portal\/wp-json\/wp\/v2\/comments?post=72772"}],"version-history":[{"count":2,"href":"https:\/\/www.novaconcursos.com.br\/portal\/wp-json\/wp\/v2\/posts\/72772\/revisions"}],"predecessor-version":[{"id":274538,"href":"https:\/\/www.novaconcursos.com.br\/portal\/wp-json\/wp\/v2\/posts\/72772\/revisions\/274538"}],"wp:attachment":[{"href":"https:\/\/www.novaconcursos.com.br\/portal\/wp-json\/wp\/v2\/media?parent=72772"}],"wp:term":[{"taxonomy":"category","embeddable":true,"href":"https:\/\/www.novaconcursos.com.br\/portal\/wp-json\/wp\/v2\/categories?post=72772"},{"taxonomy":"post_tag","embeddable":true,"href":"https:\/\/www.novaconcursos.com.br\/portal\/wp-json\/wp\/v2\/tags?post=72772"}],"curies":[{"name":"wp","href":"https:\/\/api.w.org\/{rel}","templated":true}]}}