{"id":72876,"date":"2021-10-28T08:00:18","date_gmt":"2021-10-28T11:00:18","guid":{"rendered":"http:\/\/www.novaconcursos.com.br\/portal\/?post_type=nc-public-tender&#038;p=72876"},"modified":"2024-12-16T09:57:50","modified_gmt":"2024-12-16T12:57:50","slug":"concurso-prefeitura-de-capela-do-alto-sp","status":"publish","type":"post","link":"https:\/\/www.novaconcursos.com.br\/portal\/concursos\/concurso-prefeitura-de-capela-do-alto-sp\/","title":{"rendered":"Concurso Prefeitura de Capela do Alto &#8211; SP: Edital publicado para Guarda Municipal!"},"content":{"rendered":"<p>Um novo <strong>concurso Prefeitura de Capela do Alto \u2013 SP<\/strong> conta com <strong>edital publicado e oferta de 11 vagas para provimento imediato, <\/strong>que exigem n\u00edvel m\u00e9dio de forma\u00e7\u00e3o.<\/p>\n<p>As vagas foram divididas em<strong> 9 para candidatos do sexo masculino<\/strong> e <strong>2 para candidatas do sexo feminino.<\/strong><\/p>\n<ul><li><a class=\"_ps2id\" href=\"#inscri%C3%A7%C3%A3o\" data-ps2id-offset=\"\">Inscri\u00e7\u00e3o<\/a><\/li>\n<li><a class=\"_ps2id\" href=\"#carreira\" data-ps2id-offset=\"\">Carreira<\/a>\n<ul><li><a class=\"_ps2id\" href=\"#cargos\" data-ps2id-offset=\"\">Cargos, vagas e requisitos<\/a><\/li>\n<li><a class=\"_ps2id\" href=\"#atribui%C3%A7%C3%B5es\" data-ps2id-offset=\"\">Atribui\u00e7\u00f5es<\/a><\/li>\n<\/ul><\/li>\n<li><a class=\"_ps2id\" href=\"#provas\" data-ps2id-offset=\"\">Como ser\u00e3o as provas<\/a>\n<ul><li><a class=\"_ps2id\" href=\"#objetiva\" data-ps2id-offset=\"\">Prova Objetiva<\/a><\/li>\n<li><a class=\"_ps2id\" href=\"#taf\" data-ps2id-offset=\"\">TAF<\/a><\/li>\n<\/ul><\/li>\n<\/ul><h2 id=\"\"><\/h2>\n<h2 id=\"ps2id-idinscrio-targetcomo-realizar-a-inscrio-do-concurso-pr\">[ps2id id=\u2019inscri\u00e7\u00e3o\u2019 target=\u201d\/]Como realizar a inscri\u00e7\u00e3o do concurso Prefeitura de Capela do Alto \u2013 SP?<\/h2>\n<p>Os interessados poder\u00e3o realizar as inscri\u00e7\u00f5es que foram abertas no dia <strong>25 de outubro e ficar\u00e3o dispon\u00edveis at\u00e9 o dia 25 de novembro,\u00a0<\/strong>atrav\u00e9s do <a href=\"https:\/\/www.ibamsp-concursos.org.br\/site\/concursos\/documentos\/636\" target=\"_blank\" rel=\"noopener noreferrer\">site da banca organizadora, Ibam<\/a>.<\/p>\n<p>Para participar basta <strong>preencher com as informa\u00e7\u00f5es necess\u00e1rias<\/strong> e em seguida gerar e pagar o boleto no valor de <strong>R$ 74,00<\/strong>.<\/p>\n<p>\u00c9 importante ressaltar que o edital informa que <strong>n\u00e3o ser\u00e1 concedida isen\u00e7\u00e3o do valor da inscri\u00e7\u00e3o.<\/strong><\/p>\n<h2 id=\"concurso-prefeitura-de-capela-do-alto-sp-carreira\">Concurso Prefeitura de Capela do Alto \u2013 SP: carreira<\/h2>\n<h3>[ps2id id=\u2019cargos\u2019 target=\u201d\/]Cargos, vagas e requisitos<\/h3>\n<p>O concurso<strong>\u00a0oferta 11 vagas de n\u00edvel m\u00e9dio para a carreira policial.\u00a0<\/strong>A jornada de trabalho ser\u00e1 de 40 horas semanais.<\/p>\n<p>De acordo com o edital, ser\u00e1 reservado 5% das vagas \u00e0s pessoas com defici\u00eancia \u2013 PCD. O edital n\u00e3o informa sobre poss\u00edveis vagas destinadas a candidatos negros.<\/p>\n<p><strong>Requisitos b\u00e1sicos para participar da sele\u00e7\u00e3o:<\/strong><\/p>\n<ul><li>Ser brasileiro nato ou naturalizado;<\/li>\n<li>Ter idade m\u00ednima de 18 anos completos;<\/li>\n<li>Estar em dia com as obriga\u00e7\u00f5es do servi\u00e7o militar, se do sexo masculino;<\/li>\n<li>Estar em situa\u00e7\u00e3o regular com a Justi\u00e7a Eleitoral;<\/li>\n<li>N\u00e3o registrar antecedentes criminais, impeditivos do exerc\u00edcio da fun\u00e7\u00e3o p\u00fablica;<\/li>\n<li>N\u00e3o receber proventos de aposentadoria ou remunera\u00e7\u00e3o de cargo, emprego ou fun\u00e7\u00e3o p\u00fablica, ressalvados os cargos\/fun\u00e7\u00f5es acumul\u00e1veis previstos na Constitui\u00e7\u00e3o Federal;<\/li>\n<li>N\u00e3o haver sofrido, no exerc\u00edcio de atividade p\u00fablica, penalidade por atos incompat\u00edveis com o servi\u00e7o p\u00fablico.<\/li>\n<\/ul><p>\u00a0<\/p>\n<p><strong>Requisitos espec\u00edficos:<\/strong><\/p>\n<ul><li><strong>Guarda civil municipal \u2013 feminino<\/strong><br>\nVagas: 2<br>\nRequisitos: ensino m\u00e9dio completo, carteira de habilita\u00e7\u00e3o A, C ou superior, altura m\u00ednima de 1,60<\/li>\n<li><strong>Guarda civil municipal \u2013 masculino<\/strong><br>\nVagas: 9<br>\nRequisitos: ensino m\u00e9dio completo, carteira de habilita\u00e7\u00e3o A, C ou superior, altura m\u00ednima de 1,65<\/li>\n<\/ul><p>\u00a0<\/p>\n<p>O edital oferta <strong>R$ 1.652,46 de sal\u00e1rio inicial<\/strong> + 30% de adicional de periculosidade, ficando no total de cerca de R$ 2.148,19. Os aprovados tamb\u00e9m recebem vale-alimenta\u00e7\u00e3o no valor de R$ 530,40.<\/p>\n<h3>[ps2id id=\u2019atribui\u00e7\u00f5es\u2019 target=\u201d\/]Atribui\u00e7\u00f5es<\/h3>\n<p>Zelar pelos bens, equipamentos e pr\u00e9dios p\u00fablicos do Munic\u00edpio; coibir infra\u00e7\u00f5es penais ou\u00a0 administrativas e atos infracionais que atentem contra os bens, servi\u00e7os e instala\u00e7\u00f5es municipais; atuar preventiva e permanentemente no territ\u00f3rio do Munic\u00edpio, colaborar de forma integrada com os \u00f3rg\u00e3os de seguran\u00e7a p\u00fablica, em a\u00e7\u00f5es conjuntas que contribuam com a paz social; colaborar com a pacifica\u00e7\u00e3o de conflitos que seus integrantes.<\/p>\n<h2 id=\"ps2id-idprovas-targetcomo-sero-as-provas-do-concurso-prefeit\">[ps2id id=\u2019provas\u2019 target=\u201d\/]Como ser\u00e3o as provas do concurso Prefeitura de Capela do Alto \u2013 SP?<\/h2>\n<p>O concurso Guarda Municipal Capela do Alto SP \u00e9 composto por quatro etapas:<\/p>\n<ul><li>Prova objetiva, de car\u00e1ter eliminat\u00f3rio e classificat\u00f3rio;<\/li>\n<li>Teste de Aptid\u00e3o F\u00edsica (TAF), de car\u00e1ter eliminat\u00f3rio e classificat\u00f3rio;<\/li>\n<li>Avalia\u00e7\u00e3o Psicot\u00e9cnica, de car\u00e1ter eliminat\u00f3rio;<\/li>\n<li>Curso de forma\u00e7\u00e3o, de car\u00e1ter eliminat\u00f3rio;<\/li>\n<\/ul><h3><\/h3>\n<h3>[ps2id id=\u2019objetiva\u2019 target=\u201d\/]Prova Objetiva<\/h3>\n<p>A prova objetiva do concurso Guarda Municipal Capela do Alto ser\u00e1 aplicada no dia <strong>10 de dezembro<\/strong> e ser\u00e1 composta de quest\u00f5es de m\u00faltipla escolha. As provas objetivas ter\u00e3o a seguinte composi\u00e7\u00e3o:<\/p>\n<ul><li>L\u00edngua portuguesa: 8 quest\u00f5es<\/li>\n<li>Matem\u00e1tica: 4 quest\u00f5es<\/li>\n<li>Conhecimentos espec\u00edficos: 18 quest\u00f5es<\/li>\n<\/ul><h3 id=\"h-taf\"><span id=\"TAF\">[ps2id id=\u2019taf\u2019 target=\u201d\/]TAF<\/span><\/h3>\n<p>Os candidatos aprovados na prova objetiva do concurso Guarda Municipal Capela do Alto SP ser\u00e3o convocados para a realiza\u00e7\u00e3o do TAF.<\/p>\n<p>O teste ser\u00e1 composto das seguintes avalia\u00e7\u00f5es:<\/p>\n<p><strong>Flex\u00e3o de bra\u00e7o em 1 minuto<\/strong><\/p>\n<ul><li>Marca m\u00ednima para homens:\u00a0<strong>maior ou igual a 29<\/strong><\/li>\n<li>Marca m\u00ednima para mulheres:\u00a0<strong>maior ou igual a 16<\/strong><\/li>\n<\/ul><p>\u00a0<\/p>\n<p><strong>Abdominal em 1 minuto<\/strong><\/p>\n<ul><li>Marca m\u00ednima para homens:\u00a0<strong>maior ou igual 35<\/strong><\/li>\n<li>Marca m\u00ednima para mulheres:\u00a0<strong>maior ou igual 30<\/strong><\/li>\n<\/ul><p>\u00a0<\/p>\n<p><strong>Corrida 50 metros<\/strong><\/p>\n<ul><li>Marca m\u00ednima para homens:\u00a0<strong>menor ou igual a 10 segundos<\/strong><\/li>\n<li>Marca m\u00ednima para mulheres:\u00a0<strong>menor ou igual 11 segundos<\/strong><\/li>\n<\/ul><p>\u00a0<\/p>\n<p><strong>Corrida 12 minutos<\/strong><\/p>\n<ul><li>Marca m\u00ednima homens:\u00a0<strong>maior ou igual 2300<\/strong><\/li>\n<li>Marca m\u00ednima mulheres:\u00a0<strong>maior ou igual 1900<\/strong><\/li>\n<\/ul><p>\u00a0<\/p>\n<p><strong>O concurso GCM Capela do Alto tem prazo de sua validade de 2 anos,<\/strong>\u00a0a contar da data de homologa\u00e7\u00e3o do certame. Poder\u00e1 ser prorrogado por igual per\u00edodo, a crit\u00e9rio da Prefeitura Municipal.<\/p>","protected":false},"excerpt":{"rendered":"<p>Um novo concurso Prefeitura de Capela do Alto &#8211; SP conta com edital publicado e oferta de 11 vagas para provimento imediato, que exigem n\u00edvel m\u00e9dio de forma\u00e7\u00e3o.<\/p>\n<p>As vagas foram divididas em 9 para candidatos do sexo masculino e 2 para candidatas do sexo feminino.<\/p>\n","protected":false},"author":16,"featured_media":146906,"comment_status":"closed","ping_status":"closed","sticky":false,"template":"","format":"standard","meta":{"_acf_changed":false,"footnotes":"","_wp_rev_ctl_limit":""},"categories":[44999],"tags":[],"class_list":["post-72876","post","type-post","status-publish","format-standard","has-post-thumbnail","hentry","category-concursos"],"acf":[],"_links":{"self":[{"href":"https:\/\/www.novaconcursos.com.br\/portal\/wp-json\/wp\/v2\/posts\/72876","targetHints":{"allow":["GET"]}}],"collection":[{"href":"https:\/\/www.novaconcursos.com.br\/portal\/wp-json\/wp\/v2\/posts"}],"about":[{"href":"https:\/\/www.novaconcursos.com.br\/portal\/wp-json\/wp\/v2\/types\/post"}],"author":[{"embeddable":true,"href":"https:\/\/www.novaconcursos.com.br\/portal\/wp-json\/wp\/v2\/users\/16"}],"replies":[{"embeddable":true,"href":"https:\/\/www.novaconcursos.com.br\/portal\/wp-json\/wp\/v2\/comments?post=72876"}],"version-history":[{"count":3,"href":"https:\/\/www.novaconcursos.com.br\/portal\/wp-json\/wp\/v2\/posts\/72876\/revisions"}],"predecessor-version":[{"id":146907,"href":"https:\/\/www.novaconcursos.com.br\/portal\/wp-json\/wp\/v2\/posts\/72876\/revisions\/146907"}],"wp:featuredmedia":[{"embeddable":true,"href":"https:\/\/www.novaconcursos.com.br\/portal\/wp-json\/wp\/v2\/media\/146906"}],"wp:attachment":[{"href":"https:\/\/www.novaconcursos.com.br\/portal\/wp-json\/wp\/v2\/media?parent=72876"}],"wp:term":[{"taxonomy":"category","embeddable":true,"href":"https:\/\/www.novaconcursos.com.br\/portal\/wp-json\/wp\/v2\/categories?post=72876"},{"taxonomy":"post_tag","embeddable":true,"href":"https:\/\/www.novaconcursos.com.br\/portal\/wp-json\/wp\/v2\/tags?post=72876"}],"curies":[{"name":"wp","href":"https:\/\/api.w.org\/{rel}","templated":true}]}}