{"id":72894,"date":"2018-02-08T19:10:47","date_gmt":"2018-02-08T21:10:47","guid":{"rendered":"http:\/\/www.novaconcursos.com.br\/portal\/?p=72894"},"modified":"2019-02-09T01:33:44","modified_gmt":"2019-02-09T03:33:44","slug":"concurso-pg-df-comissao-definida-2019-02","status":"publish","type":"post","link":"https:\/\/www.novaconcursos.com.br\/portal\/noticias\/concurso-pg-df-comissao-definida-2019-02\/","title":{"rendered":"Concurso PG-DF: Comiss\u00e3o definida!"},"content":{"rendered":"<p>Boa not\u00edcia aos <strong>concurseiros do Distrito Federal<\/strong>! Foi divulgada no Di\u00e1rio Oficial do dia <strong>08 de fevereiro de 2019<\/strong>, a portaria n\u00ba 76\/2019 que forma <strong>comiss\u00e3o<\/strong> para abertura do novo concurso p\u00fablico da <strong>Procuradoria Geral do Distrito Federal (PG-DF)<\/strong>!<\/p>\n<p>O certame ter\u00e1 oferta de <strong>100 vagas<\/strong> para candidatos de <strong>n\u00edvel m\u00e9dio e superior<\/strong>, com sal\u00e1rios de at\u00e9 <strong>R$ 7,3 mil!<\/strong><\/p>\n<p><span style=\"color: #000000;\"><strong>Previs\u00e3o do edital<\/strong><\/span><\/p>\n<p>O grupo de trabalho ter\u00e1 objetivo de elabora\u00e7\u00e3o do <strong>projeto b\u00e1sico<\/strong> destinado \u00e0 contrata\u00e7\u00e3o da institui\u00e7\u00e3o que ficar\u00e1 respons\u00e1vel pela organiza\u00e7\u00e3o e realiza\u00e7\u00e3o do certame.<\/p>\n<p>Ap\u00f3s a defini\u00e7\u00e3o da banca organizadora o <strong>edital<\/strong> dever\u00e1 ser publicado. A expectativa \u00e9 de que isso aconte\u00e7a provavelmente ainda no <strong>primeiro semestre de 2019.<\/strong><\/p>\n<p><span style=\"color: #000000;\"><strong>Vagas e sal\u00e1rios<\/strong><\/span><\/p>\n<p>Ao todo ser\u00e3o oferecidas <strong>100 vagas<\/strong>, sendo <strong>57<\/strong> para o cargo de Analista Jur\u00eddico (em diversas especialidades) e <strong>43<\/strong> no cargo de T\u00e9cnico Jur\u00eddico da Carreira de Apoio \u00e0s Atividades Jur\u00eddicas da Procuradoria-Geral. Os cargos t\u00eam requisito de ensino <strong>superior e m\u00e9dio<\/strong>, respectivamente.<\/p>\n<p>Os sal\u00e1rios ser\u00e3o de <strong>R$ 4.720,00<\/strong> para os cargos de T\u00e9cnicos e <strong>R$ 7.320,00<\/strong> para os Analistas. A jornada de trabalho \u00e9 de <strong>40 horas<\/strong> semanais.<\/p>\n<p><span style=\"color: #000000;\"><strong>\u00daltimo concurso<\/strong><\/span><\/p>\n<p>O \u00faltimo certame aconteceu em <strong>2010<\/strong>, quando ofereceu<strong> 69 vagas<\/strong>, sendo 46 para T\u00e9cnicos e 23 para Analistas nas \u00e1reas de analista jur\u00eddico (1 vaga), analista de sistemas (3 vagas), arquitetura (1 vaga), arquivologia (1 vaga), biblioteconomia (1 vaga), contabilidade (1 vaga), direito e legisla\u00e7\u00e3o (13 vagas), engenharia agron\u00f4mica (1 vaga) e jornalismo (1 vaga). O IADES \u2013 Instituto Americano de Desenvolvimento coordenou o certame.<\/p>\n<p>Os candidatos foram avaliados em <strong>tr\u00eas fases<\/strong>: prova objetiva, de car\u00e1ter eliminat\u00f3rio e classificat\u00f3rio, para todos os cargos; prova discursiva, de car\u00e1ter eliminat\u00f3rio e classificat\u00f3rio, exclusivamente para o cargo Analista Jur\u00eddico; avalia\u00e7\u00e3o de t\u00edtulos, de car\u00e1ter classificat\u00f3rio, exclusivamente para o cargo Analista Jur\u00eddico.<\/p>\n<p>A\u00a0<span style=\"text-decoration: underline; color: #0000ff;\"><strong><a style=\"color: #0000ff; text-decoration: underline;\" href=\"https:\/\/www.novaconcursos.com.br\/\" target=\"_blank\" rel=\"noopener noreferrer\">Nova Concursos<\/a><\/strong><\/span>\u00a0tem ajudado h\u00e1 mais de 10 anos quem quer vencer a batalha do concurso p\u00fablico. Se voc\u00ea quer aumentar suas chances de passar, conhe\u00e7a nossos materiais acessando nosso site!<\/p>","protected":false},"excerpt":{"rendered":"<p>Boa not\u00edcia aos concurseiros do Distrito Federal! Foi divulgada no Di\u00e1rio Oficial do dia 08 de fevereiro de 2019, a portaria n\u00ba 76\/2019 que forma comiss\u00e3o para abertura do novo concurso p\u00fablico da Procuradoria Geral do Distrito Federal (PG-DF)! O certame ter\u00e1 oferta de 100 vagas para candidatos de n\u00edvel m\u00e9dio e superior, com sal\u00e1rios [&hellip;]<\/p>\n","protected":false},"author":16,"featured_media":0,"comment_status":"closed","ping_status":"closed","sticky":false,"template":"","format":"standard","meta":{"_acf_changed":false,"footnotes":"","_wp_rev_ctl_limit":""},"categories":[228],"tags":[30496,35690,30497,30494,35691,30499],"class_list":["post-72894","post","type-post","status-publish","format-standard","hentry","category-noticias","tag-concurso-pg-df","tag-concurso-pg-df-2019","tag-concurso-pg-df-comissao-formada","tag-concurso-procuradoria-geral-do-distrito-federal","tag-edital-concurso-pg-df-2019","tag-vagas-concurso-pg-df"],"acf":[],"_links":{"self":[{"href":"https:\/\/www.novaconcursos.com.br\/portal\/wp-json\/wp\/v2\/posts\/72894","targetHints":{"allow":["GET"]}}],"collection":[{"href":"https:\/\/www.novaconcursos.com.br\/portal\/wp-json\/wp\/v2\/posts"}],"about":[{"href":"https:\/\/www.novaconcursos.com.br\/portal\/wp-json\/wp\/v2\/types\/post"}],"author":[{"embeddable":true,"href":"https:\/\/www.novaconcursos.com.br\/portal\/wp-json\/wp\/v2\/users\/16"}],"replies":[{"embeddable":true,"href":"https:\/\/www.novaconcursos.com.br\/portal\/wp-json\/wp\/v2\/comments?post=72894"}],"version-history":[{"count":3,"href":"https:\/\/www.novaconcursos.com.br\/portal\/wp-json\/wp\/v2\/posts\/72894\/revisions"}],"predecessor-version":[{"id":81425,"href":"https:\/\/www.novaconcursos.com.br\/portal\/wp-json\/wp\/v2\/posts\/72894\/revisions\/81425"}],"wp:attachment":[{"href":"https:\/\/www.novaconcursos.com.br\/portal\/wp-json\/wp\/v2\/media?parent=72894"}],"wp:term":[{"taxonomy":"category","embeddable":true,"href":"https:\/\/www.novaconcursos.com.br\/portal\/wp-json\/wp\/v2\/categories?post=72894"},{"taxonomy":"post_tag","embeddable":true,"href":"https:\/\/www.novaconcursos.com.br\/portal\/wp-json\/wp\/v2\/tags?post=72894"}],"curies":[{"name":"wp","href":"https:\/\/api.w.org\/{rel}","templated":true}]}}