{"id":73633,"date":"2018-08-24T15:45:57","date_gmt":"2018-08-24T18:45:57","guid":{"rendered":"http:\/\/www.novaconcursos.com.br\/portal\/?post_type=nc-public-tender&#038;p=73633"},"modified":"2024-12-16T10:40:46","modified_gmt":"2024-12-16T13:40:46","slug":"processo-seletivo-upa-rj","status":"publish","type":"post","link":"https:\/\/www.novaconcursos.com.br\/portal\/concursos\/processo-seletivo-upa-rj\/","title":{"rendered":"Processo Seletivo UPA-RJ"},"content":{"rendered":"<p>A <strong>Organiza\u00e7\u00e3o Social Viva Rio<\/strong> abriu <strong>inscri\u00e7\u00f5es<\/strong> para o novo <strong>Processo Seletivo<\/strong> das <strong>Unidades de Pronto Atendimento do Estado do Rio de Janeiro (UPA-RJ)!<\/strong><\/p>\n<p>A sele\u00e7\u00e3o traz oferta de <strong>39 vagas imediatas<\/strong>, mais <strong>39 vagas<\/strong> para forma\u00e7\u00e3o de <strong>cadastro reserva<\/strong>. As oportunidades s\u00e3o para candidatos de <strong>n\u00edvel fundamental e m\u00e9dio<\/strong>, com sal\u00e1rios de at\u00e9 <strong>R$ 1,2 mil!<\/strong><\/p>\n<p><span style=\"color: #000000;\"><strong>Como fazer a inscri\u00e7\u00e3o?<\/strong><\/span><\/p>\n<p>As inscri\u00e7\u00f5es seguem abertas at\u00e9 \u00e0s <strong>23h59min<\/strong> do dia <strong>11 de setembro de 2018<\/strong>.<\/p>\n<p>Para concorrer, os interessados devem acessar o site da banca organizadora, o Instituto Nacional de Sele\u00e7\u00f5es e Concursos (<span style=\"text-decoration: underline; color: #0000ff;\"><a style=\"color: #0000ff; text-decoration: underline;\" href=\"http:\/\/selecon.org.br\/novo\/psPublicoVivaRio01-2018\/\" target=\"_blank\" rel=\"noopener\">Selecon<\/a><\/span>).<\/p>\n<p>O valor da taxa de inscri\u00e7\u00e3o varia de <strong>R$ 25,00 a R$ 40,00<\/strong>, devendo ser pago at\u00e9 o dia <strong>12 de setembro de 2018<\/strong>.<\/p>\n<p>Inscritos no Cadastro \u00danico para Programas Sociais do Governo Federal (<strong>Cad\u00danico<\/strong>) poder\u00e3o solicitar isen\u00e7\u00e3o no pagamento da taxa at\u00e9 o dia <strong>27 de agosto.<\/strong><\/p>\n<p><span style=\"color: #000000;\"><strong>Vagas e sal\u00e1rios<\/strong><\/span><\/p>\n<p>S\u00e3o ofertadas <strong>39 vagas<\/strong> de car\u00e1ter imediato, mais <strong>39 vagas<\/strong>\u00a0para forma\u00e7\u00e3o de <strong>cadastro reserva<\/strong>, para candidatos de <strong>n\u00edvel fundamental e m\u00e9dio<\/strong>. As oportunidades est\u00e3o distribu\u00eddas entre os <strong>seguintes cargos:<\/strong><\/p>\n<p>\u2666 <span style=\"text-decoration: underline;\">N\u00edvel Fundamental<\/span>: Auxiliar de Servi\u00e7os Gerais (21+CR), Porteiro (17+CR);<\/p>\n<p>\u2666 <span style=\"text-decoration: underline;\">N\u00edvel M\u00e9dio<\/span>: Encarregado de Higieniza\u00e7\u00e3o (1+CR).<\/p>\n<p>Os sal\u00e1rios variam de <strong>R$ 1.137,00 a R$ 1.262,20<\/strong>, para jornadas de trabalho de <strong>12\u00d736 horas<\/strong> mensais.<\/p>\n<p><span style=\"color: #000000;\"><strong>Como ser\u00e1 a Prova?<\/strong><\/span><\/p>\n<p>Os candidatos ser\u00e3o avaliados por meio de <strong>provas objetivas e an\u00e1lise de comprova\u00e7\u00e3o de experi\u00eancia<\/strong> para todos os cargos.<\/p>\n<p>A data prevista para aplica\u00e7\u00e3o da prova objetiva \u00e9 o dia <strong>23 de setembro de 2018.<\/strong><\/p>\n<p>O conte\u00fado program\u00e1tico da prova consistir\u00e1 nas <strong>seguintes disciplinas:<\/strong> L\u00edngua Portuguesa, Inform\u00e1tica B\u00e1sica, Conhecimentos Espec\u00edficos.<\/p>\n<p>Os <strong>locais e hor\u00e1rios<\/strong> da prova ser\u00e3o informados no site da banca organizadora a partir das 19h do dia <strong>19 de setembro de 2018.<\/strong><\/p>\n<p>A validade do processo seletivo ser\u00e1 de <strong>um ano<\/strong> a partir da data da homologa\u00e7\u00e3o, podendo ser prorrogado uma vez por igual per\u00edodo.<\/p>\n<p>A\u00a0<span style=\"text-decoration: underline; color: #0000ff;\"><strong><a style=\"color: #0000ff; text-decoration: underline;\" href=\"https:\/\/www.novaconcursos.com.br\/\" target=\"_blank\" rel=\"noopener\">Nova\u2002Concursos<\/a><\/strong><\/span>\u00a0tem ajudado h\u00e1 mais de 10 anos quem quer vencer a batalha do concurso p\u00fablico. Se voc\u00ea quer aumentar as suas chances de passar, conhe\u00e7a os nossos materiais, acessando o nosso site!<\/p>","protected":false},"excerpt":{"rendered":"<p>Processo Seletivo UPA-RJ: Traz oferta de 39 vagas, mais CR, para candidatos de n\u00edvel fundamental e m\u00e9dio, com sal\u00e1rios de at\u00e9 R$ 1,2 mil!<\/p>\n","protected":false},"author":16,"featured_media":0,"comment_status":"closed","ping_status":"closed","sticky":false,"template":"","format":"standard","meta":{"_acf_changed":false,"footnotes":"","_wp_rev_ctl_limit":""},"categories":[44999],"tags":[],"class_list":["post-73633","post","type-post","status-publish","format-standard","hentry","category-concursos"],"acf":[],"_links":{"self":[{"href":"https:\/\/www.novaconcursos.com.br\/portal\/wp-json\/wp\/v2\/posts\/73633","targetHints":{"allow":["GET"]}}],"collection":[{"href":"https:\/\/www.novaconcursos.com.br\/portal\/wp-json\/wp\/v2\/posts"}],"about":[{"href":"https:\/\/www.novaconcursos.com.br\/portal\/wp-json\/wp\/v2\/types\/post"}],"author":[{"embeddable":true,"href":"https:\/\/www.novaconcursos.com.br\/portal\/wp-json\/wp\/v2\/users\/16"}],"replies":[{"embeddable":true,"href":"https:\/\/www.novaconcursos.com.br\/portal\/wp-json\/wp\/v2\/comments?post=73633"}],"version-history":[{"count":1,"href":"https:\/\/www.novaconcursos.com.br\/portal\/wp-json\/wp\/v2\/posts\/73633\/revisions"}],"predecessor-version":[{"id":265769,"href":"https:\/\/www.novaconcursos.com.br\/portal\/wp-json\/wp\/v2\/posts\/73633\/revisions\/265769"}],"wp:attachment":[{"href":"https:\/\/www.novaconcursos.com.br\/portal\/wp-json\/wp\/v2\/media?parent=73633"}],"wp:term":[{"taxonomy":"category","embeddable":true,"href":"https:\/\/www.novaconcursos.com.br\/portal\/wp-json\/wp\/v2\/categories?post=73633"},{"taxonomy":"post_tag","embeddable":true,"href":"https:\/\/www.novaconcursos.com.br\/portal\/wp-json\/wp\/v2\/tags?post=73633"}],"curies":[{"name":"wp","href":"https:\/\/api.w.org\/{rel}","templated":true}]}}