{"id":73992,"date":"2025-09-10T07:56:36","date_gmt":"2025-09-10T10:56:36","guid":{"rendered":"http:\/\/www.novaconcursos.com.br\/portal\/?post_type=nc-public-tender&#038;p=73992"},"modified":"2025-10-08T13:07:27","modified_gmt":"2025-10-08T16:07:27","slug":"concurso-core-sp","status":"publish","type":"post","link":"https:\/\/www.novaconcursos.com.br\/portal\/concursos\/concurso-core-sp\/","title":{"rendered":"Concurso CORE SP: Edital publicado! 800 vagas!"},"content":{"rendered":"<p>O concurso Core SP <a href=\"https:\/\/www.novaconcursos.com.br\/concurso\/core-sp-conselho-regional-dos-representantes-comerciais-no-estado-de-sao-paulo\">(Conselho Regional dos Representantes Comerciais do Estado de S\u00e3o Paulo)<\/a> j\u00e1 est\u00e1 com edital publicado e chega como uma chance valiosa para quem deseja ingressar no setor p\u00fablico. S\u00e3o <strong>800 vagas disponibilizadas,<\/strong> sendo 29 de preenchimento imediato e 771 para forma\u00e7\u00e3o de cadastro reserva. As oportunidades abrangem diferentes n\u00edveis de escolaridade, o que amplia as possibilidades para candidatos com variadas forma\u00e7\u00f5es acad\u00eamicas.<\/p>\n\n\n\n    <div class=\"nova-resumo-edital\">\n        <h2 class=\"nova-resumo-edital-title\" id=\"resumo-edital\">Resumo Edital<\/h2>\n        <ul class=\"nova-resumo-edital-list nova-menu\"><li>\n                <img decoding=\"async\" width=\"24\" height=\"24\" loading=\"lazy\" src=\"https:\/\/www.novaconcursos.com.br\/portal\/wp-content\/themes\/nova-theme\/includes\/assets\/img\/person.svg\" aria-hidden=\"true\" alt=\"\u00edcone pessoa\" title=\"\"><span>\n                    <b>Vagas: <\/b> 800\n                <\/span>\n            <\/li>\n            <li>\n                <img decoding=\"async\" width=\"24\" height=\"24\" loading=\"lazy\" src=\"https:\/\/www.novaconcursos.com.br\/portal\/wp-content\/themes\/nova-theme\/includes\/assets\/img\/inscricoes.svg\" aria-hidden=\"true\" alt=\"\u00edcone pessoa\" title=\"\"><span>\n                    <b>Per\u00edodo de inscri\u00e7\u00f5es: <\/b> 08\/09\/2025 a 13\/10\/2025\n                <\/span>\n            <\/li>\n            <li>\n                <img decoding=\"async\" width=\"24\" height=\"24\" loading=\"lazy\" src=\"https:\/\/www.novaconcursos.com.br\/portal\/wp-content\/themes\/nova-theme\/includes\/assets\/img\/taxa-inscricao.svg\" aria-hidden=\"true\" alt=\"\u00edcone pessoa\" title=\"\"><span>\n                    <b>Taxa de inscri\u00e7\u00e3o: <\/b> R$55,00 at\u00e9 R$90,00\n                <\/span>\n            <\/li>\n            <li>\n                <img decoding=\"async\" width=\"24\" height=\"24\" loading=\"lazy\" src=\"https:\/\/www.novaconcursos.com.br\/portal\/wp-content\/themes\/nova-theme\/includes\/assets\/img\/prova.svg\" aria-hidden=\"true\" alt=\"\u00edcone pessoa\" title=\"\"><span>\n                    <b>Prova: <\/b> 25\/01\/2026\n                <\/span>\n            <\/li>\n            <li>\n                <img decoding=\"async\" width=\"24\" height=\"24\" loading=\"lazy\" src=\"https:\/\/www.novaconcursos.com.br\/portal\/wp-content\/themes\/nova-theme\/includes\/assets\/img\/banca.svg\" aria-hidden=\"true\" alt=\"\u00edcone pessoa\" title=\"\"><span>\n                    <b>Banca: <\/b> Intituto Quadrix\n                <\/span>\n            <\/li>\n        <\/ul><div class=\"nova-resumo-edital-baixar\">\n            <a href=\"https:\/\/www.novaconcursos.com.br\/portal\/wp-content\/uploads\/2025\/09\/edital-do-concurso-core-sp.pdf\" rel=\"noopener\">\n                Baixe aqui o edital\n            <\/a>\n        <\/div>\n    <\/div>\n\n\n\n<p>Outro ponto de destaque \u00e9 a remunera\u00e7\u00e3o inicial, que vai de<strong> R$ 2.263,18 a R$ 8.524,51<\/strong>, tornando o certame ainda mais atrativo. Para quem busca estabilidade, crescimento profissional e bons sal\u00e1rios, esta \u00e9 uma oportunidade que merece aten\u00e7\u00e3o. Ao longo deste conte\u00fado, voc\u00ea confere todos os detalhes sobre o concurso Core SP e entende como participar do processo seletivo!<\/p>\n\n\n\n<h2 class=\"wp-block-heading\" id=\"principais-datas-do-concurso-core-sp\">Principais datas do concurso Core SP<\/h2>\n\n\n\n<p>Saiba quais s\u00e3o as principais datas do concurso Core SP, para n\u00e3o perder nenhum prazo do edital:<\/p>\n\n\n\n<ul class=\"wp-block-list\"><li><strong>Inscri\u00e7\u00f5es<\/strong>: 8 de setembro at\u00e9 13 de outubro de 2025;<\/li>\n\n\n\n<li><strong>Isen\u00e7\u00e3o das taxas: <\/strong>8 a 10 de setembro de 2025;<\/li>\n\n\n\n<li><strong>Pagamento das taxas: <\/strong>15 de outubro de 2025;<\/li>\n\n\n\n<li><strong>Provas: <\/strong>23 de novembro de 2025. <\/li>\n<\/ul><h2 class=\"wp-block-heading\" id=\"como-fazer-a-inscrio-do-concurso-core-sp\">Como fazer a inscri\u00e7\u00e3o do concurso Core SP?<\/h2>\n\n\n\n<p>As inscri\u00e7\u00f5es para o concurso Core SP j\u00e1 est\u00e3o em andamento e devem ser feitas exclusivamente pelo site do <a href=\"https:\/\/site.quadrix.org.br\/todos-os-concursos\/inscricoes-abertas\/coresp_2025.aspx\" target=\"_blank\" rel=\"noopener\">Instituto Quadrix,<\/a> banca respons\u00e1vel pela organiza\u00e7\u00e3o do processo seletivo. O prazo se estende <strong>at\u00e9 as 23h59 do dia 13 de outubro de 2025,<\/strong> e \u00e9 fundamental que os interessados n\u00e3o deixem a inscri\u00e7\u00e3o para a \u00faltima hora, evitando imprevistos que possam comprometer a participa\u00e7\u00e3o.<\/p>\n\n\n\n<p>A taxa de inscri\u00e7\u00e3o varia de acordo com a escolaridade exigida para cada cargo, sendo fixada nos seguintes valores:<\/p>\n\n\n\n<ul class=\"wp-block-list\"><li><strong>R$ 55,00<\/strong> para fun\u00e7\u00f5es de n\u00edvel fundamental;<\/li>\n\n\n\n<li><strong>R$ 75,00<\/strong> para cargos de n\u00edvel m\u00e9dio;<\/li>\n\n\n\n<li><strong>R$ 90,00<\/strong> para vagas de n\u00edvel superior.<\/li>\n<\/ul><p><\/p>\n\n\n\n<p>O pagamento dever\u00e1 ser realizado por meio de boleto banc\u00e1rio, com data limite at\u00e9 <strong>15 de outubro de 2025.<\/strong> Apenas ap\u00f3s a quita\u00e7\u00e3o da taxa \u00e9 que a inscri\u00e7\u00e3o ser\u00e1 confirmada junto \u00e0 banca organizadora.<\/p>\n\n\n\n<h3 class=\"wp-block-heading\">Isen\u00e7\u00e3o da taxa de inscri\u00e7\u00e3o<\/h3>\n\n\n\n<p>Alguns candidatos poder\u00e3o garantir participa\u00e7\u00e3o no concurso Core SP sem custos. O pedido de isen\u00e7\u00e3o deve ser feito at\u00e9 o dia <strong>10 de setembro de 2025,<\/strong> e o benef\u00edcio est\u00e1 dispon\u00edvel para:<\/p>\n\n\n\n<ul class=\"wp-block-list\"><li>inscritos no Cadastro \u00danico para Programas Sociais do Governo Federal (Cad\u00danico);<\/li>\n\n\n\n<li>doadores de medula \u00f3ssea em entidades reconhecidas pelo Minist\u00e9rio da Sa\u00fade.<\/li>\n<\/ul><h2 class=\"wp-block-heading\" id=\"cargos-vagas-e-salrios\">Cargos, vagas e sal\u00e1rios<\/h2>\n\n\n\n<p>O concurso Core SP est\u00e1 ofertando um total de\u00a0<strong>800 vagas<\/strong>, sendo\u00a0<strong>29 imediatas<\/strong>\u00a0e\u00a0<strong>771 para forma\u00e7\u00e3o de cadastro reserva<\/strong>. As oportunidades contemplam candidatos com n\u00edveis fundamental, m\u00e9dio, t\u00e9cnico e superior, garantindo ampla participa\u00e7\u00e3o.<\/p>\n\n\n\n<p>Confira como essas oportunidades est\u00e3o sendo distribu\u00eddas:<\/p>\n\n\n\n<p><strong>N\u00edvel fundamental<\/strong><\/p>\n\n\n\n<ul class=\"wp-block-list\"><li>Office Boy: 20 CR;\n<ul class=\"wp-block-list\"><li>R$ 2.263,18<\/li>\n<\/ul><\/li>\n<\/ul><p><strong>N\u00edvel m\u00e9dio<\/strong><\/p>\n\n\n\n<ul class=\"wp-block-list\"><li>Assistente Administrativo: 14 vagas + 316 CR;\n<ul class=\"wp-block-list\"><li>R$ 4.479,32<\/li>\n<\/ul><\/li>\n\n\n\n<li>Fiscal: 10 vagas + 330 CR;\n<ul class=\"wp-block-list\"><li>R$ 4.479,32<\/li>\n<\/ul><\/li>\n\n\n\n<li>Operador de Teleatendimento: 20 CR.\n<ul class=\"wp-block-list\"><li>R$ 4.072,16<\/li>\n<\/ul><\/li>\n<\/ul><p><strong>N\u00edvel superior<\/strong><\/p>\n\n\n\n<ul class=\"wp-block-list\"><li>Analista de Tecnologia da Informa\u00e7\u00e3o: 1 vaga + 29 CR;\n<ul class=\"wp-block-list\"><li>R$ 8.524,51<\/li>\n<\/ul><\/li>\n\n\n\n<li>Assistente Jur\u00eddico: 4 vagas + 36 CR;\n<ul class=\"wp-block-list\"><li>R$ 8.524,51<\/li>\n<\/ul><\/li>\n\n\n\n<li>Contador: 20 CR.\n<ul class=\"wp-block-list\"><li>R$ 8.524,51<\/li>\n<\/ul><\/li>\n<\/ul><p>A jornada de trabalho \u00e9 de 30 horas semanais para o cargo de Operador de Teleatendimento e de 40 horas semanais para os demais postos.<\/p>\n\n\n\n<h2 class=\"wp-block-heading\" id=\"requisitos-dos-cargos\">Requisitos dos cargos<\/h2>\n\n\n\n<p>Confira quais s\u00e3o os requisitos espec\u00edficos de cada cargo ofertado no concurso Core SP:<\/p>\n\n\n\n<ul class=\"wp-block-list\"><li><strong>Office Boy<\/strong>\n<ul class=\"wp-block-list\"><li>Requisitos: Diploma ou certificado, devidamente registrado, de\u00a0conclus\u00e3o de curso de n\u00edvel fundamental, expedido por institui\u00e7\u00e3o de ensino reconhecida pelo Minist\u00e9rio da Educa\u00e7\u00e3o (MEC).<\/li>\n<\/ul><\/li>\n\n\n\n<li><strong>Assistente Administrativo<\/strong>\n<ul class=\"wp-block-list\"><li>Requisitos: Diploma ou certificado, devidamente registrado, de\u00a0conclus\u00e3o de curso de n\u00edvel m\u00e9dio, expedido por institui\u00e7\u00e3o de ensino reconhecida pelo Minist\u00e9rio da Educa\u00e7\u00e3o (MEC).<\/li>\n<\/ul><\/li>\n\n\n\n<li><strong>Fiscal<\/strong>\n<ul class=\"wp-block-list\"><li>Requisitos: Diploma ou certificado, devidamente registrado, de\u00a0conclus\u00e3o de curso de n\u00edvel m\u00e9dio, expedido por institui\u00e7\u00e3o de ensino reconhecida pelo Minist\u00e9rio da Educa\u00e7\u00e3o (MEC).<\/li>\n\n\n\n<li>Carteira Nacional de Habilita\u00e7\u00e3o (CNH) categoria \u201cB\u201d ou superior, v\u00e1lida e regular, sem impedimentos que restrinjam o exerc\u00edcio do direito de dirigir, de acordo com o C\u00f3digo de Tr\u00e2nsito Brasileiro.<\/li>\n<\/ul><\/li>\n\n\n\n<li><strong>Operador de Teleatendimento<\/strong>\n<ul class=\"wp-block-list\"><li>Requisitos: Diploma ou certificado, devidamente registrado, de\u00a0conclus\u00e3o de curso de n\u00edvel m\u00e9dio, expedido por institui\u00e7\u00e3o de ensino reconhecida pelo Minist\u00e9rio da Educa\u00e7\u00e3o (MEC).<\/li>\n\n\n\n<li>Carteira Nacional de Habilita\u00e7\u00e3o (CNH) categoria \u201cB\u201d ou superior, v\u00e1lida e regular, sem impedimentos que restrinjam o exerc\u00edcio do direito de dirigir, de acordo com o C\u00f3digo de Tr\u00e2nsito Brasileiro.<\/li>\n<\/ul><\/li>\n\n\n\n<li><strong>Analista de Tecnologia da Informa\u00e7\u00e3o<\/strong>\n<ul class=\"wp-block-list\"><li>Requisitos: Diploma ou certificado, devidamente registrado, de\u00a0conclus\u00e3o de curso de gradua\u00e7\u00e3o de n\u00edvel superior em Ci\u00eancia da Computa\u00e7\u00e3o, Tecnologia da Informa\u00e7\u00e3o, Sistema de Informa\u00e7\u00e3o ou An\u00e1lise e Desenvolvimento de Sistemas, fornecido por institui\u00e7\u00e3o de ensino reconhecida pelo Minist\u00e9rio da Educa\u00e7\u00e3o (MEC).<\/li>\n<\/ul><\/li>\n\n\n\n<li><strong>Assistente Jur\u00eddico<\/strong>\n<ul class=\"wp-block-list\"><li>Requisitos: Diploma ou certificado, devidamente registrado, de\u00a0conclus\u00e3o de curso de gradua\u00e7\u00e3o de n\u00edvel superior em Direito, fornecido por institui\u00e7\u00e3o de ensino reconhecida pelo Minist\u00e9rio da Educa\u00e7\u00e3o (MEC).<\/li>\n\n\n\n<li>Registro ativo na Ordem dos Advogados do Brasil (OAB).<\/li>\n<\/ul><\/li>\n\n\n\n<li><strong>Contador<\/strong>\n<ul class=\"wp-block-list\"><li>Requisitos: Diploma ou certificado, devidamente registrado, de\u00a0conclus\u00e3o de curso de gradua\u00e7\u00e3o de n\u00edvel superior em Ci\u00eancias Cont\u00e1beis, fornecido por institui\u00e7\u00e3o de ensino reconhecida pelo Minist\u00e9rio da Educa\u00e7\u00e3o (MEC).<\/li>\n\n\n\n<li>Registro ativo no Conselho Regional de Contabilidade (CRC).<\/li>\n<\/ul><\/li>\n<\/ul><h2 class=\"wp-block-heading\" id=\"requisitos-bsicos\">Requisitos b\u00e1sicos<\/h2>\n\n\n\n<p>Confira quais s\u00e3o os requisitos b\u00e1sicos exigidos para a participa\u00e7\u00e3o no concurso Core SP:<\/p>\n\n\n\n<ul class=\"wp-block-list\"><li>Ser aprovado em todas as fases do concurso p\u00fablico<\/li>\n\n\n\n<li>Ter a nacionalidade brasileira ou portuguesa e, no caso de nacionalidade portuguesa, estar amparado pelo Estatuto de Igualdade entre Brasileiros e Portugueses, com reconhecimento do gozo dos direitos pol\u00edticos, nos termos do \u00a7 1\u00ba do art. 12 da Constitui\u00e7\u00e3o Federal<\/li>\n\n\n\n<li>Estar em gozo dos direitos pol\u00edticos<\/li>\n\n\n\n<li>Estar quite com as obriga\u00e7\u00f5es militares, em caso de candidato do sexo masculino<\/li>\n\n\n\n<li>Estar quite com as obriga\u00e7\u00f5es eleitorais<\/li>\n\n\n\n<li>Possuir os requisitos exigidos para o exerc\u00edcio do cargo, conforme o Anexo II deste edital<\/li>\n\n\n\n<li>Ter idade m\u00ednima de 18 anos completos na data da contrata\u00e7\u00e3o<\/li>\n\n\n\n<li>Apresentar atestado de pr\u00e9via aprova\u00e7\u00e3o de aptid\u00e3o f\u00edsica e mental para o exerc\u00edcio das atribui\u00e7\u00f5es do cargo<\/li>\n\n\n\n<li>Apresentar declara\u00e7\u00e3o de que n\u00e3o acumula cargo ou fun\u00e7\u00e3o p\u00fablica, ou proventos de inatividade, ressalvadas as possibilidades de acumula\u00e7\u00e3o l\u00edcita previstas no Inciso XVI do art. 37 da Constitui\u00e7\u00e3o Federal<\/li>\n\n\n\n<li>Ter aptid\u00e3o f\u00edsica e mental para o exerc\u00edcio das atribui\u00e7\u00f5es correspondentes ao cargo<\/li>\n\n\n\n<li>N\u00e3o estar cumprindo san\u00e7\u00e3o por inidoneidade, aplicada por qualquer \u00f3rg\u00e3o p\u00fablico ou entidade das esferas federal, estadual, municipal ou do Distrito Federal<\/li>\n\n\n\n<li>Cumprir as determina\u00e7\u00f5es deste edital<\/li>\n<\/ul><h2 class=\"wp-block-heading\" id=\"etapas-de-seleo\">Etapas de sele\u00e7\u00e3o<\/h2>\n\n\n\n<p>Os candidatos do concurso Core SP ser\u00e3o avaliados por meio das seguintes etapas de sele\u00e7\u00e3o:<\/p>\n\n\n\n<ul class=\"wp-block-list\"><li>Prova objetiva, de car\u00e1ter eliminat\u00f3rio e classificat\u00f3rio, para todos os cargos; e<\/li>\n\n\n\n<li>Prova discursiva, de car\u00e1ter eliminat\u00f3rio e classificat\u00f3rio, para os cargos de n\u00edvel superior. <\/li>\n<\/ul><p><\/p>\n\n\n\n<p>As provas do concurso Core SP est\u00e3o programadas para o dia<strong> 23 de novembro de 2025<\/strong> e ser\u00e3o realizadas nas cidades de Bauru\/SP, Campinas\/SP, Ribeir\u00e3o Preto\/SP, S\u00e3o Jos\u00e9 dos Campos\/SP e S\u00e3o Paulo\/SP.<\/p>\n\n\n\n<p>A dura\u00e7\u00e3o dos exames varia conforme o cargo:<\/p>\n\n\n\n<ul class=\"wp-block-list\"><li>Para os concorrentes de n\u00edvel superior, que far\u00e3o provas objetiva e discursiva, o tempo total ser\u00e1 de 4 horas.<\/li>\n\n\n\n<li>J\u00e1 para os inscritos nos n\u00edveis fundamental e m\u00e9dio, que responder\u00e3o apenas \u00e0 prova objetiva, o per\u00edodo de aplica\u00e7\u00e3o ser\u00e1 de 3 horas.<\/li>\n<\/ul><h3 class=\"wp-block-heading\">Prova Objetiva<\/h3>\n\n\n\n<p>A prova objetiva ser\u00e1 a etapa inicial do concurso Core SP e ter\u00e1 fun\u00e7\u00e3o eliminat\u00f3ria e classificat\u00f3ria. Essa fase ser\u00e1 composta por 40 quest\u00f5es de m\u00faltipla escolha, cada uma com cinco alternativas, das quais apenas uma ser\u00e1 considerada correta. A pontua\u00e7\u00e3o m\u00e1xima atribu\u00edda a essa avalia\u00e7\u00e3o ser\u00e1 de 40 pontos.<\/p>\n\n\n\n<p>Confira abaixo a estrutura da prova objetiva:<\/p>\n\n\n\n<figure class=\"wp-block-image size-full\"><img decoding=\"async\" width=\"739\" height=\"127\" src=\"https:\/\/www.novaconcursos.com.br\/portal\/wp-content\/uploads\/2025\/09\/objetiva-core-sp.webp\" alt=\"Estrutura da prova objetiva do concurso Core SP!\" class=\"wp-image-290918\" loading=\"lazy\" title=\"\" srcset=\"https:\/\/www.novaconcursos.com.br\/portal\/wp-content\/uploads\/2025\/09\/objetiva-core-sp-300x52.webp 300w, https:\/\/www.novaconcursos.com.br\/portal\/wp-content\/uploads\/2025\/09\/objetiva-core-sp-480x82.webp 480w, https:\/\/www.novaconcursos.com.br\/portal\/wp-content\/uploads\/2025\/09\/objetiva-core-sp.webp 739w\" sizes=\"auto, (max-width: 480px) 100vw, (max-width: 768px) 100vw, (max-width: 1200px) 70vw, 768px\"><figcaption><\/figcaption><\/figure><p><\/p>\n\n\n\n<p><strong>Crit\u00e9rios de elimina\u00e7\u00e3o na objetiva<\/strong><\/p>\n\n\n\n<ul class=\"wp-block-list\"><li>N\u00edveis fundamental e m\u00e9dio: o candidato ser\u00e1 desclassificado se n\u00e3o atingir, no m\u00ednimo, 20 pontos na nota final.<\/li>\n\n\n\n<li>N\u00edvel superior: haver\u00e1 duas situa\u00e7\u00f5es de elimina\u00e7\u00e3o:\n<ul class=\"wp-block-list\"><li>obten\u00e7\u00e3o de nota inferior a 20 pontos na prova objetiva;<\/li>\n\n\n\n<li>n\u00e3o estar entre os melhores classificados dentro do limite estabelecido para que a prova discursiva seja corrigida.<\/li>\n<\/ul><\/li>\n<\/ul><h3 class=\"wp-block-heading\">Prova Discursiva<\/h3>\n\n\n\n<p>Al\u00e9m da avalia\u00e7\u00e3o objetiva, os candidatos tamb\u00e9m dever\u00e3o realizar a prova discursiva, etapa igualmente eliminat\u00f3ria e classificat\u00f3ria, com valor m\u00e1ximo de 10 pontos.<\/p>\n\n\n\n<p>Nessa fase, o participante ter\u00e1 que elaborar <strong>um texto dissertativo<\/strong> sobre tema vinculado aos conhecimentos espec\u00edficos do cargo em disputa. A reda\u00e7\u00e3o dever\u00e1 conter entre 20 e 30 linhas e ser\u00e1 analisada com base em crit\u00e9rios como clareza, coer\u00eancia, coes\u00e3o, dom\u00ednio da norma-padr\u00e3o da L\u00edngua Portuguesa e desenvolvimento adequado do tema proposto.<\/p>\n\n\n\n<p>A corre\u00e7\u00e3o das reda\u00e7\u00f5es ser\u00e1 restrita aos candidatos mais bem posicionados na prova objetiva, respeitando o quantitativo definido em edital e eventuais empates na \u00faltima coloca\u00e7\u00e3o.<\/p>\n\n\n\n<p>Ser\u00e1 automaticamente eliminado do concurso Core SP o participante que n\u00e3o alcan\u00e7ar pelo menos 5 pontos na prova discursiva.<\/p>\n\n\n\n<h2 class=\"wp-block-heading\" id=\"o-que-cai-na-prova-do-concurso-core-sp\">O que cai na prova do concurso Core SP?<\/h2>\n\n\n\n<p>Confira o que cai na prova objetiva do concurso Core SP, de acordo com o edital publicado:<\/p>\n\n\n\n<h3 class=\"wp-block-heading\">N\u00edvel fundamental<\/h3>\n\n\n\n<p><strong>L\u00edngua Portuguesa<\/strong><\/p>\n\n\n\n<ul class=\"wp-block-list\"><li>Compreens\u00e3o de texto<\/li>\n\n\n\n<li>Ortografia: acentua\u00e7\u00e3o, emprego de letras e divis\u00e3o sil\u00e1bica<\/li>\n\n\n\n<li>Pontua\u00e7\u00e3o<\/li>\n\n\n\n<li>Classes e emprego de palavras<\/li>\n\n\n\n<li>G\u00eanero e n\u00famero dos substantivos<\/li>\n\n\n\n<li>Coletivos<\/li>\n\n\n\n<li>Concord\u00e2ncia<\/li>\n\n\n\n<li>Significado das palavras: sin\u00f4nimos, ant\u00f4nimos, denota\u00e7\u00e3o e conota\u00e7\u00e3o<\/li>\n<\/ul><p><strong>Matem\u00e1tica<\/strong><\/p>\n\n\n\n<ul class=\"wp-block-list\"><li>Conjuntos num\u00e9ricos<\/li>\n\n\n\n<li>N\u00fameros naturais, inteiros, racionais e reais<\/li>\n\n\n\n<li>Opera\u00e7\u00f5es com conjuntos<\/li>\n\n\n\n<li>Fatora\u00e7\u00e3o e n\u00fameros primos \u2013 divisibilidade, m\u00e1ximo divisor comum e m\u00ednimo m\u00faltiplo comum<\/li>\n\n\n\n<li>Raz\u00f5es e propor\u00e7\u00f5es \u2013 regras de tr\u00eas simples e composta<\/li>\n\n\n\n<li>Percentagem, juros simples e compostos, divis\u00e3o proporcional<\/li>\n<\/ul><h3 class=\"wp-block-heading\">N\u00edvel m\u00e9dio e superior<\/h3>\n\n\n\n<p><strong>L\u00edngua Portuguesa<\/strong><\/p>\n\n\n\n<ul class=\"wp-block-list\"><li>Compreens\u00e3o e Interpreta\u00e7\u00e3o de Textos\n<ul class=\"wp-block-list\"><li>Compreens\u00e3o e interpreta\u00e7\u00e3o de textos de g\u00eaneros variados<\/li>\n\n\n\n<li>Reconhecimento de tipos e g\u00eaneros textuais<\/li>\n\n\n\n<li>Fun\u00e7\u00f5es e figuras de linguagem<\/li>\n\n\n\n<li>Denota\u00e7\u00e3o e conota\u00e7\u00e3o<\/li>\n\n\n\n<li>Compreens\u00e3o e produ\u00e7\u00e3o de g\u00eaneros textuais digitais: e-mails institucionais, publica\u00e7\u00f5es em redes sociais governamentais, comunica\u00e7\u00e3o digital oficial<\/li>\n\n\n\n<li>Leitura e interpreta\u00e7\u00e3o de textos multimodais: infogr\u00e1ficos, gr\u00e1ficos, tabelas e recursos visuais integrados ao texto<\/li>\n<\/ul><\/li>\n\n\n\n<li>An\u00e1lise Lingu\u00edstica e Sem\u00e2ntica\n<ul class=\"wp-block-list\"><li>Dom\u00ednio da ortografia oficial conforme o Acordo Ortogr\u00e1fico da L\u00edngua Portuguesa<\/li>\n\n\n\n<li>Significa\u00e7\u00e3o das palavras: sinon\u00edmia, anton\u00edmia, paron\u00edmia, homon\u00edmia e polissemia<\/li>\n\n\n\n<li>Emprego das classes de palavras<\/li>\n\n\n\n<li>Coloca\u00e7\u00e3o dos pronomes \u00e1tonos e t\u00f4nicos<\/li>\n<\/ul><\/li>\n\n\n\n<li>Estrutura\u00e7\u00e3o Textual\n<ul class=\"wp-block-list\"><li>Dom\u00ednio dos mecanismos de coes\u00e3o textual<\/li>\n\n\n\n<li>Emprego de elementos de referencia\u00e7\u00e3o, substitui\u00e7\u00e3o e repeti\u00e7\u00e3o, de conectores e de outros elementos de sequencia\u00e7\u00e3o textual<\/li>\n\n\n\n<li>Emprego de tempos e modos verbais<\/li>\n<\/ul><\/li>\n\n\n\n<li>Sintaxe\n<ul class=\"wp-block-list\"><li>Dom\u00ednio da estrutura morfossint\u00e1tica do per\u00edodo<\/li>\n\n\n\n<li>Rela\u00e7\u00f5es de coordena\u00e7\u00e3o entre ora\u00e7\u00f5es e entre termos da ora\u00e7\u00e3o<\/li>\n\n\n\n<li>Rela\u00e7\u00f5es de subordina\u00e7\u00e3o entre ora\u00e7\u00f5es e entre termos da ora\u00e7\u00e3o<\/li>\n\n\n\n<li>Concord\u00e2ncia verbal e nominal<\/li>\n\n\n\n<li>Reg\u00eancia verbal e nominal<\/li>\n\n\n\n<li>Emprego do sinal indicativo de crase<\/li>\n<\/ul><\/li>\n\n\n\n<li>Pontua\u00e7\u00e3o\n<ul class=\"wp-block-list\"><li>Emprego dos sinais de pontua\u00e7\u00e3o<\/li>\n<\/ul><\/li>\n\n\n\n<li>Reescrita e Produ\u00e7\u00e3o Textual\n<ul class=\"wp-block-list\"><li>Reescrita de frases e par\u00e1grafos do texto<\/li>\n\n\n\n<li>Substitui\u00e7\u00e3o de palavras ou de trechos de texto<\/li>\n\n\n\n<li>Reorganiza\u00e7\u00e3o da estrutura de ora\u00e7\u00f5es e de per\u00edodos do texto<\/li>\n\n\n\n<li>Reescrita de textos de diferentes g\u00eaneros e n\u00edveis de formalidade<\/li>\n\n\n\n<li>Adequa\u00e7\u00e3o da linguagem aos diferentes contextos comunicativos e plataformas<\/li>\n<\/ul><\/li>\n\n\n\n<li>Reda\u00e7\u00e3o Oficial\n<ul class=\"wp-block-list\"><li>Aspectos gerais da reda\u00e7\u00e3o oficial<\/li>\n\n\n\n<li>Caracter\u00edsticas fundamentais da reda\u00e7\u00e3o oficial<\/li>\n\n\n\n<li>Padr\u00f5es de reda\u00e7\u00e3o oficial conforme o Manual de Reda\u00e7\u00e3o da Presid\u00eancia da Rep\u00fablica (vers\u00e3o vigente)<\/li>\n\n\n\n<li>Emprego e concord\u00e2ncia dos pronomes de tratamento<\/li>\n\n\n\n<li>Linguagem inclusiva e n\u00e3o-discriminat\u00f3ria na reda\u00e7\u00e3o oficial<\/li>\n\n\n\n<li>Documentos eletr\u00f4nicos e comunica\u00e7\u00f5es oficiais digitais<\/li>\n\n\n\n<li>Tipos de documentos oficiais: of\u00edcio, memorando, parecer, relat\u00f3rio, ata, despacho e outros<\/li>\n<\/ul><\/li>\n<\/ul><p><strong>Racioc\u00ednio L\u00f3gico e Matem\u00e1tica<\/strong><\/p>\n\n\n\n<ul class=\"wp-block-list\"><li>Matem\u00e1tica B\u00e1sica e Opera\u00e7\u00f5es\n<ul class=\"wp-block-list\"><li>Conjuntos num\u00e9ricos (n\u00fameros naturais, inteiros, racionais e reais) e opera\u00e7\u00f5es com conjuntos<\/li>\n\n\n\n<li>Raz\u00f5es e propor\u00e7\u00f5es<\/li>\n\n\n\n<li>Porcentagem<\/li>\n\n\n\n<li>Regras de tr\u00eas simples e compostas<\/li>\n\n\n\n<li>Fun\u00e7\u00f5es e equa\u00e7\u00f5es de 1\u00ba e 2\u00ba graus<\/li>\n\n\n\n<li>Progress\u00f5es aritm\u00e9ticas e geom\u00e9tricas<\/li>\n<\/ul><\/li>\n\n\n\n<li>An\u00e1lise Combinat\u00f3ria e Probabilidade\n<ul class=\"wp-block-list\"><li>Princ\u00edpios de contagem<\/li>\n\n\n\n<li>Arranjos e permuta\u00e7\u00f5es<\/li>\n\n\n\n<li>Combina\u00e7\u00f5es<\/li>\n\n\n\n<li>No\u00e7\u00f5es de probabilidade<\/li>\n<\/ul><\/li>\n\n\n\n<li>Racioc\u00ednio L\u00f3gico\n<ul class=\"wp-block-list\"><li>Compreens\u00e3o de estruturas l\u00f3gicas<\/li>\n\n\n\n<li>L\u00f3gica de argumenta\u00e7\u00e3o (analogias, infer\u00eancias, dedu\u00e7\u00f5es e conclus\u00f5es)<\/li>\n\n\n\n<li>Diagramas l\u00f3gicos<\/li>\n\n\n\n<li>Compreens\u00e3o e an\u00e1lise da l\u00f3gica de uma situa\u00e7\u00e3o<\/li>\n\n\n\n<li>Proposi\u00e7\u00f5es e conectivos l\u00f3gicos<\/li>\n<\/ul><\/li>\n\n\n\n<li>Racioc\u00ednio Anal\u00edtico e Espacial\n<ul class=\"wp-block-list\"><li>Racioc\u00ednio verbal<\/li>\n\n\n\n<li>Racioc\u00ednio matem\u00e1tico<\/li>\n\n\n\n<li>Racioc\u00ednio sequencial<\/li>\n\n\n\n<li>Orienta\u00e7\u00e3o espacial e temporal<\/li>\n\n\n\n<li>Forma\u00e7\u00e3o de conceitos e discrimina\u00e7\u00e3o de elementos<\/li>\n<\/ul><\/li>\n\n\n\n<li>Estat\u00edstica e An\u00e1lise de Dados\n<ul class=\"wp-block-list\"><li>Estat\u00edstica b\u00e1sica (m\u00e9dia, moda, mediana, desvio padr\u00e3o)<\/li>\n\n\n\n<li>An\u00e1lise e interpreta\u00e7\u00e3o de gr\u00e1ficos e tabelas<\/li>\n\n\n\n<li>No\u00e7\u00f5es de amostragem<\/li>\n<\/ul><\/li>\n\n\n\n<li>No\u00e7\u00f5es de Matem\u00e1tica Financeira\n<ul class=\"wp-block-list\"><li>Juros simples e compostos<\/li>\n\n\n\n<li>Desconto<\/li>\n\n\n\n<li>Taxas<\/li>\n\n\n\n<li>Sistemas de amortiza\u00e7\u00e3o<\/li>\n<\/ul><\/li>\n<\/ul><p><strong>No\u00e7\u00f5es de Inform\u00e1tica<\/strong><\/p>\n\n\n\n<ul class=\"wp-block-list\"><li>Conceitos fundamentais de inform\u00e1tica\n<ul class=\"wp-block-list\"><li>Tipos de computadores<\/li>\n\n\n\n<li>Conceitos de hardware e software<\/li>\n\n\n\n<li>Instala\u00e7\u00e3o de perif\u00e9ricos<\/li>\n<\/ul><\/li>\n\n\n\n<li>Aplicativos de escrit\u00f3rio\n<ul class=\"wp-block-list\"><li>Edi\u00e7\u00e3o de textos, planilhas e apresenta\u00e7\u00f5es no ambiente Microsoft 365<\/li>\n\n\n\n<li>No\u00e7\u00f5es b\u00e1sicas do Google Workspace (Gmail, Documentos, Planilhas)<\/li>\n\n\n\n<li>Utiliza\u00e7\u00e3o de ferramentas de comunica\u00e7\u00e3o como Microsoft Teams e Google Meet<\/li>\n<\/ul><\/li>\n\n\n\n<li>Sistemas Operacionais\n<ul class=\"wp-block-list\"><li>No\u00e7\u00f5es de sistema operacional (ambiente Windows 10 e Windows 11)<\/li>\n\n\n\n<li>No\u00e7\u00f5es b\u00e1sicas de sistemas operacionais m\u00f3veis (Android e iOS)<\/li>\n<\/ul><\/li>\n\n\n\n<li>Redes de Computadores\n<ul class=\"wp-block-list\"><li>Conceitos b\u00e1sicos de redes<\/li>\n\n\n\n<li>Ferramentas e aplicativos de Internet e intranet<\/li>\n<\/ul><\/li>\n\n\n\n<li>Navegadores e programas de navega\u00e7\u00e3o\n<ul class=\"wp-block-list\"><li>Mozilla Firefox, Google Chrome e Microsoft Edge<\/li>\n<\/ul><\/li>\n\n\n\n<li>Correio eletr\u00f4nico\n<ul class=\"wp-block-list\"><li>Uso do programa MS Outlook e webmails<\/li>\n<\/ul><\/li>\n\n\n\n<li>Pesquisa na Internet\n<ul class=\"wp-block-list\"><li>S\u00edtios de busca e pesquisa na Internet<\/li>\n<\/ul><\/li>\n\n\n\n<li>Organiza\u00e7\u00e3o e Gerenciamento de informa\u00e7\u00f5es\n<ul class=\"wp-block-list\"><li>Gerenciamento de arquivos, pastas e programas<\/li>\n\n\n\n<li>Armazenamento em nuvem (OneDrive, Google Drive)<\/li>\n<\/ul><\/li>\n\n\n\n<li>Seguran\u00e7a da informa\u00e7\u00e3o\n<ul class=\"wp-block-list\"><li>Procedimentos de seguran\u00e7a<\/li>\n\n\n\n<li>No\u00e7\u00f5es de v\u00edrus, worms e pragas virtuais<\/li>\n\n\n\n<li>Aplicativos para seguran\u00e7a (antiv\u00edrus, firewall, antispyware)<\/li>\n<\/ul><\/li>\n\n\n\n<li>Procedimentos de backup\n<ul class=\"wp-block-list\"><li>No\u00e7\u00f5es de backup de dados e arquivos<\/li>\n\n\n\n<li>Backup em nuvem<\/li>\n<\/ul><\/li>\n\n\n\n<li>No\u00e7\u00f5es de Transforma\u00e7\u00e3o Digital\n<ul class=\"wp-block-list\"><li>Conceitos b\u00e1sicos de tecnologias emergentes (intelig\u00eancia artificial, computa\u00e7\u00e3o em nuvem)<\/li>\n<\/ul><\/li>\n<\/ul><p><strong>L\u00edngua Inglesa<\/strong><\/p>\n\n\n\n<ul class=\"wp-block-list\"><li>Compreens\u00e3o de textos escritos em l\u00edngua inglesa\n<ul class=\"wp-block-list\"><li>Textos de g\u00eaneros variados, incluindo textos t\u00e9cnicos da \u00e1rea de tecnologia<\/li>\n\n\n\n<li>Identifica\u00e7\u00e3o de ideias principais e secund\u00e1rias<\/li>\n\n\n\n<li>Interpreta\u00e7\u00e3o de gr\u00e1ficos, tabelas e recursos visuais<\/li>\n<\/ul><\/li>\n\n\n\n<li>Vocabul\u00e1rio\n<ul class=\"wp-block-list\"><li>Vocabul\u00e1rio geral e profissional<\/li>\n\n\n\n<li>Terminologia b\u00e1sica de tecnologia da informa\u00e7\u00e3o<\/li>\n\n\n\n<li>Express\u00f5es idiom\u00e1ticas comuns<\/li>\n<\/ul><\/li>\n\n\n\n<li>Aspectos gramaticais para compreens\u00e3o textual\n<ul class=\"wp-block-list\"><li>Substantivos e artigos<\/li>\n\n\n\n<li>Adjetivos e adv\u00e9rbios<\/li>\n\n\n\n<li>Pronomes<\/li>\n\n\n\n<li>Verbos e tempos verbais<\/li>\n\n\n\n<li>Verbos modais<\/li>\n\n\n\n<li>Preposi\u00e7\u00f5es e conjun\u00e7\u00f5es<\/li>\n<\/ul><\/li>\n\n\n\n<li>Estrutura textual\n<ul class=\"wp-block-list\"><li>Elementos de coes\u00e3o e coer\u00eancia<\/li>\n\n\n\n<li>Conectivos l\u00f3gicos<\/li>\n<\/ul><\/li>\n\n\n\n<li>Aplica\u00e7\u00e3o pr\u00e1tica\n<ul class=\"wp-block-list\"><li>Compreens\u00e3o de manuais t\u00e9cnicos<\/li>\n\n\n\n<li>Interpreta\u00e7\u00e3o de comunica\u00e7\u00f5es profissionais<\/li>\n\n\n\n<li>Entendimento de instru\u00e7\u00f5es e procedimentos em ingl\u00eas<\/li>\n<\/ul><\/li>\n<\/ul><h2 class=\"wp-block-heading\" id=\"materiais-preparatrios-para-o-concurso-core-sp\">Materiais preparat\u00f3rios para o concurso Core SP<\/h2>\n\n\n\n<p>Se o seu objetivo \u00e9 conquistar uma vaga no concurso Core SP, o primeiro passo \u00e9 contar com materiais atualizados e de qualidade. Organizar uma rotina de estudos consistente, direcionada aos conte\u00fados mais cobrados no edital, \u00e9 fundamental para alcan\u00e7ar a t\u00e3o desejada aprova\u00e7\u00e3o.<\/p>\n\n\n\n<p>Na <a href=\"https:\/\/www.novaconcursos.com.br\/\">Nova Concursos<\/a>, voc\u00ea encontra recursos completos para otimizar sua prepara\u00e7\u00e3o. J\u00e1 s\u00e3o mais de 70 mil aprovados em todo o Brasil que utilizaram nossa metodologia exclusiva, baseada em conte\u00fados claros, objetivos e adaptados ao perfil das principais bancas organizadoras.<\/p>\n\n\n\n<p>Aproveite os materiais certos para estudar com efici\u00eancia e aumentar suas chances de sucesso no concurso Core SP!<\/p>\n\n\n\n<h3 class=\"wp-block-heading\">Curso CORE SP \u2013 Assistente Administrativo<\/h3>\n\n\n\n<p>O Curso CORE SP \u2013 Assistente Administrativo foi desenvolvido de acordo com o edital publicado em 08 de setembro de 2025 e segue as atualiza\u00e7\u00f5es mais recentes. As aulas est\u00e3o organizadas por disciplina e tema na mesma ordem do edital, garantindo um estudo pr\u00e1tico e direcionado. Totalmente online, o curso oferece acesso ilimitado por 365 dias, videoaulas de alta qualidade e professores especializados em concursos p\u00fablicos. \u00c9 a prepara\u00e7\u00e3o ideal para quem busca aprova\u00e7\u00e3o no concurso Core SP!<\/p>\n\n\n\n<div class=\"nova-continue-reading\">Adquira j\u00e1: <a href=\"https:\/\/www.novaconcursos.com.br\/curso-online\/curso-core-sp-assistente-administrativo\">Curso CORE SP \u2013 Assistente Administrativo<\/a><\/div>","protected":false},"excerpt":{"rendered":"<p>O concurso Core SP est\u00e1 ofertando 800 vagas, sendo 29 vagas imediatas e 771 vagas de cadastro reserva, para cargos de todos os n\u00edveis!<\/p>\n","protected":false},"author":54696,"featured_media":290886,"comment_status":"closed","ping_status":"closed","sticky":false,"template":"","format":"standard","meta":{"_acf_changed":false,"footnotes":"","_wp_rev_ctl_limit":""},"categories":[44999,44949],"tags":[37992],"class_list":["post-73992","post","type-post","status-publish","format-standard","has-post-thumbnail","hentry","category-concursos","category-sp","tag-concurso-core-sp-2"],"acf":[],"_links":{"self":[{"href":"https:\/\/www.novaconcursos.com.br\/portal\/wp-json\/wp\/v2\/posts\/73992","targetHints":{"allow":["GET"]}}],"collection":[{"href":"https:\/\/www.novaconcursos.com.br\/portal\/wp-json\/wp\/v2\/posts"}],"about":[{"href":"https:\/\/www.novaconcursos.com.br\/portal\/wp-json\/wp\/v2\/types\/post"}],"author":[{"embeddable":true,"href":"https:\/\/www.novaconcursos.com.br\/portal\/wp-json\/wp\/v2\/users\/54696"}],"replies":[{"embeddable":true,"href":"https:\/\/www.novaconcursos.com.br\/portal\/wp-json\/wp\/v2\/comments?post=73992"}],"version-history":[{"count":13,"href":"https:\/\/www.novaconcursos.com.br\/portal\/wp-json\/wp\/v2\/posts\/73992\/revisions"}],"predecessor-version":[{"id":294130,"href":"https:\/\/www.novaconcursos.com.br\/portal\/wp-json\/wp\/v2\/posts\/73992\/revisions\/294130"}],"wp:featuredmedia":[{"embeddable":true,"href":"https:\/\/www.novaconcursos.com.br\/portal\/wp-json\/wp\/v2\/media\/290886"}],"wp:attachment":[{"href":"https:\/\/www.novaconcursos.com.br\/portal\/wp-json\/wp\/v2\/media?parent=73992"}],"wp:term":[{"taxonomy":"category","embeddable":true,"href":"https:\/\/www.novaconcursos.com.br\/portal\/wp-json\/wp\/v2\/categories?post=73992"},{"taxonomy":"post_tag","embeddable":true,"href":"https:\/\/www.novaconcursos.com.br\/portal\/wp-json\/wp\/v2\/tags?post=73992"}],"curies":[{"name":"wp","href":"https:\/\/api.w.org\/{rel}","templated":true}]}}