{"id":74919,"date":"2018-09-20T17:00:00","date_gmt":"2018-09-20T20:00:00","guid":{"rendered":"http:\/\/www.novaconcursos.com.br\/portal\/?post_type=nc-public-tender&#038;p=74919"},"modified":"2024-12-16T10:39:00","modified_gmt":"2024-12-16T13:39:00","slug":"concurso-prefeitura-de-imbe-rs","status":"publish","type":"post","link":"https:\/\/www.novaconcursos.com.br\/portal\/concursos\/concurso-prefeitura-de-imbe-rs\/","title":{"rendered":"Concurso Prefeitura de Imb\u00e9 \u2013 RS"},"content":{"rendered":"<p>A <strong><a href=\"https:\/\/www.novaconcursos.com.br\/concurso\/prefeitura-de-imbe-rs\/apostila?promo_name=pref-de-imbe-rs-blog&amp;promo_id=1&amp;promo_creative=link-concurso-pref-de-imbe-rs&amp;promo_position=contextual\" target=\"_blank\" rel=\"noopener\">Prefeitura Municipal de Imb\u00e9<\/a><\/strong>, no Estado do Rio Grande do Sul, <strong>abre inscri\u00e7\u00f5es<\/strong> para seu novo concurso p\u00fablico!<\/p>\n<p>O certame traz oferta de <strong>40 vagas<\/strong>, mais forma\u00e7\u00e3o de <strong>cadastro reserva<\/strong>, para o cargo de <a href=\"https:\/\/www.novaconcursos.com.br\/concurso\/prefeitura-de-imbe-rs\/apostila?promo_name=pref-de-imbe-rs-blog&amp;promo_id=1&amp;promo_creative=link-concurso-pref-de-imbe-rs&amp;promo_position=contextual\"><strong>Guarda Municipal<\/strong><\/a> com exig\u00eancia de <strong>n\u00edvel m\u00e9dio<\/strong> e sal\u00e1rios de <strong>R$ 2,5 mil!<\/strong><\/p>\n<p style=\"text-align: center;\"><span style=\"text-decoration: underline; color: #0000ff;\"><strong><a style=\"color: #0000ff; text-decoration: underline;\" href=\"https:\/\/www.novaconcursos.com.br\/concurso\/prefeitura-de-imbe-rs\/apostila?promo_name=pref-de-imbe-rs-blog&amp;promo_id=1&amp;promo_creative=link-concurso-pref-de-imbe-rs&amp;promo_position=topo\" target=\"_blank\" rel=\"noopener\">\u00bb Prepare-se com a Apostila\u00a0Prefeitura de Imb\u00e9 \u2013 RS\u00a0+ Curso\u00a0Direitos Humanos (GR\u00c1TIS)\u00a0\u00ab<\/a><\/strong><\/span><\/p>\n<p><span style=\"color: #000000;\"><strong>Como fazer a inscri\u00e7\u00e3o?<\/strong><\/span><\/p>\n<p>As inscri\u00e7\u00f5es seguem abertas at\u00e9 \u00e0s <strong>23h59min<\/strong> do dia <strong>17 de outubro de 2018<\/strong>.<\/p>\n<p>Para concorrer, os interessados devem acessar o site da banca organizadora, a Funda\u00e7\u00e3o Universidade Empresa de Tecnologia e Ci\u00eancias (<span style=\"text-decoration: underline; color: #0000ff;\"><a style=\"color: #0000ff; text-decoration: underline;\" href=\"http:\/\/www.fundatec.org.br\/portal\/concursos\/index_concursos.php?concurso=482\" target=\"_blank\" rel=\"noopener\">Fundatec<\/a><\/span>).<\/p>\n<p>O valor da taxa de inscri\u00e7\u00e3o \u00e9 de <strong>R$ 100,00<\/strong>, devendo ser pago at\u00e9 o dia <strong>18 de outubro de 2018.<\/strong><\/p>\n<p><span style=\"color: #000000;\"><strong>Vagas e sal\u00e1rios<\/strong><\/span><\/p>\n<p>As <a href=\"https:\/\/www.novaconcursos.com.br\/concurso\/prefeitura-de-imbe-rs\/apostila?promo_name=pref-de-imbe-rs-blog&amp;promo_id=1&amp;promo_creative=link-concurso-pref-de-imbe-rs&amp;promo_position=contextual\"><strong>40 vagas<\/strong><\/a> imediatas, mais forma\u00e7\u00e3o de <strong>cadastro reserva<\/strong>, s\u00e3o para o cargo de <strong>Guarda Municipal<\/strong>, com exig\u00eancia de <strong>n\u00edvel m\u00e9dio.<\/strong><\/p>\n<p>O sal\u00e1rio b\u00e1sico para o cargo ser\u00e1 de <strong>R$ 1.485,93<\/strong>, mais 70% de risco de vida no valor de <strong>R$ 1.040,15<\/strong>, totalizando o valor de <a href=\"https:\/\/www.novaconcursos.com.br\/concurso\/prefeitura-de-imbe-rs\/apostila?promo_name=pref-de-imbe-rs-blog&amp;promo_id=1&amp;promo_creative=link-concurso-pref-de-imbe-rs&amp;promo_position=contextual\"><strong>R$ 2.526,08<\/strong><\/a>, para jornadas de trabalho de <strong>40 horas<\/strong> semanais.<\/p>\n<p>Al\u00e9m da escolaridade, os candidatos dever\u00e3o possuir Carteira Nacional de Habilita\u00e7\u00e3o (<strong>CNH<\/strong>) categoria AB, idade m\u00ednima de <strong>18 anos<\/strong> e m\u00e1xima de <strong>40 anos<\/strong> na data de publica\u00e7\u00e3o do edital de abertura do concurso p\u00fablico, altura m\u00ednima de 1,65m para homens e 1,60m para mulheres.<\/p>\n<p><span style=\"color: #000000;\"><strong>Como ser\u00e1 a Prova?<\/strong><\/span><\/p>\n<p>Os candidatos ser\u00e3o avaliados por meio de <a href=\"https:\/\/www.novaconcursos.com.br\/concurso\/prefeitura-de-imbe-rs\/apostila?promo_name=pref-de-imbe-rs-blog&amp;promo_id=1&amp;promo_creative=link-concurso-pref-de-imbe-rs&amp;promo_position=contextual\"><strong>provas objetivas<\/strong><\/a>, previstas para o dia <strong>25 de novembro de 2018<\/strong>.<\/p>\n<p>O conte\u00fado program\u00e1tico da prova consistir\u00e1 nas disciplinas de L\u00edngua Portuguesa (10 quest\u00f5es), Legisla\u00e7\u00e3o (06 quest\u00f5es), Inform\u00e1tica (05 quest\u00f5es), Matem\u00e1tica (05 quest\u00f5es), Conhecimentos Espec\u00edficos (14 quest\u00f5es).<\/p>\n<p>Haver\u00e1 ainda <strong>inspe\u00e7\u00e3o de sa\u00fade, teste de aptid\u00e3o f\u00edsica, avalia\u00e7\u00e3o psicol\u00f3gica, pesquisa social e documental e curso de forma\u00e7\u00e3o de Guarda Municipal Civil<\/strong> como crit\u00e9rios de avalia\u00e7\u00f5es dos candidatos.<\/p>\n<p>O <strong>teste de aptid\u00e3o f\u00edsica<\/strong> constar\u00e1 nas seguintes avalia\u00e7\u00f5es:<\/p>\n<p>\u2013 Teste de Corrida 2.400 metros (masculino e feminino);<br>\n\u2013 Teste de Flex\u00e3o do Tronco (masculino e feminino);<br>\n\u2013 Teste Din\u00e2mico de Barra (masculino e feminino).<\/p>\n<p>Os <a href=\"https:\/\/www.novaconcursos.com.br\/concurso\/prefeitura-de-imbe-rs\/apostila?promo_name=pref-de-imbe-rs-blog&amp;promo_id=1&amp;promo_creative=link-concurso-pref-de-imbe-rs&amp;promo_position=contextual\"><strong>locais e hor\u00e1rios<\/strong><\/a> de aplica\u00e7\u00e3o das provas ser\u00e3o informados no site da banca organizadora a partir do dia <strong>14 de novembro de 2018.<\/strong><\/p>\n<p>A validade do certame ser\u00e1 de <strong>dois anos<\/strong> a partir da data da homologa\u00e7\u00e3o, podendo ser prorrogado uma vez por igual per\u00edodo.<\/p>\n<p>A\u00a0<span style=\"text-decoration: underline; color: #0000ff;\"><strong><a style=\"color: #0000ff; text-decoration: underline;\" href=\"https:\/\/www.novaconcursos.com.br\/\" target=\"_blank\" rel=\"noopener\">Nova\u2002Concursos<\/a><\/strong><\/span>\u00a0tem ajudado h\u00e1 mais de 10 anos quem quer\u00a0<a href=\"https:\/\/www.novaconcursos.com.br\/concurso\/prefeitura-de-imbe-rs\/apostila?promo_name=pref-de-imbe-rs-blog&amp;promo_id=1&amp;promo_creative=link-concurso-pref-de-imbe-rs&amp;promo_position=contextual\" target=\"_blank\" rel=\"noopener\">vencer<\/a>\u00a0a batalha do concurso p\u00fablico. Se voc\u00ea quer aumentar as suas chances de passar, conhe\u00e7a os nossos materiais, acessando o nosso site!<\/p>\n<p style=\"text-align: center;\"><span style=\"text-decoration: underline; color: #0000ff;\"><strong><a style=\"color: #0000ff; text-decoration: underline;\" href=\"https:\/\/www.novaconcursos.com.br\/concurso\/prefeitura-de-imbe-rs\/apostila?promo_name=pref-de-imbe-rs-blog&amp;promo_id=1&amp;promo_creative=link-concurso-pref-de-imbe-rs&amp;promo_position=fim\" target=\"_blank\" rel=\"noopener\">\u00bb Prepare-se com a Apostila\u00a0Prefeitura de Imb\u00e9 \u2013 RS\u00a0+ Curso\u00a0Direitos Humanos (GR\u00c1TIS)\u00a0\u00ab<\/a><\/strong><\/span><\/p>","protected":false},"excerpt":{"rendered":"<p>Concurso Prefeitura de Imb\u00e9 \u2013 RS: Traz oferta de 40 vagas, mais CR, para o cargo de Guarda Municipal com exig\u00eancia de n\u00edvel m\u00e9dio e sal\u00e1rios de R$ 2,5 mil!<\/p>\n","protected":false},"author":16,"featured_media":0,"comment_status":"closed","ping_status":"closed","sticky":false,"template":"","format":"standard","meta":{"_acf_changed":false,"footnotes":"","_wp_rev_ctl_limit":""},"categories":[44999],"tags":[],"class_list":["post-74919","post","type-post","status-publish","format-standard","hentry","category-concursos"],"acf":[],"_links":{"self":[{"href":"https:\/\/www.novaconcursos.com.br\/portal\/wp-json\/wp\/v2\/posts\/74919","targetHints":{"allow":["GET"]}}],"collection":[{"href":"https:\/\/www.novaconcursos.com.br\/portal\/wp-json\/wp\/v2\/posts"}],"about":[{"href":"https:\/\/www.novaconcursos.com.br\/portal\/wp-json\/wp\/v2\/types\/post"}],"author":[{"embeddable":true,"href":"https:\/\/www.novaconcursos.com.br\/portal\/wp-json\/wp\/v2\/users\/16"}],"replies":[{"embeddable":true,"href":"https:\/\/www.novaconcursos.com.br\/portal\/wp-json\/wp\/v2\/comments?post=74919"}],"version-history":[{"count":1,"href":"https:\/\/www.novaconcursos.com.br\/portal\/wp-json\/wp\/v2\/posts\/74919\/revisions"}],"predecessor-version":[{"id":265714,"href":"https:\/\/www.novaconcursos.com.br\/portal\/wp-json\/wp\/v2\/posts\/74919\/revisions\/265714"}],"wp:attachment":[{"href":"https:\/\/www.novaconcursos.com.br\/portal\/wp-json\/wp\/v2\/media?parent=74919"}],"wp:term":[{"taxonomy":"category","embeddable":true,"href":"https:\/\/www.novaconcursos.com.br\/portal\/wp-json\/wp\/v2\/categories?post=74919"},{"taxonomy":"post_tag","embeddable":true,"href":"https:\/\/www.novaconcursos.com.br\/portal\/wp-json\/wp\/v2\/tags?post=74919"}],"curies":[{"name":"wp","href":"https:\/\/api.w.org\/{rel}","templated":true}]}}