{"id":75109,"date":"2018-09-25T11:24:53","date_gmt":"2018-09-25T14:24:53","guid":{"rendered":"http:\/\/www.novaconcursos.com.br\/portal\/?p=75109"},"modified":"2018-10-29T12:13:17","modified_gmt":"2018-10-29T14:13:17","slug":"concurso-prefeitura-de-mafra-sc-mais-de-30-vagas-para-todos-os-niveis","status":"publish","type":"post","link":"https:\/\/www.novaconcursos.com.br\/portal\/noticias\/concurso-prefeitura-de-mafra-sc-mais-de-30-vagas-para-todos-os-niveis\/","title":{"rendered":"Concurso Prefeitura de Mafra &#8211; SC: Mais de 30 vagas para todos os n\u00edveis!"},"content":{"rendered":"<p><strong>J\u00e1 est\u00e3o abertas as inscri\u00e7\u00f5es<\/strong> para o novo concurso <strong>Prefeitura de Mafra \u2013 SC<\/strong>. Oportunidades para <strong>n\u00edveis fundamental<\/strong>, <strong>m\u00e9dio e superior<\/strong>, com sal\u00e1rios de at\u00e9 <strong>R$ 5 mil!<\/strong><\/p>\n<p style=\"text-align: center;\"><span style=\"text-decoration: underline; color: #0000ff;\"><strong><a style=\"color: #0000ff; text-decoration: underline;\" href=\"https:\/\/www.novaconcursos.com.br\/concurso\/prefeitura-de-mafra-sc\/apostila?promo_name=pref-mafra-sc-blog&amp;promo_id=1&amp;promo_creative=link-saiu-edital-pref-mafra-sc&amp;promo_position=pref-mafra-sc\" target=\"_blank\" rel=\"noopener noreferrer\">\u00bb Prepare-se com a Apostila\u00a0Prefeitura de Mafra \u2013 SC + Curso Online Lei n\u00b0 9.503\/1997 \u2013 C\u00f3digo de Tr\u00e2nsito Brasileiro\u00a0(GR\u00c1TIS)\u00a0\u00ab<\/a><\/strong><\/span><\/p>\n<p><strong>Como fazer a inscri\u00e7\u00e3o do concurso?<\/strong><\/p>\n<p>As <strong>inscri\u00e7\u00f5es<\/strong> ficar\u00e3o dispon\u00edveis at\u00e9 o dia <strong>25 de outubro de 2018<\/strong>.<\/p>\n<p>Para se <strong>inscrever<\/strong> o candidato dever\u00e1 acessar o site da banca organizadora, <span style=\"text-decoration: underline;\"><span style=\"color: #0000ff;\"><a style=\"color: #0000ff; text-decoration: underline;\" href=\"https:\/\/ssl.fepese.org.br\/2018\/mafra\/?go=inscricao&amp;mn=9d1d8ddb5617fd7443a20b3d1bbcc32b&amp;edital=1\" target=\"_blank\" rel=\"noopener noreferrer\">FEPESE<\/a><\/span><\/span>.<\/p>\n<p>A <strong>taxa de inscri\u00e7\u00e3o<\/strong> varia nos valores de <strong>R$ 60,00 a R$ 100,00<\/strong>.<\/p>\n<p><strong>Quais as vagas e os sal\u00e1rios do concurso?<\/strong><\/p>\n<p>O certame oferta <strong>31 vagas<\/strong> de car\u00e1ter imediato, mais forma\u00e7\u00e3o de cadastro reserva, para <strong>n\u00edveis fundamental<\/strong>, <strong>m\u00e9dio e superior<\/strong>.<\/p>\n<p>As <strong>oportunidades<\/strong> s\u00e3o para os seguintes cargos:<\/p>\n<p>\u2666 <strong>N\u00edvel Fundamental:<\/strong> Motorista (11), Operador de M\u00e1quinas (7+CR), Operador T\u00e9cnico de M\u00e1quina Escavadeira Hidr\u00e1ulica (1);<\/p>\n<p>\u2666 <strong>N\u00edvel M\u00e9dio:<\/strong> Agente Administrativo (10+CR);<\/p>\n<p>\u2666 <strong>N\u00edvel Superior:<\/strong> Contador (2).<\/p>\n<p>Os <strong>sal\u00e1rios<\/strong> variam de <strong>R$ 1.450,21 a R$ 5.472,91<\/strong>, com jornadas de trabalho de <strong>40<\/strong> horas semanais.<\/p>\n<p><strong>Como ser\u00e1 a prova do concurso?<\/strong><\/p>\n<p>A <strong>avalia\u00e7\u00e3o<\/strong> dos candidatos ser\u00e1 mediante <strong>prova objetiva<\/strong> (para todos os cargos), realizada no dia <strong>25 de novembro de 2018<\/strong>, na cidade de Mafra\/SC.<\/p>\n<p>Os <strong>locais e hor\u00e1rios<\/strong> da prova ser\u00e3o informados no site da banca organizadora a partir do dia <strong>19 de novembro de 2018<\/strong>.<\/p>\n<p>Ocorrer\u00e1 ainda <strong>prova pr\u00e1tica<\/strong> para os cargos de Motorista, Operador de M\u00e1quinas e Operador T\u00e9cnico de M\u00e1quina Escavadeira Hidr\u00e1ulica.<\/p>\n<p>O <strong>conte\u00fado program\u00e1tico<\/strong> da prova consistir\u00e1 nas disciplinas de L\u00edngua Portuguesa, Matem\u00e1tica e Estat\u00edstica, No\u00e7\u00f5es de Inform\u00e1tica, No\u00e7\u00f5es de Direito, C\u00f3digo de Tr\u00e2nsito Brasileiro, Conhecimentos Espec\u00edficos.<\/p>\n<p>A <strong>validade<\/strong> do certame ser\u00e1 de <strong>02 (dois) anos<\/strong> a partir da data da homologa\u00e7\u00e3o, podendo ser prorrogado uma \u00fanica vez por igual per\u00edodo.<\/p>\n<p>Confira todas as informa\u00e7\u00f5es e tenha acesso ao edital na <strong><span style=\"text-decoration: underline;\"><span style=\"color: #0000ff;\"><a style=\"color: #0000ff; text-decoration: underline;\" href=\"https:\/\/www.novaconcursos.com.br\/portal\/concursos\/concurso-prefeitura-de-mafra-sc\/\" target=\"_blank\" rel=\"noopener noreferrer\">p\u00e1gina do concurso!<\/a><\/span><\/span><\/strong><\/p>\n<p style=\"text-align: center;\"><span style=\"text-decoration: underline; color: #0000ff;\"><strong><a style=\"color: #0000ff; text-decoration: underline;\" href=\"https:\/\/www.novaconcursos.com.br\/concurso\/prefeitura-de-mafra-sc\/apostila?promo_name=pref-mafra-sc-blog&amp;promo_id=1&amp;promo_creative=link-saiu-edital-pref-mafra-sc&amp;promo_position=pref-mafra-sc\" target=\"_blank\" rel=\"noopener noreferrer\">\u00bb Prepare-se com a Apostila\u00a0Prefeitura de Mafra \u2013 SC + Curso Lei n\u00b0 9.503\/1997 \u2013 C\u00f3digo de Tr\u00e2nsito Brasileiro\u00a0(GR\u00c1TIS)\u00a0\u00ab<\/a><\/strong><\/span><\/p>\n<p>A <strong><span style=\"text-decoration: underline;\"><span style=\"color: #0000ff;\"><a style=\"color: #0000ff; text-decoration: underline;\" href=\"https:\/\/www.novaconcursos.com.br\" target=\"_blank\" rel=\"noopener noreferrer\">Nova\u2002Concursos<\/a><\/span><\/span><\/strong> tem ajudado h\u00e1 mais de 10 anos quem quer vencer a batalha do concurso p\u00fablico. Se voc\u00ea quer aumentar as suas chances de passar, conhe\u00e7a os nossos materiais, acessando o nosso site!<\/p>","protected":false},"excerpt":{"rendered":"<p>J\u00e1 est\u00e3o abertas as inscri\u00e7\u00f5es para o novo concurso Prefeitura de Mafra \u2013 SC. Oportunidades para n\u00edveis fundamental, m\u00e9dio e superior, com sal\u00e1rios de at\u00e9 R$ 5 mil! \u00bb Prepare-se com a Apostila\u00a0Prefeitura de Mafra \u2013 SC + Curso Online Lei n\u00b0 9.503\/1997 \u2013 C\u00f3digo de Tr\u00e2nsito Brasileiro\u00a0(GR\u00c1TIS)\u00a0\u00ab Como fazer a inscri\u00e7\u00e3o do concurso? As [&hellip;]<\/p>\n","protected":false},"author":16,"featured_media":0,"comment_status":"closed","ping_status":"closed","sticky":false,"template":"","format":"standard","meta":{"_acf_changed":false,"footnotes":"","_wp_rev_ctl_limit":""},"categories":[228],"tags":[32131,29741,32132,32130,3756,32135,32134,26121,32133],"class_list":["post-75109","post","type-post","status-publish","format-standard","hentry","category-noticias","tag-certame-prefeitura-de-mafra-sc","tag-concurso-estado-de-santa-catarina","tag-concurso-mafra-sc","tag-concurso-prefeitura-de-mafra-sc","tag-concurso-santa-catarina","tag-edital-do-concurso-prefeitura-de-mafra-sc","tag-inscricoes-do-concurso-prefeitura-de-mafra-sc","tag-mafra-sc","tag-prefeitura-de-mafra"],"acf":[],"_links":{"self":[{"href":"https:\/\/www.novaconcursos.com.br\/portal\/wp-json\/wp\/v2\/posts\/75109","targetHints":{"allow":["GET"]}}],"collection":[{"href":"https:\/\/www.novaconcursos.com.br\/portal\/wp-json\/wp\/v2\/posts"}],"about":[{"href":"https:\/\/www.novaconcursos.com.br\/portal\/wp-json\/wp\/v2\/types\/post"}],"author":[{"embeddable":true,"href":"https:\/\/www.novaconcursos.com.br\/portal\/wp-json\/wp\/v2\/users\/16"}],"replies":[{"embeddable":true,"href":"https:\/\/www.novaconcursos.com.br\/portal\/wp-json\/wp\/v2\/comments?post=75109"}],"version-history":[{"count":4,"href":"https:\/\/www.novaconcursos.com.br\/portal\/wp-json\/wp\/v2\/posts\/75109\/revisions"}],"predecessor-version":[{"id":76753,"href":"https:\/\/www.novaconcursos.com.br\/portal\/wp-json\/wp\/v2\/posts\/75109\/revisions\/76753"}],"wp:attachment":[{"href":"https:\/\/www.novaconcursos.com.br\/portal\/wp-json\/wp\/v2\/media?parent=75109"}],"wp:term":[{"taxonomy":"category","embeddable":true,"href":"https:\/\/www.novaconcursos.com.br\/portal\/wp-json\/wp\/v2\/categories?post=75109"},{"taxonomy":"post_tag","embeddable":true,"href":"https:\/\/www.novaconcursos.com.br\/portal\/wp-json\/wp\/v2\/tags?post=75109"}],"curies":[{"name":"wp","href":"https:\/\/api.w.org\/{rel}","templated":true}]}}