{"id":75199,"date":"2018-09-26T14:49:58","date_gmt":"2018-09-26T17:49:58","guid":{"rendered":"http:\/\/www.novaconcursos.com.br\/portal\/?p=75199"},"modified":"2018-09-26T17:35:12","modified_gmt":"2018-09-26T20:35:12","slug":"concurso-prefeitura-de-conceicao-da-aparecida-mg-edital-oferta-74-vagas-para-todos-os-niveis","status":"publish","type":"post","link":"https:\/\/www.novaconcursos.com.br\/portal\/noticias\/concurso-prefeitura-de-conceicao-da-aparecida-mg-edital-oferta-74-vagas-para-todos-os-niveis\/","title":{"rendered":"Concurso Prefeitura de Concei\u00e7\u00e3o da Aparecida &#8211; MG: Edital oferta 74 vagas para todos os n\u00edveis!"},"content":{"rendered":"<p>Boa not\u00edcia concurseiros mineiros! <strong>Saiu o edital<\/strong> do novo concurso <strong>Prefeitura de Concei\u00e7\u00e3o da Aparecida \u2013 MG<\/strong>. Oportunidades para <strong>n\u00edveis fundamental<\/strong>, <strong>m\u00e9dio e superior<\/strong>, com sal\u00e1rios de at\u00e9 <strong>R$ 2,4 mil!<\/strong><\/p>\n<p><strong>Como fazer a inscri\u00e7\u00e3o do concurso?<\/strong><\/p>\n<p>As <strong>inscri\u00e7\u00f5es<\/strong> estar\u00e3o dispon\u00edveis a partir do dia <strong>03 de dezembro de 2018 at\u00e9 o dia 03 de janeiro de 2019<\/strong>.<\/p>\n<p>Para se<strong> inscrever<\/strong> o candidato dever\u00e1 acessar o site da banca organizadora, <span style=\"text-decoration: underline;\"><span style=\"color: #0000ff;\"><a style=\"color: #0000ff; text-decoration: underline;\" href=\"http:\/\/www.reisauditores.com.br\/concurso\/13\/detalhes\" target=\"_blank\" rel=\"noopener noreferrer\">Reis &amp; Reis<\/a><\/span><\/span>.<\/p>\n<p>O candidato <strong>que n\u00e3o tiver acesso \u00e0 internet<\/strong>, dever\u00e1 ir pessoalmente na <strong>Prefeitura de Concei\u00e7\u00e3o da Aparecida<\/strong>, localizada na Rua Padre Ant\u00f4nio Martins, n\u00b0 104, Centro, no hor\u00e1rio das <strong>08h \u00e0s 11h e de 12h30min \u00e0s 16h<\/strong>.<\/p>\n<p>A<strong> taxa de inscri\u00e7\u00e3o<\/strong> varia nos valores de <strong>R$ 30,00 a R$ 70,00<\/strong>.<\/p>\n<p><strong>Quais as vagas e os sal\u00e1rios?<\/strong><\/p>\n<p>Ao todo ser\u00e3o preenchidas <strong>74 vagas<\/strong>, para n\u00edveis fundamental, m\u00e9dio e superior. As <strong>oportunidades<\/strong> s\u00e3o para os seguintes cargos:<\/p>\n<p>\u2666 <strong>N\u00edvel Fundamental:<\/strong> Ajudante Geral (5), Auxiliar Administrativo (2), Auxiliar de Coleta de Lixo (2), Auxiliar de Sa\u00fade (2), Auxiliar de Servi\u00e7os Gerais (2), Copeira Hospitalar (2), Cozinheira Hospitalar (1), Mec\u00e2nico de M\u00e1quinas Pesadas (1), Mec\u00e2nico de Ve\u00edculos Leves (1), Motorista (10), Operador de M\u00e1quinas (3), Pedreiro (1), Recepcionista (1), Servente Escolar (4);<\/p>\n<p>\u2666 <strong>N\u00edvel M\u00e9dio:<\/strong> Fiscal de Obras e Posturas (1), Fiscal de Tributos (1), Monitor de Turmas Escolares (3), Professor Regente de Turma (12), T\u00e9cnico em Enfermagem (3);<\/p>\n<p>\u2666 <strong>N\u00edvel Superior:<\/strong> Assistente Social (1), Enfermeiro (2), Engenheiro Civil (1), Farmac\u00eautico (2), Fisioterapia (3), Fonoaudi\u00f3logo (1), Nutricionista (2), Professor Regente de Aula (1), Psic\u00f3logo (2).<\/p>\n<p>Os <strong>sal\u00e1rios<\/strong> variam de <strong>R$ 1.007,75 a R$ 2.455,38<\/strong>, com jornadas de trabalho de <strong>18 a 40<\/strong> horas semanais.<\/p>\n<p><strong>Como ser\u00e1 a prova do concurso?<\/strong><\/p>\n<p>A <strong>avalia\u00e7\u00e3o<\/strong> dos candidatos ser\u00e1 mediante <strong>prova objetiva<\/strong> (para todos os cargos), realizada no dia <strong>03 de fevereiro de 2019<\/strong>.<\/p>\n<p>Os <strong>locais e hor\u00e1rios<\/strong> da prova ser\u00e3o informados no site da banca organizadora a partir do dia <strong>29 de janeiro de 2019<\/strong>.<\/p>\n<p>Ocorrer\u00e1 ainda <strong>prova de t\u00edtulos<\/strong> para os cargos de n\u00edvel superior e <strong>prova pr\u00e1tica<\/strong> para os cargos de Motorista e Operador de M\u00e1quinas, aplicada no dia <strong>17 de mar\u00e7o de 2019<\/strong>.<\/p>\n<p>O <strong>conte\u00fado program\u00e1tico<\/strong> da prova consistir\u00e1 nas disciplinas de L\u00edngua Portuguesa, Matem\u00e1tica, Inform\u00e1tica, Conhecimentos Pedag\u00f3gicos e Did\u00e1ticos, Conhecimentos Gerais, Sa\u00fade P\u00fablica\/SUS, Conhecimentos Espec\u00edficos.<\/p>\n<p>A <strong>validade<\/strong> do certame ser\u00e1 de <strong>02 (dois) anos<\/strong> a partir da data da homologa\u00e7\u00e3o, podendo ser prorrogado por igual per\u00edodo.<\/p>\n<p>Confira todas as informa\u00e7\u00f5es e tenha acesso ao edital na <strong><span style=\"text-decoration: underline;\"><span style=\"color: #0000ff;\"><a style=\"color: #0000ff; text-decoration: underline;\" href=\"https:\/\/www.novaconcursos.com.br\/portal\/concursos\/concurso-prefeitura-de-conceicao-da-aparecida-mg\/\" target=\"_blank\" rel=\"noopener noreferrer\">p\u00e1gina do concurso!<\/a><\/span><\/span><\/strong><\/p>\n<p>A <strong><span style=\"text-decoration: underline;\"><span style=\"color: #0000ff;\"><a style=\"color: #0000ff; text-decoration: underline;\" href=\"https:\/\/www.novaconcursos.com.br\" target=\"_blank\" rel=\"noopener noreferrer\">Nova\u2002Concursos<\/a><\/span><\/span><\/strong> tem ajudado h\u00e1 mais de 10 anos quem quer vencer a batalha do concurso p\u00fablico. Se voc\u00ea quer aumentar as suas chances de passar, conhe\u00e7a os nossos materiais, acessando o nosso site!<\/p>","protected":false},"excerpt":{"rendered":"<p>Boa not\u00edcia concurseiros mineiros! Saiu o edital do novo concurso Prefeitura de Concei\u00e7\u00e3o da Aparecida \u2013 MG. Oportunidades para n\u00edveis fundamental, m\u00e9dio e superior, com sal\u00e1rios de at\u00e9 R$ 2,4 mil! Como fazer a inscri\u00e7\u00e3o do concurso? As inscri\u00e7\u00f5es estar\u00e3o dispon\u00edveis a partir do dia 03 de dezembro de 2018 at\u00e9 o dia 03 de [&hellip;]<\/p>\n","protected":false},"author":16,"featured_media":0,"comment_status":"closed","ping_status":"closed","sticky":false,"template":"","format":"standard","meta":{"_acf_changed":false,"footnotes":"","_wp_rev_ctl_limit":""},"categories":[228],"tags":[32189,32192,32191,29995,32188,32190,32195,32194,32193],"class_list":["post-75199","post","type-post","status-publish","format-standard","hentry","category-noticias","tag-certame-prefeitura-de-conceicao-da-aparecida-mg","tag-conceicao-da-aparecida-mg","tag-concurso-conceicao-da-aparecida-mg","tag-concurso-estado-de-minas-gerais","tag-concurso-prefeitura-de-conceicao-da-aparecida-mg","tag-concurso-sul-de-minas-gerais","tag-edital-do-concurso-prefeitura-de-conceicao-da-aparecida-mg","tag-inscricoes-do-concurso-prefeitura-de-conceicao-da-aparecida-mg","tag-prefeitura-de-conceicao-da-aparecida"],"acf":[],"_links":{"self":[{"href":"https:\/\/www.novaconcursos.com.br\/portal\/wp-json\/wp\/v2\/posts\/75199","targetHints":{"allow":["GET"]}}],"collection":[{"href":"https:\/\/www.novaconcursos.com.br\/portal\/wp-json\/wp\/v2\/posts"}],"about":[{"href":"https:\/\/www.novaconcursos.com.br\/portal\/wp-json\/wp\/v2\/types\/post"}],"author":[{"embeddable":true,"href":"https:\/\/www.novaconcursos.com.br\/portal\/wp-json\/wp\/v2\/users\/16"}],"replies":[{"embeddable":true,"href":"https:\/\/www.novaconcursos.com.br\/portal\/wp-json\/wp\/v2\/comments?post=75199"}],"version-history":[{"count":2,"href":"https:\/\/www.novaconcursos.com.br\/portal\/wp-json\/wp\/v2\/posts\/75199\/revisions"}],"predecessor-version":[{"id":75225,"href":"https:\/\/www.novaconcursos.com.br\/portal\/wp-json\/wp\/v2\/posts\/75199\/revisions\/75225"}],"wp:attachment":[{"href":"https:\/\/www.novaconcursos.com.br\/portal\/wp-json\/wp\/v2\/media?parent=75199"}],"wp:term":[{"taxonomy":"category","embeddable":true,"href":"https:\/\/www.novaconcursos.com.br\/portal\/wp-json\/wp\/v2\/categories?post=75199"},{"taxonomy":"post_tag","embeddable":true,"href":"https:\/\/www.novaconcursos.com.br\/portal\/wp-json\/wp\/v2\/tags?post=75199"}],"curies":[{"name":"wp","href":"https:\/\/api.w.org\/{rel}","templated":true}]}}