{"id":75539,"date":"2018-10-02T17:52:11","date_gmt":"2018-10-02T20:52:11","guid":{"rendered":"http:\/\/www.novaconcursos.com.br\/portal\/?post_type=nc-public-tender&#038;p=75539"},"modified":"2024-12-16T10:38:14","modified_gmt":"2024-12-16T13:38:14","slug":"processo-seletivo-prefeitura-de-veredinha-mg","status":"publish","type":"post","link":"https:\/\/www.novaconcursos.com.br\/portal\/concursos\/processo-seletivo-prefeitura-de-veredinha-mg\/","title":{"rendered":"Processo Seletivo Prefeitura de Veredinha \u2013 MG"},"content":{"rendered":"<p>A <strong>Prefeitura Municipal de Veredinha<\/strong>, no estado de Minas Gerais, <strong>divulgou novo edital<\/strong> de seu <strong>Processo Seletivo!<\/strong><\/p>\n<p>S\u00e3o oferecidas <strong>06 vagas tempor\u00e1rias<\/strong> para <strong>Agentes de Sa\u00fade<\/strong>. As oportunidades exigem <strong>n\u00edvel m\u00e9dio<\/strong> completo, com sal\u00e1rios <strong>acima de R$ 1 mil<\/strong>!<\/p>\n<p><span style=\"color: #000000;\"><strong>Como fazer a inscri\u00e7\u00e3o?<\/strong><\/span><\/p>\n<p>O per\u00edodo de inscri\u00e7\u00f5es estar\u00e1 dispon\u00edvel a partir das <strong>08h<\/strong> do dia <strong>11 de outubro<\/strong>, se estendendo at\u00e9 \u00e0s <strong>17h<\/strong> do dia <strong>31 de outubro de 2018.<\/strong><\/p>\n<p>Para concorrer, os interessados dever\u00e3o acessar o site da banca organizadora, a Funda\u00e7\u00e3o de Apoio ao Desenvolvimento do Ensino Superior do Norte de Minas (<span style=\"text-decoration: underline; color: #0000ff;\"><a style=\"color: #0000ff; text-decoration: underline;\" href=\"http:\/\/www.cotec.fadenor.com.br\/concurso\/?cod_vest=362\" target=\"_blank\" rel=\"noopener\">COTEC\/FADENOR<\/a><\/span>).<\/p>\n<p>Os candidatos que n\u00e3o possu\u00edrem acesso \u00e0 internet poder\u00e3o <strong>realizar as inscri\u00e7\u00f5es pessoalmente<\/strong> nos seguintes pontos de inscri\u00e7\u00f5es:<\/p>\n<p>\u2013 Veredinha: no Posto de Atendimento localizado na Pra\u00e7a Senhora do Patroc\u00ednio, n\u00ba 36, bairro Liberdade, das 07h \u00e0s 11h e das 12h30min \u00e0s 17h;<\/p>\n<p>\u2013 Montes Claros: na Cotec \u2013 Campus Universit\u00e1rio Professor Darcy Ribeiro, Pr\u00e9dio 7, 3\u00ba andar, Vila Mauriceia, de segunda a sexta-feira, das 7h30min \u00e0s 11h e das 13h \u00e0s 17h.<\/p>\n<p>O valor da taxa de inscri\u00e7\u00e3o ser\u00e1 de <strong>R$ 60,00<\/strong>, devendo ser pago at\u00e9 o \u00faltimo dia das inscri\u00e7\u00f5es (<strong>31\/10\/2018<\/strong>).<\/p>\n<p><span style=\"color: #000000;\"><strong>Vagas e sal\u00e1rios<\/strong><\/span><\/p>\n<p>O <strong>Processo Seletivo da Prefeitura de Veredinha\/MG<\/strong> traz oferta de <strong>06 vagas<\/strong> para candidatos de <strong>n\u00edvel m\u00e9dio<\/strong>. As oportunidades s\u00e3o para os <strong>seguintes cargos:<\/strong><\/p>\n<p>\u2666 <span style=\"text-decoration: underline;\">N\u00edvel M\u00e9dio<\/span>: Agente Comunit\u00e1rio de Sa\u00fade (5), Agente de Combate Endemias (1).<\/p>\n<p>O sal\u00e1rio para ambos os cargos tem o valor de <strong>R$ 1.014,00<\/strong>, com jornadas de trabalho de <strong>40 horas<\/strong> semanais.<\/p>\n<p><span style=\"color: #000000;\"><strong>Como ser\u00e1 a Prova?<\/strong><\/span><\/p>\n<p>Os candidatos ser\u00e3o avaliados por meio de <strong>provas objetivas<\/strong> (para todos os cargos), previstas para o dia <strong>18 de novembro de 2018<\/strong>, na cidade de Veredinha\/MG.<\/p>\n<p>O conte\u00fado program\u00e1tico da prova consistir\u00e1 nas <strong>seguintes disciplinas:<\/strong> L\u00edngua Portuguesa (10 quest\u00f5es), Matem\u00e1tica (10 quest\u00f5es).<\/p>\n<p>Os <strong>locais e hor\u00e1rios<\/strong> de aplica\u00e7\u00e3o das provas ser\u00e3o informados no site da banca organizadora a partir do dia <strong>12 de novembro de 2018.<\/strong><\/p>\n<p>A validade da sele\u00e7\u00e3o ser\u00e1 de <strong>dois anos<\/strong>, contados a partir da data da homologa\u00e7\u00e3o, podendo ser prorrogado uma vez por igual per\u00edodo.<\/p>\n<p>A\u00a0<span style=\"text-decoration: underline; color: #0000ff;\"><strong><a style=\"color: #0000ff; text-decoration: underline;\" href=\"https:\/\/www.novaconcursos.com.br\/\" target=\"_blank\" rel=\"noopener\">Nova\u2002Concursos<\/a><\/strong><\/span>\u00a0tem ajudado h\u00e1 mais de 10 anos quem quer vencer a batalha do concurso p\u00fablico. Se voc\u00ea quer aumentar as suas chances de passar, conhe\u00e7a os nossos materiais, acessando o nosso site!<\/p>","protected":false},"excerpt":{"rendered":"<p>Processo Seletivo Prefeitura de Veredinha \u2013 MG: Traz 06 vagas para Agentes de Sa\u00fade, com exig\u00eancia de n\u00edvel m\u00e9dio completo e sal\u00e1rios acima de R$ 1 mil!<\/p>\n","protected":false},"author":16,"featured_media":0,"comment_status":"closed","ping_status":"closed","sticky":false,"template":"","format":"standard","meta":{"_acf_changed":false,"footnotes":"","_wp_rev_ctl_limit":""},"categories":[44999],"tags":[],"class_list":["post-75539","post","type-post","status-publish","format-standard","hentry","category-concursos"],"acf":[],"_links":{"self":[{"href":"https:\/\/www.novaconcursos.com.br\/portal\/wp-json\/wp\/v2\/posts\/75539","targetHints":{"allow":["GET"]}}],"collection":[{"href":"https:\/\/www.novaconcursos.com.br\/portal\/wp-json\/wp\/v2\/posts"}],"about":[{"href":"https:\/\/www.novaconcursos.com.br\/portal\/wp-json\/wp\/v2\/types\/post"}],"author":[{"embeddable":true,"href":"https:\/\/www.novaconcursos.com.br\/portal\/wp-json\/wp\/v2\/users\/16"}],"replies":[{"embeddable":true,"href":"https:\/\/www.novaconcursos.com.br\/portal\/wp-json\/wp\/v2\/comments?post=75539"}],"version-history":[{"count":1,"href":"https:\/\/www.novaconcursos.com.br\/portal\/wp-json\/wp\/v2\/posts\/75539\/revisions"}],"predecessor-version":[{"id":265691,"href":"https:\/\/www.novaconcursos.com.br\/portal\/wp-json\/wp\/v2\/posts\/75539\/revisions\/265691"}],"wp:attachment":[{"href":"https:\/\/www.novaconcursos.com.br\/portal\/wp-json\/wp\/v2\/media?parent=75539"}],"wp:term":[{"taxonomy":"category","embeddable":true,"href":"https:\/\/www.novaconcursos.com.br\/portal\/wp-json\/wp\/v2\/categories?post=75539"},{"taxonomy":"post_tag","embeddable":true,"href":"https:\/\/www.novaconcursos.com.br\/portal\/wp-json\/wp\/v2\/tags?post=75539"}],"curies":[{"name":"wp","href":"https:\/\/api.w.org\/{rel}","templated":true}]}}