{"id":7594,"date":"2014-04-14T15:38:54","date_gmt":"2014-04-14T18:38:54","guid":{"rendered":"http:\/\/www.novaconcursos.com.br\/portal\/?p=7594"},"modified":"2025-04-16T20:16:05","modified_gmt":"2025-04-16T23:16:05","slug":"editais-da-semana-1420-4","status":"publish","type":"post","link":"https:\/\/www.novaconcursos.com.br\/portal\/noticias\/editais-da-semana-1420-4\/","title":{"rendered":"Editais da semana-14\/20-4"},"content":{"rendered":"<p class=\"wp-block-paragraph\"><b>\u00a0<\/b>Confira a sele\u00e7\u00e3o<strong>\u00a0de editais para concursos p\u00fablicos<\/strong>\u00a0selecionados pela Nova concursos:<\/p>\n\n\n\n<h2 class=\"wp-block-heading\" id=\"banco-do-nordeste\"><span style=\"color: #000000;\">BANCO DO NORDESTE<\/span><\/h2>\n\n\n\n<p class=\"wp-block-paragraph\"><span style=\"color: #000000;\"><strong>N\u00famero de vagas:<\/strong> <\/span>12<br><span style=\"color: #000000;\"><strong>Sal\u00e1rio:<\/strong><\/span> R$ 2.043,36|<br><span style=\"color: #000000;\"><strong>N\u00edvel:<\/strong><\/span> N\u00edvel m\u00e9dio<br><span style=\"color: #000000;\"><strong>Local:<\/strong><\/span> Alagoas, Bahia, Cear\u00e1, Esp\u00edrito Santo, Maranh\u00e3o, Minas Gerais, Para\u00edba, Pernambuco, Piau\u00ed, RIo Grande do Norte e Sergipe<br><span style=\"color: #000000;\"><strong>Data da inscri\u00e7\u00e3o:<\/strong><\/span> At\u00e9 08\/05\/14<\/p>\n\n\n\n<h2 class=\"wp-block-heading\" id=\"companhia-nacional-de-abastecimento-conab\"><span style=\"color: #000000;\">COMPANHIA NACIONAL DE ABASTECIMENTO (CONAB)<\/span><\/h2>\n\n\n\n<p class=\"wp-block-paragraph\"><span style=\"color: #000000;\"><strong>N\u00famero de vagas:<\/strong> <\/span>396 e cadastro reserva|<br><span style=\"color: #000000;\"><strong>Sal\u00e1rio:<\/strong> <\/span>R$ 5.112,07<br><span style=\"color: #000000;\"><strong>N\u00edvel:<\/strong><\/span> N\u00edvel m\u00e9dio<br><span style=\"color: #000000;\"><strong>Local:<\/strong> <\/span>N\u00e3o informado<br><span style=\"color: #000000;\"><strong>Data da inscri\u00e7\u00e3o:<\/strong><\/span> 15\/04\/14 a 18 e 28\/05\/14<\/p>\n\n\n\n<h2 class=\"wp-block-heading\" id=\"detran-de-rondnia-\"><span style=\"color: #000000;\">DETRAN DE ROND\u00d4NIA <\/span><\/h2>\n\n\n\n<p class=\"wp-block-paragraph\"><span style=\"color: #000000;\"><strong>N\u00famero de vagas:<\/strong><\/span> 160<br><span style=\"color: #000000;\"><strong>Sal\u00e1rio:<\/strong><\/span> R$ 5.530,53<br><span style=\"color: #000000;\"><strong>N\u00edvel:<\/strong> <\/span>Todos os n\u00edveis<br><span style=\"color: #000000;\"><strong>Local:<\/strong><\/span> Rond\u00f4nia<br><span style=\"color: #000000;\"><strong>Data da inscri\u00e7\u00e3o:<\/strong><\/span> at\u00e9 08\/05\/14<\/p>\n\n\n\n<h2 class=\"wp-block-heading\" id=\"instituto-federal-de-educao-cincia-e-tecnologia-do-maranho\"><span style=\"color: #000000;\">INSTITUTO FEDERAL DE EDUCA\u00c7\u00c3O CI\u00caNCIA E TECNOLOGIA DO MARANH\u00c3O<\/span><\/h2>\n\n\n\n<p class=\"wp-block-paragraph\"><span style=\"color: #000000;\"><strong>N\u00famero de vagas:<\/strong><\/span> 334<br><span style=\"color: #000000;\"><strong>Sal\u00e1rio:<\/strong><\/span> R$ 3.392,42<br><span style=\"color: #000000;\"><strong>N\u00edvel:<\/strong> <\/span>Todos os n\u00edveis<br><span style=\"color: #000000;\"><strong>Local:<\/strong> <\/span>Maranh\u00e3o<br><span style=\"color: #000000;\"><strong>Data da inscri\u00e7\u00e3o:<\/strong><\/span> at\u00e9 11\/05\/14<\/p>\n\n\n\n<h2 class=\"wp-block-heading\" id=\"polcia-civil-do-piau-\">POL\u00cdCIA CIVIL DO PIAU\u00cd <\/h2>\n\n\n\n<p class=\"wp-block-paragraph\"><span style=\"color: #000000;\"><strong>N\u00famero de vagas:<\/strong> <\/span>40<br><span style=\"color: #000000;\"><strong>Sal\u00e1rio:<\/strong><\/span> R$ 10.914,54<br><span style=\"color: #000000;\"><strong>N\u00edvel:<\/strong><\/span> N\u00edvel Superior<br><span style=\"color: #000000;\"><strong>Local:<\/strong> <\/span>Piau\u00ed<br><span style=\"color: #000000;\"><strong>Data da inscri\u00e7\u00e3o:<\/strong><\/span> at\u00e9 02\/05\/14<\/p>\n\n\n\n<h2 class=\"wp-block-heading\" id=\"polcia-civil-de-minas-gerais\"><span style=\"color: #000000;\">POL\u00cdCIA CIVIL DE MINAS GERAIS<\/span><\/h2>\n\n\n\n<p class=\"wp-block-paragraph\"><span style=\"color: #000000;\"><strong>N\u00famero de vagas:<\/strong> <\/span>1000<br><span style=\"color: #000000;\"><strong>Sal\u00e1rio:<\/strong><\/span> R$ 2.766,94<br><span style=\"color: #000000;\"><strong>N\u00edvel:<\/strong><\/span> N\u00edvel Superior<br><span style=\"color: #000000;\"><strong>Local:<\/strong><\/span> Minas Gerais<br><span style=\"color: #000000;\"><strong>Data da inscri\u00e7\u00e3o:<\/strong><\/span> at\u00e9 10\/07\/14<\/p>\n\n\n\n<h2 class=\"wp-block-heading\" id=\"polcia-civil-de-so-paulo-1\">POL\u00cdCIA CIVIL DE S\u00c3O PAULO (1)<\/h2>\n\n\n\n<p class=\"wp-block-paragraph\"><span style=\"color: #000000;\"><strong>N\u00famero de vagas:<\/strong> <\/span>145<br><span style=\"color: #000000;\"><strong>Sal\u00e1rio:<\/strong> <\/span>R$ 3.256,40<br><span style=\"color: #000000;\"><strong>N\u00edvel:<\/strong><\/span> N\u00edvel m\u00e9dio<br><span style=\"color: #000000;\"><strong>Local:<\/strong> <\/span>S\u00e3o Paulo<br><span style=\"color: #000000;\"><strong>Data da inscri\u00e7\u00e3o:<\/strong> <\/span>at\u00e9 06\/06\/14<\/p>\n\n\n\n<h2 class=\"wp-block-heading\" id=\"polcia-civil-de-so-paulo-2\"><span style=\"color: #000000;\">POL\u00cdCIA CIVIL DE S\u00c3O PAULO (2)<\/span><\/h2>\n\n\n\n<p class=\"wp-block-paragraph\"><span style=\"color: #000000;\"><strong>N\u00famero de vagas:<\/strong> <\/span>89<br><span style=\"color: #000000;\"><strong>Sal\u00e1rio:<\/strong> <\/span>R$ 2.635,48<br><span style=\"color: #000000;\"><strong>N\u00edvel:<\/strong> <\/span>N\u00edvel fundamental<br><span style=\"color: #000000;\"><strong>Local:<\/strong> <\/span>S\u00e3o Paulo<br><span style=\"color: #000000;\"><strong>Data da inscri\u00e7\u00e3o:<\/strong><\/span> at\u00e9 30\/06\/14<\/p>\n\n\n\n<h2 class=\"wp-block-heading\" id=\"prefeitura-de-cedro-\"><span style=\"color: #000000;\">PREFEITURA DE CEDRO<\/span> <\/h2>\n\n\n\n<p class=\"wp-block-paragraph\"><span style=\"color: #000000;\"><strong>N\u00famero de vagas:<\/strong> <\/span>208<br><span style=\"color: #000000;\"><strong>Sal\u00e1rio<\/strong><\/span>: R$ 8.500<br><span style=\"color: #000000;\"><strong>N\u00edvel:<\/strong> <\/span>Todos os n\u00edveis<br><span style=\"color: #000000;\"><strong>Local:<\/strong> <\/span>Cedro<br><span style=\"color: #000000;\"><strong>Data da inscri\u00e7\u00e3o:<\/strong><\/span> at\u00e9 07\/05\/14<\/p>\n\n\n\n<h2 class=\"wp-block-heading\" id=\"secretaria-de-sade-do-distritio-federal-\">SECRETARIA DE SA\u00daDE DO DISTRITIO FEDERAL <\/h2>\n\n\n\n<p class=\"wp-block-paragraph\"><span style=\"color: #000000;\"><strong>N\u00famero de vagas:<\/strong> <\/span>460<br><span style=\"color: #000000;\"><strong>Sal\u00e1rio:<\/strong><\/span> R$ 1.620<br><span style=\"color: #000000;\"><strong>N\u00edvel:<\/strong> <\/span>N\u00edvel m\u00e9dio<br><span style=\"color: #000000;\"><strong>Local:<\/strong> <\/span>Distrito Federal<br><span style=\"color: #000000;\"><strong>Data da inscri\u00e7\u00e3o:<\/strong><\/span> at\u00e9 08\/05\/14<\/p>\n\n\n\n<h2 class=\"wp-block-heading\" id=\"companhia-paulista-de-trens-metropolitanos-cptm\"><span style=\"color: #000000;\">COMPANHIA PAULISTA DE TRENS METROPOLITANOS (CPTM)<\/span><\/h2>\n\n\n\n<p class=\"wp-block-paragraph\"><span style=\"color: #000000;\"><strong>N\u00famero de vagas:<\/strong><\/span> 15<br><span style=\"color: #000000;\"><strong>Sal\u00e1rio:<\/strong> <\/span>R$ 5.517,80<br><span style=\"color: #000000;\"><strong>N\u00edvel:<\/strong> <\/span>Todos os n\u00edveis<br><span style=\"color: #000000;\"><strong>Local:<\/strong> <\/span>S\u00e3o Paulo<br><span style=\"color: #000000;\"><strong>Data da inscri\u00e7\u00e3o:<\/strong> <\/span>at\u00e9 30\/04\/2014<\/p>\n\n\n\n<h2 class=\"wp-block-heading\" id=\"detran-do-mato-grosso-do-sul\"><span style=\"color: #000000;\">DETRAN DO MATO GROSSO DO SUL<\/span><\/h2>\n\n\n\n<p class=\"wp-block-paragraph\"><span style=\"color: #000000;\"><strong>N\u00famero de vagas:<\/strong> <\/span>190<br><span style=\"color: #000000;\"><strong>Sal\u00e1rio:<\/strong> <\/span>R$ 2.942,49<br><span style=\"color: #000000;\"><strong>N\u00edvel:<\/strong> <\/span>M\u00e9dio e Superior<br><span style=\"color: #000000;\"><strong>Local:<\/strong><\/span> Mato Grosso do Sul<br><span style=\"color: #000000;\"><strong>Data da inscri\u00e7\u00e3o:<\/strong><\/span> at\u00e9 30\/04\/2014<br><\/p>\n\n\n\n<h2 class=\"wp-block-heading\" id=\"estrada-de-ferro-campos-do-jordo\"><span style=\"color: #000000;\">ESTRADA DE FERRO CAMPOS DO JORD\u00c3O<\/span><\/h2>\n\n\n\n<h4 class=\"wp-block-heading\"><span style=\"color: #000000;\"><strong>N\u00famero de vagas:<\/strong> <\/span>178<br><span style=\"color: #000000;\"><strong>Sal\u00e1rio:<\/strong><\/span> R$ 2.600<br><strong>N\u00edvel:<\/strong> n\u00edveis m\u00e9dio\/ t\u00e9cnico e superior<br><span style=\"color: #000000;\"><strong>Local:<\/strong> <\/span>Campos do Jord\u00e3o<br><span style=\"color: #000000;\"><strong>Data da inscri\u00e7\u00e3o:<\/strong> <\/span>at\u00e9 22\/04\/2014<br><\/h4>\n\n\n\n<h2 class=\"wp-block-heading\" id=\"fundao-parque-zoolgico-de-so-paulo\">FUNDA\u00c7\u00c3O PARQUE ZOOL\u00d3GICO DE S\u00c3O PAULO<\/h2>\n\n\n\n<p class=\"wp-block-paragraph\"><span style=\"color: #000000;\"><strong>N\u00famero de vagas:<\/strong><\/span> 17<br><span style=\"color: #000000;\"><strong>Sal\u00e1rio:<\/strong> <\/span>R$ 1.516<br><span style=\"color: #000000;\"><strong>N\u00edvel:<\/strong> <\/span>Fundamental, m\u00e9dio e t\u00e9cnico<br><span style=\"color: #000000;\"><strong>Local:<\/strong> <\/span>S\u00e3o Paulo<br><span style=\"color: #000000;\"><strong>Data da inscri\u00e7\u00e3o:<\/strong><\/span> at\u00e9 30\/04\/2014<br><\/p>\n\n\n\n<p class=\"wp-block-paragraph\"><\/p>","protected":false},"excerpt":{"rendered":"<p>\u00a0Confira a sele\u00e7\u00e3o\u00a0de editais para concursos p\u00fablicos\u00a0selecionados pela Nova concursos: BANCO DO NORDESTE N\u00famero de vagas: 12Sal\u00e1rio: R$ 2.043,36|N\u00edvel: N\u00edvel m\u00e9dioLocal: Alagoas, Bahia, Cear\u00e1, Esp\u00edrito Santo, Maranh\u00e3o, Minas Gerais, Para\u00edba, Pernambuco, Piau\u00ed, RIo Grande do Norte e SergipeData da inscri\u00e7\u00e3o: At\u00e9 08\/05\/14 COMPANHIA NACIONAL DE ABASTECIMENTO (CONAB) N\u00famero de vagas: 396 e cadastro reserva|Sal\u00e1rio: R$ [&hellip;]<\/p>\n","protected":false},"author":16,"featured_media":6315,"comment_status":"closed","ping_status":"closed","sticky":false,"template":"","format":"standard","meta":{"_acf_changed":false,"footnotes":"","_wp_rev_ctl_limit":""},"categories":[228],"tags":[6480,461,462,464,465,466,467,468],"class_list":["post-7594","post","type-post","status-publish","format-standard","has-post-thumbnail","hentry","category-noticias","tag-dicas-de-edital","tag-editais","tag-editais-2014","tag-editais-para-concurso","tag-edital","tag-edital-2014","tag-edital-para-concurso","tag-lista-edital"],"acf":[],"_links":{"self":[{"href":"https:\/\/www.novaconcursos.com.br\/portal\/wp-json\/wp\/v2\/posts\/7594","targetHints":{"allow":["GET"]}}],"collection":[{"href":"https:\/\/www.novaconcursos.com.br\/portal\/wp-json\/wp\/v2\/posts"}],"about":[{"href":"https:\/\/www.novaconcursos.com.br\/portal\/wp-json\/wp\/v2\/types\/post"}],"author":[{"embeddable":true,"href":"https:\/\/www.novaconcursos.com.br\/portal\/wp-json\/wp\/v2\/users\/16"}],"replies":[{"embeddable":true,"href":"https:\/\/www.novaconcursos.com.br\/portal\/wp-json\/wp\/v2\/comments?post=7594"}],"version-history":[{"count":4,"href":"https:\/\/www.novaconcursos.com.br\/portal\/wp-json\/wp\/v2\/posts\/7594\/revisions"}],"predecessor-version":[{"id":279863,"href":"https:\/\/www.novaconcursos.com.br\/portal\/wp-json\/wp\/v2\/posts\/7594\/revisions\/279863"}],"wp:featuredmedia":[{"embeddable":true,"href":"https:\/\/www.novaconcursos.com.br\/portal\/wp-json\/wp\/v2\/media\/6315"}],"wp:attachment":[{"href":"https:\/\/www.novaconcursos.com.br\/portal\/wp-json\/wp\/v2\/media?parent=7594"}],"wp:term":[{"taxonomy":"category","embeddable":true,"href":"https:\/\/www.novaconcursos.com.br\/portal\/wp-json\/wp\/v2\/categories?post=7594"},{"taxonomy":"post_tag","embeddable":true,"href":"https:\/\/www.novaconcursos.com.br\/portal\/wp-json\/wp\/v2\/tags?post=7594"}],"curies":[{"name":"wp","href":"https:\/\/api.w.org\/{rel}","templated":true}]}}