{"id":76590,"date":"2023-02-21T08:00:29","date_gmt":"2023-02-21T11:00:29","guid":{"rendered":"http:\/\/www.novaconcursos.com.br\/portal\/?post_type=nc-public-tender&#038;p=76590"},"modified":"2024-12-16T09:44:16","modified_gmt":"2024-12-16T12:44:16","slug":"concurso-prefeitura-de-leme-sp","status":"publish","type":"post","link":"https:\/\/www.novaconcursos.com.br\/portal\/concursos\/concurso-prefeitura-de-leme-sp\/","title":{"rendered":"Concurso Prefeitura de Leme SP: Edital publicado. At\u00e9 R$ 5,2 mil!"},"content":{"rendered":"<p>Editais do concurso\u00a0<strong>Prefeitura de Leme (SP) <\/strong>publicados!<\/p>\n\n\n\n<p>S\u00e3o ofertadas vagas para <strong>n\u00edveis m\u00e9dio e superior<\/strong> de escolaridade. A Guarda Civil Municipal foi uma das contempladas com oportunidades.<\/p>\n\n\n\n<p><strong>Resumo do edital<\/strong><\/p>\n\n\n\n<ul class=\"wp-block-list\"><li>Vagas: 26<\/li>\n\n\n\n<li>Cargos: Diversos<\/li>\n\n\n\n<li>Escolaridade: N\u00edveis m\u00e9dio e superior<\/li>\n\n\n\n<li>Banca: RBO Concursos<\/li>\n\n\n\n<li>Sal\u00e1rio: de R$ 1.664,82 at\u00e9 R$ 5.200,59<\/li>\n\n\n\n<li>Per\u00edodo de inscri\u00e7\u00f5es: de 13\/02\/2023 at\u00e9 17\/03\/2023<\/li>\n\n\n\n<li>Taxas: R$ 50,00 e R$ 80,00<\/li>\n\n\n\n<li>Provas: 23\/04\/2023 e 30\/04\/2023<\/li>\n<\/ul><p>Se interessou? \u00c9 s\u00f3 continuar nesta p\u00e1gina para acompanhar todas as informa\u00e7\u00f5es!<\/p>\n\n\n\n<h2 class=\"wp-block-heading\" id=\"como-fazer-a-inscrio-no-concurso-prefeitura-de-leme-sp-2023\">Como fazer a inscri\u00e7\u00e3o no concurso Prefeitura de Leme (SP) 2023?<\/h2>\n\n\n\n<p>As inscri\u00e7\u00f5es est\u00e3o abertas! Os interessados podem se inscrever at\u00e9 o dia 17 de mar\u00e7o de 2023 por meio do site da <a href=\"https:\/\/concursosrbo.com.br\/Paginas\/Projetos.aspx?id=2\" target=\"_blank\" rel=\"noopener noreferrer\">RBO Concursos<\/a>, banca organizadora do certame.<\/p>\n\n\n\n<p>As\u00a0<strong>taxas de inscri\u00e7\u00e3o<\/strong>, que poder\u00e3o ser pagas at\u00e9 o dia 20 de mar\u00e7o de 2023, foram fixadas nos seguintes valores:<\/p>\n\n\n\n<ul class=\"wp-block-list\"><li>N\u00edvel M\u00e9dio: R$ 50,00<\/li>\n\n\n\n<li>N\u00edvel Superior: R$ 80,00<\/li>\n<\/ul><p>Vale destacar que havia possibilidade de\u00a0<strong>isen\u00e7\u00e3o\u00a0<\/strong>do valor. No entanto, o per\u00edodo para a solicita\u00e7\u00e3o do benef\u00edcio j\u00e1 foi encerrado.<\/p>\n\n\n\n<p>Estude para o concurso dos seus sonhos com o\u00a0<strong>M\u00e9todo<\/strong>\u00a0que j\u00e1 ajudou na\u00a0<strong>aprova\u00e7\u00e3o de mais de 70 mil alunos<\/strong>.\u00a0<a class=\"c-link\" href=\"https:\/\/www.novaconcursos.com.br\/eventos\/assinatura?promo_creative=Clique+aqui&amp;promo_name=concurso&amp;promo_id=%2Fportal%2Fconcursos%2Fconcurso-uespi-edital-autorizado-160-vagas&amp;promo_position=corpo-texto\" target=\"_blank\" rel=\"noopener noreferrer\" data-stringify-link=\"https:\/\/www.novaconcursos.com.br\/eventos\/assinatura?promo_creative=Clique+aqui&amp;promo_name=concurso&amp;promo_id=%2Fportal%2Fconcursos%2Fconcurso-uespi-edital-autorizado-160-vagas&amp;promo_position=corpo-texto\" data-sk=\"tooltip_parent\">Clique aqui<\/a>e saiba mais!<\/p>\n\n\n\n<h2 class=\"wp-block-heading\" id=\"vagas-cargos-e-salrios\">Vagas, cargos e sal\u00e1rios<\/h2>\n\n\n\n<p>A Prefeitura de Leme, munic\u00edpio <a href=\"https:\/\/www.novaconcursos.com.br\/portal\/concursos-abertos\/sp\/\">paulista<\/a>, publicou dois editais para preenchimento de 26 vac\u00e2ncias.<\/p>\n\n\n\n<p>O <strong>primeiro edital<\/strong> oferta 15 vagas para\u00a0<strong>Guarda Civil Municipal 3\u00aa Classe<\/strong>. Do total de oportunidades, 2 s\u00e3o reservadas a candidatas mulheres e 1 a pessoa com defici\u00eancia (PcD).<\/p>\n\n\n\n<p>O\u00a0<strong>sal\u00e1rio <\/strong>dos Guardas ser\u00e1 de R$ 1.664,82 para 180 horas mensais.<\/p>\n\n\n\n<p>Vale destacar, no entanto, que, ap\u00f3s a posse, entra em vigor o Regime Especial de Trabalho, que <strong>acresce<\/strong> o correspondente a 30%, bem como o adicional de periculosidade, de 40%.<\/p>\n\n\n\n<p>Para concorrer \u00e0 <strong>GCM<\/strong>, \u00e9 necess\u00e1rio ter:<\/p>\n\n\n\n<ul class=\"wp-block-list\"><li>o ensino m\u00e9dio completo;<\/li>\n\n\n\n<li>CNH AB;<\/li>\n\n\n\n<li>altura m\u00ednima de 1,65 m (mulher) e 1,70 m (homem);<\/li>\n\n\n\n<li>idade m\u00ednima de 18 e m\u00e1xima de 35 anos.<\/li>\n<\/ul><p>J\u00e1 o <strong>segundo edital<\/strong> conta com oferta de 11 vagas para cargos de <strong>n\u00edveis m\u00e9dio e superior<\/strong>. Veja:<\/p>\n\n\n\n<p><strong>N\u00edvel M\u00e9dio<\/strong><\/p>\n\n\n\n<ul class=\"wp-block-list\"><li>Monitor de Educa\u00e7\u00e3o (1).<\/li>\n\n\n\n<li><strong>Sal\u00e1rio: R$ 1.827,77<\/strong><\/li>\n<\/ul><p><strong>N\u00edvel Superior<\/strong><\/p>\n\n\n\n<ul class=\"wp-block-list\"><li>Diretor de Escola (1).*<\/li>\n\n\n\n<li><strong>Sal\u00e1rio: R$ 5.200,59<\/strong><\/li>\n<\/ul><p>*Necess\u00e1rio possuir, al\u00e9m de gradua\u00e7\u00e3o em Pedagogia, p\u00f3s-gradua\u00e7\u00e3o em Gest\u00e3o Escolar ou em Administra\u00e7\u00e3o na \u00e1rea da Educa\u00e7\u00e3o + experi\u00eancia de sete anos em fun\u00e7\u00f5es docentes ou de cinco anos em fun\u00e7\u00f5es de suporte pedag\u00f3gico.<\/p>\n\n\n\n<ul class=\"wp-block-list\"><li>Fonoaudi\u00f3logo (1);<\/li>\n\n\n\n<li>Terapeuta Ocupacional (1).<\/li>\n\n\n\n<li><strong>Sal\u00e1rio: R$ 2.886,89<\/strong><\/li>\n<\/ul><ul class=\"wp-block-list\"><li>Professor de Educa\u00e7\u00e3o B\u00e1sica I \u2013 PEB I (1);<\/li>\n\n\n\n<li>Professor de Educa\u00e7\u00e3o B\u00e1sica II \u2013 PEB II\n<ul class=\"wp-block-list\"><li>Ci\u00eancias (1);<\/li>\n\n\n\n<li>Educa\u00e7\u00e3o Especial (1);<\/li>\n\n\n\n<li>Educa\u00e7\u00e3o F\u00edsica (1);<\/li>\n\n\n\n<li>Espanhol (1);<\/li>\n\n\n\n<li>Ingl\u00eas (1).<\/li>\n<\/ul><\/li>\n\n\n\n<li><strong>Sal\u00e1rio: R$2.826,67<\/strong><\/li>\n<\/ul><ul class=\"wp-block-list\"><li>Professor Substituto (1).<\/li>\n\n\n\n<li><strong>Sal\u00e1rio: R$ 2.558,35<\/strong><\/li>\n<\/ul><ul class=\"wp-block-list\"><li><strong>Confira: <\/strong><a href=\"https:\/\/www.novaconcursos.com.br\/curso-online\/concursos-de-prefeituras?q=prefeituras\" target=\"_blank\" rel=\"noopener noreferrer\">Curso Online Concursos de Prefeituras<\/a><\/li>\n<\/ul><p>A\u00a0<strong>jornada de trabalho\u00a0<\/strong>dos aprovados ir\u00e1 variar entre 28 e 40 horas semanais.<\/p>\n\n\n\n<p>J\u00e1 a\u00a0<strong>validade\u00a0<\/strong>dos certames ser\u00e1 de dois anos, prazo que poder\u00e1 ser prorrogado por igual per\u00edodo.<\/p>\n\n\n\n<h2 class=\"wp-block-heading\" id=\"requisitos\">Requisitos<\/h2>\n\n\n\n<p>Veja quais s\u00e3o os <strong>requisitos b\u00e1sicos\u00a0<\/strong>necess\u00e1rios para a investidura em qualquer um dos cargos:<\/p>\n\n\n\n<ul class=\"wp-block-list\"><li>Ter nacionalidade brasileira ou portuguesa (amparada pelo Estatuto de Igualdade entre Brasileiros e Portugueses);<\/li>\n\n\n\n<li>No caso do sexo masculino, estar em dia com o Servi\u00e7o Militar;<\/li>\n\n\n\n<li>Ser eleitor e estar quite com a Justi\u00e7a Eleitoral;<\/li>\n\n\n\n<li>Ter, no m\u00ednimo, 18 anos;<\/li>\n\n\n\n<li>Ter aptid\u00e3o f\u00edsica e mental e n\u00e3o possuir defici\u00eancia f\u00edsica incompat\u00edvel com o exerc\u00edcio do cargo, comprovada em inspe\u00e7\u00e3o realizada pelo Servi\u00e7o M\u00e9dico indicado pela Prefeitura do Munic\u00edpio de Leme;<\/li>\n\n\n\n<li>N\u00e3o ter sofrido, se funcion\u00e1rio p\u00fablico, quando do exerc\u00edcio de cargo p\u00fablico, emprego p\u00fablico ou fun\u00e7\u00e3o p\u00fablica, a pena de expuls\u00e3o, demiss\u00e3o a bem do servi\u00e7o p\u00fablico ou por justa causa;<\/li>\n\n\n\n<li>N\u00e3o estar, no ato da posse, incompatibilizado para nova nomea\u00e7\u00e3o em novo cargo;<\/li>\n\n\n\n<li>N\u00e3o possuir antecedentes criminais;<\/li>\n\n\n\n<li>N\u00e3o estar com idade de aposentadoria compuls\u00f3ria;<\/li>\n\n\n\n<li>N\u00e3o receber proventos de aposentadoria ou remunera\u00e7\u00e3o de cargo, emprego ou fun\u00e7\u00e3o p\u00fablica, ressalvados os cargos acumul\u00e1veis previstos na Constitui\u00e7\u00e3o Federal.<\/li>\n<\/ul><p>Vale ressaltar que \u00e9 importante observar os\u00a0<strong>requisitos de escolaridade\u00a0<\/strong>exigidos por cada carreira.<\/p>\n\n\n\n<h2 class=\"wp-block-heading\" id=\"etapas-e-provas-do-concurso-pblico-leme-sp-2023\">Etapas e provas do concurso p\u00fablico Leme (SP) 2023<\/h2>\n\n\n\n<p>Veja, nos quadros a seguir, as etapas componentes do <a href=\"https:\/\/www.novaconcursos.com.br\/portal\/concursos-previstos\/sp\/\">concurso<\/a>, que ir\u00e3o variar conforme o cargo pretendido:<\/p>\n\n\n\n<figure class=\"wp-block-image\"><a href=\"https:\/\/www.novaconcursos.com.br\/portal\/wp-content\/uploads\/2018\/10\/imagem_2023-02-21_135420944.png\"><img decoding=\"async\" width=\"901\" height=\"189\" src=\"https:\/\/www.novaconcursos.com.br\/portal\/wp-content\/uploads\/2018\/10\/imagem_2023-02-21_135420944.png\" alt=\"\" class=\"wp-image-186492\" loading=\"lazy\" title=\"\" srcset=\"https:\/\/www.novaconcursos.com.br\/portal\/wp-content\/uploads\/2018\/10\/imagem_2023-02-21_135420944-300x63.png 300w, https:\/\/www.novaconcursos.com.br\/portal\/wp-content\/uploads\/2018\/10\/imagem_2023-02-21_135420944.png 901w\" sizes=\"auto, (max-width: 480px) 100vw, (max-width: 768px) 100vw, (max-width: 1200px) 70vw, 768px\"><\/a><\/figure><figure class=\"wp-block-image\"><a href=\"https:\/\/www.novaconcursos.com.br\/portal\/wp-content\/uploads\/2018\/10\/imagem_2023-02-21_135454522.png\"><img decoding=\"async\" width=\"798\" height=\"129\" src=\"https:\/\/www.novaconcursos.com.br\/portal\/wp-content\/uploads\/2018\/10\/imagem_2023-02-21_135454522.png\" alt=\"\" class=\"wp-image-186493\" loading=\"lazy\" title=\"\" srcset=\"https:\/\/www.novaconcursos.com.br\/portal\/wp-content\/uploads\/2018\/10\/imagem_2023-02-21_135454522-300x48.png 300w, https:\/\/www.novaconcursos.com.br\/portal\/wp-content\/uploads\/2018\/10\/imagem_2023-02-21_135454522.png 798w\" sizes=\"auto, (max-width: 480px) 100vw, (max-width: 768px) 100vw, (max-width: 1200px) 70vw, 768px\"><\/a><\/figure><figure class=\"wp-block-image\"><a href=\"https:\/\/www.novaconcursos.com.br\/portal\/wp-content\/uploads\/2018\/10\/imagem_2023-02-21_135510155.png\"><img decoding=\"async\" width=\"802\" height=\"304\" src=\"https:\/\/www.novaconcursos.com.br\/portal\/wp-content\/uploads\/2018\/10\/imagem_2023-02-21_135510155.png\" alt=\"\" class=\"wp-image-186494\" loading=\"lazy\" title=\"\" srcset=\"https:\/\/www.novaconcursos.com.br\/portal\/wp-content\/uploads\/2018\/10\/imagem_2023-02-21_135510155-300x114.png 300w, https:\/\/www.novaconcursos.com.br\/portal\/wp-content\/uploads\/2018\/10\/imagem_2023-02-21_135510155.png 802w\" sizes=\"auto, (max-width: 480px) 100vw, (max-width: 768px) 100vw, (max-width: 1200px) 70vw, 768px\"><\/a><\/figure><p>Confira, tamb\u00e9m, as <strong>datas de aplica\u00e7\u00e3o <\/strong>das provas objetivas, eliminat\u00f3rias e classificat\u00f3rias, que ter\u00e3o dura\u00e7\u00e3o de tr\u00eas horas para todos os candidatos:<\/p>\n\n\n\n<ul class=\"wp-block-list\"><li>Guarda Civil Municipal:\u00a0<strong>23\/04\/2023<\/strong><\/li>\n\n\n\n<li>Demais cargos:\u00a0<strong>30\/04\/2023<\/strong><\/li>\n<\/ul><ul class=\"wp-block-list\"><li><strong>Confira:\u00a0<\/strong><a href=\"https:\/\/www.novaconcursos.com.br\/apostila\/concursos-prefeituras?q=prefeituras\" target=\"_blank\" rel=\"noopener noreferrer\">Apostila Concursos de Prefeituras<\/a><\/li>\n<\/ul><p>O\u00a0<strong>Teste de Aptid\u00e3o F\u00edsica \u2013 TAF <\/strong>(eliminat\u00f3rio e classificat\u00f3rio), por sua vez, aplicado apenas para os candidatos a Guarda, consistir\u00e1 na realiza\u00e7\u00e3o de quatro avalia\u00e7\u00f5es, sendo elas:<\/p>\n\n\n\n<ul class=\"wp-block-list\"><li>Apoio de Frente em 1 minuto (mulher) ou Flex\u00e3o de Bra\u00e7o (homem);<\/li>\n\n\n\n<li>Abdominal em 1 minuto;<\/li>\n\n\n\n<li>Corrida de 12 minutos;<\/li>\n\n\n\n<li>Tiro de 50 metros.<\/li>\n<\/ul><p>J\u00e1 a\u00a0<strong>avalia\u00e7\u00e3o de t\u00edtulos <\/strong>(classificat\u00f3ria), destinada aos concorrentes de n\u00edvel superior, admitir\u00e1 e pontuar\u00e1 as seguintes titula\u00e7\u00f5es:<\/p>\n\n\n\n<figure class=\"wp-block-image\"><a href=\"https:\/\/www.novaconcursos.com.br\/portal\/wp-content\/uploads\/2018\/10\/imagem_2023-02-21_140410218.png\"><img decoding=\"async\" width=\"893\" height=\"257\" src=\"https:\/\/www.novaconcursos.com.br\/portal\/wp-content\/uploads\/2018\/10\/imagem_2023-02-21_140410218.png\" alt=\"\" class=\"wp-image-186495\" loading=\"lazy\" title=\"\" srcset=\"https:\/\/www.novaconcursos.com.br\/portal\/wp-content\/uploads\/2018\/10\/imagem_2023-02-21_140410218-300x86.png 300w, https:\/\/www.novaconcursos.com.br\/portal\/wp-content\/uploads\/2018\/10\/imagem_2023-02-21_140410218.png 893w\" sizes=\"auto, (max-width: 480px) 100vw, (max-width: 768px) 100vw, (max-width: 1200px) 70vw, 768px\"><\/a><\/figure><h2 class=\"wp-block-heading\" id=\"atribuies-dos-cargos\">Atribui\u00e7\u00f5es dos cargos<\/h2>\n\n\n\n<p>Confira, abaixo, algumas das <strong>fun\u00e7\u00f5es\u00a0<\/strong>atribu\u00eddas a cada uma das carreiras ofertadas pelo certame:<\/p>\n\n\n\n<p><strong>Guarda Civil Municipal 3\u00aa Classe<\/strong><\/p>\n\n\n\n<ul class=\"wp-block-list\"><li>Cumprir com efici\u00eancia todas as determina\u00e7\u00f5es de seus superiores hier\u00e1rquicos, legisla\u00e7\u00e3o e atos administrativos que estiverem vinculados, sem preju\u00edzo da iniciativa que lhe couber usar no desempenho de suas fun\u00e7\u00f5es;<\/li>\n\n\n\n<li>Ser ass\u00edduo, destacando-se pela sua apresenta\u00e7\u00e3o pessoal, educa\u00e7\u00e3o, cordialidade, conhecimento e efici\u00eancia na execu\u00e7\u00e3o de suas atividades;<\/li>\n\n\n\n<li>Levar ao conhecimento de seu superior hier\u00e1rquico todas as irregularidades, administrativas ou operacionais, cometidas pelos integrantes da institui\u00e7\u00e3o, acerca das quais tiver conhecimento.<\/li>\n<\/ul><p><strong>Diretor de Escola<\/strong><\/p>\n\n\n\n<ul class=\"wp-block-list\"><li>Implementar na unidade escolar a linha de a\u00e7\u00e3o adotada no Plano de Gest\u00e3o da Escola, observadas as Diretrizes Curriculares Nacionais da Educa\u00e7\u00e3o B\u00e1sica e as orienta\u00e7\u00f5es da Secretaria Municipal de Educa\u00e7\u00e3o;<\/li>\n\n\n\n<li>Propor a proje\u00e7\u00e3o e a cria\u00e7\u00e3o, conforme a demanda, de classes, observados os crit\u00e9rios estabelecidos pela Secretaria Municipal de Educa\u00e7\u00e3o;<\/li>\n\n\n\n<li>Realizar matr\u00edcula e transfer\u00eancia dos alunos de acordo com as normas estabelecidas pela Secretaria Municipal de Educa\u00e7\u00e3o.<\/li>\n<\/ul><p><strong>Fonoaudi\u00f3logo<\/strong><\/p>\n\n\n\n<ul class=\"wp-block-list\"><li>Planejar, executar, acompanhar e controlar os servi\u00e7os de fonoaudiologia, promovendo atividades de assist\u00eancia \u00e0 sa\u00fade;<\/li>\n\n\n\n<li>Atuar com crian\u00e7as da Rede Municipal de Ensino, Educa\u00e7\u00e3o Fundamental e Ensino Infantil (Pr\u00e9-Escola), bem como com crian\u00e7as e adultos na Educa\u00e7\u00e3o Especial;<\/li>\n\n\n\n<li>Executar outras tarefas afins e correlatas.<\/li>\n<\/ul><p><strong>Monitor de Educa\u00e7\u00e3o<\/strong><\/p>\n\n\n\n<ul class=\"wp-block-list\"><li>Participar da execu\u00e7\u00e3o das atividades da Educa\u00e7\u00e3o Infantil e do Ensino Fundamental, em articula\u00e7\u00e3o com a Coordena\u00e7\u00e3o Pedag\u00f3gica, Professores e Diretor de Escola, acompanhando o processo de desenvolvimento do aluno;<\/li>\n\n\n\n<li>Acompanhar e ajudar as crian\u00e7as nas refei\u00e7\u00f5es e em suas necessidades di\u00e1rias, proporcionando sua higiene e seu bem-estar;<\/li>\n\n\n\n<li>Proporcionar \u00e0s crian\u00e7as atividades l\u00fadicas visando ao seu desenvolvimento psicossocial.<\/li>\n<\/ul><p><strong>Professor de Educa\u00e7\u00e3o B\u00e1sica I e II \u2013 PEBs I e II<\/strong><\/p>\n\n\n\n<ul class=\"wp-block-list\"><li>Realizar atividades e ministrar aulas de componentes curriculares da educa\u00e7\u00e3o b\u00e1sica, contemplando os conte\u00fados te\u00f3ricos e pr\u00e1ticos, adequadamente preparados por meio de did\u00e1tica espec\u00edfica para cada fase em que se encontra o aluno;<\/li>\n\n\n\n<li>Acompanhar, orientar e cuidar da higiene pessoal das crian\u00e7as, sendo necess\u00e1rio considerar a depend\u00eancia ou autonomia da crian\u00e7a, respeitando a fase em que se encontra;<\/li>\n\n\n\n<li>Acompanhar as crian\u00e7as na hora das refei\u00e7\u00f5es, orientando-as no processo de alimenta\u00e7\u00e3o.<\/li>\n<\/ul><p><strong>Professor Substituto<\/strong><\/p>\n\n\n\n<ul class=\"wp-block-list\"><li>Comparecer diariamente \u00e0 unidade escolar e nela permanecer no per\u00edodo determinado como jornada de trabalho de seu cargo;<\/li>\n\n\n\n<li>Participar do processo de ensino e aprendizagem da respectiva unidade escolar;<\/li>\n\n\n\n<li>Apoiar os profissionais da educa\u00e7\u00e3o com fun\u00e7\u00f5es docentes, titulares de classe e equipe gestora nas atividades necess\u00e1rias ao atendimento dos alunos.<\/li>\n<\/ul><p><strong>Terapeuta Ocupacional<\/strong><\/p>\n\n\n\n<ul class=\"wp-block-list\"><li>Proceder ao tratamento, desenvolvimento e reabilita\u00e7\u00e3o de pacientes com defici\u00eancia f\u00edsica e\/ou ps\u00edquica, promovendo atividades com fins espec\u00edficos para auxili\u00e1-los na sua recupera\u00e7\u00e3o e integra\u00e7\u00e3o social;<\/li>\n\n\n\n<li>Atuar com crian\u00e7as da Rede Municipal de Ensino, Educa\u00e7\u00e3o Fundamental e Ensino Infantil (Pr\u00e9-Escola), bem como com crian\u00e7as e adultos na Educa\u00e7\u00e3o Especial;<\/li>\n\n\n\n<li>Executar outras tarefas afins e correlatas.<\/li>\n<\/ul><h2 class=\"wp-block-heading\" id=\"sobre-leme-sp\">Sobre Leme (SP)<\/h2>\n\n\n\n<p><a href=\"https:\/\/www.leme.sp.gov.br\" target=\"_blank\" rel=\"noopener noreferrer\">Leme<\/a> \u00e9 um munic\u00edpio paulista pertencente \u00e0 Regi\u00e3o Metropolitana de Piracicaba.<\/p>\n\n\n\n<p>De acordo com as estimativas do IBGE de 2016, sua popula\u00e7\u00e3o \u00e9 de <strong>100.296 habitantes<\/strong> e seu PIB \u00e9 de R$ 2.505.532.<\/p>\n\n\n\n<p>Quem visitar a cidade, pode <strong>conhecer<\/strong> o Lago Municipal Dr. Enni Jorge Draib, o Museu Hist\u00f3rico Municipal Prof. Celso Zoega Taboas e o Parque Ecol\u00f3gico Mour\u00e3o, entre outros pontos.<\/p>\n\n\n\n<p>Ademais, seus atuais\u00a0<strong>prefeito e vice-prefeito\u00a0<\/strong>s\u00e3o, respectivamente, Claudemir Aparecido Borges e Francisco Geraldo Pinheiro.<\/p>","protected":false},"excerpt":{"rendered":"<p>Editais do concurso\u00a0Prefeitura de Leme &#8211; SP\u00a0publicados!<\/p>\n<p>S\u00e3o ofertadas vagas para n\u00edveis m\u00e9dio e superior de escolaridade. A Guarda Civil Municipal foi uma das contempladas com oportunidades.\u00a0<\/p>\n","protected":false},"author":16,"featured_media":186513,"comment_status":"closed","ping_status":"closed","sticky":false,"template":"","format":"standard","meta":{"_acf_changed":false,"footnotes":"","_wp_rev_ctl_limit":""},"categories":[44999],"tags":[],"class_list":["post-76590","post","type-post","status-publish","format-standard","has-post-thumbnail","hentry","category-concursos"],"acf":[],"_links":{"self":[{"href":"https:\/\/www.novaconcursos.com.br\/portal\/wp-json\/wp\/v2\/posts\/76590","targetHints":{"allow":["GET"]}}],"collection":[{"href":"https:\/\/www.novaconcursos.com.br\/portal\/wp-json\/wp\/v2\/posts"}],"about":[{"href":"https:\/\/www.novaconcursos.com.br\/portal\/wp-json\/wp\/v2\/types\/post"}],"author":[{"embeddable":true,"href":"https:\/\/www.novaconcursos.com.br\/portal\/wp-json\/wp\/v2\/users\/16"}],"replies":[{"embeddable":true,"href":"https:\/\/www.novaconcursos.com.br\/portal\/wp-json\/wp\/v2\/comments?post=76590"}],"version-history":[{"count":14,"href":"https:\/\/www.novaconcursos.com.br\/portal\/wp-json\/wp\/v2\/posts\/76590\/revisions"}],"predecessor-version":[{"id":264543,"href":"https:\/\/www.novaconcursos.com.br\/portal\/wp-json\/wp\/v2\/posts\/76590\/revisions\/264543"}],"wp:featuredmedia":[{"embeddable":true,"href":"https:\/\/www.novaconcursos.com.br\/portal\/wp-json\/wp\/v2\/media\/186513"}],"wp:attachment":[{"href":"https:\/\/www.novaconcursos.com.br\/portal\/wp-json\/wp\/v2\/media?parent=76590"}],"wp:term":[{"taxonomy":"category","embeddable":true,"href":"https:\/\/www.novaconcursos.com.br\/portal\/wp-json\/wp\/v2\/categories?post=76590"},{"taxonomy":"post_tag","embeddable":true,"href":"https:\/\/www.novaconcursos.com.br\/portal\/wp-json\/wp\/v2\/tags?post=76590"}],"curies":[{"name":"wp","href":"https:\/\/api.w.org\/{rel}","templated":true}]}}