{"id":77386,"date":"2018-11-09T09:00:41","date_gmt":"2018-11-09T11:00:41","guid":{"rendered":"https:\/\/www.novaconcursos.com.br\/portal\/?p=77386"},"modified":"2018-11-09T10:31:13","modified_gmt":"2018-11-09T12:31:13","slug":"e-o-edital-da-prf-esta-chegando","status":"publish","type":"post","link":"https:\/\/www.novaconcursos.com.br\/portal\/noticias\/e-o-edital-da-prf-esta-chegando\/","title":{"rendered":"E o edital da PRF? Est\u00e1 Chegando!"},"content":{"rendered":"<p><strong>Cad\u00ea o edital da PRF?<\/strong> A expectativa era pela publica\u00e7\u00e3o entre os dias 05 e 06 de novembro, por\u00e9m, acabou n\u00e3o acontecendo.<\/p>\n<p>Calma! N\u00e3o \u00e9 motivo pra p\u00e2nico, ao contr\u00e1rio, teremos mais alguns preciosos dias de prepara\u00e7\u00e3o pr\u00e9-edital.<\/p>\n<p>O motivo do atraso da <span style=\"text-decoration: underline; color: #3366ff;\"><a style=\"color: #3366ff; text-decoration: underline;\" href=\"https:\/\/www.novaconcursos.com.br\/portal\/concursos\/concurso-prf\/\" target=\"_blank\" rel=\"noopener noreferrer\">publica\u00e7\u00e3o do edital da PRF<\/a><\/span> \u00e9 a falta de defini\u00e7\u00e3o de um cronograma espec\u00edfico com as datas de todas as etapas do concurso, pois, fora esse detalhe, n\u00e3o h\u00e1 nenhum outro entrave para a publica\u00e7\u00e3o.<\/p>\n<p>Na \u00faltima ter\u00e7a-feira (dia 6), a Assessoria de Imprensa da PRF informou que <strong>\u201cainda n\u00e3o h\u00e1 cronograma definido\u201d<\/strong>. Al\u00e9m disso, informaram tamb\u00e9m que est\u00e3o trabalhando com o m\u00e1ximo de celeridade poss\u00edvel para concluir todos os tr\u00e2mites necess\u00e1rios para a publica\u00e7\u00e3o do edital, \u201cpor uma quest\u00e3o de efetivo\u201d, tamanha a necessidade de novos Policiais Rodovi\u00e1rios Federais.<\/p>\n<p>Al\u00e9m disso, <strong>temos mais motivos pra voc\u00eas se animarem!<\/strong> Sabemos que o pr\u00f3ximo edital oferecer\u00e1 <span style=\"text-decoration: underline; color: #3366ff;\"><a style=\"color: #3366ff; text-decoration: underline;\" href=\"https:\/\/www.novaconcursos.com.br\/portal\/concursos\/concurso-prf\/\" target=\"_blank\" rel=\"noopener noreferrer\">500 vagas para a PRF<\/a><\/span>, todavia, o d\u00e9ficit da corpora\u00e7\u00e3o \u00e9 muito maior, aumentando (e muito!) as chances de um segundo concurso p\u00fablico em breve.<\/p>\n<p>Segundo a federa\u00e7\u00e3o, seriam necess\u00e1rias ao menos 3 mil vagas para afastar o d\u00e9ficit atual.<\/p>\n<p>Para completar a boa not\u00edcia, pelas redes sociais o Diretor-geral da PRF, Renato Borges Dias, ao ser questionando se h\u00e1 data para outro concurso p\u00fablico ap\u00f3s a publica\u00e7\u00e3o do edital iminente, respondeu que est\u00e1 <strong>\u201cno forno\u201d<\/strong>, confirmando o que j\u00e1 fal\u00e1vamos sobre a possibilidade de mais de um concurso p\u00fablico para a PRF para 2019.<\/p>\n<p><img decoding=\"async\" class=\"aligncenter wp-image-77387\" src=\"https:\/\/www.novaconcursos.com.br\/portal\/wp-content\/uploads\/2018\/11\/prf-concurso-2019.png\" alt=\"prf-concurso-2019\" width=\"600\" height=\"446\" loading=\"lazy\" title=\"\" srcset=\"https:\/\/www.novaconcursos.com.br\/portal\/wp-content\/uploads\/2018\/11\/prf-concurso-2019-300x223.png 300w, https:\/\/www.novaconcursos.com.br\/portal\/wp-content\/uploads\/2018\/11\/prf-concurso-2019.png 669w\" sizes=\"auto, (max-width: 480px) 100vw, (max-width: 768px) 100vw, (max-width: 1200px) 70vw, 768px\"><\/p>\n<p>Na \u00faltima quinta-feira (31\/10), fiz uma <span style=\"text-decoration: underline; color: #3366ff;\"><a style=\"color: #3366ff; text-decoration: underline;\" href=\"https:\/\/www.youtube.com\/watch?v=Mao_NHwJ2wM\" target=\"_blank\" rel=\"noopener noreferrer\">an\u00e1lise pr\u00e9-edital<\/a><\/span>, onde abordei os seguintes temas:<\/p>\n<p>\u2013 O que esperar desse novo certame;<br>\n\u2013 Aproveitamento de estudos de outros concursos: (MPU, PF, PC-DF, PC-SP, PC-MG\u2026)<br>\n\u2013 Estat\u00edsticas do concurso anterior;<br>\n\u2013 Materiais gratuitos;<br>\n\u2013 E muitas outras surpresas;<\/p>\n<p style=\"text-align: center;\"><iframe loading=\"lazy\" src=\"https:\/\/www.youtube.com\/embed\/Mao_NHwJ2wM\" width=\"560\" height=\"315\" frameborder=\"0\" allowfullscreen=\"allowfullscreen\"><\/iframe><\/p>\n<p>Ent\u00e3o n\u00e3o h\u00e1 tempo a perder! Vale a pena continuar se preparando para a PRF com for\u00e7a m\u00e1xima pois tudo indica que teremos mais de um edital (al\u00e9m do pr\u00f3ximo que ser\u00e1 publicado em breve), com n\u00famero de vagas expressivo.<\/p>\n<p>Conte conosco!<\/p>","protected":false},"excerpt":{"rendered":"<p>Cad\u00ea o edital da PRF? A expectativa era pela publica\u00e7\u00e3o entre os dias 05 e 06 de novembro, por\u00e9m, acabou n\u00e3o acontecendo. Calma! N\u00e3o \u00e9 motivo pra p\u00e2nico, ao contr\u00e1rio, teremos mais alguns preciosos dias de prepara\u00e7\u00e3o pr\u00e9-edital. O motivo do atraso da publica\u00e7\u00e3o do edital da PRF \u00e9 a falta de defini\u00e7\u00e3o de um [&hellip;]<\/p>\n","protected":false},"author":49888,"featured_media":0,"comment_status":"closed","ping_status":"closed","sticky":false,"template":"","format":"standard","meta":{"_acf_changed":false,"footnotes":"","_wp_rev_ctl_limit":""},"categories":[228],"tags":[6524,8018],"class_list":["post-77386","post","type-post","status-publish","format-standard","hentry","category-noticias","tag-concurso-prf","tag-prf"],"acf":[],"_links":{"self":[{"href":"https:\/\/www.novaconcursos.com.br\/portal\/wp-json\/wp\/v2\/posts\/77386","targetHints":{"allow":["GET"]}}],"collection":[{"href":"https:\/\/www.novaconcursos.com.br\/portal\/wp-json\/wp\/v2\/posts"}],"about":[{"href":"https:\/\/www.novaconcursos.com.br\/portal\/wp-json\/wp\/v2\/types\/post"}],"author":[{"embeddable":true,"href":"https:\/\/www.novaconcursos.com.br\/portal\/wp-json\/wp\/v2\/users\/49888"}],"replies":[{"embeddable":true,"href":"https:\/\/www.novaconcursos.com.br\/portal\/wp-json\/wp\/v2\/comments?post=77386"}],"version-history":[{"count":7,"href":"https:\/\/www.novaconcursos.com.br\/portal\/wp-json\/wp\/v2\/posts\/77386\/revisions"}],"predecessor-version":[{"id":77446,"href":"https:\/\/www.novaconcursos.com.br\/portal\/wp-json\/wp\/v2\/posts\/77386\/revisions\/77446"}],"wp:attachment":[{"href":"https:\/\/www.novaconcursos.com.br\/portal\/wp-json\/wp\/v2\/media?parent=77386"}],"wp:term":[{"taxonomy":"category","embeddable":true,"href":"https:\/\/www.novaconcursos.com.br\/portal\/wp-json\/wp\/v2\/categories?post=77386"},{"taxonomy":"post_tag","embeddable":true,"href":"https:\/\/www.novaconcursos.com.br\/portal\/wp-json\/wp\/v2\/tags?post=77386"}],"curies":[{"name":"wp","href":"https:\/\/api.w.org\/{rel}","templated":true}]}}