{"id":77675,"date":"2018-11-13T17:07:25","date_gmt":"2018-11-13T19:07:25","guid":{"rendered":"https:\/\/www.novaconcursos.com.br\/portal\/?p=77675"},"modified":"2018-11-13T17:07:25","modified_gmt":"2018-11-13T19:07:25","slug":"concurso-ministerio-da-cultura-orgao-faz-novo-pedido-de-certame-2018-11","status":"publish","type":"post","link":"https:\/\/www.novaconcursos.com.br\/portal\/noticias\/concurso-ministerio-da-cultura-orgao-faz-novo-pedido-de-certame-2018-11\/","title":{"rendered":"Concurso Minist\u00e9rio da Cultura: \u00d3rg\u00e3o faz novo pedido de certame!"},"content":{"rendered":"<p>Muita aten\u00e7\u00e3o concurseiros que aguardam o novo <strong>concurso p\u00fablico do Minist\u00e9rio da Cultura (MinC)<\/strong>! O \u00f3rg\u00e3o registrou novo pedido junto ao Minist\u00e9rio do Planejamento, Desenvolvimento e Gest\u00e3o (<strong>MPDG<\/strong>).<\/p>\n<p>Ainda n\u00e3o foram confirmados o <strong>n\u00famero de vagas ou quais cargos ser\u00e3o oferecidos<\/strong> no novo certame. Espera-se que a solicita\u00e7\u00e3o ofere\u00e7a vagas para candidatos de<strong> n\u00edvel m\u00e9dio e superior<\/strong>, com sal\u00e1rios de at\u00e9 <strong>R$ 5,4 mil!<\/strong><\/p>\n<p><span style=\"color: #000000;\"><strong>Previs\u00e3o do edital<\/strong><\/span><\/p>\n<p>O pedido de realiza\u00e7\u00e3o do certame deve passar ainda por diversos setores dentro do Planejamento. Ser\u00e3o analisados importantes aspectos, como a <strong>necessidade de pessoal e a quest\u00e3o or\u00e7ament\u00e1ria<\/strong>.<\/p>\n<p>Sem realizar novos concursos h\u00e1 mais de cinco anos, o <strong>MinC<\/strong> j\u00e1 teve uma s\u00e9rie de pedidos negados pelo MPDG. Por exemplo, em <strong>2017<\/strong>, quando foram solicitadas <strong>229 vagas<\/strong>, mesma quantidade que tamb\u00e9m foi negada em uma solicita\u00e7\u00e3o no ano de <strong>2014<\/strong>.<\/p>\n<p>Caso a solicita\u00e7\u00e3o seja aprovada, os pr\u00f3ximos passos ser\u00e3o a <strong>forma\u00e7\u00e3o da comiss\u00e3o do concurso<\/strong> e a <strong>licita\u00e7\u00e3o para contrata\u00e7\u00e3o da organizadora<\/strong>. A expectativa \u00e9 de que o <strong>edital<\/strong> seja divulgado no<strong> primeiro semestre de 2019.<\/strong><\/p>\n<p><span style=\"color: #000000;\"><strong>Vagas e sal\u00e1rios<\/strong><\/span><\/p>\n<p>Ainda n\u00e3o foram informados o <strong>n\u00famero de vagas e nem os cargos que ser\u00e3o contemplados<\/strong> no novo certame. Espera-se que as oportunidades sejam voltadas para candidatos de <strong>n\u00edvel m\u00e9dio e superior.<\/strong><\/p>\n<p>O \u00faltimo pedido (<strong>2017<\/strong>) contou com vagas nas <strong>seguintes carreiras:<\/strong><\/p>\n<p>Assistente de pesquisa, Assistente administrativo, Agente administrativo, T\u00e9cnico em contabilidade, Contador, Arquivista, Economista, Psic\u00f3logo, Restaurador e Estat\u00edstico.<\/p>\n<p>O sal\u00e1rio inicial para os cargos de n\u00edvel m\u00e9dio dever\u00e3o ser de <strong>R$ 3.877,97<\/strong>. J\u00e1 para os cargos de n\u00edvel superior, os ganhos ser\u00e3o de <strong>R$ 5.493,29<\/strong>.<\/p>\n<p>Os valores s\u00e3o compostos, al\u00e9m do vencimento b\u00e1sico, por gratifica\u00e7\u00e3o por desempenho de atividade cultural e aux\u00edlio-alimenta\u00e7\u00e3o, que \u00e9 de <strong>R$ 458,00<\/strong>.<\/p>\n<p><span style=\"color: #000000;\"><strong>\u00daltimo concurso<\/strong><\/span><\/p>\n<p>O \u00faltimo certame aconteceu em <strong>2013<\/strong> e contou com oferta de <strong>83 vagas<\/strong> pra o cargo de T\u00e9cnico de n\u00edvel superior, cuja exig\u00eancia de escolaridade \u00e9 ensino superior e completo em qualquer \u00e1rea de forma\u00e7\u00e3o, bacharelado ou licenciatura plena.<\/p>\n<p>A organiza\u00e7\u00e3o foi do <strong>Instituto Cidades<\/strong> e os candidatos foram avaliados por meio de <strong>provas objetivas<\/strong>, com quest\u00f5es sobre as disciplinas de L\u00edngua Portuguesa, No\u00e7\u00f5es de Inform\u00e1tica, L\u00edngua Estrangeira, Administra\u00e7\u00e3o P\u00fablica, Finan\u00e7as P\u00fablicas e Setor de Cultura do Governo Federal.<\/p>\n<p>Os aprovados foram lotados nas unidades respons\u00e1veis pelo acompanhamento e presta\u00e7\u00e3o de contas dos projetos culturais do MinC, em <strong>Bras\u00edlia\/DF<\/strong>.<\/p>\n<p>A\u00a0<span style=\"text-decoration: underline; color: #0000ff;\"><a style=\"color: #0000ff;\" href=\"https:\/\/www.novaconcursos.com.br\/?utm_source=blog&amp;utm_medium=smm&amp;utm_content=link-texto&amp;utm_campaign=home\" target=\"_blank\" rel=\"noopener noreferrer\"><strong>Nova\u00a0Concursos<\/strong><\/a><\/span>\u00a0tem ajudado h\u00e1 mais de 10 anos quem quer vencer a batalha do concurso p\u00fablico. Se voc\u00ea quer aumentar as suas chances de passar, conhe\u00e7a os nossos materiais, acessando o nosso site!<\/p>","protected":false},"excerpt":{"rendered":"<p>Muita aten\u00e7\u00e3o concurseiros que aguardam o novo concurso p\u00fablico do Minist\u00e9rio da Cultura (MinC)! O \u00f3rg\u00e3o registrou novo pedido junto ao Minist\u00e9rio do Planejamento, Desenvolvimento e Gest\u00e3o (MPDG). Ainda n\u00e3o foram confirmados o n\u00famero de vagas ou quais cargos ser\u00e3o oferecidos no novo certame. Espera-se que a solicita\u00e7\u00e3o ofere\u00e7a vagas para candidatos de n\u00edvel m\u00e9dio [&hellip;]<\/p>\n","protected":false},"author":16,"featured_media":0,"comment_status":"closed","ping_status":"closed","sticky":false,"template":"","format":"standard","meta":{"_acf_changed":false,"footnotes":"","_wp_rev_ctl_limit":""},"categories":[228],"tags":[11749,11751,33641,33638,33639,33640],"class_list":["post-77675","post","type-post","status-publish","format-standard","hentry","category-noticias","tag-concurso-minc","tag-concurso-ministerio-da-cultura","tag-concurso-ministerio-da-cultura-minc","tag-concurso-ministerio-da-cultura-2019-concurso-ministerio-da-cultura-previsto","tag-pedido-concurso-ministerio-da-cultura-2019","tag-vagas-concurso-ministerio-da-cultura"],"acf":[],"_links":{"self":[{"href":"https:\/\/www.novaconcursos.com.br\/portal\/wp-json\/wp\/v2\/posts\/77675","targetHints":{"allow":["GET"]}}],"collection":[{"href":"https:\/\/www.novaconcursos.com.br\/portal\/wp-json\/wp\/v2\/posts"}],"about":[{"href":"https:\/\/www.novaconcursos.com.br\/portal\/wp-json\/wp\/v2\/types\/post"}],"author":[{"embeddable":true,"href":"https:\/\/www.novaconcursos.com.br\/portal\/wp-json\/wp\/v2\/users\/16"}],"replies":[{"embeddable":true,"href":"https:\/\/www.novaconcursos.com.br\/portal\/wp-json\/wp\/v2\/comments?post=77675"}],"version-history":[{"count":1,"href":"https:\/\/www.novaconcursos.com.br\/portal\/wp-json\/wp\/v2\/posts\/77675\/revisions"}],"predecessor-version":[{"id":77676,"href":"https:\/\/www.novaconcursos.com.br\/portal\/wp-json\/wp\/v2\/posts\/77675\/revisions\/77676"}],"wp:attachment":[{"href":"https:\/\/www.novaconcursos.com.br\/portal\/wp-json\/wp\/v2\/media?parent=77675"}],"wp:term":[{"taxonomy":"category","embeddable":true,"href":"https:\/\/www.novaconcursos.com.br\/portal\/wp-json\/wp\/v2\/categories?post=77675"},{"taxonomy":"post_tag","embeddable":true,"href":"https:\/\/www.novaconcursos.com.br\/portal\/wp-json\/wp\/v2\/tags?post=77675"}],"curies":[{"name":"wp","href":"https:\/\/api.w.org\/{rel}","templated":true}]}}