{"id":78123,"date":"2018-11-21T12:58:17","date_gmt":"2018-11-21T14:58:17","guid":{"rendered":"https:\/\/www.novaconcursos.com.br\/portal\/?post_type=nc-public-tender&#038;p=78123"},"modified":"2024-12-16T10:34:22","modified_gmt":"2024-12-16T13:34:22","slug":"concurso-prefeitura-e-camara-de-caraa-rs","status":"publish","type":"post","link":"https:\/\/www.novaconcursos.com.br\/portal\/concursos\/concurso-prefeitura-e-camara-de-caraa-rs\/","title":{"rendered":"Concurso Prefeitura e C\u00e2mara de Cara\u00e1 &#8211; RS"},"content":{"rendered":"<p>Grande not\u00edcia concurseiros ga\u00fachos! <strong>Saiu o edital<\/strong> do novo concurso <strong>Prefeitura e C\u00e2mara de Cara\u00e1 \u2013 RS<\/strong>. As oportunidades s\u00e3o para <strong>n\u00edveis fundamental<\/strong>, <strong>m\u00e9dio e superior<\/strong>, com sal\u00e1rios de at\u00e9 <strong>R$ 7,5 mil!<\/strong><\/p>\n<p><strong>Como fazer a inscri\u00e7\u00e3o do concurso Prefeitura e C\u00e2mara de Cara\u00e1 \u2013 RS?<\/strong><\/p>\n<p>As<strong> inscri\u00e7\u00f5es<\/strong> estar\u00e3o dispon\u00edveis a partir das <strong>09h do dia 22 de novembro at\u00e9 \u00e0s 12h do dia 19 de dezembro de 2018<\/strong>.<\/p>\n<p>Para <strong>realizar sua inscri\u00e7\u00e3o<\/strong> o candidato dever\u00e1 acessar o site da banca organizadora, <span style=\"text-decoration: underline;\"><span style=\"color: #0000ff;\"><a style=\"color: #0000ff; text-decoration: underline;\" href=\"https:\/\/www.objetivas.com.br\/concurso\/1782\/caraa-rs-2018-concurso-publico-prefeitura-e-camara\/\" target=\"_blank\" rel=\"noopener\">Objetiva<\/a><\/span><\/span>.<\/p>\n<p>O candidato que <strong>n\u00e3o tiver acesso \u00e0 internet<\/strong>, dever\u00e1 ir pessoalmente na <strong>C\u00e2mara de Vereadores<\/strong>, localizada na Avenida Arno Von Saltiel, n\u00b0 190, Centro, de segunda a sexta-feira, em dias \u00fateis nos hor\u00e1rios das <strong>08h \u00e0s 12h e das 13h30min \u00e0s 17h<\/strong>. <strong>EXCETO<\/strong> no \u00faltimo dia de inscri\u00e7\u00f5es, quando o posto funcionar\u00e1 somente at\u00e9 as <strong>12h<\/strong>.<\/p>\n<p>A <strong>taxa de inscri\u00e7\u00e3o<\/strong> varia entre os seguintes valores:<\/p>\n<p>\u2013 <strong>N\u00edvel Fundamental:<\/strong> R$ 60,00;<br>\n\u2013 <strong>N\u00edvel M\u00e9dio:<\/strong> R$ 80,00;<br>\n\u2013 <strong>N\u00edvel Superior:<\/strong> R$ 100,00.<\/p>\n<p><strong>Vagas e sal\u00e1rios!<\/strong><\/p>\n<p>S\u00e3o ofertadas <strong>16 vagas divididas entre a Prefeitura e a C\u00e2mara<\/strong>, mais forma\u00e7\u00e3o de cadastro reserva, para os <strong>n\u00edveis fundamental<\/strong>, <strong>m\u00e9dio e superior<\/strong>.<\/p>\n<p>Com <strong>oportunidades<\/strong> para os seguintes cargos:<\/p>\n<p><span style=\"text-decoration: underline;\"><strong>Prefeitura Municipal:<\/strong><\/span><\/p>\n<p>\u2666 <strong>N\u00edvel Fundamental:<\/strong> Agente Administrativo Auxiliar (CR), Auxiliar de Sa\u00fade Bucal (CR), Auxiliar de Servi\u00e7os Gerais (1), Eletricista (CR), Mec\u00e2nico (CR), Monitor (CR), Motorista (1), Operador de M\u00e1quinas (1), Oper\u00e1rio (CR), Oper\u00e1rio Especializado (CR), Vigilante (CR);<\/p>\n<p>\u2666 <strong>N\u00edvel M\u00e9dio:<\/strong> Agente Administrativo (CR), Agente Municipal de Zoonoses e Vetores (CR), Fiscal (CR), Secret\u00e1rio de Escola (1), T\u00e9cnico Agr\u00edcola (CR), T\u00e9cnico em Contabilidade (CR), T\u00e9cnico em Enfermagem (1), Tesoureiro (CR);<\/p>\n<p>\u2666 <strong>N\u00edvel Superior:<\/strong> Assistente Social (CR), Bi\u00f3logo (CR), Contador (CR), Dentista (1), Enfermeiro (CR), Engenheiro Civil (CR), Farmac\u00eautico (CR), Fisioterapeuta (CR), M\u00e9dico Cl\u00ednico Geral\/10h (2), M\u00e9dico Cl\u00ednico Geral\/20h (1), M\u00e9dico Ginecologista\/Obstetra (1), M\u00e9dico Pediatra (CR), M\u00e9dico Veterin\u00e1rio (CR), Nutricionista (CR), Pedagogo\/Supervis\u00e3o Escolar (CR), Professor Ensino Fundamental 1\u00b0 ao 5\u00b0 ano (1), Professor Educa\u00e7\u00e3o Infantil (1), Professor de Ci\u00eancias (CR), Professor Educa\u00e7\u00e3o Art\u00edstica (CR), Professor Educa\u00e7\u00e3o F\u00edsica (CR), Professor de Geografia (CR), Professor de Hist\u00f3ria (CR), Professor de Espanhol (CR), Professor de Ingl\u00eas (CR), Professor de Portugu\u00eas (CR), Professor de Matem\u00e1tica (CR), Psic\u00f3logo (CR).<\/p>\n<p>Os <strong>sal\u00e1rios<\/strong> variam de <strong>R$ 890,17 a R$ 7.561,00<\/strong>, para jornadas de trabalho de <strong>10 a 44<\/strong> horas semanais.<\/p>\n<p><span style=\"text-decoration: underline;\"><strong>C\u00e2mara Municipal:<\/strong><\/span><\/p>\n<p>\u2666 <strong>N\u00edvel M\u00e9dio:<\/strong> Assistente Administrativo (1).<\/p>\n<p>O <strong>sal\u00e1rio<\/strong> para o cargo tem o valor de <strong>R$ 1.959,15<\/strong>, com jornadas de trabalho de<strong> 37h30min<\/strong> semanal.<\/p>\n<p><strong>Como ser\u00e1 a prova do concurso Prefeitura e C\u00e2mara de Cara\u00e1 \u2013 RS?<\/strong><\/p>\n<p>Os candidatos ser\u00e3o <strong>avaliados<\/strong> por meio de <strong>prova objetiva<\/strong> (para todos os cargos), aplicada no dia <strong>10 de fevereiro de 2019<\/strong>.<\/p>\n<p>Os <strong>locais e hor\u00e1rios<\/strong> da prova ser\u00e3o informados posteriormente no site da banca organizadora.<\/p>\n<p>Haver\u00e1 ainda <strong>prova de t\u00edtulos<\/strong> para os cargos de Pedagogo\/Supervis\u00e3o Escolar, Professor e <strong>prova pr\u00e1tica<\/strong> para os cargos de Eletricista, Mec\u00e2nico, Motorista, Operador de M\u00e1quinas e Oper\u00e1rio Especializado.<\/p>\n<p>O <strong>conte\u00fado program\u00e1tico<\/strong> da prova ir\u00e1 constar as seguintes disciplinas: L\u00edngua Portuguesa, Matem\u00e1tica, Inform\u00e1tica, Legisla\u00e7\u00e3o, Conhecimentos Gerais, Conhecimentos Espec\u00edficos.<\/p>\n<p>O <strong>prazo de validade<\/strong> do concurso ser\u00e1 de <strong>02 (dois) anos<\/strong> a partir da data da homologa\u00e7\u00e3o, podendo ser prorrogado uma vez por igual per\u00edodo.<\/p>\n<p>A <strong><span style=\"text-decoration: underline;\"><span style=\"color: #0000ff;\"><a style=\"color: #0000ff; text-decoration: underline;\" href=\"https:\/\/www.novaconcursos.com.br\" target=\"_blank\" rel=\"noopener\">Nova\u2002Concursos<\/a><\/span><\/span><\/strong> tem ajudado h\u00e1 mais de 10 anos quem quer vencer a batalha do concurso p\u00fablico. Se voc\u00ea quer aumentar as suas chances de passar, conhe\u00e7a os nossos materiais, acessando o nosso site!<\/p>","protected":false},"excerpt":{"rendered":"<p>Grande not\u00edcia concurseiros ga\u00fachos! Saiu o edital do novo concurso Prefeitura e C\u00e2mara de Cara\u00e1 \u2013 RS. As oportunidades s\u00e3o para n\u00edveis fundamental, m\u00e9dio e superior, com sal\u00e1rios de at\u00e9 R$ 7,5 mil!<\/p>\n","protected":false},"author":16,"featured_media":0,"comment_status":"closed","ping_status":"closed","sticky":false,"template":"","format":"standard","meta":{"_acf_changed":false,"footnotes":"","_wp_rev_ctl_limit":""},"categories":[44999],"tags":[],"class_list":["post-78123","post","type-post","status-publish","format-standard","hentry","category-concursos"],"acf":[],"_links":{"self":[{"href":"https:\/\/www.novaconcursos.com.br\/portal\/wp-json\/wp\/v2\/posts\/78123","targetHints":{"allow":["GET"]}}],"collection":[{"href":"https:\/\/www.novaconcursos.com.br\/portal\/wp-json\/wp\/v2\/posts"}],"about":[{"href":"https:\/\/www.novaconcursos.com.br\/portal\/wp-json\/wp\/v2\/types\/post"}],"author":[{"embeddable":true,"href":"https:\/\/www.novaconcursos.com.br\/portal\/wp-json\/wp\/v2\/users\/16"}],"replies":[{"embeddable":true,"href":"https:\/\/www.novaconcursos.com.br\/portal\/wp-json\/wp\/v2\/comments?post=78123"}],"version-history":[{"count":1,"href":"https:\/\/www.novaconcursos.com.br\/portal\/wp-json\/wp\/v2\/posts\/78123\/revisions"}],"predecessor-version":[{"id":265578,"href":"https:\/\/www.novaconcursos.com.br\/portal\/wp-json\/wp\/v2\/posts\/78123\/revisions\/265578"}],"wp:attachment":[{"href":"https:\/\/www.novaconcursos.com.br\/portal\/wp-json\/wp\/v2\/media?parent=78123"}],"wp:term":[{"taxonomy":"category","embeddable":true,"href":"https:\/\/www.novaconcursos.com.br\/portal\/wp-json\/wp\/v2\/categories?post=78123"},{"taxonomy":"post_tag","embeddable":true,"href":"https:\/\/www.novaconcursos.com.br\/portal\/wp-json\/wp\/v2\/tags?post=78123"}],"curies":[{"name":"wp","href":"https:\/\/api.w.org\/{rel}","templated":true}]}}