{"id":78479,"date":"2018-11-27T12:06:31","date_gmt":"2018-11-27T14:06:31","guid":{"rendered":"https:\/\/www.novaconcursos.com.br\/portal\/?p=78479"},"modified":"2025-04-24T17:34:52","modified_gmt":"2025-04-24T20:34:52","slug":"processo-seletivo-prefeitura-de-brusque-sc-saiu-edital-com-132-vagas-para-area-da-educacao","status":"publish","type":"post","link":"https:\/\/www.novaconcursos.com.br\/portal\/noticias\/processo-seletivo-prefeitura-de-brusque-sc-saiu-edital-com-132-vagas-para-area-da-educacao\/","title":{"rendered":"Processo Seletivo Prefeitura de Brusque &#8211; SC: Saiu edital com 132 vagas para \u00e1rea da Educa\u00e7\u00e3o!"},"content":{"rendered":"<p>O <strong>edital<\/strong> do novo processo seletivo <strong>Prefeitura de Brusque \u2013 SC foi divulgado<\/strong>. Oportunidades para <strong>n\u00edveis fundamental<\/strong>, <strong>m\u00e9dio e superior<\/strong>, com sal\u00e1rios de at\u00e9 <strong>R$ 3,4 mil!<\/strong><\/p>\n<p><strong>Como fazer a inscri\u00e7\u00e3o do processo seletivo?<\/strong><\/p>\n<p>As <strong>inscri\u00e7\u00f5es<\/strong> ficar\u00e3o abertas at\u00e9 o dia <strong>04 de dezembro de 2018<\/strong>.<\/p>\n<p>Para se <strong>inscrever<\/strong> o candidato dever\u00e1 acessar o site da banca organizadora, <span style=\"text-decoration: underline;\"><span style=\"color: #0000ff;\">SC Treinamentos<\/span><\/span>.<\/p>\n<p>A <strong>taxa de inscri\u00e7\u00e3o<\/strong> varia nos valores de <strong>R$ 30,00 a R$ 70,00<\/strong>.<\/p>\n<p><strong>Quais as vagas e os sal\u00e1rios?<\/strong><\/p>\n<p>A sele\u00e7\u00e3o oferta <strong>132 vagas<\/strong> de car\u00e1ter imediato, mais forma\u00e7\u00e3o de cadastro reserva, para <strong>n\u00edveis fundamental<\/strong>, <strong>m\u00e9dio e superior<\/strong>.<\/p>\n<p>As <strong>oportunidades<\/strong> s\u00e3o para os seguintes cargos:<\/p>\n<p>\u2013 <span style=\"text-decoration: underline;\"><strong>N\u00edvel Fundamental:<\/strong><\/span> Monitor Escolar l (9+CR);<\/p>\n<p>\u2013 <span style=\"text-decoration: underline;\"><strong>N\u00edvel M\u00e9dio:<\/strong><\/span> Monitor Escolar ll (9+CR), Monitor Escolar lll (9+CR);<\/p>\n<p>\u2013 <span style=\"text-decoration: underline;\"><strong>N\u00edvel Superior:<\/strong><\/span> Professor de Educa\u00e7\u00e3o Infantil (26+CR), Professor Anos Iniciais (26+CR), Professor de Portugu\u00eas (5+CR), Professor de Ingl\u00eas (3+CR), Professor de Matem\u00e1tica (5+CR), Professor de Hist\u00f3ria (3+CR), Professor de Geografia (3+CR), Professor de Arte (5+CR), Professor de Filosofia (1+CR), Professor de Ensino Religioso (1+CR), Professor de Ci\u00eancias (3+CR), Professor de Educa\u00e7\u00e3o F\u00edsica (10+CR), Professor de Atendimento Educacional Especializado (1+CR), Professor de Educa\u00e7\u00e3o Especial\/Int\u00e9rprete (1+CR), Professor de Alfabetiza\u00e7\u00e3o\/EJA (1+CR), Professor de Portugu\u00eas e Ingl\u00eas\/EJA (1+CR), Professor de Matem\u00e1tica e Ci\u00eancias\/EJA (1+CR), Professor de Geografia, Hist\u00f3ria, Filosofia, Arte, Cultura, Hist\u00f3ria das Religi\u00f5es\/EJA (1+CR), Coordenador Pedag\u00f3gico (10+CR).<\/p>\n<p>Os <strong>sal\u00e1rios<\/strong> variam de <strong>R$ 1.270,61 a R$ 3.411,17<\/strong>, mais o benef\u00edcio de aux\u00edlio-alimenta\u00e7\u00e3o no valor de <strong>R$ 286,00<\/strong>, com jornadas de trabalho de <strong>10 a 40<\/strong> horas semanais.<\/p>\n<p><strong>Como ser\u00e1 a prova do processo seletivo?<\/strong><\/p>\n<p>A <strong>avalia\u00e7\u00e3o<\/strong> dos candidatos ser\u00e1 mediante <strong>prova objetiva<\/strong> (para todos os cargos), realizada no dia <strong>16 de dezembro de 2018<\/strong>.<\/p>\n<p>Os <strong>locais e hor\u00e1rios<\/strong> da prova ser\u00e3o informados no site da banca organizadora a partir das <strong>10h do dia 10 de dezembro de 2018<\/strong>.<\/p>\n<p>O <strong>conte\u00fado program\u00e1tico<\/strong> da prova consistir\u00e1 nas disciplinas de L\u00edngua Portuguesa, Matem\u00e1tica, Legisla\u00e7\u00e3o Educacional, Inform\u00e1tica, Atualidades, Conhecimentos Gerais, Conhecimentos Espec\u00edficos.<\/p>\n<p>A <strong>validade<\/strong> da sele\u00e7\u00e3o ser\u00e1 de <strong>01 (um) ano<\/strong> a partir da data da homologa\u00e7\u00e3o, podendo ser prorrogado uma vez por igual per\u00edodo.<\/p>\n<p>A <strong><span style=\"text-decoration: underline;\"><span style=\"color: #0000ff;\"><a style=\"color: #0000ff; text-decoration: underline;\" href=\"https:\/\/www.novaconcursos.com.br\" target=\"_blank\" rel=\"noopener\">Nova\u2002Concursos<\/a><\/span><\/span><\/strong> tem ajudado h\u00e1 mais de 10 anos quem quer vencer a batalha do concurso p\u00fablico. Se voc\u00ea quer aumentar as suas chances de passar, conhe\u00e7a os nossos materiais, acessando o nosso site!<\/p>","protected":false},"excerpt":{"rendered":"<p>O edital do novo processo seletivo Prefeitura de Brusque \u2013 SC foi divulgado. Oportunidades para n\u00edveis fundamental, m\u00e9dio e superior, com sal\u00e1rios de at\u00e9 R$ 3,4 mil! Como fazer a inscri\u00e7\u00e3o do processo seletivo? As inscri\u00e7\u00f5es ficar\u00e3o abertas at\u00e9 o dia 04 de dezembro de 2018. Para se inscrever o candidato dever\u00e1 acessar o site [&hellip;]<\/p>\n","protected":false},"author":16,"featured_media":0,"comment_status":"closed","ping_status":"closed","sticky":false,"template":"","format":"standard","meta":{"_acf_changed":false,"footnotes":"","_wp_rev_ctl_limit":""},"categories":[228],"tags":[34203,34201,34206,34205,34204,34202,34200,31784],"class_list":["post-78479","post","type-post","status-publish","format-standard","hentry","category-noticias","tag-brusque-sc","tag-concurso-prefeitura-de-brusque-sc","tag-edital-do-processo-seletivo-prefeitura-de-brusque-sc","tag-inscricoes-do-processo-seletivo-prefeitura-de-brusque-sc","tag-prefeitura-de-brusque-sc","tag-processo-seletivo-brusque-sc","tag-processo-seletivo-prefeitura-de-brusque-sc","tag-processo-seletivo-santa-catarina"],"acf":[],"_links":{"self":[{"href":"https:\/\/www.novaconcursos.com.br\/portal\/wp-json\/wp\/v2\/posts\/78479","targetHints":{"allow":["GET"]}}],"collection":[{"href":"https:\/\/www.novaconcursos.com.br\/portal\/wp-json\/wp\/v2\/posts"}],"about":[{"href":"https:\/\/www.novaconcursos.com.br\/portal\/wp-json\/wp\/v2\/types\/post"}],"author":[{"embeddable":true,"href":"https:\/\/www.novaconcursos.com.br\/portal\/wp-json\/wp\/v2\/users\/16"}],"replies":[{"embeddable":true,"href":"https:\/\/www.novaconcursos.com.br\/portal\/wp-json\/wp\/v2\/comments?post=78479"}],"version-history":[{"count":3,"href":"https:\/\/www.novaconcursos.com.br\/portal\/wp-json\/wp\/v2\/posts\/78479\/revisions"}],"predecessor-version":[{"id":280676,"href":"https:\/\/www.novaconcursos.com.br\/portal\/wp-json\/wp\/v2\/posts\/78479\/revisions\/280676"}],"wp:attachment":[{"href":"https:\/\/www.novaconcursos.com.br\/portal\/wp-json\/wp\/v2\/media?parent=78479"}],"wp:term":[{"taxonomy":"category","embeddable":true,"href":"https:\/\/www.novaconcursos.com.br\/portal\/wp-json\/wp\/v2\/categories?post=78479"},{"taxonomy":"post_tag","embeddable":true,"href":"https:\/\/www.novaconcursos.com.br\/portal\/wp-json\/wp\/v2\/tags?post=78479"}],"curies":[{"name":"wp","href":"https:\/\/api.w.org\/{rel}","templated":true}]}}