{"id":79310,"date":"2018-12-12T17:57:10","date_gmt":"2018-12-12T19:57:10","guid":{"rendered":"https:\/\/www.novaconcursos.com.br\/portal\/?p=79310"},"modified":"2025-12-02T10:17:29","modified_gmt":"2025-12-02T13:17:29","slug":"concurso-agu-provas-sao-remarcadas","status":"publish","type":"post","link":"https:\/\/www.novaconcursos.com.br\/portal\/noticias\/concurso-agu-provas-sao-remarcadas\/","title":{"rendered":"Concurso AGU: Provas s\u00e3o REMARCADAS!"},"content":{"rendered":"<p>Excelente not\u00edcia concurseiros que esperam para <strong>realizar as provas<\/strong> do <a href=\"https:\/\/www.novaconcursos.com.br\/portal\/concursos\/concurso-agu\/\">concurso <strong>AGU<\/strong><\/a>, as <strong>avalia\u00e7\u00f5es<\/strong> foram remarcadas para o m\u00eas de <strong>janeiro de 2019<\/strong>.<\/p>\n<h2 id=\"provas-remarcadas\">Provas remarcadas<\/h2>\n<p>O concurso <strong>AGU<\/strong> teve suas <strong>provas remarcadas para os 05 cargos<\/strong> afetados com o cancelamento da avalia\u00e7\u00e3o no domingo (09\/12).<\/p>\n<p><strong>As provas ser\u00e3o realizadas no dia 27 de janeiro de 2019<\/strong>.<\/p>\n<p>As <strong>avalia\u00e7\u00f5es<\/strong> ser\u00e3o executadas em <strong>dois turnos<\/strong>, sendo:<\/p>\n<p>\u2666 <span style=\"text-decoration: underline;\"><strong>Turno da Manh\u00e3 (09h \u00e0s 13h30min):<\/strong><\/span> Administrador, Arquivista, Contador, T\u00e9cnico em Assuntos Educacionais;<\/p>\n<p>\u2666 <span style=\"text-decoration: underline;\"><strong>Turno da Tarde (15h \u00e0s 19h30min):<\/strong><\/span> T\u00e9cnico em Comunica\u00e7\u00e3o Social.<\/p>\n<p>O <strong>Idecan<\/strong> informou que \u00e9 <strong>previsto a publica\u00e7\u00e3o de um edital<\/strong> para convoca\u00e7\u00e3o dos exames em seu site.<\/p>\n<p>A <strong><span style=\"text-decoration: underline;\"><span style=\"color: #0000ff;\"><a style=\"color: #0000ff; text-decoration: underline;\" href=\"https:\/\/www.novaconcursos.com.br\" target=\"_blank\" rel=\"noopener\">Nova\u2002Concursos<\/a><\/span><\/span><\/strong> tem ajudado h\u00e1 mais de 10 anos quem quer vencer a batalha do concurso p\u00fablico. Se voc\u00ea quer aumentar as suas chances de passar, conhe\u00e7a os nossos materiais, acessando o nosso site!<\/p>","protected":false},"excerpt":{"rendered":"<p>Excelente not\u00edcia concurseiros que esperam para realizar as provas do concurso AGU, as avalia\u00e7\u00f5es foram remarcadas para o m\u00eas de janeiro de 2019. Provas remarcadas O concurso AGU teve suas provas remarcadas para os 05 cargos afetados com o cancelamento da avalia\u00e7\u00e3o no domingo (09\/12). As provas ser\u00e3o realizadas no dia 27 de janeiro de [&hellip;]<\/p>\n","protected":false},"author":16,"featured_media":79312,"comment_status":"closed","ping_status":"closed","sticky":false,"template":"","format":"standard","meta":{"_acf_changed":false,"footnotes":"","_wp_rev_ctl_limit":""},"categories":[228],"tags":[34421,7378,34654,34630,34653],"class_list":["post-79310","post","type-post","status-publish","format-standard","has-post-thumbnail","hentry","category-noticias","tag-certame-agu","tag-concurso-agu","tag-data-da-prova-concurso-agu","tag-prova-concurso-agu","tag-provas-remarcadas-concurso-agu"],"acf":[],"_links":{"self":[{"href":"https:\/\/www.novaconcursos.com.br\/portal\/wp-json\/wp\/v2\/posts\/79310","targetHints":{"allow":["GET"]}}],"collection":[{"href":"https:\/\/www.novaconcursos.com.br\/portal\/wp-json\/wp\/v2\/posts"}],"about":[{"href":"https:\/\/www.novaconcursos.com.br\/portal\/wp-json\/wp\/v2\/types\/post"}],"author":[{"embeddable":true,"href":"https:\/\/www.novaconcursos.com.br\/portal\/wp-json\/wp\/v2\/users\/16"}],"replies":[{"embeddable":true,"href":"https:\/\/www.novaconcursos.com.br\/portal\/wp-json\/wp\/v2\/comments?post=79310"}],"version-history":[{"count":2,"href":"https:\/\/www.novaconcursos.com.br\/portal\/wp-json\/wp\/v2\/posts\/79310\/revisions"}],"predecessor-version":[{"id":298059,"href":"https:\/\/www.novaconcursos.com.br\/portal\/wp-json\/wp\/v2\/posts\/79310\/revisions\/298059"}],"wp:featuredmedia":[{"embeddable":true,"href":"https:\/\/www.novaconcursos.com.br\/portal\/wp-json\/wp\/v2\/media\/79312"}],"wp:attachment":[{"href":"https:\/\/www.novaconcursos.com.br\/portal\/wp-json\/wp\/v2\/media?parent=79310"}],"wp:term":[{"taxonomy":"category","embeddable":true,"href":"https:\/\/www.novaconcursos.com.br\/portal\/wp-json\/wp\/v2\/categories?post=79310"},{"taxonomy":"post_tag","embeddable":true,"href":"https:\/\/www.novaconcursos.com.br\/portal\/wp-json\/wp\/v2\/tags?post=79310"}],"curies":[{"name":"wp","href":"https:\/\/api.w.org\/{rel}","templated":true}]}}