{"id":79454,"date":"2026-02-06T13:26:01","date_gmt":"2026-02-06T16:26:01","guid":{"rendered":"https:\/\/www.novaconcursos.com.br\/portal\/?post_type=nc-public-tender&#038;p=79454"},"modified":"2026-02-06T14:54:29","modified_gmt":"2026-02-06T17:54:29","slug":"concurso-ufscar-sp","status":"publish","type":"post","link":"https:\/\/www.novaconcursos.com.br\/portal\/concursos\/concurso-ufscar-sp\/","title":{"rendered":"Concurso UFSCar 2026: Edital publicado! 227 vagas!"},"content":{"rendered":"<p>O concurso UFSCar \u00e9 a sele\u00e7\u00e3o realizada pela Universidade Federal de S\u00e3o Carlos, no interior de S\u00e3o Paulo, para refor\u00e7ar o quadro de servidores da institui\u00e7\u00e3o. A universidade atua no ensino, na pesquisa e na extens\u00e3o, e o certame tem como objetivo garantir o funcionamento de servi\u00e7os essenciais, contemplando atividades administrativas, acad\u00eamicas e de apoio \u00e0s rotinas dos campi.<\/p>\n\n\n\n    <div class=\"nova-resumo-edital\">\n        <h2 class=\"nova-resumo-edital-title\" id=\"resumo-edital\">Resumo Edital<\/h2>\n        <ul class=\"nova-resumo-edital-list nova-menu\"><li>\n                <img decoding=\"async\" width=\"24\" height=\"24\" loading=\"lazy\" src=\"https:\/\/www.novaconcursos.com.br\/portal\/wp-content\/themes\/nova-theme\/includes\/assets\/img\/person.svg\" aria-hidden=\"true\" alt=\"\u00edcone pessoa\" title=\"\"><span>\n                    <b>Vagas: <\/b> 227\n                <\/span>\n            <\/li>\n            <li>\n                <img decoding=\"async\" width=\"24\" height=\"24\" loading=\"lazy\" src=\"https:\/\/www.novaconcursos.com.br\/portal\/wp-content\/themes\/nova-theme\/includes\/assets\/img\/inscricoes.svg\" aria-hidden=\"true\" alt=\"\u00edcone pessoa\" title=\"\"><span>\n                    <b>Per\u00edodo de inscri\u00e7\u00f5es: <\/b> 13\/02\/2026 a 06\/03\/2026\n                <\/span>\n            <\/li>\n            <li>\n                <img decoding=\"async\" width=\"24\" height=\"24\" loading=\"lazy\" src=\"https:\/\/www.novaconcursos.com.br\/portal\/wp-content\/themes\/nova-theme\/includes\/assets\/img\/taxa-inscricao.svg\" aria-hidden=\"true\" alt=\"\u00edcone pessoa\" title=\"\"><span>\n                    <b>Taxa de inscri\u00e7\u00e3o: <\/b> R$130,00 a R$150,00\n                <\/span>\n            <\/li>\n            <li>\n                <img decoding=\"async\" width=\"24\" height=\"24\" loading=\"lazy\" src=\"https:\/\/www.novaconcursos.com.br\/portal\/wp-content\/themes\/nova-theme\/includes\/assets\/img\/prova.svg\" aria-hidden=\"true\" alt=\"\u00edcone pessoa\" title=\"\"><span>\n                    <b>Prova: <\/b> 22\/03\/2026\n                <\/span>\n            <\/li>\n            <li>\n                <img decoding=\"async\" width=\"24\" height=\"24\" loading=\"lazy\" src=\"https:\/\/www.novaconcursos.com.br\/portal\/wp-content\/themes\/nova-theme\/includes\/assets\/img\/banca.svg\" aria-hidden=\"true\" alt=\"\u00edcone pessoa\" title=\"\"><span>\n                    <b>Banca: <\/b> Instituto Verbena\/UFG\n                <\/span>\n            <\/li>\n        <\/ul><div class=\"nova-resumo-edital-baixar\">\n            <a href=\"http:\/\/pdf\" rel=\"noopener\">\n                Baixe aqui o edital\n            <\/a>\n        <\/div>\n    <\/div>\n\n\n\n<p>O novo edital j\u00e1 foi publicado e oferta <strong>227 vagas<\/strong> para cargos de <strong>n\u00edveis m\u00e9dio e superior<\/strong>, com sal\u00e1rios que podem chegar a <strong>R$ 5,2 mil<\/strong>, al\u00e9m de benef\u00edcios. Se voc\u00ea ficou interessado(a) e quer saber mais sobre cargos, requisitos e etapas, continue a leitura e confira todos os detalhes do concurso UFSCar.<\/p>\n\n\n\n<h2 class=\"wp-block-heading\" id=\"cronograma-do-concurso-ufscar-\">Cronograma do concurso UFSCar\u00a0<\/h2>\n\n\n\n<p>Confira o cronograma do concurso UFSCar com as principais datas:<\/p>\n\n\n\n<ul class=\"wp-block-list\"><li><strong>Per\u00edodo de inscri\u00e7\u00f5es:<\/strong> 13 de fevereiro a 6 de mar\u00e7o de 2026 (at\u00e9 \u00e0s 17h)<\/li>\n\n\n\n<li><strong>Solicita\u00e7\u00e3o de isen\u00e7\u00e3o da taxa de inscri\u00e7\u00e3o:<\/strong> 13 a 20 de fevereiro de 2026<\/li>\n\n\n\n<li><strong>\u00daltimo dia para pagamento da taxa de inscri\u00e7\u00e3o:<\/strong> 6 de mar\u00e7o de 2026<\/li>\n\n\n\n<li><strong>Aplica\u00e7\u00e3o da prova objetiva:<\/strong> 22 de mar\u00e7o de 2026<\/li>\n<\/ul><h2 class=\"wp-block-heading\" id=\"como-fazer-a-inscrio-no-concurso-ufscar\">Como fazer a inscri\u00e7\u00e3o no concurso UFSCar?<\/h2>\n\n\n\n<p>Os interessados em participar do concurso USFCar 2026 poder\u00e3o se inscrever entre os dias <strong>13 de fevereiro e 6 de mar\u00e7o de 2026<\/strong>, at\u00e9 as 17h, exclusivamente pelo site do <a href=\"https:\/\/sistemas.institutoverbena.ufg.br\/2026\/concurso-ufscar-tae\/\" target=\"_blank\" rel=\"noopener\">Instituto Verbena\/UFG<\/a>, banca organizadora respons\u00e1vel pelo certame.<\/p>\n\n\n\n<p>Para confirmar a participa\u00e7\u00e3o, o candidato dever\u00e1 preencher o formul\u00e1rio eletr\u00f4nico e efetuar o <strong>pagamento da taxa de inscri\u00e7\u00e3o<\/strong>, conforme o n\u00edvel de escolaridade:<\/p>\n\n\n\n<ul class=\"wp-block-list\"><li><strong>R$ 130,00<\/strong> para cargos de <strong>n\u00edvel m\u00e9dio\/t\u00e9cnico<\/strong>;<\/li>\n\n\n\n<li><strong>R$ 150,00<\/strong> para cargos de <strong>n\u00edvel superior<\/strong>.<\/li>\n<\/ul><p>O pagamento do boleto banc\u00e1rio dever\u00e1 ser realizado at\u00e9 o dia <strong>6 de mar\u00e7o de 2026<\/strong>, conforme o vencimento indicado.<\/p>\n\n\n\n<p>O edital tamb\u00e9m prev\u00ea <strong>isen\u00e7\u00e3o total da taxa de inscri\u00e7\u00e3o<\/strong> para candidatos que se enquadrem em uma das seguintes condi\u00e7\u00f5es:<\/p>\n\n\n\n<ul class=\"wp-block-list\"><li>Estarem inscritos no Cadastro \u00danico para Programas Sociais (Cad\u00danico), como membros de fam\u00edlia de baixa renda;<\/li>\n\n\n\n<li>Serem doadores de medula \u00f3ssea em entidades reconhecidas pelo Minist\u00e9rio da Sa\u00fade.<\/li>\n<\/ul><p>Os pedidos de isen\u00e7\u00e3o da taxa dever\u00e3o ser realizados entre os dias <strong>13 e 20 de fevereiro de 2026<\/strong>, exclusivamente pelo site do Instituto Verbena\/UFG, mediante o envio da documenta\u00e7\u00e3o comprobat\u00f3ria exigida.<\/p>\n\n\n\n<h2 class=\"wp-block-heading\" id=\"cargos-e-vagas-do-concurso-ufscar\">Cargos e vagas do concurso UFSCar<\/h2>\n\n\n\n<p>O concurso UFSCar ofertar\u00e1 <strong>227 vagas<\/strong> para a carreira T\u00e9cnico-Administrativa em Educa\u00e7\u00e3o (TAE). Desse total, <strong>48 oportunidades ser\u00e3o para contrata\u00e7\u00e3o imediata<\/strong> e <strong>179 para forma\u00e7\u00e3o de cadastro reserva (CR)<\/strong>, contemplando cargos de n\u00edvel m\u00e9dio\/m\u00e9dio t\u00e9cnico e n\u00edvel superior.<\/p>\n\n\n\n<p>A seguir, confira a distribui\u00e7\u00e3o prevista de cargos do concurso UFSCar, conforme o quantitativo de vagas imediatas e cadastro reserva.<\/p>\n\n\n\n<h3 class=\"wp-block-heading\">N\u00edvel m\u00e9dio\/m\u00e9dio t\u00e9cnico<\/h3>\n\n\n\n<ul class=\"wp-block-list\"><li>Assistente em Administra\u00e7\u00e3o: 8 vagas + 40 CR<\/li>\n\n\n\n<li>T\u00e9cnico em Laborat\u00f3rio \u2013 7 vagas + 33 CR<\/li>\n\n\n\n<li>T\u00e9cnico em Contabilidade: 2 vagas + 7 CR<\/li>\n\n\n\n<li>T\u00e9cnico em TI \u2013 Infraestrutura e Opera\u00e7\u00e3o: 1 vaga + 4 CR<\/li>\n\n\n\n<li>T\u00e9cnico em TI \u2013 Governan\u00e7a, Processos e Conformidade: 1 vaga + 4 CR<\/li>\n<\/ul><h3 class=\"wp-block-heading\">N\u00edvel superior<\/h3>\n\n\n\n<ul class=\"wp-block-list\"><li>Administrador: 4 vagas + 14 CR<\/li>\n\n\n\n<li>Analista de TI: 2 vagas + 7 CR<\/li>\n\n\n\n<li>Arquiteto\/Urbanista: 2 vagas + 7 CR<\/li>\n\n\n\n<li>Arquivista: 1 vaga + 4 CR<\/li>\n\n\n\n<li>Assistente Social: 1 vaga + 4 CR<\/li>\n\n\n\n<li>Bi\u00f3logo: 1 vaga + 4 CR<\/li>\n\n\n\n<li>Engenheiro El\u00e9trico: 2 vagas + 7 CR<\/li>\n\n\n\n<li>Engenheiro Civil: 3 vagas + 11 CR<\/li>\n\n\n\n<li>Engenheiro Mec\u00e2nico: 1 vaga + 4 CR<\/li>\n\n\n\n<li>Estat\u00edstico: 2 vagas + 7 CR<\/li>\n\n\n\n<li>Farmac\u00eautico Bioqu\u00edmico: 1 vaga + 4 CR<\/li>\n\n\n\n<li>Pedagogo: 5 vagas + 18 CR<\/li>\n\n\n\n<li>Produtor Cultural: 1 vaga + 4 CR<\/li>\n\n\n\n<li>Tecn\u00f3logo em Gest\u00e3o Desportiva: 1 vaga + 4 CR<\/li>\n\n\n\n<li>Engenheiro de Alimentos: 1 vaga + 4 CR<\/li>\n<\/ul><p>O concurso UFSCar conta com a\u00e7\u00f5es afirmativas previstas para reserva de vagas, incluindo:<\/p>\n\n\n\n<ul class=\"wp-block-list\"><li>Negros: 25%<\/li>\n\n\n\n<li>Ind\u00edgenas: 3%<\/li>\n\n\n\n<li>Quilombolas: 2%<\/li>\n<\/ul><h2 class=\"wp-block-heading\" id=\"salrios-do-concurso-usfcar\">Sal\u00e1rios do concurso USFCar<\/h2>\n\n\n\n<p>De acordo com o edital do concurso UFSCar 2026, os cargos t apresentam remunera\u00e7\u00f5es iniciais com refer\u00eancia em janeiro de 2026, variando conforme o n\u00edvel de escolaridade exigido.<\/p>\n\n\n\n<p>Para os cargos de <strong>n\u00edvel m\u00e9dio\/t\u00e9cnico<\/strong> (Classe D), o sal\u00e1rio inicial \u00e9 de <strong>R$ 3.029,90<\/strong>. J\u00e1 para os cargos de <strong>n\u00edvel superior<\/strong> (Classe E), a remunera\u00e7\u00e3o inicial \u00e9 de <strong>R$ 4.967,04<\/strong>.<\/p>\n\n\n\n<p>Al\u00e9m disso, est\u00e1 previsto um <strong>reajuste de 5% em abril de 2026<\/strong> para todos os servidores t\u00e9cnico-administrativos federais. Com esse aumento, os valores base devem subir para aproximadamente <strong>R$ 3.181,39<\/strong> na Classe D e <strong>R$ 5.215,39<\/strong> na Classe E.<\/p>\n\n\n\n<p>Al\u00e9m do vencimento b\u00e1sico, os servidores da UFSCar t\u00eam direito a benef\u00edcios importantes, que complementam a remunera\u00e7\u00e3o. Entre eles est\u00e1 o <strong>aux\u00edlio-alimenta\u00e7\u00e3o de R$ 1.175,00<\/strong>, reajustado em dezembro de 2025.<\/p>\n\n\n\n<p>Tamb\u00e9m \u00e9 previsto o <strong>aux\u00edlio pr\u00e9-escolar<\/strong>, de aproximadamente <strong>R$ 513,00<\/strong>, destinado a servidores com dependentes de at\u00e9 6 anos de idade.<\/p>\n\n\n\n<p>Outro benef\u00edcio relevante \u00e9 a <strong>assist\u00eancia \u00e0 sa\u00fade suplementar<\/strong>, paga por meio de ressarcimento parcial do plano de sa\u00fade, com valores que variam entre <strong>R$ 115,00 e R$ 250,00 por pessoa<\/strong>, conforme idade e renda.<\/p>\n\n\n\n<p>H\u00e1 ainda o <strong>aux\u00edlio-transporte<\/strong>, concedido de acordo com o deslocamento do servidor e o regime de trabalho, com desconto de 6% sobre o vencimento b\u00e1sico.<\/p>\n\n\n\n<h2 class=\"wp-block-heading\" id=\"requisitos\">Requisitos<\/h2>\n\n\n\n<p>Confira as principais exig\u00eancias do concurso USFCar:<\/p>\n\n\n\n<ul class=\"wp-block-list\"><li>Ser brasileiro nato ou naturalizado, ou possuir nacionalidade portuguesa;\n<ul class=\"wp-block-list\"><li>Brasileiros naturalizados devem, no ato da posse, informar dados do processo de naturaliza\u00e7\u00e3o (data de chegada ao Brasil, pa\u00eds de origem, data de publica\u00e7\u00e3o da naturaliza\u00e7\u00e3o e se possuem filhos brasileiros);<\/li>\n\n\n\n<li>Portugueses devem, no ato da posse, estar amparados pelo Estatuto de Igualdade entre Brasileiros e Portugueses, conforme o \u00a71\u00ba do art. 12 da Constitui\u00e7\u00e3o Federal;<\/li>\n\n\n\n<li>Tanto brasileiros naturalizados quanto portugueses dever\u00e3o apresentar documentos que comprovem regularidade quanto \u00e0s obriga\u00e7\u00f5es militares e eleitorais;<\/li>\n\n\n\n<li>Universidades e institui\u00e7\u00f5es federais de pesquisa podem prover cargos com professores, t\u00e9cnicos e cientistas estrangeiros, conforme o \u00a73\u00ba do art. 5\u00ba da Lei n\u00ba 8.112\/1990;<\/li>\n<\/ul><\/li>\n\n\n\n<li>Ter, na data da posse, idade m\u00ednima de 18 anos completos;<\/li>\n\n\n\n<li>Possuir aptid\u00e3o f\u00edsica e mental para o exerc\u00edcio das atribui\u00e7\u00f5es do cargo, incluindo comprova\u00e7\u00e3o de defici\u00eancia declarada, quando aplic\u00e1vel, por avalia\u00e7\u00e3o biopsicossocial da UFSCar;<\/li>\n\n\n\n<li>N\u00e3o acumular cargos, empregos ou fun\u00e7\u00f5es p\u00fablicas, exceto nas hip\u00f3teses permitidas pela Constitui\u00e7\u00e3o Federal, assegurado o direito de op\u00e7\u00e3o no prazo legal para posse (art. 13, \u00a71\u00ba, da Lei n\u00ba 8.112\/1990);<\/li>\n\n\n\n<li>N\u00e3o ter sofrido penalidade incompat\u00edvel com a investidura em cargo p\u00fablico, observando-se o prazo de cinco anos de incompatibilidade para casos de demiss\u00e3o ou destitui\u00e7\u00e3o de cargo em comiss\u00e3o (art. 137 da Lei n\u00ba 8.112\/1990);<\/li>\n\n\n\n<li>Estar quite com as obriga\u00e7\u00f5es eleitorais;<\/li>\n\n\n\n<li>Estar quite com as obriga\u00e7\u00f5es militares, para candidatos do sexo masculino;<\/li>\n\n\n\n<li>Possuir a escolaridade e os requisitos de qualifica\u00e7\u00e3o exigidos para o cargo, incluindo regularidade junto ao conselho de classe quando aplic\u00e1vel, e demais exig\u00eancias legais para o exerc\u00edcio da fun\u00e7\u00e3o.<\/li>\n<\/ul><h2 class=\"wp-block-heading\" id=\"o-que-um-um-tcnico-administrativo-em-educao\">O que \u00e9 um um T\u00e9cnico Administrativo em Educa\u00e7\u00e3o?<\/h2>\n\n\n\n<p>O termo T\u00e9cnico-Administrativo em Educa\u00e7\u00e3o (TAE) se refere ao conjunto de servidores que atuam nas universidades e institutos federais em atividades essenciais para o funcionamento da institui\u00e7\u00e3o. Dependendo do \u00f3rg\u00e3o e do edital, a express\u00e3o pode aparecer como carreira, categoria ou como uma forma de classificar os cargos que n\u00e3o s\u00e3o de doc\u00eancia.<\/p>\n\n\n\n<p>Nos concursos p\u00fablicos, como o concurso UFSCar, os servidores das institui\u00e7\u00f5es federais de ensino costumam ser organizados em dois grandes grupos:<\/p>\n\n\n\n<ul class=\"wp-block-list\"><li>Docentes: cargos ligados \u00e0 \u00e1rea de ensino, como professor do magist\u00e9rio superior (no caso das universidades);<\/li>\n\n\n\n<li>T\u00e9cnico-Administrativos em Educa\u00e7\u00e3o: cargos que atuam no suporte t\u00e9cnico, administrativo, acad\u00eamico e operacional, garantindo que a estrutura da institui\u00e7\u00e3o funcione diariamente.<\/li>\n<\/ul><p>Na pr\u00e1tica, os TAEs s\u00e3o respons\u00e1veis por manter a universidade em funcionamento em diferentes setores, como administra\u00e7\u00e3o, secretaria acad\u00eamica, laborat\u00f3rios, tecnologia da informa\u00e7\u00e3o, bibliotecas, sa\u00fade, assist\u00eancia estudantil, gest\u00e3o de pessoas e \u00e1reas t\u00e9cnicas especializadas.<\/p>\n\n\n\n<p>Por isso, os cargos t\u00e9cnico-administrativos podem abranger diferentes n\u00edveis de escolaridade e diversas \u00e1reas de atua\u00e7\u00e3o, incluindo fun\u00e7\u00f5es como:<\/p>\n\n\n\n<ul class=\"wp-block-list\"><li>Assistente em Administra\u00e7\u00e3o<\/li>\n\n\n\n<li>T\u00e9cnico em Assuntos Educacionais<\/li>\n\n\n\n<li>Contador<\/li>\n\n\n\n<li>Analista de Tecnologia da Informa\u00e7\u00e3o<\/li>\n\n\n\n<li>Bibliotec\u00e1rio Documentalista<\/li>\n\n\n\n<li>T\u00e9cnico de Laborat\u00f3rio (em diferentes especialidades)<\/li>\n<\/ul><p>Esse tipo de carreira \u00e9 comum em editais de universidades federais porque atende \u00e0s demandas internas da institui\u00e7\u00e3o, como apoio aos estudantes, estrutura de pesquisa, rotinas acad\u00eamicas, servi\u00e7os administrativos e suporte t\u00e9cnico aos cursos oferecidos.<\/p>\n\n\n\n<h2 class=\"wp-block-heading\" id=\"etapas-e-provas\">Etapas e provas<\/h2>\n\n\n\n<p>O concurso UFSCar ser\u00e1 composto por etapas de car\u00e1ter eliminat\u00f3rio e classificat\u00f3rio, conforme o cargo. De modo geral, o certame contar\u00e1 com:<\/p>\n\n\n\n<ul class=\"wp-block-list\"><li><strong>Prova objetiva<\/strong>, aplicada a todos os candidatos;<\/li>\n\n\n\n<li><strong>Prova pr\u00e1tica<\/strong>, destinada apenas a cargos espec\u00edficos, como T\u00e9cnicos de Laborat\u00f3rio e T\u00e9cnicos de TI.<\/li>\n<\/ul><p>As avalia\u00e7\u00f5es est\u00e3o previstas para o dia <strong>22 de mar\u00e7o de 2026<\/strong>, com aplica\u00e7\u00e3o nas cidades de <strong>S\u00e3o Carlos<\/strong> e <strong>Buri (SP)<\/strong>.<\/p>\n\n\n\n<h3 class=\"wp-block-heading\">Prova objetiva<\/h3>\n\n\n\n<p>A prova objetiva ter\u00e1 car\u00e1ter eliminat\u00f3rio e classificat\u00f3rio e ser\u00e1 composta por quest\u00f5es de m\u00faltipla escolha, com alternativas do tipo A, B, C e D.<\/p>\n\n\n\n<p>A estrutura da avalia\u00e7\u00e3o varia conforme o n\u00edvel de escolaridade, mas segue um modelo comum com disciplinas de conhecimentos gerais e espec\u00edficos.<\/p>\n\n\n\n<p>Para os cargos de <strong>n\u00edvel m\u00e9dio e t\u00e9cnico<\/strong>, a prova ser\u00e1 aplicada no per\u00edodo <strong>vespertino<\/strong>, com dura\u00e7\u00e3o de <strong>4 horas<\/strong>. J\u00e1 para os cargos de <strong>n\u00edvel superior<\/strong>, a aplica\u00e7\u00e3o ocorrer\u00e1 no per\u00edodo <strong>matutino<\/strong>, tamb\u00e9m com dura\u00e7\u00e3o de <strong>4 horas<\/strong>.<\/p>\n\n\n\n<p>Em ambos os n\u00edveis, os candidatos responder\u00e3o a quest\u00f5es distribu\u00eddas entre:<\/p>\n\n\n\n<ul class=\"wp-block-list\"><li><strong>L\u00edngua Portuguesa<\/strong>, com 10 quest\u00f5es e peso 3;<\/li>\n\n\n\n<li><strong>Racioc\u00ednio L\u00f3gico-Matem\u00e1tico<\/strong>, com 5 quest\u00f5es e peso 1;<\/li>\n\n\n\n<li><strong>No\u00e7\u00f5es de Inform\u00e1tica<\/strong>, com 5 quest\u00f5es e peso 1;<\/li>\n\n\n\n<li><strong>Conhecimentos Espec\u00edficos<\/strong>, com 30 quest\u00f5es e peso 2.<\/li>\n<\/ul><h3 class=\"wp-block-heading\">Prova pr\u00e1tica<\/h3>\n\n\n\n<p>A prova pr\u00e1tica ser\u00e1 aplicada apenas aos candidatos convocados para cargos espec\u00edficos, principalmente:<\/p>\n\n\n\n<ul class=\"wp-block-list\"><li>T\u00e9cnico de Laborat\u00f3rio (em diferentes \u00e1reas);<\/li>\n\n\n\n<li>T\u00e9cnico de Tecnologia da Informa\u00e7\u00e3o.<\/li>\n<\/ul><p>Essa etapa tem car\u00e1ter eliminat\u00f3rio e classificat\u00f3rio e consiste na execu\u00e7\u00e3o de tarefas t\u00edpicas do cargo, como:<\/p>\n\n\n\n<ul class=\"wp-block-list\"><li>manipula\u00e7\u00e3o de equipamentos e procedimentos t\u00e9cnicos, no caso dos laborat\u00f3rios;<\/li>\n\n\n\n<li>resolu\u00e7\u00e3o de problemas operacionais e rotinas de infraestrutura, no caso da \u00e1rea de TI.<\/li>\n<\/ul><p>Durante a avalia\u00e7\u00e3o, ser\u00e3o considerados crit\u00e9rios como seguran\u00e7a na execu\u00e7\u00e3o, precis\u00e3o t\u00e9cnica e cumprimento de protocolos exigidos pela fun\u00e7\u00e3o.<\/p>\n\n\n\n<h2 class=\"wp-block-heading\" id=\"o-que-cai-na-prova-do-concurso-ufscar\">O que cai na prova do concurso UFSCar?<\/h2>\n\n\n\n<p>Confira quais s\u00e3o os principais conte\u00fados cobrados na prova do concurso UFSCar:<\/p>\n\n\n\n<h3 class=\"wp-block-heading\">L\u00edngua Portuguesa<\/h3>\n\n\n\n<ul class=\"wp-block-list\"><li>Caracter\u00edsticas e funcionalidades de g\u00eaneros textuais variados<\/li>\n\n\n\n<li>Compreens\u00e3o e interpreta\u00e7\u00e3o de textos<\/li>\n\n\n\n<li>Varia\u00e7\u00e3o lingu\u00edstica: estil\u00edstica, sociocultural, geogr\u00e1fica e hist\u00f3rica<\/li>\n\n\n\n<li>Gram\u00e1tica normativa<\/li>\n\n\n\n<li>Mecanismos de produ\u00e7\u00e3o de sentidos nos textos: polissemia, ironia, compara\u00e7\u00e3o, ambiguidade, cita\u00e7\u00e3o, infer\u00eancia, pressuposto<\/li>\n\n\n\n<li>Mecanismos de coes\u00e3o e coer\u00eancia<\/li>\n\n\n\n<li>Sequ\u00eancias textuais: descritiva, narrativa, argumentativa, injuntiva e expositiva<\/li>\n\n\n\n<li>Tipos de argumento<\/li>\n\n\n\n<li>Classifica\u00e7\u00e3o gramatical<\/li>\n\n\n\n<li>Processo de forma\u00e7\u00e3o de palavras<\/li>\n\n\n\n<li>Fen\u00f4menos gramaticais b\u00e1sicos<\/li>\n\n\n\n<li>Rela\u00e7\u00f5es de coordena\u00e7\u00e3o e subordina\u00e7\u00e3o entre ora\u00e7\u00f5es e entre termos da ora\u00e7\u00e3o<\/li>\n\n\n\n<li>Concord\u00e2ncia e reg\u00eancia verbal e nominal<\/li>\n\n\n\n<li>Pontua\u00e7\u00e3o e acentua\u00e7\u00e3o<\/li>\n\n\n\n<li>Acordo Ortogr\u00e1fico da L\u00edngua Portuguesa (1990)<\/li>\n<\/ul><h3 class=\"wp-block-heading\">Racioc\u00ednio L\u00f3gico-Matem\u00e1tico<\/h3>\n\n\n\n<ul class=\"wp-block-list\"><li>Resolu\u00e7\u00e3o de problemas envolvendo racioc\u00ednio l\u00f3gico<\/li>\n\n\n\n<li>Sequ\u00eancias l\u00f3gicas e num\u00e9ricas<\/li>\n\n\n\n<li>Proporcionalidade e rela\u00e7\u00f5es entre grandezas diretamente e inversamente proporcionais<\/li>\n\n\n\n<li>Regra de tr\u00eas simples e composta<\/li>\n\n\n\n<li>Porcentagem: aumentos, descontos e varia\u00e7\u00f5es percentuais<\/li>\n\n\n\n<li>No\u00e7\u00f5es de juros simples e compostos<\/li>\n\n\n\n<li>No\u00e7\u00f5es b\u00e1sicas de conjuntos e opera\u00e7\u00f5es (uni\u00e3o, interse\u00e7\u00e3o e diferen\u00e7a)<\/li>\n\n\n\n<li>Interpreta\u00e7\u00e3o e resolu\u00e7\u00e3o de problemas com tabelas, gr\u00e1ficos e planilhas<\/li>\n\n\n\n<li>No\u00e7\u00f5es de estat\u00edstica: m\u00e9dia aritm\u00e9tica simples, m\u00e9dia ponderada e leitura de gr\u00e1ficos estat\u00edsticos<\/li>\n\n\n\n<li>Problemas envolvendo as quatro opera\u00e7\u00f5es com n\u00fameros inteiros e racionais<\/li>\n\n\n\n<li>Express\u00f5es num\u00e9ricas com par\u00eanteses, colchetes e chaves<\/li>\n\n\n\n<li>Equa\u00e7\u00f5es do 1\u00ba grau e resolu\u00e7\u00e3o de problemas<\/li>\n\n\n\n<li>Sistemas simples de medidas e convers\u00f5es de unidades<\/li>\n\n\n\n<li>Racioc\u00ednio l\u00f3gico aplicado a situa\u00e7\u00f5es do cotidiano administrativo<\/li>\n<\/ul><h3 class=\"wp-block-heading\">No\u00e7\u00f5es de Inform\u00e1tica<\/h3>\n\n\n\n<ul class=\"wp-block-list\"><li>Sistema Operacional Windows (vers\u00f5es atuais): conceitos b\u00e1sicos, \u00e1rea de trabalho, janelas, pastas e arquivos<\/li>\n\n\n\n<li>Opera\u00e7\u00f5es com arquivos e pastas (copiar, mover, renomear, excluir)<\/li>\n\n\n\n<li>Atalhos de teclado mais utilizados (Ctrl+C, Ctrl+V, Alt+Tab etc.) e gerenciador de tarefas<\/li>\n\n\n\n<li>Microsoft Office\/Microsoft 365 (Word, Excel e PowerPoint)<\/li>\n\n\n\n<li>Word: formata\u00e7\u00e3o de texto, cabe\u00e7alho, rodap\u00e9, tabelas, mala direta<\/li>\n\n\n\n<li>Excel: f\u00f3rmulas b\u00e1sicas, gr\u00e1ficos e planilhas<\/li>\n\n\n\n<li>PowerPoint: cria\u00e7\u00e3o e edi\u00e7\u00e3o de slides<\/li>\n\n\n\n<li>Configura\u00e7\u00f5es e Painel de Controle, incluindo solu\u00e7\u00e3o de problemas<\/li>\n\n\n\n<li>Procedimentos de backup<\/li>\n\n\n\n<li>Procedimentos de gerenciamento de impress\u00e3o<\/li>\n\n\n\n<li>Instala\u00e7\u00e3o, desinstala\u00e7\u00e3o ou altera\u00e7\u00e3o de programas e ativa\u00e7\u00e3o\/desativa\u00e7\u00e3o de recursos<\/li>\n\n\n\n<li>Configura\u00e7\u00e3o de aplicativos<\/li>\n\n\n\n<li>Compacta\u00e7\u00e3o e extra\u00e7\u00e3o de arquivos (.zip)<\/li>\n\n\n\n<li>No\u00e7\u00f5es b\u00e1sicas de aplicativos para escrit\u00f3rio: softwares propriet\u00e1rios e livres<\/li>\n\n\n\n<li>Aplicativos de comunica\u00e7\u00e3o e armazenamento em nuvem<\/li>\n\n\n\n<li>Navegadores de internet e servi\u00e7os de busca na web<\/li>\n\n\n\n<li>Servi\u00e7os de correio eletr\u00f4nico e boas pr\u00e1ticas de uso de e-mail corporativo<\/li>\n<\/ul><h2 class=\"wp-block-heading\" id=\"materiais-preparatrios-para-o-concurso-ufscar\">Materiais preparat\u00f3rios para o concurso UFSCar<\/h2>\n\n\n\n<p>Para alcan\u00e7ar um bom resultado no concurso UFSCar, \u00e9 importante estudar com materiais atualizados e seguir um plano de prepara\u00e7\u00e3o bem organizado. Uma rotina consistente, com revis\u00f5es frequentes e resolu\u00e7\u00e3o de quest\u00f5es, ajuda a fixar os conte\u00fados e melhorar o rendimento ao longo do tempo.<\/p>\n\n\n\n<p>A <a href=\"https:\/\/www.novaconcursos.com.br\/?promo_creative=Nova+Concursos&amp;promo_name=concurso&amp;promo_id=%2Fportal%2Fconcursos%2Fconcurso-dataprev&amp;promo_position=corpo-texto\">Nova Concursos<\/a> \u00e9 uma das principais refer\u00eancias do pa\u00eds na prepara\u00e7\u00e3o para sele\u00e7\u00f5es p\u00fablicas, reunindo mais de 100 mil aprova\u00e7\u00f5es em concursos de diferentes \u00e1reas. Com professores especializados, conte\u00fados completos e metodologia voltada para pr\u00e1tica, os materiais da Nova auxiliam o candidato a focar nos assuntos mais recorrentes e a desenvolver seguran\u00e7a para o dia da prova.<\/p>\n\n\n\n<p>A seguir, confira os materiais recomendados para o concurso UFSCar e veja como iniciar sua prepara\u00e7\u00e3o com o suporte de uma das institui\u00e7\u00f5es mais reconhecidas no universo dos concursos p\u00fablicos.<\/p>\n\n\n\n<h3 class=\"wp-block-heading\">Apostila UFSCar<\/h3>\n\n\n\n<p>A <a href=\"https:\/\/www.novaconcursos.com.br\/concurso\/ufscar-universidade-federal-de-sao-carlos\/apostilas\">Apostila UFSCar<\/a> foi cuidadosamente desenvolvida com conte\u00fado atualizado, seguindo os itens mais relevantes do edital mais recente do concurso. Elaborada por um time de professores especializados em concursos p\u00fablicos, a apostila tem como objetivo facilitar a assimila\u00e7\u00e3o do conte\u00fado e otimizar a prepara\u00e7\u00e3o do candidato.<\/p>\n\n\n\n<h2 class=\"wp-block-heading\" id=\"ltimo-concurso-ufscar\">\u00daltimo concurso UFSCar<\/h2>\n\n\n\n<p>O \u00faltimo concurso UFSCar ocorreu em 2023 e ofertou <strong>45 vagas<\/strong>\u00a0de n\u00edvel m\u00e9dio e superior para o cargo de\u00a0<strong>T\u00e9cnico Administrativo em Educa\u00e7\u00e3o<\/strong>!<\/p>\n\n\n\n<p>A seguir, a lista completa com os cargos e vagas oferecidos pelo certame:<\/p>\n\n\n\n<h3 class=\"wp-block-heading\">N\u00edveis m\u00e9dio e m\u00e9dio\/t\u00e9cnico \u2013 Classifica\u00e7\u00e3o D<\/h3>\n\n\n\n<ul class=\"wp-block-list\"><li>Assistente em administra\u00e7\u00e3o (03);<\/li>\n\n\n\n<li>T\u00e9cnico de contabilidade (01);<\/li>\n\n\n\n<li>T\u00e9cnico em enfermagem (05);<\/li>\n\n\n\n<li>T\u00e9cnico em agropecu\u00e1ria (02);<\/li>\n\n\n\n<li>T\u00e9cnico de laborat\u00f3rio:\n<ul class=\"wp-block-list\"><li>Audiovisual (01);<\/li>\n\n\n\n<li>Engenharia Civil (02);<\/li>\n\n\n\n<li>Biologia (03);<\/li>\n\n\n\n<li>Metalurgia (01);<\/li>\n\n\n\n<li>Qu\u00edmica (01);<\/li>\n\n\n\n<li>\u00a0Geografia (01);<\/li>\n\n\n\n<li>Mec\u00e2nica (01);<\/li>\n\n\n\n<li>Ambiental (01); e<\/li>\n<\/ul><\/li>\n\n\n\n<li>T\u00e9cnico de tecnologia da informa\u00e7\u00e3o (11).<\/li>\n<\/ul><h3 class=\"wp-block-heading\">N\u00edvel Superior \u2013 Classifica\u00e7\u00e3o E<\/h3>\n\n\n\n<ul class=\"wp-block-list\"><li>Analista de tecnologia da informa\u00e7\u00e3o (02);<\/li>\n\n\n\n<li>Bibliotec\u00e1rio | Documentalista (01);<\/li>\n\n\n\n<li>Contador (02);<\/li>\n\n\n\n<li>F\u00edsico (01);<\/li>\n\n\n\n<li>M\u00e9dico (02);<\/li>\n\n\n\n<li>M\u00e9dico veterin\u00e1rio (01);<\/li>\n\n\n\n<li>Qu\u00edmico (01);<\/li>\n\n\n\n<li>Psic\u00f3logo (01); e<\/li>\n\n\n\n<li>T\u00e9cnico em assuntos educacionais (01).<\/li>\n<\/ul><p>Os\u00a0sal\u00e1rios iniciais\u00a0variavam conforme a classifica\u00e7\u00e3o do cargo, onde<\/p>\n\n\n\n<ul class=\"wp-block-list\"><li>Classe D: R$ 2.667,19; e<\/li>\n\n\n\n<li>Classe E: : R$ 4.556,92<\/li>\n<\/ul><p>Al\u00e9m disso, o certame contou com uma s\u00e9rie de\u00a0benef\u00edcios\u00a0para todos os cargos:<\/p>\n\n\n\n<ul class=\"wp-block-list\"><li>Aux\u00edlio-alimenta\u00e7\u00e3o;<\/li>\n\n\n\n<li>Aux\u00edlio-transporte;<\/li>\n\n\n\n<li>Aux\u00edlio pr\u00e9-escolar;\u00a0e<\/li>\n\n\n\n<li>Ressarcimento de plano de sa\u00fade; e<\/li>\n\n\n\n<li>Vantagens previstas no Plano de Carreira dos Cargos T\u00e9cnico-Administrativos em Educa\u00e7\u00e3o.<\/li>\n<\/ul><p>Dentre os benef\u00edcios, o concurso concedeu o<strong>\u00a0Incentivo \u00e0 Qualifica\u00e7\u00e3o<\/strong>, que poderia aumentar os sal\u00e1rios para\u00a0<strong>at\u00e9 R$ 4.667,58<\/strong>\u00a0(classe D) e<strong>\u00a0R$ 7.974,61<\/strong>\u00a0(classe E).<\/p>\n\n\n\n<h3 class=\"wp-block-heading\">Etapas de sele\u00e7\u00e3o<\/h3>\n\n\n\n<p>Os candidatos do \u00faltimo concurso UFSCar foram avaliados por meio das seguintes etapas de sele\u00e7\u00e3o:<\/p>\n\n\n\n<ul class=\"wp-block-list\"><li>Prova objetiva;<\/li>\n\n\n\n<li>Prova pr\u00e1tica (alguns cargos);<\/li>\n\n\n\n<li>Prova de t\u00edtulos (alguns cargos).<\/li>\n<\/ul><h4 class=\"wp-block-heading\">Prova Objetiva<\/h4>\n\n\n\n<p>A primeira etapa do concurso foi realizada no dia 22 de outubro, das 13h30 at\u00e9 17h30, e <strong>teve<\/strong> car\u00e1ter classificat\u00f3rio e eliminat\u00f3rio. A aplica\u00e7\u00e3o aconteceu na cidade escolhida pelos candidatos no ato da inscri\u00e7\u00e3o.<\/p>\n\n\n\n<p>Com um total de 60 quest\u00f5es, a avalia\u00e7\u00e3o foi dividida entre conhecimentos gerais (parte A) e espec\u00edficos (parte B).<\/p>\n\n\n\n<p>Para ser aprovado, o candidato deveu obter nota igual ou superior a 60% do total de pontos em cada uma das partes da avalia\u00e7\u00e3o.<\/p>\n\n\n\n<p>Dentre os conhecimentos gerais, foram cobradas as seguintes disciplinas:<\/p>\n\n\n\n<ul class=\"wp-block-list\"><li>L\u00edngua Portuguesa;<\/li>\n\n\n\n<li>Matem\u00e1tica (algumas \u00e1reas); e<\/li>\n\n\n\n<li>Legisla\u00e7\u00e3o<\/li>\n<\/ul><h4 class=\"wp-block-heading\">Apresenta\u00e7\u00e3o de T\u00edtulos<\/h4>\n\n\n\n<p>De car\u00e1ter classificat\u00f3rio, foram analisadas a forma\u00e7\u00e3o e a experi\u00eancia profissional do candidato, e s\u00f3 puderam participar os candidatos aprovados na prova objetiva.<\/p>\n\n\n\n<p>Tiveram que participar desta etapa os candidatos que concorreram aos cargos de:<\/p>\n\n\n\n<ul class=\"wp-block-list\"><li>M\u00e9dico; e<\/li>\n\n\n\n<li>M\u00e9dico Veterin\u00e1rio.<\/li>\n<\/ul><p>Os classificados tiveram que enviar seus documentos entre os dias 17 e 20 de novembro, por meio do preenchimento de formul\u00e1rio dispon\u00edvel no Google Forms, disponibilizado na p\u00e1gina do concurso.<\/p>\n\n\n\n<h4 class=\"wp-block-heading\">Prova Pr\u00e1tica<\/h4>\n\n\n\n<p>Esta etapa, de car\u00e1ter classificat\u00f3rio, foi aplicada no dia 04 de dezembro de 2023 e teve como objetivo avaliar as compet\u00eancias dos candidatos em rela\u00e7\u00e3o aos conhecimentos t\u00e9cnicos de sua \u00e1rea de atua\u00e7\u00e3o.<\/p>\n\n\n\n<p>Com escala de corre\u00e7\u00e3o de 0 a 100, o candidato deveria obter nota igual ou superior a 60 pontos.<\/p>\n\n\n\n<p>Apenas os candidatos dos seguintes cargos tiveram que realizar esta etapa:<\/p>\n\n\n\n<ul class=\"wp-block-list\"><li>M\u00e9dico Veterin\u00e1rio;<\/li>\n\n\n\n<li>T\u00e9cnico de Laborat\u00f3rio \u2013 Biologia;<\/li>\n\n\n\n<li>T\u00e9cnico de Laborat\u00f3rio \u2013 Engenharia Civil;<\/li>\n\n\n\n<li>T\u00e9cnico de Laborat\u00f3rio \u2013 Mec\u00e2nica;<\/li>\n\n\n\n<li>T\u00e9cnico de Laborat\u00f3rio \u2013 Metalurgia; e<\/li>\n\n\n\n<li>T\u00e9cnico em Agropecu\u00e1ria<\/li>\n<\/ul>","protected":false},"excerpt":{"rendered":"<p>O concurso UFSCar oferta 227 vagas, imediatas e cadastro reserva, para cargos de n\u00edveis m\u00e9dio e superior!<\/p>\n","protected":false},"author":54693,"featured_media":303983,"comment_status":"closed","ping_status":"closed","sticky":false,"template":"","format":"standard","meta":{"_acf_changed":false,"footnotes":"","_wp_rev_ctl_limit":""},"categories":[44999,44944,44949],"tags":[45659,45026],"class_list":["post-79454","post","type-post","status-publish","format-standard","has-post-thumbnail","hentry","category-concursos","category-carreira-educacao","category-sp","tag-concurso-ufscar","tag-concursos-abertos-sp-2"],"acf":[],"_links":{"self":[{"href":"https:\/\/www.novaconcursos.com.br\/portal\/wp-json\/wp\/v2\/posts\/79454","targetHints":{"allow":["GET"]}}],"collection":[{"href":"https:\/\/www.novaconcursos.com.br\/portal\/wp-json\/wp\/v2\/posts"}],"about":[{"href":"https:\/\/www.novaconcursos.com.br\/portal\/wp-json\/wp\/v2\/types\/post"}],"author":[{"embeddable":true,"href":"https:\/\/www.novaconcursos.com.br\/portal\/wp-json\/wp\/v2\/users\/54693"}],"replies":[{"embeddable":true,"href":"https:\/\/www.novaconcursos.com.br\/portal\/wp-json\/wp\/v2\/comments?post=79454"}],"version-history":[{"count":20,"href":"https:\/\/www.novaconcursos.com.br\/portal\/wp-json\/wp\/v2\/posts\/79454\/revisions"}],"predecessor-version":[{"id":303993,"href":"https:\/\/www.novaconcursos.com.br\/portal\/wp-json\/wp\/v2\/posts\/79454\/revisions\/303993"}],"wp:featuredmedia":[{"embeddable":true,"href":"https:\/\/www.novaconcursos.com.br\/portal\/wp-json\/wp\/v2\/media\/303983"}],"wp:attachment":[{"href":"https:\/\/www.novaconcursos.com.br\/portal\/wp-json\/wp\/v2\/media?parent=79454"}],"wp:term":[{"taxonomy":"category","embeddable":true,"href":"https:\/\/www.novaconcursos.com.br\/portal\/wp-json\/wp\/v2\/categories?post=79454"},{"taxonomy":"post_tag","embeddable":true,"href":"https:\/\/www.novaconcursos.com.br\/portal\/wp-json\/wp\/v2\/tags?post=79454"}],"curies":[{"name":"wp","href":"https:\/\/api.w.org\/{rel}","templated":true}]}}