{"id":79835,"date":"2022-06-08T08:45:24","date_gmt":"2022-06-08T11:45:24","guid":{"rendered":"https:\/\/www.novaconcursos.com.br\/portal\/?post_type=nc-public-tender&#038;p=79835"},"modified":"2024-12-16T09:52:02","modified_gmt":"2024-12-16T12:52:02","slug":"concurso-pm-rj-oficiais","status":"publish","type":"post","link":"https:\/\/www.novaconcursos.com.br\/portal\/concursos\/concurso-pm-rj-oficiais\/","title":{"rendered":"Concurso PMERJ Sa\u00fade: Cargos e vagas confirmados. Edital iminente!"},"content":{"rendered":"<p>Aten\u00e7\u00e3o, concurseiros! Um novo<strong> concurso PMERJ Sa\u00fade<\/strong> (Pol\u00edcia Militar do Estado do Rio de Janeiro) pode ser realizado <strong>muito em breve,<\/strong> visto que a banca organizadora do certame <strong>foi definida.\u00a0<\/strong>Ademais, a corpora\u00e7\u00e3o confirmou os <strong>cargos e vagas<\/strong> a serem contemplados pelo novo edital.<\/p>\n\n\n\n<p>Al\u00e9m disso, s\u00e3o esperadas <strong>67 oportunidades<\/strong> entre cargos de <strong>n\u00edveis m\u00e9dio e superior.<\/strong> Ademais, vale frisar que est\u00e1 atualmente em andamento um <strong>processo seletivo simplificado<\/strong> para o Servi\u00e7o Militar Tempor\u00e1rio Volunt\u00e1rio de Sa\u00fade (SMTVS).<\/p>\n\n\n\n<p>Se interessa pela nova sele\u00e7\u00e3o? Ent\u00e3o confira <strong>todos os detalhes<\/strong> abaixo!<\/p>\n\n\n\n<h2 class=\"wp-block-heading\" id=\"ps2id-idsituao-targetconcurso-pmerj-sade-situao-atual\">[ps2id id=\u2019situa\u00e7\u00e3o\u2019 target=\u201d\/]Concurso PMERJ Sa\u00fade: situa\u00e7\u00e3o atual<\/h2>\n\n\n\n<p>Nesse sentido, \u00e9 essencial recordar que<strong> desde 2020<\/strong> s\u00e3o realizados <strong>estudos<\/strong> para que um novo concurso PMERJ Sa\u00fade seja realizado, de forma que agora os tr\u00e2mites <strong>passaram por avan\u00e7os.<\/strong><\/p>\n\n\n\n<p>Dessa forma, \u00e9 importante que os concurseiros saibam que o novo edital pode ser publicado<strong> muito em breve,<\/strong> provavelmente no in\u00edcio do segundo semestre, visto que a <strong>banca organizadora<\/strong> do certame foi definida.<\/p>\n\n\n\n<p>Sendo assim, nesta ter\u00e7a-feira, <strong>31 de maio,<\/strong> foi publicado por meio do Di\u00e1rio Oficial do Rio de Janeiro o nome da empresa a ser respons\u00e1vel por <strong>receber as inscri\u00e7\u00f5es<\/strong> dos candidatos e <strong>por viabilizar e aplicar<\/strong> as etapas avaliativas da sele\u00e7\u00e3o.<\/p>\n\n\n\n<p>Portanto, o escolhido para <strong>organizar o novo concurso<\/strong> p\u00fablico foi o <a href=\"https:\/\/www.ibade.org.br\/\" target=\"_blank\" rel=\"noopener noreferrer\">Ibade<\/a> (Instituto Brasileiro de Apoio e Desenvolvimento Executivo), de forma que o pr\u00f3ximo passo \u00e9 a<strong> contrata\u00e7\u00e3o da banca<\/strong> e a finaliza\u00e7\u00e3o dos tr\u00e2mites, para que o edital possa ent\u00e3o ser publicado.<\/p>\n\n\n\n<p><em>\u201cA contrata\u00e7\u00e3o da banca examinadora est\u00e1 sendo finalizada. Somente ap\u00f3s a assinatura do contrato, se dar\u00e1 o in\u00edcio das tratativas entre a contratada e a comiss\u00e3o organizadora do concurso nomeada pela SEPM, para elabora\u00e7\u00e3o e publica\u00e7\u00e3o do edital e demais provid\u00eancias inerentes \u00e0 realiza\u00e7\u00e3o do certame\u201d<\/em>, informou a PMERJ.<\/p>\n\n\n\n<p>Al\u00e9m disso, \u00e9 importante mencionar que recentemente a corpora\u00e7\u00e3o <strong>confirmou os cargos e vagas<\/strong> a serem ofertados pelo novo concurso p\u00fablico. Nesse sentido, segundo a PMERJ, o quantitativo de<strong> 67 vagas<\/strong> e os cargos revelados <strong>em 2020<\/strong> permanecem inalterados, de maneira que os concurseiros j\u00e1 podem conhecer esses <strong>detalhes.<\/strong><\/p>\n\n\n\n<p>Estude para o concurso dos seus sonhos com a <a href=\"https:\/\/aprovacao.novaconcursos.com.br\/assinatura\" target=\"_blank\" rel=\"noopener noreferrer\">Assinatura Completa da Nova.<\/a> Tenha acesso a <strong>Cursos, Plataforma de Quest\u00f5es, Eventos Exclusivos<\/strong> para Assinantes e Muito Mais!<\/p>\n\n\n\n<h2 class=\"wp-block-heading\" id=\"ps2id-idvagas-targetvagas-cargos-e-salrios\">[ps2id id=\u2019vagas\u2019 target=\u201d\/]Vagas, cargos e sal\u00e1rios<\/h2>\n\n\n\n<p>Portanto, ap\u00f3s a confirma\u00e7\u00e3o da corpora\u00e7\u00e3o, sabe-se que o novo concurso da Pol\u00edcia Militar do Estado do <a href=\"https:\/\/www.novaconcursos.com.br\/portal\/concursos-previstos\/rj\/\" target=\"_blank\" rel=\"noopener noreferrer\">Rio de Janeiro<\/a> ofertar\u00e1 <strong>67 oportunidades <\/strong>para o Est\u00e1gio Probat\u00f3rio de Adapta\u00e7\u00e3o de Oficiais (EPAO), para o cargo de <strong>Oficias M\u00e9dicos,<\/strong> de n\u00edvel superior.<\/p>\n\n\n\n<p>Ademais, as vagas tamb\u00e9m s\u00e3o destinadas ao Curso de Forma\u00e7\u00e3o de Pra\u00e7as Especialistas em Sa\u00fade, para a carreira de <strong>T\u00e9cnico de Enfermagem<\/strong>, de <strong>n\u00edvel m\u00e9dio.<\/strong><\/p>\n\n\n\n<p>Sendo assim,<strong> 25 das vagas<\/strong> ser\u00e3o para T\u00e9cnico de Enfermagem, enquanto as demais <strong>42 oportunidades<\/strong> ser\u00e3o para Oficial M\u00e9dico, nas seguintes especialidades:<\/p>\n\n\n\n<ul class=\"wp-block-list\"><li>Anestesiologia (1)<\/li>\n\n\n\n<li>Cirurgia:<\/li>\n\n\n\n<li>Geral (1);<\/li>\n\n\n\n<li>Pedi\u00e1trica (1);<\/li>\n\n\n\n<li>Vascular (1);<\/li>\n\n\n\n<li>Vascular \u2013 Endovascular (1);<\/li>\n\n\n\n<li>Cl\u00ednica M\u00e9dica (17);<\/li>\n\n\n\n<li>Hematologia (1);<\/li>\n\n\n\n<li>Neurocirurgia (4);<\/li>\n\n\n\n<li>Ortopedia (1);<\/li>\n\n\n\n<li>Pediatria (2);<\/li>\n\n\n\n<li>Psiquiatria (7);<\/li>\n\n\n\n<li>Radiologia (1);<\/li>\n\n\n\n<li>Terapia Intensiva \u2013 Adulto (4).<\/li>\n<\/ul><p>Al\u00e9m disso, os aprovados no concurso p\u00fablico contar\u00e3o com <strong>sal\u00e1rios<\/strong> que variar\u00e3o entre <strong>R$ 3.246,42<\/strong> para n\u00edvel m\u00e9dio e <strong>R$ 6.014,19<\/strong> para n\u00edvel superior.<\/p>\n\n\n\n<h2 class=\"wp-block-heading\" id=\"ps2id-idrequisitos-targetconcurso-pmerj-sade-quais-so-os-req\">[ps2id id=\u2019requisitos\u2019 target=\u201d\/]Concurso PMERJ Sa\u00fade: quais s\u00e3o os requisitos?<\/h2>\n\n\n\n<p>\u00c9 igualmente essencial frisar que para concorrer ao cargo de <strong>T\u00e9cnico de Enfermagem<\/strong> ser\u00e1 necess\u00e1rio que os candidatos possuam diploma de conclus\u00e3o de <strong>curso t\u00e9cnico<\/strong> em Enfermagem, al\u00e9m de <strong>registro<\/strong> no respectivo Conselho Regional do Estado do Rio de Janeiro.<\/p>\n\n\n\n<p>Por outro lado, para as carreiras de<strong> n\u00edvel superior<\/strong> os concurseiros dever\u00e3o contar com os seguintes <strong>documentos:<\/strong><\/p>\n\n\n\n<ul class=\"wp-block-list\"><li>diploma de gradua\u00e7\u00e3o em Medicina;<\/li>\n\n\n\n<li>registro definitivo no Conselho Regional de Medicina do Estado do Rio de Janeiro e certid\u00e3o de \u201cnada consta\u201d do Cremerj;<\/li>\n\n\n\n<li>certificado de conclus\u00e3o, com aproveitamento de programa de resid\u00eancia m\u00e9dica reconhecido pela Comiss\u00e3o Nacional de Resid\u00eancia M\u00e9dica na especialidade da \u00e1rea a qual se inscreveu, ou certificado de conclus\u00e3o com aproveitamento do curso de especializa\u00e7\u00e3o, em curso reconhecido pelo MEC.<\/li>\n<\/ul><h2 class=\"wp-block-heading\" id=\"ps2id-idprovas-targetconcurso-pmerj-sade-provas\">[ps2id id=\u2019provas\u2019 target=\u201d\/]Concurso PMERJ Sa\u00fade: provas<\/h2>\n\n\n\n<p>Al\u00e9m disso, \u00e9 de suma import\u00e2ncia mencionar que os candidatos do novo <a href=\"https:\/\/www.novaconcursos.com.br\/portal\/concursos-abertos\/rj\/\">concurso<\/a> PMERJ Sa\u00fade ser\u00e3o avaliados por meio de<strong> 07 etapas avaliativas,<\/strong> sendo elas:<\/p>\n\n\n\n<ul class=\"wp-block-list\"><li>Prova Objetiva;<\/li>\n\n\n\n<li>Avalia\u00e7\u00e3o de T\u00edtulos;<\/li>\n\n\n\n<li>Exame Antropom\u00e9trico;<\/li>\n\n\n\n<li>Teste de Aptid\u00e3o F\u00edsica (TAF);<\/li>\n\n\n\n<li>Avalia\u00e7\u00e3o Psicol\u00f3gica;<\/li>\n\n\n\n<li>Exame de Sa\u00fade;<\/li>\n\n\n\n<li>Exame Social e Documental.<\/li>\n<\/ul><p>Ademais, sabe-se que as provas objetivas da sele\u00e7\u00e3o contar\u00e3o com<strong> 80 quest\u00f5es<\/strong> de m\u00faltipla escolha acerca das <strong>disciplinas<\/strong> a seguir:<\/p>\n\n\n\n<p><strong>T\u00e9cnico em Enfermagem<\/strong><\/p>\n\n\n\n<ul class=\"wp-block-list\"><li>Deontologia e Exerc\u00edcio Profissional (5);<\/li>\n\n\n\n<li>Enfermagem Materno-Infantil (10);<\/li>\n\n\n\n<li>Fundamentos de Enfermagem (15);<\/li>\n\n\n\n<li>Enfermagem M\u00e9dico-Cir\u00fargica (20);<\/li>\n\n\n\n<li>Enfermagem em Emerg\u00eancia (10);<\/li>\n\n\n\n<li>Administra\u00e7\u00e3o em Enfermagem (5);<\/li>\n\n\n\n<li>Enfermagem em Sa\u00fade P\u00fablica (10); e<\/li>\n\n\n\n<li>Enfermagem Psiqui\u00e1trica e Sa\u00fade Mental (5).<\/li>\n<\/ul><p><strong>Oficial M\u00e9dico<\/strong><\/p>\n\n\n\n<ul class=\"wp-block-list\"><li>Pediatria (10);<\/li>\n\n\n\n<li>Cl\u00ednica M\u00e9dica (10);<\/li>\n\n\n\n<li>Ginecologia e Obstetr\u00edcia (10);<\/li>\n\n\n\n<li>Cirurgia Geral (10);<\/li>\n\n\n\n<li>Legisla\u00e7\u00e3o Institucional (10); e<\/li>\n\n\n\n<li>Conte\u00fado da Especialidade (30).<\/li>\n<\/ul><p>Nesse sentido, para ser considerado como aprovado nessa etapa os concurseiros dever\u00e3o obter, no m\u00ednimo,<strong> 50% de acertos na avalia\u00e7\u00e3o.<\/strong> Ademais, <strong>n\u00e3o poder\u00e3o zerar<\/strong> nenhuma disciplina.<\/p>\n\n\n\n<p>\u00c9 igualmente importante frisar que para a <strong>avalia\u00e7\u00e3o de t\u00edtulos<\/strong> os candidatos de n\u00edvel m\u00e9dio poder\u00e3o apresentar documentos comprobat\u00f3rios e declara\u00e7\u00e3o de <strong>experi\u00eancia profissional<\/strong> como t\u00e9cnico de enfermagem na \u00e1rea Assistencial de Cuidados de Enfermagem.<\/p>\n\n\n\n<p>Por outro lado, os inscritos nos cargos de n\u00edveis superior <strong>poder\u00e3o enviar t\u00edtulos de<\/strong> p\u00f3s doutorado, doutorado, mestrado e t\u00edtulo da AMB.<\/p>\n\n\n\n<h2 class=\"wp-block-heading\" id=\"ps2id-idprocesso-targetprocesso-seletivo-em-andamento\">[ps2id id=\u2019processo\u2019 target=\u201d\/]Processo seletivo em andamento<\/h2>\n\n\n\n<p>Por fim, \u00e9 essencial recordar que <strong>est\u00e1 atualmente em andamento<\/strong> um processo seletivo PMERJ com a oferta de<strong> 834 oportunidades tempor\u00e1rias<\/strong> entre carreiras de n\u00edveis m\u00e9dio e superior.<\/p>\n\n\n\n<p>Sendo assim, conhe\u00e7a os <strong>cargos contemplados<\/strong> pelo edital para o Servi\u00e7o Militar Tempor\u00e1rio Volunt\u00e1rio de Sa\u00fade (SMTVS):<\/p>\n\n\n\n<p><strong>N\u00edvel M\u00e9dio \u2013 413 vagas<\/strong><\/p>\n\n\n\n<ul class=\"wp-block-list\"><li>Auxiliar Veterin\u00e1ria (cinco);<\/li>\n\n\n\n<li>Auxiliar de Sa\u00fade Bucal (100);<\/li>\n\n\n\n<li>Anatomia Patol\u00f3gica (quatro);<\/li>\n\n\n\n<li>T\u00e9cnico em:\n<ul class=\"wp-block-list\"><li>Instrumenta\u00e7\u00e3o Cir\u00fargica (30);<\/li>\n\n\n\n<li>Raio-X (11);<\/li>\n\n\n\n<li>Nutri\u00e7\u00e3o (cinco);<\/li>\n\n\n\n<li>Laborat\u00f3rio (15);<\/li>\n\n\n\n<li>Farm\u00e1cia (23); e<\/li>\n\n\n\n<li>Enfermagem (250).<\/li>\n<\/ul><\/li>\n<\/ul><p><strong>N\u00edvel Superior \u2013 421 vagas<\/strong><\/p>\n\n\n\n<ul class=\"wp-block-list\"><li>Medicina (205);<\/li>\n\n\n\n<li>Medicina Veterin\u00e1ria (seis);<\/li>\n\n\n\n<li>Enfermagem (60);<\/li>\n\n\n\n<li>Farm\u00e1cia (dez);<\/li>\n\n\n\n<li>Psicologia (29);<\/li>\n\n\n\n<li>Fisioterapia (12);<\/li>\n\n\n\n<li>Nutri\u00e7\u00e3o (12);<\/li>\n\n\n\n<li>Fonoaudiologia (tr\u00eas);<\/li>\n\n\n\n<li>Odontologia (77); e<\/li>\n\n\n\n<li>Assistente Social (sete).<\/li>\n<\/ul><p>\u00c9 igualmente importante destacar que os aprovados no concurso p\u00fablico ser\u00e3o <strong>lotados na Regi\u00e3o Metropolitana<\/strong> do Rio e <strong>nas cidades de<\/strong> Campos dos Goytacazes, Barra do Pira\u00ed, Cabo Frio, Angra dos Reis, Teres\u00f3polis e Resende.<\/p>\n\n\n\n<p>Ademais, os aprovados contar\u00e3o com <strong>remunera\u00e7\u00f5es<\/strong> que variam enquanto o <strong>est\u00e1gio<\/strong> \u00e9 realizado<strong> e ap\u00f3s a finaliza\u00e7\u00e3o deste, <\/strong>a remunera\u00e7\u00e3o \u00e9 a seguinte:<\/p>\n\n\n\n<ul class=\"wp-block-list\"><li>1\u00b0 Tenente PM Estagi\u00e1rio Tempor\u00e1rio Volunt\u00e1rio de Sa\u00fade \u2013 R$ 8.230,83<\/li>\n\n\n\n<li>1\u00b0 Tenente PM Tempor\u00e1rio Volunt\u00e1rio de Sa\u00fade \u2013 R$10.854,74<\/li>\n<\/ul><p>O <strong>est\u00e1gio<\/strong> est\u00e1 previsto para ter in\u00edcio em <strong>4 de agosto.\u00a0<\/strong><\/p>\n\n\n\n<h3 class=\"wp-block-heading\">[ps2id id=\u2019requisitos-b\u00e1sicos\u2019 target=\u201d\/]Quais s\u00e3o os requisitos b\u00e1sicos?<\/h3>\n\n\n\n<p>Al\u00e9m disso, tamb\u00e9m \u00e9 importante destacar que para\u00a0participar do <strong>processo seletivo<\/strong> \u00e9 necess\u00e1rio cumprir com os seguintes <strong>requisitos b\u00e1sicos:<\/strong><\/p>\n\n\n\n<ul class=\"wp-block-list\"><li>ser brasileiro;<\/li>\n\n\n\n<li>ser volunt\u00e1rio;<\/li>\n\n\n\n<li>ter a idade m\u00ednima de 18 (dezoito) anos e m\u00e1xima de 35 (trinta e cinco) anos at\u00e9 a data do in\u00edcio do per\u00edodo de inscri\u00e7\u00e3o (considera-se para efeito deste item a idade-limite de trinta e cinco anos, aquela idade compreendida at\u00e9 a v\u00e9spera do trig\u00e9simo sexto anivers\u00e1rio);<\/li>\n\n\n\n<li>apresentar os requisitos exigidos no item 7.2, na \u00e1rea pretendida;<\/li>\n\n\n\n<li>n\u00e3o estar cumprindo o Servi\u00e7o Militar Obrigat\u00f3rio, por ocasi\u00e3o da incorpora\u00e7\u00e3o. O volunt\u00e1rio que venha a estar apto para a incorpora\u00e7\u00e3o dever\u00e1 ser licenciado do servi\u00e7o ativo e desligado do efetivo da Organiza\u00e7\u00e3o Militar de origem, at\u00e9 a data anterior \u00e0quela prevista para a incorpora\u00e7\u00e3o;<\/li>\n\n\n\n<li>n\u00e3o ser pra\u00e7a das For\u00e7as Armadas ou de For\u00e7a Auxiliar;<\/li>\n\n\n\n<li>n\u00e3o estar cumprindo pena por crime comum, militar ou eleitoral, nem estar submetido \u00e0 medida de seguran\u00e7a e\/ou medida socioeducativa;<\/li>\n\n\n\n<li>se do sexo masculino, encontrar-se em dia com as obriga\u00e7\u00f5es militares por ocasi\u00e3o da etapa de Concentra\u00e7\u00e3o Final\/Habilita\u00e7\u00e3o \u00e0 Incorpora\u00e7\u00e3o;<\/li>\n\n\n\n<li>n\u00e3o ter sido condenado em processo criminal, por crime doloso com senten\u00e7a transitado em julgado;<\/li>\n\n\n\n<li>n\u00e3o ser detentor de Certificado de Isen\u00e7\u00e3o do Servi\u00e7o Militar motivado por incapacidade f\u00edsica, mental ou moral;<\/li>\n\n\n\n<li>estar em dia com suas obriga\u00e7\u00f5es eleitorais; e<\/li>\n\n\n\n<li>estar registrado e regular no \u00f3rg\u00e3o fiscalizador da profiss\u00e3o a que concorre, quando existir, estando apto ao exerc\u00edcio da atividade profissional.<\/li>\n<\/ul><h3 class=\"wp-block-heading\">[ps2id id=\u2019etapas\u2019 target=\u201d\/]Processo seletivo PMERJ: etapas avaliativas<\/h3>\n\n\n\n<p>Por fim, \u00e9 imprescind\u00edvel frisar que os inscritos no processo seletivo PMERJ s\u00e3o avaliados por meio das <strong>etapas avaliativas<\/strong> a seguir:<\/p>\n\n\n\n<ul class=\"wp-block-list\"><li>Entrega de Documentos;<\/li>\n\n\n\n<li>Valida\u00e7\u00e3o Documental;<\/li>\n\n\n\n<li>Avalia\u00e7\u00e3o Curricular;<\/li>\n\n\n\n<li>Inspe\u00e7\u00e3o de Sa\u00fade e Avalia\u00e7\u00e3o Psicol\u00f3gica;<\/li>\n\n\n\n<li>Convoca\u00e7\u00e3o para Entrega de Documentos Originais; e<\/li>\n\n\n\n<li>Habilita\u00e7\u00e3o \u00e0 Incorpora\u00e7\u00e3o.<\/li>\n<\/ul>","protected":false},"excerpt":{"rendered":"<p>Aten\u00e7\u00e3o, concurseiros! Um novo concurso PMERJ Sa\u00fade (Pol\u00edcia Militar do Estado do Rio de Janeiro) pode ser realizado muito em breve, visto que a banca organizadora do certame foi definida.\u00a0Ademais, a corpora\u00e7\u00e3o confirmou os cargos e vagas a serem contemplados pelo novo edital.<br \/>\nAl\u00e9m disso, s\u00e3o esperadas 67 oportunidades entre cargos de n\u00edveis m\u00e9dio e superior. Ademais, vale frisar que est\u00e1 atualmente em andamento um processo seletivo simplificado para o Servi\u00e7o Militar Tempor\u00e1rio Volunt\u00e1rio de Sa\u00fade (SMTVS).<br \/>\nSe interessa pela nova sele\u00e7\u00e3o? Ent\u00e3o confira todos os detalhes abaixo!<\/p>\n","protected":false},"author":16,"featured_media":156711,"comment_status":"closed","ping_status":"closed","sticky":false,"template":"","format":"standard","meta":{"_acf_changed":false,"footnotes":"","_wp_rev_ctl_limit":""},"categories":[44999],"tags":[],"class_list":["post-79835","post","type-post","status-publish","format-standard","has-post-thumbnail","hentry","category-concursos"],"acf":[],"_links":{"self":[{"href":"https:\/\/www.novaconcursos.com.br\/portal\/wp-json\/wp\/v2\/posts\/79835","targetHints":{"allow":["GET"]}}],"collection":[{"href":"https:\/\/www.novaconcursos.com.br\/portal\/wp-json\/wp\/v2\/posts"}],"about":[{"href":"https:\/\/www.novaconcursos.com.br\/portal\/wp-json\/wp\/v2\/types\/post"}],"author":[{"embeddable":true,"href":"https:\/\/www.novaconcursos.com.br\/portal\/wp-json\/wp\/v2\/users\/16"}],"replies":[{"embeddable":true,"href":"https:\/\/www.novaconcursos.com.br\/portal\/wp-json\/wp\/v2\/comments?post=79835"}],"version-history":[{"count":17,"href":"https:\/\/www.novaconcursos.com.br\/portal\/wp-json\/wp\/v2\/posts\/79835\/revisions"}],"predecessor-version":[{"id":232015,"href":"https:\/\/www.novaconcursos.com.br\/portal\/wp-json\/wp\/v2\/posts\/79835\/revisions\/232015"}],"wp:featuredmedia":[{"embeddable":true,"href":"https:\/\/www.novaconcursos.com.br\/portal\/wp-json\/wp\/v2\/media\/156711"}],"wp:attachment":[{"href":"https:\/\/www.novaconcursos.com.br\/portal\/wp-json\/wp\/v2\/media?parent=79835"}],"wp:term":[{"taxonomy":"category","embeddable":true,"href":"https:\/\/www.novaconcursos.com.br\/portal\/wp-json\/wp\/v2\/categories?post=79835"},{"taxonomy":"post_tag","embeddable":true,"href":"https:\/\/www.novaconcursos.com.br\/portal\/wp-json\/wp\/v2\/tags?post=79835"}],"curies":[{"name":"wp","href":"https:\/\/api.w.org\/{rel}","templated":true}]}}