{"id":79959,"date":"2018-12-31T10:39:35","date_gmt":"2018-12-31T12:39:35","guid":{"rendered":"https:\/\/www.novaconcursos.com.br\/portal\/?post_type=nc-public-tender&#038;p=79959"},"modified":"2024-12-16T10:30:49","modified_gmt":"2024-12-16T13:30:49","slug":"processo-seletivo-prefeitura-de-extrema-mg","status":"publish","type":"post","link":"https:\/\/www.novaconcursos.com.br\/portal\/concursos\/processo-seletivo-prefeitura-de-extrema-mg\/","title":{"rendered":"Processo Seletivo Prefeitura de Extrema &#8211; MG"},"content":{"rendered":"<p><strong>Saiu o edital<\/strong> do novo processo seletivo <strong>Prefeitura de Extrema \u2013 MG<\/strong>. As oportunidades s\u00e3o para <strong>n\u00edvel superior<\/strong>, com sal\u00e1rios de at\u00e9 <strong>R$ 2,3 mil!<\/strong><\/p>\n<p style=\"text-align: center;\"><strong><span style=\"text-decoration: underline;\"><span style=\"color: #0000ff;\"><a style=\"color: #0000ff; text-decoration: underline;\" href=\"https:\/\/www.novaconcursos.com.br\/concurso\/prefeitura-de-extrema-mg\/apostila?promo_name=pref-de-extrema-mg-blog&amp;promo_id=1&amp;promo_creative=link-saiu-edital-pref-de-extrema-mg&amp;promo_position=pref-de-extrema-mg\" target=\"_blank\" rel=\"noopener noreferrer\">\u00bb Prepare-se com a Apostila\u00a0Prefeitura de Extrema \u2013 MG + Curso\u00a0ECA (GR\u00c1TIS)\u00a0\u00ab<\/a><\/span><\/span><\/strong><\/p>\n<p><strong>Como fazer a inscri\u00e7\u00e3o do processo seletivo Prefeitura de Extrema \u2013 MG?<\/strong><\/p>\n<p>As <strong>inscri\u00e7\u00f5es<\/strong> ficar\u00e3o dispon\u00edveis at\u00e9 \u00e0s <strong>23h59min do dia 11 de janeiro de 2019<\/strong>.<\/p>\n<p>Para se <strong>inscrever<\/strong> o candidato dever\u00e1 acessar o site da banca organizadora, <span style=\"text-decoration: underline;\"><span style=\"color: #0000ff;\"><a style=\"color: #0000ff; text-decoration: underline;\" href=\"http:\/\/www.directacarreiras.com.br\/Concurso\/Detail\/208\" target=\"_blank\" rel=\"noopener noreferrer\">Directa<\/a><\/span><\/span>.<\/p>\n<p>O candidato que <strong>n\u00e3o tiver acesso \u00e0 internet<\/strong>, poder\u00e1 ir pessoalmente na Secretaria Municipal de Educa\u00e7\u00e3o, localizada na Rua Capit\u00e3o Germano, n\u00ba 128, Centro, nos hor\u00e1rios das <strong>08h \u00e0s 12h e das 13h \u00e0s 17h<\/strong>.<\/p>\n<p><strong>N\u00e3o<\/strong> haver\u00e1 cobran\u00e7a de taxa de inscri\u00e7\u00e3o.<\/p>\n<p><strong>Vagas e sal\u00e1rios<\/strong><\/p>\n<p>S\u00e3o ofertadas <strong>132 vagas<\/strong>, para n\u00edvel superior. Com <strong>oportunidades<\/strong> para os seguintes cargos:<\/p>\n<p>\u2666 <strong>N\u00edvel Superior:<\/strong> Professor de Educa\u00e7\u00e3o Infantil (10), Professor de Educa\u00e7\u00e3o B\u00e1sica l (77), Professor de L\u00edngua Portuguesa (10), Professor de Matem\u00e1tica (14), Professor de Ci\u00eancias (4), Professor de Geografia (4), Professor de Hist\u00f3ria (1), Professor de Educa\u00e7\u00e3o F\u00edsica (1), Professor de Ensino Religioso (1), Professor de Artes (1), Professor de Ingl\u00eas (6), Professor de M\u00fasica (3).<\/p>\n<p>Os <strong>sal\u00e1rios<\/strong> variam de <strong>R$ 28,77 hora-aula a R$ 2.329,72<\/strong>, para jornadas de trabalho de <strong>20 e 30<\/strong> horas semanais.<\/p>\n<p><strong>Como ser\u00e1 a prova do processo seletivo Prefeitura de Extrema \u2013 MG?<\/strong><\/p>\n<p>A <strong>avalia\u00e7\u00e3o<\/strong> dos candidatos ser\u00e1 por meio de<strong> prova objetiva<\/strong> (para todos os cargos), aplicada na data prevista de <strong>20 de janeiro de 2019<\/strong>, na cidade de Extrema\/MG.<\/p>\n<p>Os <strong>locais e hor\u00e1rios<\/strong> ser\u00e3o divulgados posteriormente no site da banca organizadora.<\/p>\n<p>Ocorrer\u00e1 ainda <strong>prova de t\u00edtulos<\/strong> como crit\u00e9rio de avalia\u00e7\u00e3o dos candidatos.<\/p>\n<p>O <strong>conte\u00fado program\u00e1tico<\/strong> da prova ir\u00e1 constar as seguintes disciplinas: L\u00edngua Portuguesa (05 quest\u00f5es), Inform\u00e1tica (05 quest\u00f5es), Conhecimentos Espec\u00edficos e Legisla\u00e7\u00e3o (15 quest\u00f5es).<\/p>\n<p>A <strong>validade<\/strong> da sele\u00e7\u00e3o ser\u00e1 para o <strong>ano letivo de 2019<\/strong>.<\/p>\n<p style=\"text-align: center;\"><strong><span style=\"text-decoration: underline;\"><span style=\"color: #0000ff;\"><a style=\"color: #0000ff; text-decoration: underline;\" href=\"https:\/\/www.novaconcursos.com.br\/concurso\/prefeitura-de-extrema-mg\/apostila?promo_name=pref-de-extrema-mg-blog&amp;promo_id=1&amp;promo_creative=link-saiu-edital-pref-de-extrema-mg&amp;promo_position=pref-de-extrema-mg\" target=\"_blank\" rel=\"noopener noreferrer\">\u00bb Prepare-se com a Apostila\u00a0Prefeitura de Extrema \u2013 MG + Curso\u00a0ECA (GR\u00c1TIS)\u00a0\u00ab<\/a><\/span><\/span><\/strong><\/p>\n<p>A <strong><span style=\"text-decoration: underline;\"><span style=\"color: #0000ff;\"><a style=\"color: #0000ff; text-decoration: underline;\" href=\"https:\/\/www.novaconcursos.com.br\/\" target=\"_blank\" rel=\"noopener noreferrer\">Nova\u2002Concursos<\/a><\/span><\/span><\/strong> tem ajudado h\u00e1 mais de 10 anos quem quer vencer a batalha do concurso p\u00fablico. Se voc\u00ea quer aumentar as suas chances de passar, conhe\u00e7a os nossos materiais, acessando o nosso site!<\/p>","protected":false},"excerpt":{"rendered":"<p>Saiu o edital do novo processo seletivo Prefeitura de Extrema \u2013 MG. As oportunidades s\u00e3o para n\u00edvel superior, com sal\u00e1rios de at\u00e9 R$ 2,3 mil!<\/p>\n","protected":false},"author":16,"featured_media":0,"comment_status":"closed","ping_status":"closed","sticky":false,"template":"","format":"standard","meta":{"_acf_changed":false,"footnotes":"","_wp_rev_ctl_limit":""},"categories":[44999],"tags":[],"class_list":["post-79959","post","type-post","status-publish","format-standard","hentry","category-concursos"],"acf":[],"_links":{"self":[{"href":"https:\/\/www.novaconcursos.com.br\/portal\/wp-json\/wp\/v2\/posts\/79959","targetHints":{"allow":["GET"]}}],"collection":[{"href":"https:\/\/www.novaconcursos.com.br\/portal\/wp-json\/wp\/v2\/posts"}],"about":[{"href":"https:\/\/www.novaconcursos.com.br\/portal\/wp-json\/wp\/v2\/types\/post"}],"author":[{"embeddable":true,"href":"https:\/\/www.novaconcursos.com.br\/portal\/wp-json\/wp\/v2\/users\/16"}],"replies":[{"embeddable":true,"href":"https:\/\/www.novaconcursos.com.br\/portal\/wp-json\/wp\/v2\/comments?post=79959"}],"version-history":[{"count":2,"href":"https:\/\/www.novaconcursos.com.br\/portal\/wp-json\/wp\/v2\/posts\/79959\/revisions"}],"predecessor-version":[{"id":265482,"href":"https:\/\/www.novaconcursos.com.br\/portal\/wp-json\/wp\/v2\/posts\/79959\/revisions\/265482"}],"wp:attachment":[{"href":"https:\/\/www.novaconcursos.com.br\/portal\/wp-json\/wp\/v2\/media?parent=79959"}],"wp:term":[{"taxonomy":"category","embeddable":true,"href":"https:\/\/www.novaconcursos.com.br\/portal\/wp-json\/wp\/v2\/categories?post=79959"},{"taxonomy":"post_tag","embeddable":true,"href":"https:\/\/www.novaconcursos.com.br\/portal\/wp-json\/wp\/v2\/tags?post=79959"}],"curies":[{"name":"wp","href":"https:\/\/api.w.org\/{rel}","templated":true}]}}