{"id":80066,"date":"2019-01-02T17:46:36","date_gmt":"2019-01-02T19:46:36","guid":{"rendered":"https:\/\/www.novaconcursos.com.br\/portal\/?p=80066"},"modified":"2025-12-29T12:10:21","modified_gmt":"2025-12-29T15:10:21","slug":"moro-diz-que-havera-fortalecimento-do-efetivo-da-pf-e-depen-2019-01","status":"publish","type":"post","link":"https:\/\/www.novaconcursos.com.br\/portal\/noticias\/moro-diz-que-havera-fortalecimento-do-efetivo-da-pf-e-depen-2019-01\/","title":{"rendered":"Moro diz que haver\u00e1 fortalecimento do efetivo da PF e DEPEN!"},"content":{"rendered":"<p>Aten\u00e7\u00e3o concurseiros que aguardam <strong>oportunidades para seguran\u00e7a p\u00fablica em 2019<\/strong>!<\/p>\n<p>No dia <strong>02 de janeiro de 2019<\/strong>, o novo <strong>Ministro da Justi\u00e7a e Seguran\u00e7a P\u00fablica, S\u00e9rgio Moro<\/strong>, afirmou que pretende reestruturar o sistema penitenci\u00e1rio brasileiro e fortalecer as equipes de for\u00e7a tarefa da Pol\u00edcia Federal.<\/p>\n<p>As propostas foram muito bem recebidas pelos concurseiros, uma vez que podem resultar em chamada de aprovados de concursos v\u00e1lidos e <strong>novos editais em 2019!<\/strong><\/p>\n<p><span style=\"color: #000000;\"><strong>Uni\u00e3o dos minist\u00e9rios<\/strong><\/span><\/p>\n<p>Outra not\u00edcia que animou os concurseiros de todo o pa\u00eds, foi a uni\u00e3o dos <strong>Minist\u00e9rios da Justi\u00e7a e da Seguran\u00e7a P\u00fablica<\/strong>, que se tornaram um superminist\u00e9rio.<\/p>\n<p>A expectativa \u00e9 de que a fus\u00e3o poder\u00e1 resultar em mais refor\u00e7os nos quadros da <a href=\"https:\/\/www.novaconcursos.com.br\/portal\/concursos\/concurso-policia-federal\/\">Pol\u00edcia Federal (PF<\/a><strong>) e Pol\u00edcia Rodovi\u00e1ria Federal (PRF).<\/strong><\/p>\n<p>Isso significa que, com a decis\u00e3o de fus\u00e3o das pastas e chegada de Sergio Moro como novo ministro, a Pol\u00edcia Federal e a Pol\u00edcia Rodovi\u00e1ria Federal (PRF) dever\u00e3o recebam refor\u00e7os no quadro de servidores, <strong>visando diminuir o d\u00e9ficit<\/strong> que atrapalha o desempenho dos \u00f3rg\u00e3os.<\/p>\n<p><span style=\"color: #000000;\"><strong>Pr\u00f3ximos concursos<\/strong><\/span><\/p>\n<p>O novo <strong>Ministro da Justi\u00e7a e Seguran\u00e7a P\u00fablica, S\u00e9rgio Moro<\/strong>, afirmou em discurso feito durante a cerim\u00f4nia de transmiss\u00e3o de cargo no Pal\u00e1cio da Justi\u00e7a, que:<\/p>\n<p>\u201cUm dos imediatos compromissos, n\u00e3o meu, mas que me foi apresentado pelo diretor-geral da Pol\u00edcia Federal, ser\u00e1 o de reestruturar e fortalecer as diversas for\u00e7as tarefas e equipes policiais encarregadas de investigar a grande corrup\u00e7\u00e3o, seja nos inqu\u00e9ritos em Curitiba, S\u00e3o Paulo e no Rio de Janeiro, seja nas investiga\u00e7\u00f5es perante as Cortes Superiores de Bras\u00edlia\u201d, disse S\u00e9rgio Moro.<\/p>\n<p>Diante da promessa de fortalecimento da seguran\u00e7a, a expectativa \u00e9 de que novos certames para na \u00e1rea da seguran\u00e7a p\u00fablica sejam <strong>abertos em breve<\/strong>, s\u00e3o eles:<\/p>\n<p>\u2666 <span style=\"text-decoration: underline;\">Pol\u00edcia Federal (PF)<\/span> \u2013 A corpora\u00e7\u00e3o atualmente trabalha com um d\u00e9ficit de 3 mil policiais.<\/p>\n<p>\u2666 <span style=\"text-decoration: underline;\">Pol\u00edcia Rodovi\u00e1ria Federal (PRF)<\/span> \u2013 Possui d\u00e9ficit de 8 mil policiais, conforme dados da FENAPRF.<\/p>\n<p>\u2666 <span style=\"text-decoration: underline;\">Departamento Penitenci\u00e1rio Nacional (DEPEN)<\/span> \u2013 O antigo Ministro da Seguran\u00e7a P\u00fablica, Raul Jungmann, j\u00e1 havia refor\u00e7ado a necessidade de mais Agentes no quadro do DEPEN. Portanto o \u00f3rg\u00e3o dever\u00e1 ser priorizado.<\/p>\n<p>\u201cPretendo que o Departamento Penitenci\u00e1rio Nacional incremente a qualidade das penitenci\u00e1rias federais, para o absoluto controle das comunica\u00e7\u00f5es das lideran\u00e7as de organiza\u00e7\u00f5es criminosas com o mundo exterior\u201d, afirmou S\u00e9rgio Moro.<\/p>\n<p>A\u00a0<span style=\"text-decoration: underline; color: #0000ff;\"><a style=\"color: #0000ff;\" href=\"https:\/\/www.novaconcursos.com.br\/?utm_source=blog&amp;utm_medium=smm&amp;utm_content=link-texto&amp;utm_campaign=home\" target=\"_blank\" rel=\"noopener\"><strong>Nova\u00a0Concursos<\/strong><\/a><\/span>\u00a0tem ajudado h\u00e1 mais de 10 anos quem quer vencer a batalha do concurso p\u00fablico. Se voc\u00ea quer aumentar as suas chances de passar, conhe\u00e7a os nossos materiais, acessando o nosso site!<\/p>","protected":false},"excerpt":{"rendered":"<p>Aten\u00e7\u00e3o concurseiros que aguardam oportunidades para seguran\u00e7a p\u00fablica em 2019! No dia 02 de janeiro de 2019, o novo Ministro da Justi\u00e7a e Seguran\u00e7a P\u00fablica, S\u00e9rgio Moro, afirmou que pretende reestruturar o sistema penitenci\u00e1rio brasileiro e fortalecer as equipes de for\u00e7a tarefa da Pol\u00edcia Federal. As propostas foram muito bem recebidas pelos concurseiros, uma vez [&hellip;]<\/p>\n","protected":false},"author":16,"featured_media":80160,"comment_status":"closed","ping_status":"closed","sticky":false,"template":"","format":"standard","meta":{"_acf_changed":false,"footnotes":"","_wp_rev_ctl_limit":""},"categories":[228],"tags":[6312,6315,280,197,3064,6524,22392,35006,35008,35007,33486],"class_list":["post-80066","post","type-post","status-publish","format-standard","has-post-thumbnail","hentry","category-noticias","tag-concurso-departamento-penitenciario-nacional","tag-concurso-depen","tag-concurso-pf","tag-concurso-policia-federal","tag-concurso-policia-rodoviaria-federal","tag-concurso-prf","tag-concursos-2019","tag-concursos-seguranca-publica","tag-concursos-seguranca-publica-2019","tag-concursos-seguranca-publica-previstos","tag-sergio-moro"],"acf":[],"_links":{"self":[{"href":"https:\/\/www.novaconcursos.com.br\/portal\/wp-json\/wp\/v2\/posts\/80066","targetHints":{"allow":["GET"]}}],"collection":[{"href":"https:\/\/www.novaconcursos.com.br\/portal\/wp-json\/wp\/v2\/posts"}],"about":[{"href":"https:\/\/www.novaconcursos.com.br\/portal\/wp-json\/wp\/v2\/types\/post"}],"author":[{"embeddable":true,"href":"https:\/\/www.novaconcursos.com.br\/portal\/wp-json\/wp\/v2\/users\/16"}],"replies":[{"embeddable":true,"href":"https:\/\/www.novaconcursos.com.br\/portal\/wp-json\/wp\/v2\/comments?post=80066"}],"version-history":[{"count":4,"href":"https:\/\/www.novaconcursos.com.br\/portal\/wp-json\/wp\/v2\/posts\/80066\/revisions"}],"predecessor-version":[{"id":301578,"href":"https:\/\/www.novaconcursos.com.br\/portal\/wp-json\/wp\/v2\/posts\/80066\/revisions\/301578"}],"wp:featuredmedia":[{"embeddable":true,"href":"https:\/\/www.novaconcursos.com.br\/portal\/wp-json\/wp\/v2\/media\/80160"}],"wp:attachment":[{"href":"https:\/\/www.novaconcursos.com.br\/portal\/wp-json\/wp\/v2\/media?parent=80066"}],"wp:term":[{"taxonomy":"category","embeddable":true,"href":"https:\/\/www.novaconcursos.com.br\/portal\/wp-json\/wp\/v2\/categories?post=80066"},{"taxonomy":"post_tag","embeddable":true,"href":"https:\/\/www.novaconcursos.com.br\/portal\/wp-json\/wp\/v2\/tags?post=80066"}],"curies":[{"name":"wp","href":"https:\/\/api.w.org\/{rel}","templated":true}]}}