{"id":80327,"date":"2019-01-09T14:15:22","date_gmt":"2019-01-09T16:15:22","guid":{"rendered":"https:\/\/www.novaconcursos.com.br\/portal\/?p=80327"},"modified":"2019-01-09T14:15:48","modified_gmt":"2019-01-09T16:15:48","slug":"governador-do-para-ira-priorizar-contratacoes-por-concursos-publicos","status":"publish","type":"post","link":"https:\/\/www.novaconcursos.com.br\/portal\/noticias\/governador-do-para-ira-priorizar-contratacoes-por-concursos-publicos\/","title":{"rendered":"Governador do Par\u00e1 ir\u00e1 priorizar contrata\u00e7\u00f5es por concursos p\u00fablicos!"},"content":{"rendered":"<p>Grande not\u00edcia concurseiros paraenses! <strong>O governador do Estado do Par\u00e1<\/strong> assumiu o compromisso de <strong>priorizar os concursos p\u00fablicos em sua gest\u00e3o<\/strong>.<\/p>\n<h2 id=\"prioridade-para-concursos-pblicos\">Prioridade para concursos p\u00fablicos<\/h2>\n<p>O novo governador do Par\u00e1, Helder Barbalho, <strong>ir\u00e1 priorizar a contra\u00e7\u00e3o de novos servidores por concurso p\u00fablico<\/strong>.<\/p>\n<p>A <strong>declara\u00e7\u00e3o<\/strong> foi feita em entrevista concedida ao <strong>Jornal Liberal 1\u00aa Edi\u00e7\u00e3o<\/strong>, o governador avaliar\u00e1 a demanda de <strong>novos certames<\/strong>.<\/p>\n<p style=\"text-align: center;\"><strong><span style=\"text-decoration: underline;\"><span style=\"color: #000000;\"><a style=\"color: #000000; text-decoration: underline;\" href=\"https:\/\/www.novaconcursos.com.br\/portal\/wp-content\/uploads\/2019\/01\/governador-do-Par%C3%A1.gif\" target=\"_blank\" rel=\"noopener noreferrer\">\u21d2 Confira um trecho da entrevista concedida!<\/a><\/span><\/span><\/strong><\/p>\n<p><a href=\"https:\/\/www.novaconcursos.com.br\/portal\/wp-content\/uploads\/2019\/01\/governador-do-Par%C3%A1.gif\" target=\"_blank\" rel=\"noopener noreferrer\"><img decoding=\"async\" class=\"aligncenter wp-image-80328 \" src=\"https:\/\/www.novaconcursos.com.br\/portal\/wp-content\/uploads\/2019\/01\/governador-do-Par%C3%A1.gif\" alt=\"governador do Par\u00e1\" width=\"574\" height=\"60\" loading=\"lazy\" title=\"\"><\/a><\/p>\n<p>Tamb\u00e9m foi confirmada a <strong>exonera\u00e7\u00e3o de 2.500 profissional em cargos comissionados do Estado do Par\u00e1<\/strong>, uma medida que representa uma economia mensal de <strong>R$ 3,5 milh\u00f5es<\/strong>.<\/p>\n<p>Com a economia, <strong>o<\/strong> <strong>or\u00e7amento poder\u00e1 ser destinado para melhorias dos servi\u00e7os ofertados \u00e0 popula\u00e7\u00e3o<\/strong>, assim como refor\u00e7ar o quadro de pessoal.<\/p>\n<p>A <strong><span style=\"text-decoration: underline;\"><span style=\"color: #0000ff;\"><a style=\"color: #0000ff; text-decoration: underline;\" href=\"https:\/\/www.novaconcursos.com.br\" target=\"_blank\" rel=\"noopener noreferrer\">Nova\u2002Concursos<\/a><\/span><\/span><\/strong> tem ajudado h\u00e1 mais de 10 anos quem quer vencer a batalha do concurso p\u00fablico. Se voc\u00ea quer aumentar as suas chances de passar, conhe\u00e7a os nossos materiais, acessando o nosso site!<\/p>","protected":false},"excerpt":{"rendered":"<p>Grande not\u00edcia concurseiros paraenses! O governador do Estado do Par\u00e1 assumiu o compromisso de priorizar os concursos p\u00fablicos em sua gest\u00e3o. Prioridade para concursos p\u00fablicos O novo governador do Par\u00e1, Helder Barbalho, ir\u00e1 priorizar a contra\u00e7\u00e3o de novos servidores por concurso p\u00fablico. A declara\u00e7\u00e3o foi feita em entrevista concedida ao Jornal Liberal 1\u00aa Edi\u00e7\u00e3o, o [&hellip;]<\/p>\n","protected":false},"author":16,"featured_media":0,"comment_status":"closed","ping_status":"closed","sticky":false,"template":"","format":"standard","meta":{"_acf_changed":false,"footnotes":"","_wp_rev_ctl_limit":""},"categories":[228],"tags":[5955,35191,35190,26631,35192,13408],"class_list":["post-80327","post","type-post","status-publish","format-standard","hentry","category-noticias","tag-concurso-para","tag-concurso-publico-estado-do-para","tag-concurso-publico-para","tag-estado-do-para","tag-governador-do-para","tag-para"],"acf":[],"_links":{"self":[{"href":"https:\/\/www.novaconcursos.com.br\/portal\/wp-json\/wp\/v2\/posts\/80327","targetHints":{"allow":["GET"]}}],"collection":[{"href":"https:\/\/www.novaconcursos.com.br\/portal\/wp-json\/wp\/v2\/posts"}],"about":[{"href":"https:\/\/www.novaconcursos.com.br\/portal\/wp-json\/wp\/v2\/types\/post"}],"author":[{"embeddable":true,"href":"https:\/\/www.novaconcursos.com.br\/portal\/wp-json\/wp\/v2\/users\/16"}],"replies":[{"embeddable":true,"href":"https:\/\/www.novaconcursos.com.br\/portal\/wp-json\/wp\/v2\/comments?post=80327"}],"version-history":[{"count":1,"href":"https:\/\/www.novaconcursos.com.br\/portal\/wp-json\/wp\/v2\/posts\/80327\/revisions"}],"predecessor-version":[{"id":80329,"href":"https:\/\/www.novaconcursos.com.br\/portal\/wp-json\/wp\/v2\/posts\/80327\/revisions\/80329"}],"wp:attachment":[{"href":"https:\/\/www.novaconcursos.com.br\/portal\/wp-json\/wp\/v2\/media?parent=80327"}],"wp:term":[{"taxonomy":"category","embeddable":true,"href":"https:\/\/www.novaconcursos.com.br\/portal\/wp-json\/wp\/v2\/categories?post=80327"},{"taxonomy":"post_tag","embeddable":true,"href":"https:\/\/www.novaconcursos.com.br\/portal\/wp-json\/wp\/v2\/tags?post=80327"}],"curies":[{"name":"wp","href":"https:\/\/api.w.org\/{rel}","templated":true}]}}