{"id":80893,"date":"2019-09-19T14:26:59","date_gmt":"2019-09-19T17:26:59","guid":{"rendered":"https:\/\/www.novaconcursos.com.br\/portal\/?post_type=nc-public-tender&#038;p=80893"},"modified":"2024-12-16T10:14:03","modified_gmt":"2024-12-16T13:14:03","slug":"concurso-prefeitura-de-caranaiba-mg","status":"publish","type":"post","link":"https:\/\/www.novaconcursos.com.br\/portal\/concursos\/concurso-prefeitura-de-caranaiba-mg\/","title":{"rendered":"Concurso Prefeitura de Carana\u00edba &#8211; MG"},"content":{"rendered":"<p>Saiu o edital do novo<strong> concurso da Prefeitura de Carana\u00edba<\/strong>, no estado de Minas Gerais! S\u00e3o <strong>87 vagas<\/strong> imediatas para cargos de <strong>todos os n\u00edveis de escolaridade<\/strong>, com sal\u00e1rios de at\u00e9<strong> R$ 7,3 mil<\/strong>.<\/p>\n<h2 id=\"como-fazer-a-inscrio-no-concurso-prefeitura-de-caranaba-mg\">Como fazer a inscri\u00e7\u00e3o no concurso Prefeitura de Carana\u00edba \u2013 MG?<\/h2>\n<p>Os interessados podem realizar a sua inscri\u00e7\u00e3o no certame das seguintes formas:<\/p>\n<p><strong>\u2022 Online<\/strong>: por meio do site da banca organizadora, a Funda\u00e7\u00e3o Cefet Minas, das 9 horas do dia 1\u00ba de outubro at\u00e9 \u00e0s 23h59min do dia 31 de outubro de 2019 para realizar a inscri\u00e7\u00e3o;<\/p>\n<p><strong>\u2022 Presencial<\/strong>: na sede da Funda\u00e7\u00e3o Cefet Minas, localizada na Rua Alpes, 647, Bairro Nova Su\u00ed\u00e7a, Belo Horizonte (MG), das 9h \u00e0s 11h e das 14h \u00e0s 17h, nos dias \u00fateis no per\u00edodo entre 1\u00ba a 31 de outubro de 2019;<\/p>\n<p><strong>\u2022 Presencial<\/strong>: no munic\u00edpio de Carana\u00edba, Rua Major Jos\u00e9 Henriques, 66, Centro, das 13h \u00e0s 16h, nos dias \u00fateis no per\u00edodo entre 1\u00ba e 31 de outubro de 2019.<\/p>\n<p>As<strong> taxas de inscri\u00e7\u00e3o<\/strong> s\u00e3o as seguintes:<\/p>\n<p><strong>\u2022 N\u00edvel fundamental incompleto<\/strong>: R$ 80,00;<br><strong>\u2022 N\u00edvel fundamental completo<\/strong>: R$ 80,00;<br><strong>\u2022 N\u00edvel m\u00e9dio<\/strong>: R$ 100,00;<br><strong>\u2022 N\u00edvel t\u00e9cnico<\/strong>: R$ 100,00;<br><strong>\u2022 N\u00edvel superior<\/strong>: R$ 150,00.<\/p>\n<p>A isen\u00e7\u00e3o da taxa de inscri\u00e7\u00e3o poder\u00e1 ser solicitada das 9 horas do dia 1\u00ba at\u00e9 \u00e0s 23h59min do dia 3 de outubro de 2019. Ser\u00e1 concedido o benef\u00edcio para pessoas comprovadamente desempregadas ou que estejam cadastradas no Cadastro \u00danico para Programas Sociais do Governo Federal (Cad\u00danico).<\/p>\n<p>A condi\u00e7\u00e3o de desempregado ser\u00e1 reconhecida pelas seguintes situa\u00e7\u00f5es:<\/p>\n<ul><li>N\u00e3o possuir v\u00ednculo empregat\u00edcio vigente registrado em Carteira de Trabalho e Previd\u00eancia Social (CTPS);<\/li>\n<li>N\u00e3o possuir contrato de presta\u00e7\u00e3o de servi\u00e7os vigente com o poder p\u00fablico nos \u00e2mbitos municipal, estadual ou federal;<\/li>\n<li>N\u00e3o exercer atividade legalmente reconhecida como aut\u00f4noma.<\/li>\n<\/ul><h2 id=\"quem-pode-fazer-o-concurso-prefeitura-de-caranaba-mg\">Quem pode fazer o concurso Prefeitura de Carana\u00edba \u2013 MG?<\/h2>\n<p>As oportunidades s\u00e3o destinadas aos cargos de:<\/p>\n<p><strong>\u2022 N\u00edvel fundamental incompleto I<\/strong>: Bombeiro Hidr\u00e1ulico; Carpinteiro, Guarda Patrimonial, Motorista Carteira \u201cD\u201d, Operador de M\u00e1quinas, Pedreiro e Servente de Obras, Servi\u00e7os<\/p>\n<p><strong>\u2022 N\u00edvel fundamental incompleto II<\/strong>: Auxiliar de Servi\u00e7os Gerais, Coveiro, Gari, Jardineiro, Lavadeira de Roupa, Oper\u00e1rio, Pintor, Servente Escolar<\/p>\n<p><strong>\u2022 N\u00edvel fundamental completo<\/strong>: Auxiliar de Almoxarifado, Auxiliar de Biblioteca, Auxiliar de Consult\u00f3rio Dent\u00e1rio, Auxiliar de Farm\u00e1cia, Auxiliar de Secretaria Escolar;<\/p>\n<p><strong>\u2022 N\u00edvel M\u00e9dio<\/strong>: Agente Comunit\u00e1rio de Sa\u00fade, Agente de Combate \u00e0 Endemias, Operador de Cadastro \u00danico, Orientador social, Secret\u00e1rio Escolar, T\u00e9cnico em Administra\u00e7\u00e3o, T\u00e9cnico em Edifica\u00e7\u00f5es, T\u00e9cnico em Eletricidade, T\u00e9cnico em Enfermagem, T\u00e9cnico em Sa\u00fade Bucal, T\u00e9cnico em Tributa\u00e7\u00e3o, T\u00e9cnico em Vigil\u00e2ncia Epidemiol\u00f3gica, T\u00e9cnico em Vigil\u00e2ncia Sanit\u00e1ria;<\/p>\n<p><strong>\u2022 N\u00edvel Superior<\/strong>: Analista de Tecnologia da Informa\u00e7\u00e3o, Assistente Social, Bioqu\u00edmico, Contador, Controlador Interno, Coordenador do CRAS, Dentista do PSF, Enfermeiro, Enfermeiro PSF, Engenheiro Ambiental, Engenheiro Civil, Farmac\u00eautico, Fisioterapeuta, Fonoaudi\u00f3logo, M\u00e9dico do PSF, Medico \u2013 Cardiologista, M\u00e9dico \u2013 Cl\u00ednico Geral, M\u00e9dico \u2013 Ginecologista, M\u00e9dico \u2013 Ortopedista, M\u00e9dico \u2013 Pediatra, M\u00e9dico Veterin\u00e1rio, Nutricionista, Odont\u00f3logo, Professor, Psic\u00f3logo.<\/p>\n<p>Os sal\u00e1rios variam de <strong>R$ 998,00 a R$ 7.360,95<\/strong>, em jornadas de trabalho de 30 a 40 horas semanais.<\/p>\n<h2 id=\"quais-os-requisitos-bsicos-do-concurso-prefeitura-de-caranab\">Quais os requisitos b\u00e1sicos do concurso Prefeitura de Carana\u00edba \u2013 MG?<\/h2>\n<p>\u2022 Ter sido aprovado e classificado no concurso, na forma estabelecida neste Edital;<\/p>\n<p>\u2022 Ser brasileiro nato ou naturalizado, ou no caso de nacionalidade portuguesa, estar amparado pelo Estatuto de Igualdade entre Brasileiros e Portugueses, com reconhecimento do gozo dos direitos pol\u00edticos, na forma do disposto no art. 12 \u00a7 1\u00ba da Constitui\u00e7\u00e3o Federal\/88, combinado com o Decreto Federal n.\u00ba 70.436\/72;<\/p>\n<p>\u2022 Estar em gozo dos direitos pol\u00edticos;<\/p>\n<p>\u2022 Ter regularidade com as obriga\u00e7\u00f5es militares, se do sexo masculino, e com as obriga\u00e7\u00f5es eleitorais;<\/p>\n<p>\u2022 Ter idade m\u00ednima de 18 (dezoito) anos;<\/p>\n<p>\u2022 Ter condi\u00e7\u00f5es de sa\u00fade f\u00edsica e mental, compat\u00edveis com o exerc\u00edcio do emprego ou fun\u00e7\u00e3o de acordo com a pr\u00e9via inspe\u00e7\u00e3o m\u00e9dica oficial, admitida a incapacidade f\u00edsica ou mental parcial;<\/p>\n<p>\u2022 Possuir o n\u00edvel de escolaridade exigido para o desempenho do emprego p\u00fablico;<\/p>\n<p>\u2022 Possuir a habilita\u00e7\u00e3o legal para o exerc\u00edcio de profiss\u00e3o regulamentada.<\/p>\n<h2 id=\"como-ser-a-prova-do-concurso-prefeitura-de-caranaba-mg\">Como ser\u00e1 a prova do concurso Prefeitura de Carana\u00edba \u2013 MG?<\/h2>\n<p>Os candidatos ser\u00e3o avaliados mediante <strong>provas objetivas<\/strong>, previstas para o dia <strong>1\u00ba de dezembro de 2019<\/strong>, na cidade de Carana\u00edba (MG).<\/p>\n<p>A <strong>estrutura das provas<\/strong> \u00e9 a seguinte:<\/p>\n<p><strong>\u2022 N\u00edvel fundamental incompleto I<\/strong><\/p>\n<p>Todos os cargos: L\u00edngua Portuguesa (10 quest\u00f5es com peso 6), Conhecimentos Gerais (10 quest\u00f5es com peso 6), Conhecimentos Espec\u00edficos (10 quest\u00f5es com peso 8).<\/p>\n<p><strong>\u2022 N\u00edvel fundamental incompleto II<\/strong><\/p>\n<p>Todos os cargos: L\u00edngua Portuguesa (10 quest\u00f5es com peso 6), Conhecimentos Gerais (20 quest\u00f5es com peso 7).<\/p>\n<p><strong>\u2022 N\u00edvel fundamental completo<\/strong><\/p>\n<p>Todos os cargos: L\u00edngua Portuguesa (10 quest\u00f5es com peso 6), Legisla\u00e7\u00e3o B\u00e1sica (5 quest\u00f5es com peso 6), Inform\u00e1tica B\u00e1sica (5 quest\u00f5es com peso 6), Conhecimentos Espec\u00edficos (10 quest\u00f5es com peso 8).<\/p>\n<p><strong>\u2022 N\u00edvel m\u00e9dio<\/strong><\/p>\n<p>Todos os cargos: L\u00edngua Portuguesa (10 quest\u00f5es com peso 6), Legisla\u00e7\u00e3o B\u00e1sica (5 quest\u00f5es com peso 6), Inform\u00e1tica B\u00e1sica (5 quest\u00f5es com peso 6), Conhecimentos Espec\u00edficos (10 quest\u00f5es com peso 8).<\/p>\n<p><strong>\u2022 N\u00edvel superior<\/strong><\/p>\n<p>Todos os cargos exceto Analista de Tecnologia da Informa\u00e7\u00e3o: L\u00edngua Portuguesa (10 quest\u00f5es com peso 6), Legisla\u00e7\u00e3o B\u00e1sica (5 quest\u00f5es com peso 6), Inform\u00e1tica B\u00e1sica (5 quest\u00f5es com peso 6), Conhecimentos Espec\u00edficos (10 quest\u00f5es com peso 8).<\/p>\n<p>Cargo de Analista de Tecnologia da Informa\u00e7\u00e3o: L\u00edngua Portuguesa (10 quest\u00f5es com peso 6), Legisla\u00e7\u00e3o B\u00e1sica (5 quest\u00f5es com peso 4), Conhecimentos Espec\u00edficos (15 quest\u00f5es com peso 8).<\/p>\n<p>Confira o <strong>conte\u00fado program\u00e1tico<\/strong> de Conhecimentos B\u00e1sicos:<\/p>\n<p><strong>\u2022 N\u00edvel fundamental incompleto I<\/strong><\/p>\n<p>L\u00edngua Portuguesa: Leitura e interpreta\u00e7\u00e3o de textos: informa\u00e7\u00f5es impl\u00edcitas e expl\u00edcitas. An\u00e1lise dos g\u00eaneros textuais: aviso, an\u00fancio, propaganda, tirinha, piada, f\u00e1bula, miniconto, poema, charge, cartum. Significado das palavras na frase: sin\u00f4nimos e ant\u00f4nimos. Fon\u00e9tica e fonologia: ortografia e acentua\u00e7\u00e3o gr\u00e1fica; alfabeto; vogais; consoantes; ordem alfab\u00e9tica; separa\u00e7\u00e3o de s\u00edlaba; letras mai\u00fasculas e min\u00fasculas; divis\u00e3o sil\u00e1bica e classifica\u00e7\u00e3o quanto ao n\u00famero de s\u00edlabas; encontro voc\u00e1lico; encontro consonantal. Sinais de pontua\u00e7\u00e3o. Classes de palavras: substantivo comum, pr\u00f3prio, coletivo, simples e composto; masculino e feminino; singular e plural; diminutivo e aumentativo; adjetivo; numeral; pronome; verbo (presente, passado e futuro; 1\u00aa \/ 2\u00aa\/ 3\u00aa pessoa do singular e plural); artigo; preposi\u00e7\u00e3o; interjei\u00e7\u00e3o. Sintaxe: frase e ora\u00e7\u00e3o; frases interrogativa, exclamativa, afirmativa e negativa; completar e ordenar frases; reconhecimento de frases corretas e incorretas. Conhecimento gramatical de acordo com o padr\u00e3o culto da l\u00edngua. Ortografia oficial \u2013 Novo Acordo Ortogr\u00e1fico.<\/p>\n<p>Conhecimentos Gerais: Identidade e diversidade cultural do Brasil: aspectos hist\u00f3ricos relevantes, principal matriz \u00e9tnica, manifesta\u00e7\u00f5es econ\u00f4micas, art\u00edsticas e culturais. Meio ambiente e sustentabilidade: flora, fauna, \u00e1gua, fontes de energia, polui\u00e7\u00e3o, degrada\u00e7\u00e3o e sustentabilidade. Territ\u00f3rio e Sociedade: rela\u00e7\u00f5es, diferen\u00e7as e problemas entre o espa\u00e7o urbano e o rural; divis\u00f5es regionais e pol\u00edtico-administrativas do Brasil. Cidadania e participa\u00e7\u00e3o: direitos, trabalho, sa\u00fade, educa\u00e7\u00e3o, inclus\u00e3o, participa\u00e7\u00e3o pol\u00edtica e democracia. No\u00e7\u00f5es das Normas Regulamentadoras de Seguran\u00e7a do Trabalho: NR 1, NR 6, NR 15, NR 16 e NR 21.<\/p>\n<p><strong>\u2022 N\u00edvel fundamental incompleto II<\/strong><\/p>\n<p>L\u00edngua Portuguesa: Leitura e interpreta\u00e7\u00e3o de textos: informa\u00e7\u00f5es impl\u00edcitas e expl\u00edcitas. An\u00e1lise dos g\u00eaneros textuais: aviso, an\u00fancio, propaganda, tirinha, piada, f\u00e1bula, miniconto, poema, charge, cartum. Significado das palavras na frase: sin\u00f4nimos e ant\u00f4nimos. Fon\u00e9tica e fonologia: ortografia e acentua\u00e7\u00e3o gr\u00e1fica; alfabeto; vogais; consoantes; ordem alfab\u00e9tica; separa\u00e7\u00e3o de s\u00edlaba; letras mai\u00fasculas e min\u00fasculas; divis\u00e3o sil\u00e1bica e classifica\u00e7\u00e3o quanto ao n\u00famero de s\u00edlabas; encontro voc\u00e1lico; encontro consonantal. Sinais de pontua\u00e7\u00e3o. Classes de palavras: substantivo comum, pr\u00f3prio, coletivo, simples e composto; masculino e feminino; singular e plural; diminutivo e aumentativo; adjetivo; numeral; pronome; verbo (presente, passado e futuro; 1\u00aa \/ 2\u00aa\/ 3\u00aa pessoa do singular e plural); artigo; preposi\u00e7\u00e3o; interjei\u00e7\u00e3o. Sintaxe: frase e ora\u00e7\u00e3o; frases interrogativa, exclamativa, afirmativa e negativa; completar e ordenar frases; reconhecimento de frases corretas e incorretas. Conhecimento gramatical de acordo com o padr\u00e3o culto da l\u00edngua. Ortografia oficial \u2013 Novo Acordo Ortogr\u00e1fico.<\/p>\n<p>Conhecimentos Gerais: Identidade e diversidade cultural do Brasil: aspectos hist\u00f3ricos relevantes, principal matriz \u00e9tnica, manifesta\u00e7\u00f5es econ\u00f4micas, art\u00edsticas e culturais. Meio ambiente e sustentabilidade: flora, fauna, \u00e1gua, fontes de energia, polui\u00e7\u00e3o, degrada\u00e7\u00e3o e sustentabilidade. Territ\u00f3rio e Sociedade: rela\u00e7\u00f5es, diferen\u00e7as e problemas entre o espa\u00e7o urbano e o rural; divis\u00f5es regionais e pol\u00edtico-administrativas do Brasil. Cidadania e participa\u00e7\u00e3o: direitos, trabalho, sa\u00fade, educa\u00e7\u00e3o, inclus\u00e3o, participa\u00e7\u00e3o pol\u00edtica e democracia. No\u00e7\u00f5es das Normas Regulamentadoras de Seguran\u00e7a do Trabalho: NR 1, NR 6, NR 15, NR 16 e NR 21.<\/p>\n<p><strong>\u2022 N\u00edvel fundamental completo<\/strong><\/p>\n<p>L\u00edngua Portuguesa: Leitura e interpreta\u00e7\u00e3o de textos: informa\u00e7\u00f5es impl\u00edcitas e expl\u00edcitas. Linguagem, comunica\u00e7\u00e3o e intera\u00e7\u00e3o: linguagem verbal e n\u00e3o verbal, varia\u00e7\u00e3o lingu\u00edstica. Estudo e an\u00e1lise dos g\u00eaneros textuais: aviso, an\u00fancio, propaganda, tirinha, anedota, f\u00e1bula, miniconto, poema, charge, cartum. Significado das palavras na frase: sin\u00f4nimos e ant\u00f4nimos. Sentido pr\u00f3prio e figurado das palavras. Fon\u00e9tica e fonologia: ortografia e acentua\u00e7\u00e3o gr\u00e1fica; alfabeto; vogais; consoantes; ordem alfab\u00e9tica; separa\u00e7\u00e3o de s\u00edlaba; letras mai\u00fasculas e min\u00fasculas; divis\u00e3o sil\u00e1bica e classifica\u00e7\u00e3o quanto ao n\u00famero de s\u00edlabas; encontro voc\u00e1lico; encontro consonantal, d\u00edgrafo; ditongo, tritongo, hiato. Morfossintaxe: classes de palavras; fun\u00e7\u00f5es sint\u00e1ticas do per\u00edodo simples; per\u00edodo composto. Sinais de pontua\u00e7\u00e3o. Conhecimento gramatical de acordo com o padr\u00e3o culto da l\u00edngua. Ortografia oficial \u2013 Novo Acordo Ortogr\u00e1fico.<\/p>\n<p>Legisla\u00e7\u00e3o B\u00e1sica: Constitui\u00e7\u00e3o da Rep\u00fablica Federativa do Brasil de 1988, suas altera\u00e7\u00f5es e Emendas Constitucionais. Estatuto dos Servidores P\u00fablicos Civis do Munic\u00edpio de Carana\u00edba-MG. Lei Org\u00e2nica do Munic\u00edpio de Carana\u00edba-MG.<\/p>\n<p>Inform\u00e1tica B\u00e1sica: Funcionamento e utiliza\u00e7\u00e3o dos sistemas operacionais Windows 7, Windows 10 e seus aplicativos; Utiliza\u00e7\u00e3o de editores de texto: Microsoft Word 2013 e LibreOffice 6.1.6 Writer; Utiliza\u00e7\u00e3o de editores de planilhas: Microsoft Excel 2013 e LibreOffice 6.1.6 Calc; Internet: navega\u00e7\u00e3o web, pesquisa na web com ferramentas do Google; utiliza\u00e7\u00e3o e configura\u00e7\u00e3o do navegador Google Chrome; armazenamento de dados na nuvem com Google Drive; ger\u00eancia de emails com Gmail; Seguran\u00e7a da informa\u00e7\u00e3o: procedimentos de seguran\u00e7a; no\u00e7\u00f5es de v\u00edrus, worms, spam e pragas, aplicativos para seguran\u00e7a (antiv\u00edrus, firewall, antispyware).<\/p>\n<p><strong>\u2022 N\u00edvel m\u00e9dio<\/strong><\/p>\n<p>L\u00edngua Portuguesa: Sem\u00e2ntica e Estil\u00edstica: denota\u00e7\u00e3o e conota\u00e7\u00e3o; sinon\u00edmia; anton\u00edmia; homon\u00edmia; polissemia. Fun\u00e7\u00f5es de linguagem. Leitura e interpreta\u00e7\u00e3o de textos: informa\u00e7\u00f5es impl\u00edcitas e expl\u00edcitas. Significa\u00e7\u00e3o contextual de palavras e express\u00f5es. Ponto de vista do autor. Tipologia textual e g\u00eaneros de circula\u00e7\u00e3o social: estrutura composicional; objetivos discursivos do texto; contexto de circula\u00e7\u00e3o; aspectos lingu\u00edsticos. Texto e Textualidade: coes\u00e3o, coer\u00eancia e outros fatores de textualidade. Varia\u00e7\u00e3o lingu\u00edstica: heterogeneidade lingu\u00edstica: aspectos culturais, hist\u00f3ricos, sociais e regionais no uso da L\u00edngua Portuguesa. Linguagem verbal e n\u00e3o verbal. Fon\u00e9tica e fonologia: ortografia e acentua\u00e7\u00e3o gr\u00e1fica. Crase. Coloca\u00e7\u00e3o Pronominal: sintaxe de coloca\u00e7\u00e3o dos pronomes obl\u00edquos \u00e1tonos. Sinais de pontua\u00e7\u00e3o como fatores de coes\u00e3o. Morfossintaxe: classes de palavras; fun\u00e7\u00f5es sint\u00e1ticas do per\u00edodo simples. Sintaxe do per\u00edodo composto: processos de coordena\u00e7\u00e3o e subordina\u00e7\u00e3o; rela\u00e7\u00f5es l\u00f3gico-sem\u00e2nticas. Concord\u00e2ncia e Reg\u00eancia verbal e nominal aplicadas ao texto. Conhecimento gramatical de acordo com o padr\u00e3o culto da l\u00edngua. Ortografia oficial \u2013 Novo Acordo Ortogr\u00e1fico.<\/p>\n<p>Legisla\u00e7\u00e3o B\u00e1sica: Constitui\u00e7\u00e3o da Rep\u00fablica Federativa do Brasil de 1988, suas altera\u00e7\u00f5es e Emendas Constitucionais. Estatuto dos Servidores P\u00fablicos Civis do Munic\u00edpio de Carana\u00edba-MG. San\u00e7\u00f5es aplic\u00e1veis aos agentes p\u00fablicos nos casos de enriquecimento il\u00edcito. Lei Org\u00e2nica do Munic\u00edpio de Carana\u00edba-MG. Lei de acesso \u00e0 informa\u00e7\u00e3o.<\/p>\n<p>Inform\u00e1tica B\u00e1sica: Funcionamento e utiliza\u00e7\u00e3o dos sistemas operacionais Windows 7, Windows 10 e seus aplicativos; Utiliza\u00e7\u00e3o de editores de texto: Microsoft Word 2013 e LibreOffice 6.1.6 Writer; Utiliza\u00e7\u00e3o de editores de planilhas: Microsoft Excel 2013 e LibreOffice 6.1.6 Calc; Internet: navega\u00e7\u00e3o web, pesquisa na web com ferramentas do Google; utiliza\u00e7\u00e3o e configura\u00e7\u00e3o do navegador Google Chrome; armazenamento de dados na nuvem com Google Drive; ger\u00eancia de emails com Gmail; Seguran\u00e7a da informa\u00e7\u00e3o: procedimentos de seguran\u00e7a; no\u00e7\u00f5es de v\u00edrus, worms, spam e pragas, aplicativos para seguran\u00e7a (antiv\u00edrus, firewall, antispyware).<\/p>\n<p><strong>\u2022 N\u00edvel superior<\/strong><\/p>\n<p>L\u00edngua Portuguesa: Sem\u00e2ntica e Estil\u00edstica: denota\u00e7\u00e3o e conota\u00e7\u00e3o; sinon\u00edmia; anton\u00edmia; homon\u00edmia; polissemia. Figuras de linguagem: met\u00e1fora, compara\u00e7\u00e3o, meton\u00edmia, pleonasmo, elipse, paradoxo, ant\u00edtese, personifica\u00e7\u00e3o, ironia, eufemismo, onomatopeia, paranom\u00e1sia ou trocadilho. Fun\u00e7\u00f5es de linguagem. Leitura e interpreta\u00e7\u00e3o de textos: informa\u00e7\u00f5es impl\u00edcitas e expl\u00edcitas. Significa\u00e7\u00e3o contextual de palavras e express\u00f5es. Ponto de vista do autor. Tipologia textual e g\u00eaneros de circula\u00e7\u00e3o social: estrutura composicional; objetivos discursivos do texto; contexto de circula\u00e7\u00e3o; aspectos lingu\u00edsticos. Texto e Textualidade: coes\u00e3o, coer\u00eancia e outros fatores de textualidade. Intertextualidade: polifonia e dialogismo; par\u00e1frase e par\u00f3dia. Varia\u00e7\u00e3o lingu\u00edstica. Heterogeneidade lingu\u00edstica: aspectos culturais, hist\u00f3ricos, sociais e regionais no uso da L\u00edngua Portuguesa. Linguagem verbal e n\u00e3o verbal. Fon\u00e9tica e Fonologia: ortografia e acentua\u00e7\u00e3o gr\u00e1fica. Crase. Sinais de pontua\u00e7\u00e3o como fatores de coes\u00e3o. Sintaxe de concord\u00e2ncia, de reg\u00eancia e de coloca\u00e7\u00e3o pronominal aplicadas ao texto. Morfossintaxe: classes de palavras; fun\u00e7\u00f5es sint\u00e1ticas do per\u00edodo simples. Sintaxe do per\u00edodo composto: processos de coordena\u00e7\u00e3o e subordina\u00e7\u00e3o; mecanismos de sequencia\u00e7\u00e3o; rela\u00e7\u00f5es discursivo-argumentativas; rela\u00e7\u00f5es l\u00f3gico-sem\u00e2nticas. Conhecimento gramatical de acordo com o padr\u00e3o culto da l\u00edngua. Ortografia oficial \u2013 Novo Acordo Ortogr\u00e1fico.<\/p>\n<p>Legisla\u00e7\u00e3o b\u00e1sica: Constitui\u00e7\u00e3o da Rep\u00fablica Federativa do Brasil de 1988, suas altera\u00e7\u00f5es e Emendas Constitucionais. Estatuto dos Servidores P\u00fablicos Civis do Munic\u00edpio de Carana\u00edba-MG. San\u00e7\u00f5es aplic\u00e1veis aos agentes p\u00fablicos nos casos de enriquecimento il\u00edcito. Lei Org\u00e2nica do Munic\u00edpio de Carana\u00edba-MG. Lei de acesso \u00e0 informa\u00e7\u00e3o.<\/p>\n<p>Inform\u00e1tica b\u00e1sica: Funcionamento e utiliza\u00e7\u00e3o dos sistemas operacionais Windows 7, Windows 10 e seus aplicativos; Utiliza\u00e7\u00e3o de editores de texto: Microsoft Word 2013 e LibreOffice 6.1.6 Writer; Utiliza\u00e7\u00e3o de editores de planilhas: Microsoft Excel 2013 e LibreOffice 6.1.6 Calc; Internet: navega\u00e7\u00e3o web, pesquisa na web com ferramentas do Google; utiliza\u00e7\u00e3o e configura\u00e7\u00e3o do navegador Google Chrome; armazenamento de dados na nuvem com Google Drive; ger\u00eancia de emails com Gmail; Seguran\u00e7a da informa\u00e7\u00e3o: procedimentos de seguran\u00e7a; no\u00e7\u00f5es de v\u00edrus, worms, spam e pragas, aplicativos para seguran\u00e7a (antiv\u00edrus, firewall, antispyware).<\/p>","protected":false},"excerpt":{"rendered":"<p>Saiu o edital do novo concurso da Prefeitura de Carana\u00edba, no estado de Minas Gerais! S\u00e3o 87 vagas imediatas para cargos de todos os n\u00edveis de escolaridade, com sal\u00e1rios de at\u00e9 R$ 7,3 mil.<\/p>\n","protected":false},"author":16,"featured_media":0,"comment_status":"closed","ping_status":"closed","sticky":false,"template":"","format":"standard","meta":{"_acf_changed":false,"footnotes":"","_wp_rev_ctl_limit":""},"categories":[44999],"tags":[],"class_list":["post-80893","post","type-post","status-publish","format-standard","hentry","category-concursos"],"acf":[],"_links":{"self":[{"href":"https:\/\/www.novaconcursos.com.br\/portal\/wp-json\/wp\/v2\/posts\/80893","targetHints":{"allow":["GET"]}}],"collection":[{"href":"https:\/\/www.novaconcursos.com.br\/portal\/wp-json\/wp\/v2\/posts"}],"about":[{"href":"https:\/\/www.novaconcursos.com.br\/portal\/wp-json\/wp\/v2\/types\/post"}],"author":[{"embeddable":true,"href":"https:\/\/www.novaconcursos.com.br\/portal\/wp-json\/wp\/v2\/users\/16"}],"replies":[{"embeddable":true,"href":"https:\/\/www.novaconcursos.com.br\/portal\/wp-json\/wp\/v2\/comments?post=80893"}],"version-history":[{"count":2,"href":"https:\/\/www.novaconcursos.com.br\/portal\/wp-json\/wp\/v2\/posts\/80893\/revisions"}],"predecessor-version":[{"id":262343,"href":"https:\/\/www.novaconcursos.com.br\/portal\/wp-json\/wp\/v2\/posts\/80893\/revisions\/262343"}],"wp:attachment":[{"href":"https:\/\/www.novaconcursos.com.br\/portal\/wp-json\/wp\/v2\/media?parent=80893"}],"wp:term":[{"taxonomy":"category","embeddable":true,"href":"https:\/\/www.novaconcursos.com.br\/portal\/wp-json\/wp\/v2\/categories?post=80893"},{"taxonomy":"post_tag","embeddable":true,"href":"https:\/\/www.novaconcursos.com.br\/portal\/wp-json\/wp\/v2\/tags?post=80893"}],"curies":[{"name":"wp","href":"https:\/\/api.w.org\/{rel}","templated":true}]}}