{"id":81308,"date":"2020-04-30T16:30:58","date_gmt":"2020-04-30T19:30:58","guid":{"rendered":"https:\/\/www.novaconcursos.com.br\/portal\/?post_type=nc-public-tender&#038;p=81308"},"modified":"2024-12-16T10:06:46","modified_gmt":"2024-12-16T13:06:46","slug":"concurso-prefeitura-de-itapira-sp","status":"publish","type":"post","link":"https:\/\/www.novaconcursos.com.br\/portal\/concursos\/concurso-prefeitura-de-itapira-sp\/","title":{"rendered":"Concurso Prefeitura de Itapira &#8211; SP: Vagas para Guarda Municipal!"},"content":{"rendered":"<p>Saiu o edital do novo<strong> concurso da Prefeitura de Itapira<\/strong>, no estado de S\u00e3o Paulo. S\u00e3o <strong>05 vagas<\/strong> ofertadas para o cargo de <strong>Agente de Servi\u00e7os XII \u2013 Guarda Municipal<\/strong>.<\/p>\n<p>As oportunidades s\u00e3o destinadas a candidatos que tenham <strong>n\u00edvel m\u00e9dio<\/strong> que contar\u00e3o com iniciais de<strong> R$ 2 mil<\/strong>!<\/p>\n<h2 id=\"como-fazer-a-inscrio-no-concurso-prefeitura-de-itapira-sp\">Como fazer a inscri\u00e7\u00e3o no concurso Prefeitura de Itapira \u2013 SP?<\/h2>\n<p>Os interessados poder\u00e3o realizar a sua inscri\u00e7\u00e3o durante o per\u00edodo que compreende entre<strong> 25 de abril de 2020 e 20 de maio de 2020<\/strong>. Portanto acesse o site da banca organizadora, <a href=\"https:\/\/www.shdias.com.br\/concursos\/\" target=\"_blank\" rel=\"noopener noreferrer\">SH Dias<\/a>. A taxa de inscri\u00e7\u00e3o ser\u00e1 no valor de<strong> R$ 45,00<\/strong>.<\/p>\n<p>A solicita\u00e7\u00e3o da isen\u00e7\u00e3o do pagamento do valor da inscri\u00e7\u00e3o poderia ser feita at\u00e9 o dia 28 de abril de 2020 para o candidato doador de sangue que teria realizado doa\u00e7\u00e3o nos \u00faltimos 180 (cento e oitenta) dias antecedentes a data limite para inscri\u00e7\u00e3o no Concurso P\u00fablico.<\/p>\n<h2 id=\"quem-pode-fazer-o-concurso-prefeitura-de-itapira-sp\">Quem pode fazer o concurso Prefeitura de Itapira \u2013 SP?<\/h2>\n<p>As <strong>05 oportunidades<\/strong> ofertadas pelo certame s\u00e3o para o cargo de:<\/p>\n<p><strong>N\u00edvel m\u00e9dio: <\/strong>Agente de Servi\u00e7os XII \u2013 Guarda Municipal com sal\u00e1rios de <strong>R$ 2.095,49<\/strong> acrescido de 30% de periculosidade.<\/p>\n<p>Al\u00e9m disso, os contratados receber\u00e3o benef\u00edcios como:<\/p>\n<p>\u2013 Aux\u00edlio refei\u00e7\u00e3o no valor mensal de<strong> R$ 362,53<\/strong>;<br>\n\u2013 Aux\u00edlio transporte no valor que exceder a 3% da renda mensal bruta (para servidores que utilizam transporte p\u00fablico coletivo); e<br>\n\u2013 Adicional de Periculosidade de 30% de respectivo padr\u00e3o conforme Lei Municipal.<\/p>\n<p>A jornada de trabalho compreender\u00e1 180 horas mensais.<\/p>\n<h2 id=\"quais-os-requisitos-bsicos-do-concurso-da-prefeitura-de-itap\">Quais os requisitos b\u00e1sicos do concurso da Prefeitura de Itapira?<\/h2>\n<p>a) Possuir, no ato da nomea\u00e7\u00e3o, a escolaridade m\u00ednima exigida para a nomea\u00e7\u00e3o no Cargo, bem como os requisitos constantes no item 02. do Edital. Os documentos comprobat\u00f3rios de escolaridade obtidos no exterior (certificados, diplomas, hist\u00f3rico escolar) poder\u00e3o ser aceitos para fins de nomea\u00e7\u00e3o somente se revalidados ou convalidados por autoridade educacional brasileira competente. Estes documentos, bem como quaisquer outros obtidos no exterior, dever\u00e3o estar acompanhados de tradu\u00e7\u00e3o p\u00fablica e juramentada;<\/p>\n<p>b) Apresentar todos os documentos pessoais (RG Original Atualizado, CPF, T\u00edtulo de Eleitor com comprovante de vota\u00e7\u00e3o para os eleitores que j\u00e1 votaram e CNH v\u00e1lida quando exigido nos requisitos m\u00ednimos). Para os candidatos de sexo masculino, apresentar todos os documentos citados, mais o certificado de regularidade no servi\u00e7o militar, quando for o caso;<\/p>\n<p>c) Possuir os requisitos exigidos para o exerc\u00edcio do cargo, conforme edital;<\/p>\n<p>d) Ter<strong> idade m\u00ednima de 18 (dezoito) anos completos<\/strong> na data da investidura, conforme art. 10 da Lei Federal n\u00ba 13.022\/2014;<\/p>\n<p>e) Ter <strong>idade m\u00e1xima de 40 (quarenta) anos completos<\/strong> na data da investidura, conforme LC n\u00ba 2853\/1998, n\u00ba 3758\/2005 e n\u00ba 4091\/2007;<\/p>\n<p>f) Possuir <strong>estatura m\u00ednima de 1,60 cm para mulheres e 1,65 cm para homens<\/strong>, conforme LC n\u00ba 2853\/1998, n\u00ba 3758\/2005 e n\u00ba 4091\/2007;<\/p>\n<p>g) Apresentar junto ao Departamento de Pessoal, atestado de antecedentes criminais, policiais e judiciais desde os 18 (dezoito) anos, conforme LC n\u00ba 2853\/1998, n\u00ba 3758\/2005 e n\u00ba 4091\/2007;<\/p>\n<p>h) Ser brasileiro nato, naturalizado ou cidad\u00e3o portugu\u00eas a quem foi deferida igualdade nos termos do Decreto Federal n\u00ba 70.391\/72 e do Decreto Federal n.\u00ba 70.436\/72;<\/p>\n<p>i) Estar em dia com o servi\u00e7o militar, se do sexo masculino;<\/p>\n<p>j) Estar em dia com seus direitos pol\u00edticos e obriga\u00e7\u00f5es eleitorais;<\/p>\n<p>k) Ter plena aptid\u00e3o f\u00edsica e mental e n\u00e3o possuir defici\u00eancia f\u00edsica incompat\u00edvel com os requisitos e atribui\u00e7\u00f5es para o pleno exerc\u00edcio do Cargo, comprovada em inspe\u00e7\u00e3o realizada pelo setor de Medicina do Trabalho da Administra\u00e7\u00e3o P\u00fablica;<\/p>\n<p>l) Submeter-se, por ocasi\u00e3o da nomea\u00e7\u00e3o, ao exame m\u00e9dico pr\u00e9-admissional, de car\u00e1ter eliminat\u00f3rio, a ser realizado pela Administra\u00e7\u00e3o P\u00fablica ou por sua ordem, para constata\u00e7\u00e3o de aptid\u00e3o f\u00edsica e mental;<\/p>\n<p>m) N\u00e3o ter sofrido nenhuma condena\u00e7\u00e3o definitiva em virtude de crime doloso ou contra a Administra\u00e7\u00e3o;<\/p>\n<p>n) N\u00e3o registrar antecedentes criminais, impeditivos do exerc\u00edcio do Cargo p\u00fablico, achando-se no pleno gozo de seus direitos civis e pol\u00edticos;<\/p>\n<p>o) Apresentar no ato da nomea\u00e7\u00e3o declara\u00e7\u00e3o quanto ao exerc\u00edcio ou n\u00e3o de cargo, emprego ou fun\u00e7\u00e3o p\u00fablica e sobre recebimento de provento decorrente de aposentadoria e pens\u00e3o; e<\/p>\n<p>p) N\u00e3o ter anteriormente, contrato de trabalho com o Poder P\u00fablico rescindido por justa causa ou ter sido demitido a bem do servi\u00e7o p\u00fablico.<\/p>\n<h2 id=\"como-ser-a-prova-do-concurso-da-prefeitura-de-itapira-sp\">Como ser\u00e1 a prova do concurso da Prefeitura de Itapira \u2013 SP?<\/h2>\n<p>Os candidatos ser\u00e3o avaliados mediante<strong> provas objetivas<\/strong> para todos os candidatos a ser aplicada no dia<strong> 07 de junho de 2020<\/strong>.<\/p>\n<p>A prova objetiva contar\u00e1 com<strong> 40 quest\u00f5es de m\u00faltipla escolha<\/strong> e versar\u00e1 sobre as disciplinas de:<\/p>\n<ul><li>L\u00edngua Portuguesa (10 quest\u00f5es)<\/li>\n<li>Matem\u00e1tica e Racioc\u00ednio L\u00f3gico (10 quest\u00f5es)<\/li>\n<li>Conhecimentos Espec\u00edficos (20 quest\u00f5es)<\/li>\n<\/ul><p>Al\u00e9m da prova objetiva os candidatos passar\u00e3o por outras fases que contar\u00e3o com: Teste de Aptid\u00e3o F\u00edsica; Investiga\u00e7\u00e3o Social; Avalia\u00e7\u00e3o Psicol\u00f3gica e Curso de Forma\u00e7\u00e3o.<\/p>\n<h2 id=\"o-que-cai-na-prova-do-concurso-prefeitura-de-itapira\"><strong>O que cai na prova do concurso Prefeitura de Itapira?<\/strong><\/h2>\n<p>Confira o conte\u00fado program\u00e1tico:<\/p>\n<p><strong>L\u00edngua Portuguesa:<\/strong><\/p>\n<p>Todo Conte\u00fado Program\u00e1tico at\u00e9 o Ensino M\u00e9dio, como por exemplo: Ortografia; Estrutura e Forma\u00e7\u00e3o das palavras; Divis\u00e3o Sil\u00e1bica; Vogais; Semivogais; G\u00eanero, N\u00famero; Frases; Sinais de Pontua\u00e7\u00e3o; Acentua\u00e7\u00e3o; Fon\u00e9tica e fonologia: Conceitos b\u00e1sicos; Classifica\u00e7\u00e3o dos fonemas; Rela\u00e7\u00e3o entre palavras; Uso da crase; sin\u00f4nimos, hom\u00f4nimos e ant\u00f4nimos; Fonemas e letras; Substantivo; Adjetivo; Artigo; Numeral; Adv\u00e9rbio; Verbos; Conjuga\u00e7\u00e3o de verbos; Pronomes; Preposi\u00e7\u00e3o; Conjun\u00e7\u00e3o; Interjei\u00e7\u00e3o; Encontros voc\u00e1licos; Encontros consonantais e d\u00edgrafo; Tonicidade das palavras; S\u00edlaba t\u00f4nica; Sujeito e predicado; Formas nominais; Locu\u00e7\u00f5es verbais; Termos ligados ao verbo: Adjunto adverbial, Agente da Passiva, Objeto direto e indireto, Vozes Verbais; Termos Essenciais da Ora\u00e7\u00e3o; Termos Integrantes da Ora\u00e7\u00e3o; Termos Acess\u00f3rios da Ora\u00e7\u00e3o; Ora\u00e7\u00f5es Coordenadas e Subordinadas; Per\u00edodo; Concord\u00e2ncia nominal; Concord\u00e2ncia verbal; Reg\u00eancia verbal; Vozes verbais; Reg\u00eancia nominal; Predica\u00e7\u00e3o verbal; Aposto; Vocativo; Deriva\u00e7\u00e3o e Composi\u00e7\u00e3o; Uso do h\u00edfen; Voz ativa; Voz passiva; Voz reflexiva; Fun\u00e7\u00f5es e Empregos das palavras \u201cque\u201d e \u201cse\u201d; Uso do \u201cPorqu\u00ea\u201d; Prefixos; Sufixos; Afixos; Radicais; Formas verbais seguidas de pronomes; Flex\u00e3o nominal e verbal; Emprego de locu\u00e7\u00f5es; Sintaxe de Concord\u00e2ncia; Sintaxe de Reg\u00eancia; Sintaxe de Coloca\u00e7\u00e3o; Compara\u00e7\u00f5es; Cria\u00e7\u00e3o de palavras; Uso do travess\u00e3o; Discurso direto e indireto; Imagens; Pessoa do discurso; Rela\u00e7\u00f5es entre nome e personagem; Hist\u00f3ria em quadrinhos; Rela\u00e7\u00e3o entre ideias; Intensifica\u00e7\u00f5es; Personifica\u00e7\u00e3o; Oposi\u00e7\u00e3o; Prov\u00e9rbios; Discurso direto; Onomatopeias; Alitera\u00e7\u00e3o; Asson\u00e2ncia; Repeti\u00e7\u00f5es; Rela\u00e7\u00f5es; Express\u00f5es ao p\u00e9 da letra; Palavras e ilustra\u00e7\u00f5es; Met\u00e1fora; Associa\u00e7\u00e3o de ideias. Denota\u00e7\u00e3o e Conota\u00e7\u00e3o; Eufemismo; Hip\u00e9rbole; Ironia; Prosopopeia; Catacrese; Paradoxo; Meton\u00edmia; Elipse; Pleonasmo; Silepse; Ant\u00edtese; Sinestesia; V\u00edcios de Linguagem. AN\u00c1LISE, COMPREENS\u00c3O E INTERPRETA\u00c7\u00c3O DE TEXTO: Tipos de Comunica\u00e7\u00e3o: Descri\u00e7\u00e3o; Narra\u00e7\u00e3o; Disserta\u00e7\u00e3o; Tipos de Discurso; Coes\u00e3o Textual.<\/p>\n<p><strong>Matem\u00e1tica e Racioc\u00ednio L\u00f3gico: <\/strong><\/p>\n<p>Todo Conte\u00fado Program\u00e1tico at\u00e9 o Ensino M\u00e9dio, como por exemplo: N\u00fameros inteiros; N\u00fameros Naturais; Numera\u00e7\u00e3o decimal; Opera\u00e7\u00f5es fundamentais como: Adi\u00e7\u00e3o, Subtra\u00e7\u00e3o, Divis\u00e3o e Multiplica\u00e7\u00e3o; Simplifica\u00e7\u00e3o; Medindo o tempo: horas, minutos e segundos; Problemas matem\u00e1ticos; radicia\u00e7\u00e3o; potencia\u00e7\u00e3o; m\u00e1ximo divisor comum; m\u00ednimo divisor comum; Sistema de medidas: medidas de comprimento, superf\u00edcie, volume, capacidade, tempo, massa, m\u00b2 e metro linear; problemas usando as quatro opera\u00e7\u00f5es. Conjunto de n\u00fameros: naturais, inteiros, racionais, irracionais, reais, opera\u00e7\u00f5es, express\u00f5es (c\u00e1lculo); Matem\u00e1tica Financeira; Porcentagem; Juros Simples e Composto; Regras de tr\u00eas simples e composta; Sistema Monet\u00e1rio Nacional (Real); Equa\u00e7\u00e3o de 1\u00ba grau: resolu\u00e7\u00e3o; problemas de 1\u00ba grau; Inequa\u00e7\u00f5es do 1\u00ba grau; Equa\u00e7\u00e3o de 2\u00ba grau: resolu\u00e7\u00e3o das equa\u00e7\u00f5es completas, incompletas, problemas do 2\u00ba grau; Equa\u00e7\u00f5es fracion\u00e1rias; Rela\u00e7\u00e3o e Fun\u00e7\u00e3o: dom\u00ednio, contradom\u00ednio e imagem; Fun\u00e7\u00e3o do 1\u00ba grau; fun\u00e7\u00e3o constante; Raz\u00e3o e Propor\u00e7\u00e3o; Grandezas Proporcionais; Express\u00f5es Alg\u00e9bricas; Fra\u00e7\u00e3o Alg\u00e9brica; Sistemas de numera\u00e7\u00e3o; Opera\u00e7\u00f5es no conjunto dos n\u00fameros naturais; Opera\u00e7\u00f5es fundamentais com n\u00fameros racionais; M\u00faltiplos e divisores em N; Radicia\u00e7\u00e3o; Conjunto de n\u00fameros fracion\u00e1rios; Opera\u00e7\u00f5es fundamentais com n\u00fameros fracion\u00e1rios; Problemas com n\u00fameros fracion\u00e1rios; N\u00fameros decimais; Geometria Anal\u00edtica; Geometria Espacial; Geometria Plana: Plano, \u00c1rea, Per\u00edmetro, \u00c2ngulo, Reta, Segmento de Reta e Ponto; Teorema de Tales; Teorema de Pit\u00e1goras; No\u00e7\u00f5es de trigonometria; Rela\u00e7\u00e3o entre grandezas: tabelas e gr\u00e1ficos; Progress\u00e3o Aritm\u00e9tica (PA) e Progress\u00e3o Geom\u00e9trica (PG); Sistemas Lineares; N\u00fameros complexos; Fun\u00e7\u00e3o exponencial: equa\u00e7\u00e3o e inequa\u00e7\u00e3o exponencial; Fun\u00e7\u00e3o logar\u00edtmica; An\u00e1lise combinat\u00f3ria; Probabilidade; Estat\u00edstica; Fun\u00e7\u00e3o do 2\u00ba grau; Trigonometria da 1\u00aa volta: seno, cosseno, tangente, rela\u00e7\u00e3o fundamental. Avalia\u00e7\u00e3o de sequ\u00eancia l\u00f3gica e coordena\u00e7\u00e3o viso-motora, orienta\u00e7\u00e3o espacial e temporal, forma\u00e7\u00e3o de conceitos, discrimina\u00e7\u00e3o de elementos, reversibilidade, sequ\u00eancia l\u00f3gica de n\u00fameros, letras, palavras e figuras. Problemas l\u00f3gicos com dados, figuras e palitos. Compreens\u00e3o do processo l\u00f3gico que, a partir de um conjunto de hip\u00f3teses, conduz, de forma v\u00e1lida, a conclus\u00f5es determinadas. Estrutura l\u00f3gica de rela\u00e7\u00f5es arbitr\u00e1rias entre pessoas, lugares, objetos ou eventos fict\u00edcios; deduzir novas informa\u00e7\u00f5es das rela\u00e7\u00f5es fornecidas e avaliar as condi\u00e7\u00f5es usadas para estabelecer a estrutura daquelas rela\u00e7\u00f5es. Compreens\u00e3o e elabora\u00e7\u00e3o da l\u00f3gica das situa\u00e7\u00f5es por meio de: racioc\u00ednio verbal, racioc\u00ednio matem\u00e1tico, racioc\u00ednio quantitativo e racioc\u00ednio sequencial.<\/p>\n<p><strong>Conhecimento Espec\u00edficos: <\/strong><\/p>\n<p>Lei Federal n \u00ba 13.022\/2014, Lei Municipal n\u00ba 1056\/1972, Lei n\u00ba 8.069, de 13 de julho de 1990 (Estatuto da Crian\u00e7a e do Adolescente). Lei n\u00ba 9.503, de 23 de setembro de 1997 (C\u00f3digo de Tr\u00e2nsito Brasileiro). Lei n\u00ba 9.605, de 12 de fevereiro de 1998 (crimes contra o meio ambiente). Polui\u00e7\u00e3o sonora. Primeiros socorros. Prote\u00e7\u00e3o ao meio ambiente. Prote\u00e7\u00e3o ao patrim\u00f4nio p\u00fablico. Seguran\u00e7a p\u00fablica no Brasil. Conhecimentos sobre leis, atribui\u00e7\u00f5es e normas t\u00e9cnicas inerentes ao cargo. Atendimento ao p\u00fablico. Constitui\u00e7\u00e3o da Rep\u00fablica Federativa do Brasil de 1988 (artigos 1 ao 16). Decreto N\u00ba 1.171, de 22 de junho de 1994 (C\u00f3digo de \u00c9tica). Limpeza e organiza\u00e7\u00e3o. Planejamento e organiza\u00e7\u00e3o das atividades de trabalho. Sa\u00fade e seguran\u00e7a no ambiente de trabalho, No\u00e7\u00f5es de Direito Penal.<\/p>\n<p>\u00a0<\/p>","protected":false},"excerpt":{"rendered":"<p>Saiu o edital do novo concurso da Prefeitura de Itapira, em S\u00e3o Paulo. S\u00e3o 05 vagas para o cargo de Guarda Municipal, n\u00edvel m\u00e9dio!<\/p>\n","protected":false},"author":16,"featured_media":0,"comment_status":"closed","ping_status":"closed","sticky":false,"template":"","format":"standard","meta":{"_acf_changed":false,"footnotes":"","_wp_rev_ctl_limit":""},"categories":[44999],"tags":[],"class_list":["post-81308","post","type-post","status-publish","format-standard","hentry","category-concursos"],"acf":[],"_links":{"self":[{"href":"https:\/\/www.novaconcursos.com.br\/portal\/wp-json\/wp\/v2\/posts\/81308","targetHints":{"allow":["GET"]}}],"collection":[{"href":"https:\/\/www.novaconcursos.com.br\/portal\/wp-json\/wp\/v2\/posts"}],"about":[{"href":"https:\/\/www.novaconcursos.com.br\/portal\/wp-json\/wp\/v2\/types\/post"}],"author":[{"embeddable":true,"href":"https:\/\/www.novaconcursos.com.br\/portal\/wp-json\/wp\/v2\/users\/16"}],"replies":[{"embeddable":true,"href":"https:\/\/www.novaconcursos.com.br\/portal\/wp-json\/wp\/v2\/comments?post=81308"}],"version-history":[{"count":3,"href":"https:\/\/www.novaconcursos.com.br\/portal\/wp-json\/wp\/v2\/posts\/81308\/revisions"}],"predecessor-version":[{"id":124275,"href":"https:\/\/www.novaconcursos.com.br\/portal\/wp-json\/wp\/v2\/posts\/81308\/revisions\/124275"}],"wp:attachment":[{"href":"https:\/\/www.novaconcursos.com.br\/portal\/wp-json\/wp\/v2\/media?parent=81308"}],"wp:term":[{"taxonomy":"category","embeddable":true,"href":"https:\/\/www.novaconcursos.com.br\/portal\/wp-json\/wp\/v2\/categories?post=81308"},{"taxonomy":"post_tag","embeddable":true,"href":"https:\/\/www.novaconcursos.com.br\/portal\/wp-json\/wp\/v2\/tags?post=81308"}],"curies":[{"name":"wp","href":"https:\/\/api.w.org\/{rel}","templated":true}]}}