{"id":81320,"date":"2019-02-06T14:32:06","date_gmt":"2019-02-06T16:32:06","guid":{"rendered":"https:\/\/www.novaconcursos.com.br\/portal\/?p=81320"},"modified":"2019-02-06T16:34:36","modified_gmt":"2019-02-06T18:34:36","slug":"concurso-sedest-df-ultimos-dias-para-se-inscrever","status":"publish","type":"post","link":"https:\/\/www.novaconcursos.com.br\/portal\/noticias\/concurso-sedest-df-ultimos-dias-para-se-inscrever\/","title":{"rendered":"Concurso SEDEST-DF: \u00daltimos dias para se inscrever!"},"content":{"rendered":"<p>Fique atento concurseiro! As <strong>inscri\u00e7\u00f5es<\/strong> do concurso <strong>SEDEST-DF (Secretaria de Estado do Trabalho, Desenvolvimento Social, Mulheres e Igualdade Racial e Direitos Humanos)<\/strong>, ser\u00e3o encerradas no dia <strong>08 de fevereiro de 2019<\/strong>, no site da banca organizadora <span style=\"text-decoration: underline;\"><span style=\"color: #0000ff;\"><a style=\"color: #0000ff; text-decoration: underline;\" href=\"https:\/\/www.ibrae.com.br\/portal\/concursos\" target=\"_blank\" rel=\"noopener noreferrer\">IBRAE<\/a><\/span><\/span>.<\/p>\n<p><strong>Para concorrer uma das vagas ofertadas<\/strong>, \u00e9 necess\u00e1rio o candidato efetuar o pagamento da <strong>taxa de inscri\u00e7\u00e3o<\/strong> nos valores de <strong>R$ 85,00<\/strong> para n\u00edvel m\u00e9dio e <strong>R$ 115,00<\/strong> para n\u00edvel superior.<\/p>\n<p><span style=\"text-decoration: underline;\"><span style=\"color: #0000ff;\"><a style=\"color: #0000ff; text-decoration: underline;\" href=\"https:\/\/www.novaconcursos.com.br\/portal\/concursos\/concurso-sedest-df\/\" target=\"_blank\" rel=\"noopener noreferrer\">\u21d2 Confira todos os detalhes e o edital completo na \u00bb P\u00c1GINA DO CONCURSO SEDEST-DF! \u00ab<\/a><\/span><\/span><\/p>\n<p>O certame oferta <strong>1.884 vagas<\/strong> para cargos de <strong>n\u00edveis m\u00e9dio e superior<\/strong>. Os sal\u00e1rios variam entre <strong>R$ 2.600,00 e R$ 3.600,00<\/strong>, com jornadas de trabalho de <strong>30<\/strong> horas semanais.<\/p>\n<p>A <strong>avalia\u00e7\u00e3o<\/strong> dos candidatos ser\u00e1 mediante <strong>prova objetiva<\/strong> (para todos os cargos), realizada no dia <strong>24 de mar\u00e7o de 2019<\/strong>. Ocorrer\u00e1 ainda <strong>avalia\u00e7\u00e3o psicol\u00f3gica<\/strong>, <strong>sindic\u00e2ncia da vida pregressa e investiga\u00e7\u00e3o social<\/strong> como crit\u00e9rios de avalia\u00e7\u00f5es dos candidatos.<\/p>\n<p style=\"text-align: center;\"><strong><span style=\"text-decoration: underline;\"><span style=\"color: #0000ff;\"><a style=\"color: #0000ff; text-decoration: underline;\" href=\"https:\/\/www.novaconcursos.com.br\/concurso\/sedest-df-secretaria-de-estado-do-trabalho-desenvolvimento-social-mulheres-e-igualdade-racial-e-direitos-humanos\/apostila?promo_name=sedest-df-blog&amp;promo_id=1&amp;promo_creative=link-saiu-edital-sedest-df&amp;promo_position=sedest-df\" target=\"_blank\" rel=\"noopener noreferrer\">\u00bb Prepare-se com a Apostila SEDEST-DF\u00a0+ Curso Lei 8.069\/1990 \u2013 Estatuto da Crian\u00e7a e do Adolescente (GR\u00c1TIS)\u00a0\u00ab<\/a><\/span><\/span><\/strong><\/p>\n<p>A <strong><span style=\"text-decoration: underline;\"><span style=\"color: #0000ff;\"><a style=\"color: #0000ff; text-decoration: underline;\" href=\"https:\/\/www.novaconcursos.com.br\" target=\"_blank\" rel=\"noopener noreferrer\">Nova\u2002Concursos<\/a><\/span><\/span><\/strong> tem ajudado h\u00e1 mais de 10 anos quem quer vencer a batalha do concurso p\u00fablico. Se voc\u00ea quer aumentar as suas chances de passar, conhe\u00e7a os nossos materiais, acessando o nosso site!<\/p>","protected":false},"excerpt":{"rendered":"<p>Fique atento concurseiro! As inscri\u00e7\u00f5es do concurso SEDEST-DF (Secretaria de Estado do Trabalho, Desenvolvimento Social, Mulheres e Igualdade Racial e Direitos Humanos), ser\u00e3o encerradas no dia 08 de fevereiro de 2019, no site da banca organizadora IBRAE. Para concorrer uma das vagas ofertadas, \u00e9 necess\u00e1rio o candidato efetuar o pagamento da taxa de inscri\u00e7\u00e3o nos [&hellip;]<\/p>\n","protected":false},"author":16,"featured_media":81334,"comment_status":"closed","ping_status":"closed","sticky":false,"template":"","format":"standard","meta":{"_acf_changed":false,"footnotes":"","_wp_rev_ctl_limit":""},"categories":[228],"tags":[34188,22900,34863,35444,22903,25910],"class_list":["post-81320","post","type-post","status-publish","format-standard","has-post-thumbnail","hentry","category-noticias","tag-certame-sedest-df","tag-concurso-sedest-df","tag-inscricoes-do-concurso-sedest-df","tag-inscricoes-encerrando-concurso-sedest-df","tag-secretaria-de-estado-do-trabalho-desenvolvimento-social-mulheres-e-igualdade-racial-e-direitos-humanos","tag-sedest-df"],"acf":[],"_links":{"self":[{"href":"https:\/\/www.novaconcursos.com.br\/portal\/wp-json\/wp\/v2\/posts\/81320","targetHints":{"allow":["GET"]}}],"collection":[{"href":"https:\/\/www.novaconcursos.com.br\/portal\/wp-json\/wp\/v2\/posts"}],"about":[{"href":"https:\/\/www.novaconcursos.com.br\/portal\/wp-json\/wp\/v2\/types\/post"}],"author":[{"embeddable":true,"href":"https:\/\/www.novaconcursos.com.br\/portal\/wp-json\/wp\/v2\/users\/16"}],"replies":[{"embeddable":true,"href":"https:\/\/www.novaconcursos.com.br\/portal\/wp-json\/wp\/v2\/comments?post=81320"}],"version-history":[{"count":1,"href":"https:\/\/www.novaconcursos.com.br\/portal\/wp-json\/wp\/v2\/posts\/81320\/revisions"}],"predecessor-version":[{"id":81323,"href":"https:\/\/www.novaconcursos.com.br\/portal\/wp-json\/wp\/v2\/posts\/81320\/revisions\/81323"}],"wp:featuredmedia":[{"embeddable":true,"href":"https:\/\/www.novaconcursos.com.br\/portal\/wp-json\/wp\/v2\/media\/81334"}],"wp:attachment":[{"href":"https:\/\/www.novaconcursos.com.br\/portal\/wp-json\/wp\/v2\/media?parent=81320"}],"wp:term":[{"taxonomy":"category","embeddable":true,"href":"https:\/\/www.novaconcursos.com.br\/portal\/wp-json\/wp\/v2\/categories?post=81320"},{"taxonomy":"post_tag","embeddable":true,"href":"https:\/\/www.novaconcursos.com.br\/portal\/wp-json\/wp\/v2\/tags?post=81320"}],"curies":[{"name":"wp","href":"https:\/\/api.w.org\/{rel}","templated":true}]}}